{"id":13802,"date":"2012-08-01T08:00:28","date_gmt":"2012-08-01T14:00:28","guid":{"rendered":"http:\/\/quechilero.com\/blog\/?p=13802"},"modified":"2012-08-01T08:00:28","modified_gmt":"2012-08-01T14:00:28","slug":"nueva-guatemala-de-la-asuncion","status":"publish","type":"post","link":"https:\/\/quechilero.com\/blog\/2012\/08\/01\/nueva-guatemala-de-la-asuncion\/","title":{"rendered":"Nueva Guatemala de la Asunci\u00f3n"},"content":{"rendered":"<p><img data-recalc-dims=\"1\" decoding=\"async\" class=\"alignnone\" src=\"https:\/\/i0.wp.com\/i392.photobucket.com\/albums\/pp7\/pepejaguar\/blog\/Guatemalacityvolcanoes.jpg?w=560\" alt=\"\"  \/><\/p>\n<p>La Ciudad de Guatemala, cuyo nombre oficial es Nueva Guatemala de la Asunci\u00f3n (ahora casi en desuso), es la capital de la Rep\u00fablica de Guatemala. La ciudad se encuentra localizada en el \u00e1rea sur-centro del pa\u00eds y cuenta con una gran cantidad de \u00e1reas verdes. De acuerdo con el \u00faltimo censo realizado en la ciudad, habitan 2,149,107 personas, pero considerando su \u00e1rea metropolitana de acuerdo al Instituto Nacional de Estad\u00edstica, alcanza un estimado de 4,103,865 habitantes para 2012, lo que la convierte en la aglomeraci\u00f3n urbana m\u00e1s poblada y extensa de Am\u00e9rica Central.<\/p>\n<p>Dentro de los confines de la moderna Ciudad de Guatemala est\u00e1 la antigua ciudad maya de Kaminaljuy\u00fa. Kaminaljuy\u00fa data de unos 2.000 a\u00f1os atr\u00e1s y es sabido que comerciaba con la distante Teotihuacan en M\u00e9xico central. El centro de Kaminaljuy\u00fa estaba localizado a corta distancia de la parte m\u00e1s antigua de la Ciudad de Guatemala, y en el siglo XX la ciudad creci\u00f3 alrededor de las ruinas (y en algunos casos sobre algunas de las ruinas perif\u00e9ricas antes de que fueran protegidas).\u00a0El centro ceremonial de Kaminal Juy\u00fa es ahora un parque dentro de la Ciudad de Guatemala.<\/p>\n<p>En tiempos de la colonia espa\u00f1ola era una peque\u00f1a ciudad con un monasterio llamado El Carmen, fundado en 1620. La sede de la Capitan\u00eda General de Guatemala, dependiente del virreinato de la Nueva Espa\u00f1a, fue mudada al valle de La Ermita en 1775, y la ciudad adquiri\u00f3 el nombre de Nueva Guatemala de la Asunci\u00f3n. En los \u00faltimos a\u00f1os de la \u00e9poca colonial, en Guatemala ocurri\u00f3 la conjuraci\u00f3n de Bel\u00e9n y fue firmada el Acta de Independencia de Centroam\u00e9rica el 15 de septiembre de 1821.<\/p>\n<p>Su desarrollo se ha visto afectado en incontables ocasiones por desastres naturales, terremotos en su mayor\u00eda; que han devastado la ciudad y sus alrededores. El \u00faltimo que la afect\u00f3 fue el terremoto de 1976 que da\u00f1\u00f3 seriamente la estructura moderna construida y la que se encontraba en construcci\u00f3n, al igual que reliquias hist\u00f3ricas como las iglesias de Nuestra Se\u00f1ora de la Merced, La Recolecci\u00f3n y Nuestra Se\u00f1ora del Carmen (primera iglesia construida en el valle hacia 1620), al igual que el edificio del Mercado Central (hoy convertido en un edificio tosco que incluye un centro de artesan\u00edas nacionales para el turista).<\/p>\n<p>Fundada oficialmente el 2 de enero de 1776, abarcaba un \u00e1rea aproximada de 10 x 20 manzanas (1 manzana = 7000 metros cuadrados), su crecimiento se dio en todas direcciones, siendo predominantes el sur occidente y el sur oriente. Su crecimiento ha tomado varias poblaciones que en sus inicios se encontraban alejadas, y que hoy forman parte de la ciudad. Algunas de estas son Mixco, Santa Catarina Pinula, Villa Nueva, San Jos\u00e9 Pinula. Tambi\u00e9n se ha dado el fen\u00f3meno de las Ciudades Dormitorio, como Fraijanes, Villa Canales y Amatitl\u00e1n.<\/p>\n<p>En estas ciudades y pueblos, los desarrollos urban\u00edsticos son muchos y muestran el gran crecimiento poblacional de la ciudad, pero \u00e9sta a\u00fan padece de escasez de vivienda, lo que fomenta la aparici\u00f3n de barriadas en zonas de alto riesgo, como las laderas y barrancos caracter\u00edsticos de la regi\u00f3n.<\/p>\n<p>El 4 de febrero de 1976, a las 3:03 de la madrugada aproximadamente fue sacudida por un fuerte terremoto que afect\u00f3 a todo el pa\u00eds. Zonas como la zona 3 quedaron totalmente destruidas, los hospitales estaban destruidos, se acab\u00f3 el combustible y mucha gente muri\u00f3. El terremoto fue de 7.5 en la escala de Richter y caus\u00f3 m\u00e1s da\u00f1os y m\u00e1s muertos en la periferia que en el centro debido a las construcciones de adobe que exist\u00edan en ese entonces.<\/p>\n<p>En 2010 la ciudad sufre da\u00f1os por la Tormenta tropical Agatha, por la gran cantidad de lluvia en un corto periodo. El sistema de drenajes sufri\u00f3 un colapso causando un gran socav\u00f3n en uno de los recorridos en la zona norte.<\/p>\n<p><img data-recalc-dims=\"1\" loading=\"lazy\" decoding=\"async\" class=\"alignnone\" src=\"https:\/\/i0.wp.com\/i392.photobucket.com\/albums\/pp7\/pepejaguar\/blog\/AuZZ9IQCEAEFij2.jpg?resize=480%2C640\" alt=\"\" width=\"480\" height=\"640\" \/><\/p>\n<p>Im\u00e1genes: <em>Volcanes, <a title=\"Nueva Guatemala de la Asunci\u00f3n\" href=\"http:\/\/commons.wikimedia.org\/wiki\/File:Guatemalacityvolcanoes.jpg?uselang=es\" target=\"_blank\">Wikipedia<\/a>. Vista del Valle, <a title=\"Nueva Guatemala de la Asunci\u00f3n\" href=\"http:\/\/twitter.com\/cmendeza\/status\/208953339436732416\/\" target=\"_blank\">Claudia M\u00e9ndez<\/a><\/em>.<\/p>\n","protected":false},"excerpt":{"rendered":"<p>La Ciudad de Guatemala, cuyo nombre oficial es Nueva Guatemala de la Asunci\u00f3n (ahora casi en desuso), es la capital de la Rep\u00fablica de Guatemala. La ciudad se encuentra localizada en el \u00e1rea sur-centro del pa\u00eds y cuenta con una gran cantidad de \u00e1reas verdes. De acuerdo con el \u00faltimo censo realizado en la ciudad, &#8230; <a title=\"Nueva Guatemala de la Asunci\u00f3n\" class=\"read-more\" href=\"https:\/\/quechilero.com\/blog\/2012\/08\/01\/nueva-guatemala-de-la-asuncion\/\" aria-label=\"Leer m\u00e1s sobre Nueva Guatemala de la Asunci\u00f3n\">Leer m\u00e1s<\/a><\/p>\n","protected":false},"author":1,"featured_media":0,"comment_status":"open","ping_status":"open","sticky":false,"template":"","format":"standard","meta":{"advanced_seo_description":"","jetpack_seo_html_title":"","jetpack_seo_noindex":false,"jetpack_seo_schema_type":"","episode_type":"","audio_file":"","podmotor_file_id":"","podmotor_episode_id":"","cover_image":"","cover_image_id":"","duration":"","filesize":"","filesize_raw":"","date_recorded":"","explicit":"","block":"","_jetpack_newsletter_access":"","_jetpack_dont_email_post_to_subs":false,"_jetpack_newsletter_tier_id":0,"_jetpack_memberships_contains_paywalled_content":false,"_jetpack_feature_clip_id":0,"_jetpack_memberships_contains_paid_content":false,"footnotes":"","jetpack_publicize_message":"","jetpack_publicize_feature_enabled":true,"jetpack_social_post_already_shared":false,"jetpack_social_options":{"image_generator_settings":{"template":"highway","default_image_id":0,"font":"","enabled":false},"version":2},"jetpack_post_was_ever_published":false},"categories":[2],"tags":[10,5],"series":[],"class_list":["post-13802","post","type-post","status-publish","format-standard","hentry","category-limones","tag-guatemala","tag-tiempo"],"episode_featured_image":false,"episode_player_image":"https:\/\/i0.wp.com\/quechilero.com\/blog\/imagenes\/podcast.png?fit=1831%2C1831&ssl=1","download_link":"","player_link":"","audio_player":false,"episode_data":{"playerMode":"dark","subscribeUrls":{"amazon":{"key":"amazon","url":"","label":"Amazon","class":"amazon","icon":"amazon.png"},"apple_podcasts":{"key":"apple_podcasts","url":"","label":"Apple Podcasts","class":"apple_podcasts","icon":"apple-podcasts.png"},"castbox":{"key":"castbox","url":"","label":"CastBox","class":"castbox","icon":"castbox.png"},"deezer":{"key":"deezer","url":"","label":"Deezer","class":"deezer","icon":"deezer.png"},"google_podcasts":{"key":"google_podcasts","url":"","label":"Google Podcasts","class":"google_podcasts","icon":"google-podcasts.png"},"listen_notes":{"key":"listen_notes","url":"","label":"Listen Notes","class":"listen_notes","icon":"listen-notes.png"},"pandora":{"key":"pandora","url":"","label":"Pandora","class":"pandora","icon":"pandora.png"},"podbean":{"key":"podbean","url":"","label":"Podbean","class":"podbean","icon":"podbean.png"},"podcast_republic":{"key":"podcast_republic","url":"","label":"Podcast Republic","class":"podcast_republic","icon":"podcast-republic.png"},"rss":{"key":"rss","url":"","label":"RSS","class":"rss","icon":"rss.png"},"spotify":{"key":"spotify","url":"","label":"Spotify","class":"spotify","icon":"spotify.png"},"stitcher":{"key":"stitcher","url":"","label":"Stitcher","class":"stitcher","icon":"stitcher.png"},"tunein":{"key":"tunein","url":"","label":"TuneIn","class":"tunein","icon":"tunein.png"},"youtube":{"key":"youtube","url":"","label":"YouTube","class":"youtube","icon":"youtube.png"},"iheartradio":{"key":"iheartradio","url":"","label":"iHeartRadio","class":"iheartradio","icon":"iheartradio.png"},"ivoox":{"key":"ivoox","url":"","label":"iVoox","class":"ivoox","icon":"ivoox.png"}},"rssFeedUrl":"https:\/\/quechilero.com\/blog\/feed\/podcast\/si-la-vida-nos-da-limones","embedCode":"<blockquote class=\"wp-embedded-content\" data-secret=\"iwMgb6P5WE\"><a href=\"https:\/\/quechilero.com\/blog\/2012\/08\/01\/nueva-guatemala-de-la-asuncion\/\">Nueva Guatemala de la Asunci\u00f3n<\/a><\/blockquote><iframe sandbox=\"allow-scripts\" security=\"restricted\" src=\"https:\/\/quechilero.com\/blog\/2012\/08\/01\/nueva-guatemala-de-la-asuncion\/embed\/#?secret=iwMgb6P5WE\" width=\"500\" height=\"350\" title=\"\u00abNueva Guatemala de la Asunci\u00f3n\u00bb \u2014 Si la Vida nos da Limones...\" data-secret=\"iwMgb6P5WE\" frameborder=\"0\" marginwidth=\"0\" marginheight=\"0\" scrolling=\"no\" class=\"wp-embedded-content\"><\/iframe><script>\n\/*! This file is auto-generated *\/\n!function(d,l){\"use strict\";l.querySelector&&d.addEventListener&&\"undefined\"!=typeof URL&&(d.wp=d.wp||{},d.wp.receiveEmbedMessage||(d.wp.receiveEmbedMessage=function(e){var t=e.data;if((t||t.secret||t.message||t.value)&&!\/[^a-zA-Z0-9]\/.test(t.secret)){for(var s,r,n,a=l.querySelectorAll('iframe[data-secret=\"'+t.secret+'\"]'),o=l.querySelectorAll('blockquote[data-secret=\"'+t.secret+'\"]'),c=new RegExp(\"^https?:$\",\"i\"),i=0;i<o.length;i++)o[i].style.display=\"none\";for(i=0;i<a.length;i++)s=a[i],e.source===s.contentWindow&&(s.removeAttribute(\"style\"),\"height\"===t.message?(1e3<(r=parseInt(t.value,10))?r=1e3:~~r<200&&(r=200),s.height=r):\"link\"===t.message&&(r=new URL(s.getAttribute(\"src\")),n=new URL(t.value),c.test(n.protocol))&&n.host===r.host&&l.activeElement===s&&(d.top.location.href=t.value))}},d.addEventListener(\"message\",d.wp.receiveEmbedMessage,!1),l.addEventListener(\"DOMContentLoaded\",function(){for(var e,t,s=l.querySelectorAll(\"iframe.wp-embedded-content\"),r=0;r<s.length;r++)(t=(e=s[r]).getAttribute(\"data-secret\"))||(t=Math.random().toString(36).substring(2,12),e.src+=\"#?secret=\"+t,e.setAttribute(\"data-secret\",t)),e.contentWindow.postMessage({message:\"ready\",secret:t},\"*\")},!1)))}(window,document);\n\/\/# sourceURL=https:\/\/quechilero.com\/blog\/wp-includes\/js\/wp-embed.min.js\n<\/script>\n"},"jetpack_publicize_connections":[],"jetpack_shortlink":"https:\/\/wp.me\/pDKli-3AC","jetpack_sharing_enabled":true,"jetpack-related-posts":[{"id":142,"url":"https:\/\/quechilero.com\/blog\/2006\/08\/15\/la-feria-de-jocotenango\/","url_meta":{"origin":13802,"position":0},"title":"La Feria de Jocotenango","author":"Pepe Barrascout Ortiz","date":"15 agosto 2006","format":false,"excerpt":"Esta actividad es celebrada todos los a\u00f1os en las inmediaciones del Hip\u00f3dromo del Norte, durante el mes de agosto. Sin embargo, primero se ubic\u00f3 en el \u00e1rea del Cerrito del Carmen. La festividad, que conmemora a la Virgen de la Asunci\u00f3n, se lleva a cabo en todas las comunidades en\u2026","rel":"","context":"En \u00abLimones\u00bb","block_context":{"text":"Limones","link":"https:\/\/quechilero.com\/blog\/category\/limones\/"},"img":{"alt_text":"Feria de Jocotenango","src":"https:\/\/i0.wp.com\/static.flickr.com\/86\/216296044_700b3b4c75_o.jpg?resize=350%2C200","width":350,"height":200},"classes":[]},{"id":252,"url":"https:\/\/quechilero.com\/blog\/2006\/09\/27\/guatemala\/","url_meta":{"origin":13802,"position":1},"title":"Guatemala","author":"Pepe Barrascout Ortiz","date":"27 septiembre 2006","format":false,"excerpt":"Gracias a la tecnolog\u00eda de Google Earth ahora estar\u00e9 presentando una serie de im\u00e1genes sobre Guatemala, y de sus principales puntos de inter\u00e9s tur\u00edstico, arqueol\u00f3gico, hist\u00f3rico y sentimental, todas las im\u00e1genes ser\u00e1n agregadas en una nueva categor\u00eda llamada Guatemala. La primera imagen corresponde a la Plaza de la Constituci\u00f3n, anteriormente\u2026","rel":"","context":"En \u00abLimones\u00bb","block_context":{"text":"Limones","link":"https:\/\/quechilero.com\/blog\/category\/limones\/"},"img":{"alt_text":"Parque Central","src":"https:\/\/i0.wp.com\/static.flickr.com\/113\/252409074_8384d72293.jpg?resize=350%2C200","width":350,"height":200},"classes":[]},{"id":13385,"url":"https:\/\/quechilero.com\/blog\/2012\/05\/06\/la-super-luna-desde-guatemala\/","url_meta":{"origin":13802,"position":2},"title":"La Super Luna &#8211; desde Guatemala","author":"Pepe Barrascout Ortiz","date":"6 mayo 2012","format":false,"excerpt":"https:\/\/youtu.be\/EaZLydd-HLc En todo el mundo, la noche del 5 de mayo, ocurri\u00f3 un fen\u00f3meno natural conocido como Super Luna. Se denomina as\u00ed, al fen\u00f3meno en el cual una luna llena se encuentra a no m\u00e1s de un 10% de su punto m\u00e1s cercano a la tierra en el recorrido de\u2026","rel":"","context":"En \u00abLimones\u00bb","block_context":{"text":"Limones","link":"https:\/\/quechilero.com\/blog\/category\/limones\/"},"img":{"alt_text":"","src":"https:\/\/i0.wp.com\/img.youtube.com\/vi\/EaZLydd-HLc\/0.jpg?resize=350%2C200","width":350,"height":200},"classes":[]},{"id":630,"url":"https:\/\/quechilero.com\/blog\/2007\/08\/14\/maraton-de-blogs-el-graffiti-en-guatemala\/","url_meta":{"origin":13802,"position":3},"title":"Marat\u00f3n de Blogs &#8211; El Graffiti en Guatemala","author":"Pepe Barrascout Ortiz","date":"14 agosto 2007","format":false,"excerpt":"Sigue el Marat\u00f3n de Blogs, con este texto publicado originalmente en el blog Hemisferio Urbano, se caracteriza por sus reportajes relacionados al graffiti entre otros. En este art\u00edculo se habla sobre este movimiento en Guatemala. ********** El Graffiti en Guatemala. Actualmente en Guatemala esta creciendo cada vez mas el movimiento\u2026","rel":"","context":"En \u00abLimones\u00bb","block_context":{"text":"Limones","link":"https:\/\/quechilero.com\/blog\/category\/limones\/"},"img":{"alt_text":"","src":"","width":0,"height":0},"classes":[]},{"id":9927,"url":"https:\/\/quechilero.com\/blog\/2011\/08\/21\/maraton-de-blogs-antigua-daily-photo\/","url_meta":{"origin":13802,"position":4},"title":"Marat\u00f3n de Blogs: Antigua Daily Photo","author":"Pepe Barrascout Ortiz","date":"21 agosto 2011","format":false,"excerpt":"Una Foto diaria de Antigua, es la promesa que Antigua Daily Photo ha cumplido por mas de cinco a\u00f1os. Un proyecto de Rudy Gir\u00f3n\u00a0que desde mayo de 2006 ha dado a conocer al mundo entero, las bellezas culturales, arquitect\u00f3nicas, naturales\u00a0que tiene Antigua Guatemala. Antigua Daily Photo\u00a0est\u00e1 dirigido en primera instancia,\u2026","rel":"","context":"En \u00abBlogs de Guatemala\u00bb","block_context":{"text":"Blogs de Guatemala","link":"https:\/\/quechilero.com\/blog\/category\/blogs-de-guatemala\/"},"img":{"alt_text":"","src":"https:\/\/i0.wp.com\/i392.photobucket.com\/albums\/pp7\/pepejaguar\/maraton\/antigua-daily.png?resize=350%2C200","width":350,"height":200,"srcset":"https:\/\/i0.wp.com\/i392.photobucket.com\/albums\/pp7\/pepejaguar\/maraton\/antigua-daily.png?resize=350%2C200 1x, https:\/\/i0.wp.com\/i392.photobucket.com\/albums\/pp7\/pepejaguar\/maraton\/antigua-daily.png?resize=525%2C300 1.5x"},"classes":[]},{"id":14366,"url":"https:\/\/quechilero.com\/blog\/2012\/08\/15\/santisima-virgen-de-la-asuncion\/","url_meta":{"origin":13802,"position":5},"title":"Sant\u00edsima Virgen de la Asunci\u00f3n","author":"Pepe Barrascout Ortiz","date":"15 agosto 2012","format":false,"excerpt":"Al cielo vais, Se\u00f1ora, y alla os reciben con alegre canto. \u00a1Oh quien pudiera ahora asirse a vuestro manto para subir con vos al monte santo! De angeles sois llevada de quien servida sois desde la cuna, de estrellas coronada: \u00a1 Tal Reina habra ninguna, pues os calza los pies\u2026","rel":"","context":"En \u00abLimones\u00bb","block_context":{"text":"Limones","link":"https:\/\/quechilero.com\/blog\/category\/limones\/"},"img":{"alt_text":"","src":"","width":0,"height":0},"classes":[]}],"jetpack_featured_media_url":"","_links":{"self":[{"href":"https:\/\/quechilero.com\/blog\/wp-json\/wp\/v2\/posts\/13802","targetHints":{"allow":["GET"]}}],"collection":[{"href":"https:\/\/quechilero.com\/blog\/wp-json\/wp\/v2\/posts"}],"about":[{"href":"https:\/\/quechilero.com\/blog\/wp-json\/wp\/v2\/types\/post"}],"author":[{"embeddable":true,"href":"https:\/\/quechilero.com\/blog\/wp-json\/wp\/v2\/users\/1"}],"replies":[{"embeddable":true,"href":"https:\/\/quechilero.com\/blog\/wp-json\/wp\/v2\/comments?post=13802"}],"version-history":[{"count":0,"href":"https:\/\/quechilero.com\/blog\/wp-json\/wp\/v2\/posts\/13802\/revisions"}],"wp:attachment":[{"href":"https:\/\/quechilero.com\/blog\/wp-json\/wp\/v2\/media?parent=13802"}],"wp:term":[{"taxonomy":"category","embeddable":true,"href":"https:\/\/quechilero.com\/blog\/wp-json\/wp\/v2\/categories?post=13802"},{"taxonomy":"post_tag","embeddable":true,"href":"https:\/\/quechilero.com\/blog\/wp-json\/wp\/v2\/tags?post=13802"},{"taxonomy":"series","embeddable":true,"href":"https:\/\/quechilero.com\/blog\/wp-json\/wp\/v2\/series?post=13802"}],"curies":[{"name":"wp","href":"https:\/\/api.w.org\/{rel}","templated":true}]}}