{"id":137,"date":"2006-08-11T16:30:27","date_gmt":"2006-08-11T22:30:27","guid":{"rendered":"http:\/\/quechilero.com\/blog\/2006\/08\/11\/1972\/"},"modified":"2006-08-11T16:30:27","modified_gmt":"2006-08-11T22:30:27","slug":"1972","status":"publish","type":"post","link":"https:\/\/quechilero.com\/blog\/2006\/08\/11\/1972\/","title":{"rendered":"1972"},"content":{"rendered":"<p>Nunca me hab\u00eda puesto a pensar que tantas cosas hab\u00edan pasado en este a\u00f1o, por supuesto que la mas importante para mi, es que en esos d\u00edas fue que nac\u00ed. Dando una revisadita r\u00e1pida en los <em>buscadores m\u00e1s famosos de internet<\/em> encontr\u00e9 un listado de cosas interesantes relacionadas con el a\u00f1o de mi nacimiento. A continuaci\u00f3n algunas que me han llamado la atenci\u00f3n.<\/p>\n<p>Se desata el asunto del Watergate que termina con la renuncia de un presidente corrupto de gringolandia.<\/p>\n<p>Se desarrollan los XX Juegos Ol\u00edmpicos en Munich, Alemania, que a su vez se ven ensombrecidos por una matanza que all\u00ed se desarrolla.<\/p>\n<p>Se estrella en la cordillera de los Andes, el avi\u00f3n que llevaba a un equipo de jugadores uruguayos. (Despu\u00e9s se volvieron famosos que hasta pel\u00edcula hicieron)<\/p>\n<p>El Apollo XVII aluniza en el valle Taurus siendo esta la \u00faltima vez que el hombre camina en la luna (hay algunos que conozco que <em>viven en la luna<\/em> pero esa es otra historia)<\/p>\n<p>Ese a\u00f1o, comparten el honor, de haber nacido el mismo a\u00f1o que yo: Billy Armstrong (vocalista de Green Day), Rivaldo (futbolista brasile\u00f1o), Zinedine Zidane (futbolista franc\u00e9s pero de or\u00edgen argelino), Ben Affleck (actor gringo, l\u00e1stima que no tengo su pegue o su dinero), Cameron D\u00edaz (con raz\u00f3n me gusta tanto esa chava, actriz gringa), Letizia Ortiz (periodista, pero se puso las pilas y ahora es la Princesa de Asturias al casarse con el heredero al trono de Espa\u00f1a el Principe Felipe de Borb\u00f3n), Eminem (rapero gringo), Luis Figo (futbolista portugu\u00e9s), y mi buen amigo Alejandro Estrada, compa\u00f1ero de batallas pasadas (buena onda Alejandro).<\/p>\n<p>Adem\u00e1s, Emerson Fittipaldi, se consagra como uno de los mejores en la Formula Uno, llegando a ser campe\u00f3n de esta actividad. En el cine, se estrena <em>la lica<\/em> \u00abEl Poseidon\u00bb con sus <em>maravillosos <\/em>efectos especiales, la que la hace ganadora de un \u00d3scar. Igualmente el musical \u00abCabaret\u00bb se convierte en un cl\u00e1sico de ese g\u00e9nero. Y la cl\u00e1sica de cl\u00e1sicas, se estrena \u00abEl Padrino\u00bb con Marlon Brando, llegando a ser <em>el Padrino<\/em> un \u00edcono en la cinematograf\u00eda hollywodense. Adem\u00e1s, Liza Minelli y Charles Chaplin reciben sendos premios \u00d3scar.<\/p>\n<p>The Doors saca <em>Full Circle<\/em>, sin Jim Morrison, John Lennon da a conocer <em>Some Time in New York City<\/em>,<em> <\/em>Pink Floyd con <em>Obscured by Clouds, <\/em>Rolling Stones con <em>Exile on Main Street, <\/em>y as\u00ed muchos m\u00e1s. Ese a\u00f1o no le dieron a nadie el Premio Nobel de la Paz, sino que fue destinado al fondo principal, que l\u00e1stima.<\/p>\n<p>Y como cosa curiosa, el d\u00eda de mi nacimiento (10 de agosto) pero de 1519, Zarpa de Sevilla, Espa\u00f1a, la expedici\u00f3n comandada por el portugu\u00e9s Magallanes que descubrir\u00eda el paso entre el Oc\u00e9ano Atl\u00e1ntico y el Oc\u00e9ano Pac\u00edfico y acabar\u00eda dando por primera vez la vuelta al mundo, demostrando la esfericidad de la Tierra.<\/p>\n<p>Fuentes de consulta: <a target=\"_blank\" href=\"http:\/\/es.wikipedia.org\/wiki\/1972\">aqui<\/a>, <a target=\"_blank\" href=\"http:\/\/www.auger.org.ar\/cientifico\/Pgs2\/efemeridesdia.htm\">aqui<\/a> y <a target=\"_blank\" href=\"http:\/\/www.aldeaeducativa.com\/Efemerides\/EfemeridesA.asp?which1=1972\">aqui<\/a>. \ud83d\ude09 \ud83d\ude42<\/p>\n","protected":false},"excerpt":{"rendered":"<p>Nunca me hab\u00eda puesto a pensar que tantas cosas hab\u00edan pasado en este a\u00f1o, por supuesto que la mas importante para mi, es que en esos d\u00edas fue que nac\u00ed. Dando una revisadita r\u00e1pida en los buscadores m\u00e1s famosos de internet encontr\u00e9 un listado de cosas interesantes relacionadas con el a\u00f1o de mi nacimiento. A &#8230; <a title=\"1972\" class=\"read-more\" href=\"https:\/\/quechilero.com\/blog\/2006\/08\/11\/1972\/\" aria-label=\"Leer m\u00e1s sobre 1972\">Leer m\u00e1s<\/a><\/p>\n","protected":false},"author":1,"featured_media":0,"comment_status":"open","ping_status":"open","sticky":false,"template":"","format":"standard","meta":{"advanced_seo_description":"","jetpack_seo_html_title":"","jetpack_seo_noindex":false,"jetpack_seo_schema_type":"","episode_type":"","audio_file":"","podmotor_file_id":"","podmotor_episode_id":"","cover_image":"","cover_image_id":"","duration":"","filesize":"","filesize_raw":"","date_recorded":"","explicit":"","block":"","_jetpack_newsletter_access":"","_jetpack_dont_email_post_to_subs":false,"_jetpack_newsletter_tier_id":0,"_jetpack_memberships_contains_paywalled_content":false,"_jetpack_feature_clip_id":0,"_jetpack_memberships_contains_paid_content":false,"footnotes":"","jetpack_publicize_message":"","jetpack_publicize_feature_enabled":true,"jetpack_social_post_already_shared":false,"jetpack_social_options":{"image_generator_settings":{"template":"highway","default_image_id":0,"font":"","enabled":false},"version":2},"jetpack_post_was_ever_published":false},"categories":[2],"tags":[11,12,26,16,32,17,18,27,40,24],"series":[],"class_list":["post-137","post","type-post","status-publish","format-standard","hentry","category-limones","tag-amigo","tag-cosas","tag-dinero","tag-equipo","tag-especial","tag-historia","tag-hombre","tag-internet","tag-paz","tag-vida"],"episode_featured_image":false,"episode_player_image":"https:\/\/i0.wp.com\/quechilero.com\/blog\/imagenes\/podcast.png?fit=1831%2C1831&ssl=1","download_link":"","player_link":"","audio_player":false,"episode_data":{"playerMode":"dark","subscribeUrls":{"amazon":{"key":"amazon","url":"","label":"Amazon","class":"amazon","icon":"amazon.png"},"apple_podcasts":{"key":"apple_podcasts","url":"","label":"Apple Podcasts","class":"apple_podcasts","icon":"apple-podcasts.png"},"castbox":{"key":"castbox","url":"","label":"CastBox","class":"castbox","icon":"castbox.png"},"deezer":{"key":"deezer","url":"","label":"Deezer","class":"deezer","icon":"deezer.png"},"google_podcasts":{"key":"google_podcasts","url":"","label":"Google Podcasts","class":"google_podcasts","icon":"google-podcasts.png"},"listen_notes":{"key":"listen_notes","url":"","label":"Listen Notes","class":"listen_notes","icon":"listen-notes.png"},"pandora":{"key":"pandora","url":"","label":"Pandora","class":"pandora","icon":"pandora.png"},"podbean":{"key":"podbean","url":"","label":"Podbean","class":"podbean","icon":"podbean.png"},"podcast_republic":{"key":"podcast_republic","url":"","label":"Podcast Republic","class":"podcast_republic","icon":"podcast-republic.png"},"rss":{"key":"rss","url":"","label":"RSS","class":"rss","icon":"rss.png"},"spotify":{"key":"spotify","url":"","label":"Spotify","class":"spotify","icon":"spotify.png"},"stitcher":{"key":"stitcher","url":"","label":"Stitcher","class":"stitcher","icon":"stitcher.png"},"tunein":{"key":"tunein","url":"","label":"TuneIn","class":"tunein","icon":"tunein.png"},"youtube":{"key":"youtube","url":"","label":"YouTube","class":"youtube","icon":"youtube.png"},"iheartradio":{"key":"iheartradio","url":"","label":"iHeartRadio","class":"iheartradio","icon":"iheartradio.png"},"ivoox":{"key":"ivoox","url":"","label":"iVoox","class":"ivoox","icon":"ivoox.png"}},"rssFeedUrl":"https:\/\/quechilero.com\/blog\/feed\/podcast\/si-la-vida-nos-da-limones","embedCode":"<blockquote class=\"wp-embedded-content\" data-secret=\"BLgFUUvsDn\"><a href=\"https:\/\/quechilero.com\/blog\/2006\/08\/11\/1972\/\">1972<\/a><\/blockquote><iframe sandbox=\"allow-scripts\" security=\"restricted\" src=\"https:\/\/quechilero.com\/blog\/2006\/08\/11\/1972\/embed\/#?secret=BLgFUUvsDn\" width=\"500\" height=\"350\" title=\"\u00ab1972\u00bb \u2014 Si la Vida nos da Limones...\" data-secret=\"BLgFUUvsDn\" frameborder=\"0\" marginwidth=\"0\" marginheight=\"0\" scrolling=\"no\" class=\"wp-embedded-content\"><\/iframe><script>\n\/*! This file is auto-generated *\/\n!function(d,l){\"use strict\";l.querySelector&&d.addEventListener&&\"undefined\"!=typeof URL&&(d.wp=d.wp||{},d.wp.receiveEmbedMessage||(d.wp.receiveEmbedMessage=function(e){var t=e.data;if((t||t.secret||t.message||t.value)&&!\/[^a-zA-Z0-9]\/.test(t.secret)){for(var s,r,n,a=l.querySelectorAll('iframe[data-secret=\"'+t.secret+'\"]'),o=l.querySelectorAll('blockquote[data-secret=\"'+t.secret+'\"]'),c=new RegExp(\"^https?:$\",\"i\"),i=0;i<o.length;i++)o[i].style.display=\"none\";for(i=0;i<a.length;i++)s=a[i],e.source===s.contentWindow&&(s.removeAttribute(\"style\"),\"height\"===t.message?(1e3<(r=parseInt(t.value,10))?r=1e3:~~r<200&&(r=200),s.height=r):\"link\"===t.message&&(r=new URL(s.getAttribute(\"src\")),n=new URL(t.value),c.test(n.protocol))&&n.host===r.host&&l.activeElement===s&&(d.top.location.href=t.value))}},d.addEventListener(\"message\",d.wp.receiveEmbedMessage,!1),l.addEventListener(\"DOMContentLoaded\",function(){for(var e,t,s=l.querySelectorAll(\"iframe.wp-embedded-content\"),r=0;r<s.length;r++)(t=(e=s[r]).getAttribute(\"data-secret\"))||(t=Math.random().toString(36).substring(2,12),e.src+=\"#?secret=\"+t,e.setAttribute(\"data-secret\",t)),e.contentWindow.postMessage({message:\"ready\",secret:t},\"*\")},!1)))}(window,document);\n\/\/# sourceURL=https:\/\/quechilero.com\/blog\/wp-includes\/js\/wp-embed.min.js\n<\/script>\n"},"jetpack_publicize_connections":[],"jetpack_shortlink":"https:\/\/wp.me\/sDKli-1972","jetpack_sharing_enabled":true,"jetpack-related-posts":[{"id":5211,"url":"https:\/\/quechilero.com\/blog\/2010\/08\/04\/maraton-de-blogs-de-mi-cocina\/","url_meta":{"origin":137,"position":0},"title":"Marat\u00f3n de Blogs: De mi Cocina","author":"Pepe Barrascout Ortiz","date":"4 agosto 2010","format":false,"excerpt":"De mi Cocina, es un blog que hasta hace unos d\u00edas no conoc\u00eda y me alegro much\u00edsimo por el enlace con la direcci\u00f3n del blog, que me proporcionaron en la nominaci\u00f3n. Como su nombre bien lo indica, est\u00e1 dedicado a la cocina, pero hay muchas cosas que me han llamado\u2026","rel":"","context":"En \u00abBlogs de Guatemala\u00bb","block_context":{"text":"Blogs de Guatemala","link":"https:\/\/quechilero.com\/blog\/category\/blogs-de-guatemala\/"},"img":{"alt_text":"","src":"https:\/\/i0.wp.com\/i392.photobucket.com\/albums\/pp7\/pepejaguar\/maraton\/demicocina.png?resize=350%2C200","width":350,"height":200,"srcset":"https:\/\/i0.wp.com\/i392.photobucket.com\/albums\/pp7\/pepejaguar\/maraton\/demicocina.png?resize=350%2C200 1x, https:\/\/i0.wp.com\/i392.photobucket.com\/albums\/pp7\/pepejaguar\/maraton\/demicocina.png?resize=525%2C300 1.5x"},"classes":[]},{"id":3001,"url":"https:\/\/quechilero.com\/blog\/2009\/06\/30\/panico-en-la-blogosfera\/","url_meta":{"origin":137,"position":1},"title":"P\u00e1nico en la blog\u00f3sfera","author":"Pepe Barrascout Ortiz","date":"30 junio 2009","format":false,"excerpt":"Desde el viernes 27 de junio, Guatemala se ha visto negada, de la posibilidad de acceso a la informaci\u00f3n, espec\u00edficamente el acceso a todos aquellos blogs que se encuentran bajo el dominio de wordpress.com, el bloqueo ha sido ejecutado por los ISP's de mayores usuarios en el pa\u00eds: Tigo, Turbonett\u2026","rel":"","context":"En \u00abLimones\u00bb","block_context":{"text":"Limones","link":"https:\/\/quechilero.com\/blog\/category\/limones\/"},"img":{"alt_text":"","src":"https:\/\/i0.wp.com\/i392.photobucket.com\/albums\/pp7\/pepejaguar\/blog\/telefonica2.png?resize=350%2C200","width":350,"height":200,"srcset":"https:\/\/i0.wp.com\/i392.photobucket.com\/albums\/pp7\/pepejaguar\/blog\/telefonica2.png?resize=350%2C200 1x, https:\/\/i0.wp.com\/i392.photobucket.com\/albums\/pp7\/pepejaguar\/blog\/telefonica2.png?resize=525%2C300 1.5x"},"classes":[]},{"id":19686,"url":"https:\/\/quechilero.com\/blog\/2015\/01\/31\/en-que-pones-tu-atencion\/","url_meta":{"origin":137,"position":2},"title":"\u00bfEn qu\u00e9 pones tu atenci\u00f3n?","author":"Pepe Barrascout Ortiz","date":"31 enero 2015","format":false,"excerpt":"Hay un video en Internet llamado Prueba de Atenci\u00f3n. En dicho video se hacen dos preguntas. La primera de ellas es \u00bfCu\u00e1ntos pases hacen el equipo blanco? El espectador fija su atenci\u00f3n en contar los pases que los basquetbolistas hacen. Despu\u00e9s aparece la soluci\u00f3n: 13 pases. La siguiente pregunta es:\u2026","rel":"","context":"En \u00abLimones\u00bb","block_context":{"text":"Limones","link":"https:\/\/quechilero.com\/blog\/category\/limones\/"},"img":{"alt_text":"","src":"","width":0,"height":0},"classes":[]},{"id":5207,"url":"https:\/\/quechilero.com\/blog\/2010\/08\/03\/maraton-de-blogs-obux\/","url_meta":{"origin":137,"position":3},"title":"Marat\u00f3n de Blogs: Obux","author":"Pepe Barrascout Ortiz","date":"3 agosto 2010","format":false,"excerpt":"Obux, es el blog, por el que conoc\u00ed a \"Jos\u00e9 Kont\", alojado en la plataforma wordpress y con una plantilla b\u00e1sica, para mi es uno de los mejores blogs sobre Linux, y \u00bfporqu\u00e9 uno de los mejores?, porque simplemente resuelve problemas, a los que se puede topar un usuario regular\u2026","rel":"","context":"En \u00abBlogs de Guatemala\u00bb","block_context":{"text":"Blogs de Guatemala","link":"https:\/\/quechilero.com\/blog\/category\/blogs-de-guatemala\/"},"img":{"alt_text":"","src":"https:\/\/i0.wp.com\/i392.photobucket.com\/albums\/pp7\/pepejaguar\/maraton\/obux.png?resize=350%2C200","width":350,"height":200,"srcset":"https:\/\/i0.wp.com\/i392.photobucket.com\/albums\/pp7\/pepejaguar\/maraton\/obux.png?resize=350%2C200 1x, https:\/\/i0.wp.com\/i392.photobucket.com\/albums\/pp7\/pepejaguar\/maraton\/obux.png?resize=525%2C300 1.5x"},"classes":[]},{"id":4006,"url":"https:\/\/quechilero.com\/blog\/2009\/12\/14\/del-famoso\/","url_meta":{"origin":137,"position":4},"title":"Del Famoso","author":"Pepe Barrascout Ortiz","date":"14 diciembre 2009","format":false,"excerpt":"Ernest Hemingway, autor del cl\u00e1sico \"El viejo y el Mar\", mezclaba momentos de dura actividad f\u00edsica con per\u00edodos de inactividad total. Antes de sentarse a escribir las p\u00e1ginas de un nuevo romance, pasaba horas desgajando naranjas y mirando el fuego. Cierta ma\u00f1ana, un reportero not\u00f3 este extra\u00f1o h\u00e1bito. \"\u00bfUsted no\u2026","rel":"","context":"En \u00abLimones\u00bb","block_context":{"text":"Limones","link":"https:\/\/quechilero.com\/blog\/category\/limones\/"},"img":{"alt_text":"","src":"","width":0,"height":0},"classes":[]},{"id":16884,"url":"https:\/\/quechilero.com\/blog\/2013\/08\/12\/la-bolsa-de-trucos\/","url_meta":{"origin":137,"position":5},"title":"La Bolsa de Trucos","author":"Pepe Barrascout Ortiz","date":"12 agosto 2013","format":false,"excerpt":"En su libro\u00a0The Life God Blesses\u00a0(La vida que Dios bendice), mi amigo Gordon MacDonald cuenta la historia sobre sus experiencias en el equipo de atletismo de la Universidad de Colorado a finales de los a\u00f1os cincuenta. En particular, recuerda los ejercicios tan duros que ten\u00eda que hacer con un compa\u00f1ero\u2026","rel":"","context":"En \u00abLimones\u00bb","block_context":{"text":"Limones","link":"https:\/\/quechilero.com\/blog\/category\/limones\/"},"img":{"alt_text":"","src":"","width":0,"height":0},"classes":[]}],"jetpack_featured_media_url":"","_links":{"self":[{"href":"https:\/\/quechilero.com\/blog\/wp-json\/wp\/v2\/posts\/137","targetHints":{"allow":["GET"]}}],"collection":[{"href":"https:\/\/quechilero.com\/blog\/wp-json\/wp\/v2\/posts"}],"about":[{"href":"https:\/\/quechilero.com\/blog\/wp-json\/wp\/v2\/types\/post"}],"author":[{"embeddable":true,"href":"https:\/\/quechilero.com\/blog\/wp-json\/wp\/v2\/users\/1"}],"replies":[{"embeddable":true,"href":"https:\/\/quechilero.com\/blog\/wp-json\/wp\/v2\/comments?post=137"}],"version-history":[{"count":0,"href":"https:\/\/quechilero.com\/blog\/wp-json\/wp\/v2\/posts\/137\/revisions"}],"wp:attachment":[{"href":"https:\/\/quechilero.com\/blog\/wp-json\/wp\/v2\/media?parent=137"}],"wp:term":[{"taxonomy":"category","embeddable":true,"href":"https:\/\/quechilero.com\/blog\/wp-json\/wp\/v2\/categories?post=137"},{"taxonomy":"post_tag","embeddable":true,"href":"https:\/\/quechilero.com\/blog\/wp-json\/wp\/v2\/tags?post=137"},{"taxonomy":"series","embeddable":true,"href":"https:\/\/quechilero.com\/blog\/wp-json\/wp\/v2\/series?post=137"}],"curies":[{"name":"wp","href":"https:\/\/api.w.org\/{rel}","templated":true}]}}