{"id":135,"date":"2006-08-12T00:00:56","date_gmt":"2006-08-12T06:00:56","guid":{"rendered":"http:\/\/quechilero.com\/blog\/2006\/08\/19\/253-mb\/"},"modified":"2006-08-12T00:00:56","modified_gmt":"2006-08-12T06:00:56","slug":"253-mb","status":"publish","type":"post","link":"https:\/\/quechilero.com\/blog\/2006\/08\/12\/253-mb\/","title":{"rendered":"253 Mb"},"content":{"rendered":"<p>Desde hac\u00eda algunos d\u00edas notaba que la compu se pon\u00eda lenta, muy lenta, cuando trabajaba con photoshop era definitivamente un desastre y eso que generalmente tengo que usarlo simult\u00e1neamente con freehand y en el peor de los casos hasta dreamweaver sale a bailar.<\/p>\n<p>El mi\u00e9rcoles escribiendo el texto del <a target=\"_blank\" href=\"http:\/\/quechilero.com\/blog\/2006\/08\/09\/maraton-de-blogs\/\">Marat\u00f3n de Blogs<\/a> que organiz\u00f3 <a target=\"_blank\" href=\"http:\/\/www.desdeguate.com\/blog\/2006\/08\/09\/resultado-de-la-maraton-de-blogs-de-guatemala\/\">desdeguate<\/a>, me aparece el globito famoso de \u00ab<em>se est\u00e1 quedando sin espacio en el disco duro<\/em>\u00bb en ese momento pens\u00e9 como es posible que de 120 <a target=\"_blank\" href=\"http:\/\/es.wikipedia.org\/wiki\/Byte\">Gb<\/a> del disco duro principal, ya solo tenga 253 <a target=\"_blank\" href=\"http:\/\/es.wikipedia.org\/wiki\/Byte\">Mb<\/a>, es decir que tengo m\u00e1s espacio libre en mi USB que en la compu, que tantas cosas tengo para haberme comido 119 y centavos <a target=\"_blank\" href=\"http:\/\/es.wikipedia.org\/wiki\/Byte\">Gigas<\/a> de espacio. No le puedo echar la culpa a los mp3, porque esos los grabo en dvd&#8217;s y si mucho tendr\u00e9 unos 50 <a target=\"_blank\" href=\"http:\/\/es.wikipedia.org\/wiki\/Byte\">Mb<\/a> en lo que los grabo, mis im\u00e1genes de photoshop est\u00e1n en el disco dos, que ser\u00eda lo que m\u00e1s pudiera ocupar, videos, todos en dvd. Documentos de office, no lo creo pero bueno, ya ver\u00e9.<\/p>\n<p>Ahora que escribo, teniendo solo firefox abierto y el windows media, me aprece otro globito amarillo: \u00ab<em>Windows &#8211; M\u00ednimo de memoria virtual demasiado bajo<\/em>\u00ab, as\u00ed que creo que este fin de semana, que seg\u00fan yo iba a descansar, lo voy a tener que ocupar en <em>arreglar<\/em> todos mis archivos y ver que es lo que se comi\u00f3 mi espacio en disco.<\/p>\n<p>Tengo una ventaja, hay varias <a target=\"_blank\" href=\"http:\/\/es.wikipedia.org\/wiki\/Partici%C3%B3n_de_disco\">particiones en el disco<\/a>, as\u00ed que se los recomiendo si es que alguien no lo ha hecho a\u00fan. Para saber un poco m\u00e1s sobre las particiones de disco, <a target=\"_blank\" href=\"http:\/\/es.wikipedia.org\/wiki\/Partici%C3%B3n_de_disco\">click aqu\u00ed<\/a>.<\/p>\n","protected":false},"excerpt":{"rendered":"<p>Desde hac\u00eda algunos d\u00edas notaba que la compu se pon\u00eda lenta, muy lenta, cuando trabajaba con photoshop era definitivamente un desastre y eso que generalmente tengo que usarlo simult\u00e1neamente con freehand y en el peor de los casos hasta dreamweaver sale a bailar. El mi\u00e9rcoles escribiendo el texto del Marat\u00f3n de Blogs que organiz\u00f3 desdeguate, &#8230; <a title=\"253 Mb\" class=\"read-more\" href=\"https:\/\/quechilero.com\/blog\/2006\/08\/12\/253-mb\/\" aria-label=\"Leer m\u00e1s sobre 253 Mb\">Leer m\u00e1s<\/a><\/p>\n","protected":false},"author":1,"featured_media":0,"comment_status":"open","ping_status":"open","sticky":false,"template":"","format":"standard","meta":{"advanced_seo_description":"","jetpack_seo_html_title":"","jetpack_seo_noindex":false,"jetpack_seo_schema_type":"","episode_type":"","audio_file":"","podmotor_file_id":"","podmotor_episode_id":"","cover_image":"","cover_image_id":"","duration":"","filesize":"","filesize_raw":"","date_recorded":"","explicit":"","block":"","_jetpack_newsletter_access":"","_jetpack_dont_email_post_to_subs":false,"_jetpack_newsletter_tier_id":0,"_jetpack_memberships_contains_paywalled_content":false,"_jetpack_feature_clip_id":0,"_jetpack_memberships_contains_paid_content":false,"footnotes":"","jetpack_publicize_message":"","jetpack_publicize_feature_enabled":true,"jetpack_social_post_already_shared":false,"jetpack_social_options":{"image_generator_settings":{"template":"highway","default_image_id":0,"font":"","enabled":false},"version":2},"jetpack_post_was_ever_published":false},"categories":[2],"tags":[4,12,10,62,68,69,58,25,13],"series":[],"class_list":["post-135","post","type-post","status-publish","format-standard","hentry","category-limones","tag-blog","tag-cosas","tag-guatemala","tag-maraton","tag-mp3","tag-photoshop","tag-regla","tag-video","tag-windows"],"episode_featured_image":false,"episode_player_image":"https:\/\/i0.wp.com\/quechilero.com\/blog\/imagenes\/podcast.png?fit=1831%2C1831&ssl=1","download_link":"","player_link":"","audio_player":false,"episode_data":{"playerMode":"dark","subscribeUrls":{"amazon":{"key":"amazon","url":"","label":"Amazon","class":"amazon","icon":"amazon.png"},"apple_podcasts":{"key":"apple_podcasts","url":"","label":"Apple Podcasts","class":"apple_podcasts","icon":"apple-podcasts.png"},"castbox":{"key":"castbox","url":"","label":"CastBox","class":"castbox","icon":"castbox.png"},"deezer":{"key":"deezer","url":"","label":"Deezer","class":"deezer","icon":"deezer.png"},"google_podcasts":{"key":"google_podcasts","url":"","label":"Google Podcasts","class":"google_podcasts","icon":"google-podcasts.png"},"listen_notes":{"key":"listen_notes","url":"","label":"Listen Notes","class":"listen_notes","icon":"listen-notes.png"},"pandora":{"key":"pandora","url":"","label":"Pandora","class":"pandora","icon":"pandora.png"},"podbean":{"key":"podbean","url":"","label":"Podbean","class":"podbean","icon":"podbean.png"},"podcast_republic":{"key":"podcast_republic","url":"","label":"Podcast Republic","class":"podcast_republic","icon":"podcast-republic.png"},"rss":{"key":"rss","url":"","label":"RSS","class":"rss","icon":"rss.png"},"spotify":{"key":"spotify","url":"","label":"Spotify","class":"spotify","icon":"spotify.png"},"stitcher":{"key":"stitcher","url":"","label":"Stitcher","class":"stitcher","icon":"stitcher.png"},"tunein":{"key":"tunein","url":"","label":"TuneIn","class":"tunein","icon":"tunein.png"},"youtube":{"key":"youtube","url":"","label":"YouTube","class":"youtube","icon":"youtube.png"},"iheartradio":{"key":"iheartradio","url":"","label":"iHeartRadio","class":"iheartradio","icon":"iheartradio.png"},"ivoox":{"key":"ivoox","url":"","label":"iVoox","class":"ivoox","icon":"ivoox.png"}},"rssFeedUrl":"https:\/\/quechilero.com\/blog\/feed\/podcast\/si-la-vida-nos-da-limones","embedCode":"<blockquote class=\"wp-embedded-content\" data-secret=\"Pxf6okFCCN\"><a href=\"https:\/\/quechilero.com\/blog\/2006\/08\/12\/253-mb\/\">253 Mb<\/a><\/blockquote><iframe sandbox=\"allow-scripts\" security=\"restricted\" src=\"https:\/\/quechilero.com\/blog\/2006\/08\/12\/253-mb\/embed\/#?secret=Pxf6okFCCN\" width=\"500\" height=\"350\" title=\"\u00ab253 Mb\u00bb \u2014 Si la Vida nos da Limones...\" data-secret=\"Pxf6okFCCN\" frameborder=\"0\" marginwidth=\"0\" marginheight=\"0\" scrolling=\"no\" class=\"wp-embedded-content\"><\/iframe><script>\n\/*! This file is auto-generated *\/\n!function(d,l){\"use strict\";l.querySelector&&d.addEventListener&&\"undefined\"!=typeof URL&&(d.wp=d.wp||{},d.wp.receiveEmbedMessage||(d.wp.receiveEmbedMessage=function(e){var t=e.data;if((t||t.secret||t.message||t.value)&&!\/[^a-zA-Z0-9]\/.test(t.secret)){for(var s,r,n,a=l.querySelectorAll('iframe[data-secret=\"'+t.secret+'\"]'),o=l.querySelectorAll('blockquote[data-secret=\"'+t.secret+'\"]'),c=new RegExp(\"^https?:$\",\"i\"),i=0;i<o.length;i++)o[i].style.display=\"none\";for(i=0;i<a.length;i++)s=a[i],e.source===s.contentWindow&&(s.removeAttribute(\"style\"),\"height\"===t.message?(1e3<(r=parseInt(t.value,10))?r=1e3:~~r<200&&(r=200),s.height=r):\"link\"===t.message&&(r=new URL(s.getAttribute(\"src\")),n=new URL(t.value),c.test(n.protocol))&&n.host===r.host&&l.activeElement===s&&(d.top.location.href=t.value))}},d.addEventListener(\"message\",d.wp.receiveEmbedMessage,!1),l.addEventListener(\"DOMContentLoaded\",function(){for(var e,t,s=l.querySelectorAll(\"iframe.wp-embedded-content\"),r=0;r<s.length;r++)(t=(e=s[r]).getAttribute(\"data-secret\"))||(t=Math.random().toString(36).substring(2,12),e.src+=\"#?secret=\"+t,e.setAttribute(\"data-secret\",t)),e.contentWindow.postMessage({message:\"ready\",secret:t},\"*\")},!1)))}(window,document);\n\/\/# sourceURL=https:\/\/quechilero.com\/blog\/wp-includes\/js\/wp-embed.min.js\n<\/script>\n"},"jetpack_publicize_connections":[],"jetpack_shortlink":"https:\/\/wp.me\/pDKli-2b","jetpack_sharing_enabled":true,"jetpack-related-posts":[{"id":3243,"url":"https:\/\/quechilero.com\/blog\/2009\/08\/09\/maraton-de-blogs-mentes-kreativas\/","url_meta":{"origin":135,"position":0},"title":"Marat\u00f3n de Blogs: Mentes Kreativas","author":"Pepe Barrascout Ortiz","date":"9 agosto 2009","format":false,"excerpt":"Del teclado de Lesther Castillo, salen los art\u00edculos que en forma regular se publican en Mentes Kreativas, un blog dirigido a los amantes de la tecnolog\u00eda, gadgets, social media, dise\u00f1o gr\u00e1fico, dise\u00f1o web y noticias de internet. Muchos art\u00edculos de estos temas, podemos leer en Mentes Kreativas. Recientemente ha tocado\u2026","rel":"","context":"En \u00abBlogs de Guatemala\u00bb","block_context":{"text":"Blogs de Guatemala","link":"https:\/\/quechilero.com\/blog\/category\/blogs-de-guatemala\/"},"img":{"alt_text":"Marat\u00f3n de Blogs 2009","src":"https:\/\/i0.wp.com\/i392.photobucket.com\/albums\/pp7\/pepejaguar\/maraton2009\/maraton2009.jpg?resize=350%2C200","width":350,"height":200,"srcset":"https:\/\/i0.wp.com\/i392.photobucket.com\/albums\/pp7\/pepejaguar\/maraton2009\/maraton2009.jpg?resize=350%2C200 1x, https:\/\/i0.wp.com\/i392.photobucket.com\/albums\/pp7\/pepejaguar\/maraton2009\/maraton2009.jpg?resize=525%2C300 1.5x"},"classes":[]},{"id":9920,"url":"https:\/\/quechilero.com\/blog\/2011\/08\/09\/maraton-de-blogs-ateneu-popular\/","url_meta":{"origin":135,"position":1},"title":"Marat\u00f3n de Blogs: Ateneu Popular","author":"Pepe Barrascout Ortiz","date":"9 agosto 2011","format":false,"excerpt":"Ateneu Popular es un blog invitado escrito en Espa\u00f1a\u00a0y que principalmente trata temas de dise\u00f1o, publicidad, tecnolog\u00eda, mundo Apple y curiosidades, desde gadgets a inventos locos, seg\u00fan se definen ellos mismos. Jordi Soro es el entusiasta que ha dado inicio a\u00a0Ateneu Popular\u00a0desde el a\u00f1o 2001, que fue cuando vio su\u2026","rel":"","context":"En \u00abBlogs de Guatemala\u00bb","block_context":{"text":"Blogs de Guatemala","link":"https:\/\/quechilero.com\/blog\/category\/blogs-de-guatemala\/"},"img":{"alt_text":"","src":"https:\/\/i0.wp.com\/i392.photobucket.com\/albums\/pp7\/pepejaguar\/maraton\/ateneu-popular.png?resize=350%2C200","width":350,"height":200,"srcset":"https:\/\/i0.wp.com\/i392.photobucket.com\/albums\/pp7\/pepejaguar\/maraton\/ateneu-popular.png?resize=350%2C200 1x, https:\/\/i0.wp.com\/i392.photobucket.com\/albums\/pp7\/pepejaguar\/maraton\/ateneu-popular.png?resize=525%2C300 1.5x"},"classes":[]},{"id":12223,"url":"https:\/\/quechilero.com\/blog\/2013\/02\/15\/limonada-253\/","url_meta":{"origin":135,"position":2},"title":"Limonada # 253","author":"Pepe Barrascout Ortiz","date":"15 febrero 2013","format":false,"excerpt":"Errar es de humanos - Herrar es de herreros - E.rar es de inform\u00e1ticos An\u00f3nimo","rel":"","context":"En \u00abLimonadas\u00bb","block_context":{"text":"Limonadas","link":"https:\/\/quechilero.com\/blog\/category\/limonadas\/"},"img":{"alt_text":"","src":"","width":0,"height":0},"classes":[]},{"id":1256,"url":"https:\/\/quechilero.com\/blog\/2008\/08\/26\/mr-man\/","url_meta":{"origin":135,"position":3},"title":"Marat\u00f3n &#8211; Mr-Man","author":"Pepe Barrascout Ortiz","date":"26 agosto 2008","format":false,"excerpt":"En Guatemala dentro de los blogs de dise\u00f1o hay uno que destaca por concentrar sus esfuerzos en publicar art\u00edculos relacionados principalmente y casi exclusivamente a la arquitectura, este es el Mr-Man publicado por Cristian Paiz. Desde marzo 2007 Mr-Man ha publicado un promedio de dos art\u00edculos diarios, relacionados con las\u2026","rel":"","context":"En \u00abBlogs de Guatemala\u00bb","block_context":{"text":"Blogs de Guatemala","link":"https:\/\/quechilero.com\/blog\/category\/blogs-de-guatemala\/"},"img":{"alt_text":"","src":"https:\/\/i0.wp.com\/img261.imageshack.us\/img261\/1836\/maratonlb1.jpg?resize=350%2C200","width":350,"height":200},"classes":[]},{"id":24442,"url":"https:\/\/quechilero.com\/blog\/2011\/06\/23\/podcast-las-6-de-la-manana-episodio-253\/","url_meta":{"origin":135,"position":4},"title":"Podcast: Las 6 de la ma\u00f1ana, episodio 253","author":"Pepe Barrascout Ortiz","date":"23 junio 2011","format":false,"excerpt":"Bienvenidos al ducent\u00e9simo quincuag\u00e9simo tercer episodio de\u00a0\u201cLas \u00a06 de la ma\u00f1ana\u201d, un podcast que trae 6 canciones, para que iniciemos el d\u00eda, de forma positiva y con \u00e1nimo. El listado para hoy es: Artista \/ Tema 01 - Josh Woodward - Twelve Monkeys 02 - Awezoom - For a New\u2026","rel":"","context":"En \u00abLas 6 de la ma\u00f1ana\u00bb","block_context":{"text":"Las 6 de la ma\u00f1ana","link":"https:\/\/quechilero.com\/blog\/category\/podcast\/las-6-de-la-manana\/"},"img":{"alt_text":"","src":"https:\/\/i0.wp.com\/quechilero.com\/blog\/imagenes\/las6am.jpg?fit=620%2C350&ssl=1&resize=350%2C200","width":350,"height":200,"srcset":"https:\/\/i0.wp.com\/quechilero.com\/blog\/imagenes\/las6am.jpg?fit=620%2C350&ssl=1&resize=350%2C200 1x, https:\/\/i0.wp.com\/quechilero.com\/blog\/imagenes\/las6am.jpg?fit=620%2C350&ssl=1&resize=525%2C300 1.5x"},"classes":[]},{"id":5184,"url":"https:\/\/quechilero.com\/blog\/2010\/08\/01\/maraton-de-blogs-recapitulando-2\/","url_meta":{"origin":135,"position":5},"title":"Marat\u00f3n de Blogs: Recapitulando","author":"Pepe Barrascout Ortiz","date":"1 agosto 2010","format":false,"excerpt":"Arranca una vez mas, el Marat\u00f3n de Blogs 2010, que tiene como objetivo, dar a conocer y promocionar, los blogs. En lo personal, me gusta promocionar los Blogs de Guatemala, porque hay tantos de tan buena calidad, que merecen ser conocidos y le\u00eddos, seg\u00fan mi criterio personal. La selecci\u00f3n para\u2026","rel":"","context":"En \u00abBlogs de Guatemala\u00bb","block_context":{"text":"Blogs de Guatemala","link":"https:\/\/quechilero.com\/blog\/category\/blogs-de-guatemala\/"},"img":{"alt_text":"","src":"https:\/\/i0.wp.com\/i392.photobucket.com\/albums\/pp7\/pepejaguar\/maraton\/maraton468x602010.jpg?resize=350%2C200","width":350,"height":200},"classes":[]}],"jetpack_featured_media_url":"","_links":{"self":[{"href":"https:\/\/quechilero.com\/blog\/wp-json\/wp\/v2\/posts\/135","targetHints":{"allow":["GET"]}}],"collection":[{"href":"https:\/\/quechilero.com\/blog\/wp-json\/wp\/v2\/posts"}],"about":[{"href":"https:\/\/quechilero.com\/blog\/wp-json\/wp\/v2\/types\/post"}],"author":[{"embeddable":true,"href":"https:\/\/quechilero.com\/blog\/wp-json\/wp\/v2\/users\/1"}],"replies":[{"embeddable":true,"href":"https:\/\/quechilero.com\/blog\/wp-json\/wp\/v2\/comments?post=135"}],"version-history":[{"count":0,"href":"https:\/\/quechilero.com\/blog\/wp-json\/wp\/v2\/posts\/135\/revisions"}],"wp:attachment":[{"href":"https:\/\/quechilero.com\/blog\/wp-json\/wp\/v2\/media?parent=135"}],"wp:term":[{"taxonomy":"category","embeddable":true,"href":"https:\/\/quechilero.com\/blog\/wp-json\/wp\/v2\/categories?post=135"},{"taxonomy":"post_tag","embeddable":true,"href":"https:\/\/quechilero.com\/blog\/wp-json\/wp\/v2\/tags?post=135"},{"taxonomy":"series","embeddable":true,"href":"https:\/\/quechilero.com\/blog\/wp-json\/wp\/v2\/series?post=135"}],"curies":[{"name":"wp","href":"https:\/\/api.w.org\/{rel}","templated":true}]}}