{"id":13457,"date":"2012-05-19T08:00:16","date_gmt":"2012-05-19T14:00:16","guid":{"rendered":"http:\/\/quechilero.com\/blog\/?p=13457"},"modified":"2012-05-19T08:00:16","modified_gmt":"2012-05-19T14:00:16","slug":"el-hombre-que-velaba-por-su-asno","status":"publish","type":"post","link":"https:\/\/quechilero.com\/blog\/2012\/05\/19\/el-hombre-que-velaba-por-su-asno\/","title":{"rendered":"El hombre que velaba por su asno"},"content":{"rendered":"<p>Un hombre viejo, rico y avaro, prestaba dinero a intereses usurarios; no dejaba pasar un d\u00eda sin que fuera a recaudar sus intereses. Pero estas cotidianas salidas lo cansaban sobremanera. Compr\u00f3 un asno y lo cuidaba tanto que s\u00f3lo lo montaba cuando se sent\u00eda verdaderamente extenuado. En realidad, el hombre, cuando mucho, montaba su asno unas quince veces al a\u00f1o.<\/p>\n<p>En un d\u00eda de mucho calor y teniendo que hacer un largo trayecto, el usurero resolvi\u00f3 llevar consigo al asno. En mitad del camino, el viejo, jadeante, decidi\u00f3 montarlo. Despu\u00e9s de m\u00e1s de un kil\u00f3metro de camino, el asno que no estaba acostumbrado a cargar un jinete, empez\u00f3 a jadear a su vez. Su amo, enloquecido, se apresur\u00f3 a bajarse y le sac\u00f3 la montura. El asno pens\u00f3 que ya no necesitaban sus servicios, dio media vuelta y tom\u00f3 el camino de regreso. El anciano le gritaba que volviera, pero el asno continu\u00f3 trotando sin volverse.<\/p>\n<p>Dividido entre el temor de perder a su asno y el de perder su montura, el viejo tom\u00f3 el camino de regreso cargando la montura en sus espaldas. Una vez llegado a su casa, sus primeras palabras fueron para preguntar si el asno hab\u00eda regresado. <em>\u00abClaro que s\u00ed\u00bb<\/em>, contest\u00f3 su hijo.<\/p>\n<p>El anciano tuvo una gran alegr\u00eda, pero despu\u00e9s de desembarazarse de la montura empez\u00f3 a sentir el calor y la fatiga, tuvo que acostarse y estuvo un mes enfermo.<\/p>\n","protected":false},"excerpt":{"rendered":"<p>Un hombre viejo, rico y avaro, prestaba dinero a intereses usurarios; no dejaba pasar un d\u00eda sin que fuera a recaudar sus intereses. Pero estas cotidianas salidas lo cansaban sobremanera. Compr\u00f3 un asno y lo cuidaba tanto que s\u00f3lo lo montaba cuando se sent\u00eda verdaderamente extenuado. En realidad, el hombre, cuando mucho, montaba su asno &#8230; <a title=\"El hombre que velaba por su asno\" class=\"read-more\" href=\"https:\/\/quechilero.com\/blog\/2012\/05\/19\/el-hombre-que-velaba-por-su-asno\/\" aria-label=\"Leer m\u00e1s sobre El hombre que velaba por su asno\">Leer m\u00e1s<\/a><\/p>\n","protected":false},"author":1,"featured_media":0,"comment_status":"open","ping_status":"open","sticky":false,"template":"","format":"standard","meta":{"advanced_seo_description":"","jetpack_seo_html_title":"","jetpack_seo_noindex":false,"jetpack_seo_schema_type":"","episode_type":"","audio_file":"","podmotor_file_id":"","podmotor_episode_id":"","cover_image":"","cover_image_id":"","duration":"","filesize":"","filesize_raw":"","date_recorded":"","explicit":"","block":"","_jetpack_newsletter_access":"","_jetpack_dont_email_post_to_subs":false,"_jetpack_newsletter_tier_id":0,"_jetpack_memberships_contains_paywalled_content":false,"_jetpack_feature_clip_id":0,"_jetpack_memberships_contains_paid_content":false,"footnotes":"","jetpack_publicize_message":"","jetpack_publicize_feature_enabled":true,"jetpack_social_post_already_shared":false,"jetpack_social_options":{"image_generator_settings":{"template":"highway","default_image_id":0,"font":"","enabled":false},"version":2},"jetpack_post_was_ever_published":false},"categories":[2],"tags":[87,26,18,42,41],"series":[],"class_list":["post-13457","post","type-post","status-publish","format-standard","hentry","category-limones","tag-alegria","tag-dinero","tag-hombre","tag-palabra","tag-verdad"],"episode_featured_image":false,"episode_player_image":"https:\/\/i0.wp.com\/quechilero.com\/blog\/imagenes\/podcast.png?fit=1831%2C1831&ssl=1","download_link":"","player_link":"","audio_player":false,"episode_data":{"playerMode":"dark","subscribeUrls":{"amazon":{"key":"amazon","url":"","label":"Amazon","class":"amazon","icon":"amazon.png"},"apple_podcasts":{"key":"apple_podcasts","url":"","label":"Apple Podcasts","class":"apple_podcasts","icon":"apple-podcasts.png"},"castbox":{"key":"castbox","url":"","label":"CastBox","class":"castbox","icon":"castbox.png"},"deezer":{"key":"deezer","url":"","label":"Deezer","class":"deezer","icon":"deezer.png"},"google_podcasts":{"key":"google_podcasts","url":"","label":"Google Podcasts","class":"google_podcasts","icon":"google-podcasts.png"},"listen_notes":{"key":"listen_notes","url":"","label":"Listen Notes","class":"listen_notes","icon":"listen-notes.png"},"pandora":{"key":"pandora","url":"","label":"Pandora","class":"pandora","icon":"pandora.png"},"podbean":{"key":"podbean","url":"","label":"Podbean","class":"podbean","icon":"podbean.png"},"podcast_republic":{"key":"podcast_republic","url":"","label":"Podcast Republic","class":"podcast_republic","icon":"podcast-republic.png"},"rss":{"key":"rss","url":"","label":"RSS","class":"rss","icon":"rss.png"},"spotify":{"key":"spotify","url":"","label":"Spotify","class":"spotify","icon":"spotify.png"},"stitcher":{"key":"stitcher","url":"","label":"Stitcher","class":"stitcher","icon":"stitcher.png"},"tunein":{"key":"tunein","url":"","label":"TuneIn","class":"tunein","icon":"tunein.png"},"youtube":{"key":"youtube","url":"","label":"YouTube","class":"youtube","icon":"youtube.png"},"iheartradio":{"key":"iheartradio","url":"","label":"iHeartRadio","class":"iheartradio","icon":"iheartradio.png"},"ivoox":{"key":"ivoox","url":"","label":"iVoox","class":"ivoox","icon":"ivoox.png"}},"rssFeedUrl":"https:\/\/quechilero.com\/blog\/feed\/podcast\/si-la-vida-nos-da-limones","embedCode":"<blockquote class=\"wp-embedded-content\" data-secret=\"uFarg9pshC\"><a href=\"https:\/\/quechilero.com\/blog\/2012\/05\/19\/el-hombre-que-velaba-por-su-asno\/\">El hombre que velaba por su asno<\/a><\/blockquote><iframe sandbox=\"allow-scripts\" security=\"restricted\" src=\"https:\/\/quechilero.com\/blog\/2012\/05\/19\/el-hombre-que-velaba-por-su-asno\/embed\/#?secret=uFarg9pshC\" width=\"500\" height=\"350\" title=\"\u00abEl hombre que velaba por su asno\u00bb \u2014 Si la Vida nos da Limones...\" data-secret=\"uFarg9pshC\" frameborder=\"0\" marginwidth=\"0\" marginheight=\"0\" scrolling=\"no\" class=\"wp-embedded-content\"><\/iframe><script>\n\/*! This file is auto-generated *\/\n!function(d,l){\"use strict\";l.querySelector&&d.addEventListener&&\"undefined\"!=typeof URL&&(d.wp=d.wp||{},d.wp.receiveEmbedMessage||(d.wp.receiveEmbedMessage=function(e){var t=e.data;if((t||t.secret||t.message||t.value)&&!\/[^a-zA-Z0-9]\/.test(t.secret)){for(var s,r,n,a=l.querySelectorAll('iframe[data-secret=\"'+t.secret+'\"]'),o=l.querySelectorAll('blockquote[data-secret=\"'+t.secret+'\"]'),c=new RegExp(\"^https?:$\",\"i\"),i=0;i<o.length;i++)o[i].style.display=\"none\";for(i=0;i<a.length;i++)s=a[i],e.source===s.contentWindow&&(s.removeAttribute(\"style\"),\"height\"===t.message?(1e3<(r=parseInt(t.value,10))?r=1e3:~~r<200&&(r=200),s.height=r):\"link\"===t.message&&(r=new URL(s.getAttribute(\"src\")),n=new URL(t.value),c.test(n.protocol))&&n.host===r.host&&l.activeElement===s&&(d.top.location.href=t.value))}},d.addEventListener(\"message\",d.wp.receiveEmbedMessage,!1),l.addEventListener(\"DOMContentLoaded\",function(){for(var e,t,s=l.querySelectorAll(\"iframe.wp-embedded-content\"),r=0;r<s.length;r++)(t=(e=s[r]).getAttribute(\"data-secret\"))||(t=Math.random().toString(36).substring(2,12),e.src+=\"#?secret=\"+t,e.setAttribute(\"data-secret\",t)),e.contentWindow.postMessage({message:\"ready\",secret:t},\"*\")},!1)))}(window,document);\n\/\/# sourceURL=https:\/\/quechilero.com\/blog\/wp-includes\/js\/wp-embed.min.js\n<\/script>\n"},"jetpack_publicize_connections":[],"jetpack_shortlink":"https:\/\/wp.me\/pDKli-3v3","jetpack_sharing_enabled":true,"jetpack-related-posts":[{"id":16808,"url":"https:\/\/quechilero.com\/blog\/2013\/07\/06\/el-asno-y-el-caballo\/","url_meta":{"origin":13457,"position":0},"title":"El asno y el caballo","author":"Pepe Barrascout Ortiz","date":"6 julio 2013","format":false,"excerpt":"Un hombre sub\u00eda una empinada cuesta llevando de las riendas un asno y un caballo. El asno llevaba una pesada carga, pero el caballo trotaba libremente viendo el panorama. El asno, de cuando en cuando y agobiado por el peso de la carga, suplicaba: - \u00a1Caballo, amigo m\u00edo, ay\u00fadame! No\u2026","rel":"","context":"En \u00abLimones\u00bb","block_context":{"text":"Limones","link":"https:\/\/quechilero.com\/blog\/category\/limones\/"},"img":{"alt_text":"","src":"","width":0,"height":0},"classes":[]},{"id":18743,"url":"https:\/\/quechilero.com\/blog\/2014\/08\/16\/el-asno-y-su-sombra\/","url_meta":{"origin":13457,"position":1},"title":"El asno y su sombra","author":"Pepe Barrascout Ortiz","date":"16 agosto 2014","format":false,"excerpt":"Un viajero alquil\u00f3 un Asno para llevarle a un lugar distante. Estando el d\u00eda sumamente caliente, y el sol brillando con fuerza, el viajero se par\u00f3 para descansar, y busc\u00f3 refugio del calor bajo la sombra del asno. Como esto solamente permit\u00eda protecci\u00f3n para una persona, tanto el viajero como\u2026","rel":"","context":"En \u00abLimones\u00bb","block_context":{"text":"Limones","link":"https:\/\/quechilero.com\/blog\/category\/limones\/"},"img":{"alt_text":"","src":"","width":0,"height":0},"classes":[]},{"id":14525,"url":"https:\/\/quechilero.com\/blog\/2012\/09\/18\/el-asno-y-su-comprador\/","url_meta":{"origin":13457,"position":2},"title":"El asno y su comprador","author":"Pepe Barrascout Ortiz","date":"18 septiembre 2012","format":false,"excerpt":"Un hombre quiso comprar un asno, y acord\u00f3 con su due\u00f1o que \u00e9l deber\u00eda probar al animal antes de comprarlo. Entonces llev\u00f3 al asno a su casa y lo puso en donde guarda la paja junto con sus otros asnos. El nuevo animal se separ\u00f3 de todos los dem\u00e1s e\u2026","rel":"","context":"En \u00abLimones\u00bb","block_context":{"text":"Limones","link":"https:\/\/quechilero.com\/blog\/category\/limones\/"},"img":{"alt_text":"","src":"","width":0,"height":0},"classes":[]},{"id":3718,"url":"https:\/\/quechilero.com\/blog\/2009\/09\/25\/el-asno-de-guizhou\/","url_meta":{"origin":13457,"position":3},"title":"El asno de Guizhou","author":"Pepe Barrascout Ortiz","date":"25 septiembre 2009","format":false,"excerpt":"Nunca jam\u00e1s se hab\u00eda visto un asno en Guizhou, hasta el d\u00eda en que un exc\u00e9ntrico, \u00e1vido de novedades, se hizo llevar uno por barco. Pero como no supo en qu\u00e9 utilizarlo, lo solt\u00f3 en las monta\u00f1as. Un tigre, al ver a esta extra\u00f1a criatura, lo tom\u00f3 por una divinidad.\u2026","rel":"","context":"En \u00abLimones\u00bb","block_context":{"text":"Limones","link":"https:\/\/quechilero.com\/blog\/category\/limones\/"},"img":{"alt_text":"","src":"","width":0,"height":0},"classes":[]},{"id":16303,"url":"https:\/\/quechilero.com\/blog\/2013\/03\/01\/se-reservado\/","url_meta":{"origin":13457,"position":4},"title":"S\u00e9 reservado","author":"Pepe Barrascout Ortiz","date":"1 marzo 2013","format":false,"excerpt":"Nunca se hab\u00eda visto un asno en una remota regi\u00f3n de China, hasta el d\u00eda en que un exc\u00e9ntrico, \u00e1vido de novedades, se hizo llevar uno por barco. Pero como no supo en qu\u00e9 utilizarlo, lo solt\u00f3 en las monta\u00f1as. Un tigre, al ver a tan extra\u00f1a criatura, lo tom\u00f3\u2026","rel":"","context":"En \u00abLimones\u00bb","block_context":{"text":"Limones","link":"https:\/\/quechilero.com\/blog\/category\/limones\/"},"img":{"alt_text":"","src":"","width":0,"height":0},"classes":[]},{"id":17749,"url":"https:\/\/quechilero.com\/blog\/2014\/02\/25\/el-asno-y-los-saltamontes\/","url_meta":{"origin":13457,"position":5},"title":"El asno y los saltamontes","author":"Pepe Barrascout Ortiz","date":"25 febrero 2014","format":false,"excerpt":"Un asno, que habiendo o\u00eddo el gorjeo de los saltamontes, qued\u00f3 muy encantado; y deseando poseer los mismos encantos de su melod\u00eda, les pregunt\u00f3 con que clase de alimento ellos viv\u00edan para darles voces tan hermosas. Ellos contestaron: - Con el roc\u00edo. El Asno resolvi\u00f3 que \u00e9l vivir\u00eda s\u00f3lo con\u2026","rel":"","context":"En \u00abLimones\u00bb","block_context":{"text":"Limones","link":"https:\/\/quechilero.com\/blog\/category\/limones\/"},"img":{"alt_text":"","src":"","width":0,"height":0},"classes":[]}],"jetpack_featured_media_url":"","_links":{"self":[{"href":"https:\/\/quechilero.com\/blog\/wp-json\/wp\/v2\/posts\/13457","targetHints":{"allow":["GET"]}}],"collection":[{"href":"https:\/\/quechilero.com\/blog\/wp-json\/wp\/v2\/posts"}],"about":[{"href":"https:\/\/quechilero.com\/blog\/wp-json\/wp\/v2\/types\/post"}],"author":[{"embeddable":true,"href":"https:\/\/quechilero.com\/blog\/wp-json\/wp\/v2\/users\/1"}],"replies":[{"embeddable":true,"href":"https:\/\/quechilero.com\/blog\/wp-json\/wp\/v2\/comments?post=13457"}],"version-history":[{"count":0,"href":"https:\/\/quechilero.com\/blog\/wp-json\/wp\/v2\/posts\/13457\/revisions"}],"wp:attachment":[{"href":"https:\/\/quechilero.com\/blog\/wp-json\/wp\/v2\/media?parent=13457"}],"wp:term":[{"taxonomy":"category","embeddable":true,"href":"https:\/\/quechilero.com\/blog\/wp-json\/wp\/v2\/categories?post=13457"},{"taxonomy":"post_tag","embeddable":true,"href":"https:\/\/quechilero.com\/blog\/wp-json\/wp\/v2\/tags?post=13457"},{"taxonomy":"series","embeddable":true,"href":"https:\/\/quechilero.com\/blog\/wp-json\/wp\/v2\/series?post=13457"}],"curies":[{"name":"wp","href":"https:\/\/api.w.org\/{rel}","templated":true}]}}