{"id":13385,"date":"2012-05-06T10:00:51","date_gmt":"2012-05-06T16:00:51","guid":{"rendered":"http:\/\/quechilero.com\/blog\/?p=13385"},"modified":"2012-05-06T10:00:51","modified_gmt":"2012-05-06T16:00:51","slug":"la-super-luna-desde-guatemala","status":"publish","type":"post","link":"https:\/\/quechilero.com\/blog\/2012\/05\/06\/la-super-luna-desde-guatemala\/","title":{"rendered":"La Super Luna &#8211; desde Guatemala"},"content":{"rendered":"<p><span class=\"embed-youtube\" style=\"text-align:center; display: block;\"><iframe loading=\"lazy\" class=\"youtube-player\" width=\"1200\" height=\"675\" src=\"https:\/\/www.youtube.com\/embed\/EaZLydd-HLc?version=3&#038;rel=1&#038;showsearch=0&#038;showinfo=1&#038;iv_load_policy=1&#038;fs=1&#038;hl=es-ES&#038;autohide=2&#038;wmode=transparent\" allowfullscreen=\"true\" style=\"border:0;\" sandbox=\"allow-scripts allow-same-origin allow-popups allow-presentation allow-popups-to-escape-sandbox\"><\/iframe><\/span><\/p>\n<p>En todo el mundo, la noche del <em>5 de mayo<\/em>, ocurri\u00f3 un fen\u00f3meno natural conocido como <strong>Super Luna<\/strong>.<\/p>\n<p>Se denomina as\u00ed, al fen\u00f3meno en el cual una luna llena se encuentra a no m\u00e1s de un 10% de su punto m\u00e1s cercano a la tierra en el recorrido de su \u00f3rbita (el perigeo). Esto se da debido a que la \u00f3rbita lunar es el\u00edptica y su centro no corresponde con el centro de la tierra. En dichos casos, se la suele apreciar m\u00e1s grande y m\u00e1s brillante de lo normal.<\/p>\n<p>Esto ocurre al menos dos veces por a\u00f1o, sin embargo en esta ocasi\u00f3n, gracias al poder medi\u00e1tico del internet en general y de las <em>redes sociales<\/em>\u00a0en particular, al fen\u00f3meno se le dio especial atenci\u00f3n.<\/p>\n<p>Muchas actividades interesantes se llevaron a cabo en torno de la <em>Super Luna<\/em>, una de las mas coloridas y mejor organizadas fue la que dirigi\u00f3 <a title=\"Ely Recinos\" href=\"http:\/\/twitter.com\/ElyRecinos\" target=\"_blank\">Ely Recinos<\/a>\u00a0(conductora de un noticiero nacional) a trav\u00e9s de Twitter. La actividad consisti\u00f3 en tomar una fotograf\u00eda y compartirla en esta red social, luego <em><a title=\"Ely Recinos\" href=\"http:\/\/twitter.com\/ElyRecinos\" target=\"_blank\">Ely<\/a><\/em>\u00a0las volv\u00eda a compartir, para que todos tuvi\u00e9ramos la oportunidad de ver estas maravillosas fotograf\u00edas.<\/p>\n<p>Fue interesante ver como llegaban los reportes de todo el pa\u00eds, desde los particulares puntos de vista de cada uno. Cada quien en la medida de sus posibilidades y del equipo fotogr\u00e1fico que tuviera disponible, particip\u00f3 alegremente de esta actividad y comparti\u00f3 con el resto de usuarios, el momento en que vio a la Super Luna.<\/p>\n<p>En este video recopil\u00e9 la mayor\u00eda de estas fotograf\u00edas y lo vuelvo a compartir, para quienes por alguna raz\u00f3n, no pudieron participar de esta actividad.<\/p>\n<p>Un agradecimiento especial a\u00a0<a title=\"Ely Recinos\" href=\"http:\/\/twitter.com\/ElyRecinos\" target=\"_blank\">Ely Recinos<\/a>\u00a0quien en todo momento y por varias horas, estuvo animando a los participantes y quien organiz\u00f3 esta interesante actividad.<!--more--><\/p>\n<p>Las fotograf\u00edas pertenecen a:<\/p>\n<p>1. <strong>Ely Recinos<\/strong> @ElyRecinos <em>Ciudad Guatemala<\/em><br \/>\n2. <strong>Ely Recinos<\/strong> @ElyRecinos <em>Puerto San Jos\u00e9<\/em><br \/>\n3. <strong>Erwin Samuel<\/strong> @cachorrro07 <em>Santa Cruz Verapaz<\/em><br \/>\n4. <strong>Marvin Godoy<\/strong> @repregiolizama <em>Chiquimula<\/em><br \/>\n5. <strong>Juan Pablo Orellana<\/strong> \u200f @Juanpa_Orellana <em>Ciudad Guatemala<\/em><br \/>\n6. <strong>Cristian Loaiza<\/strong> \u200f @cristiannsk8 <em>Escuintla<\/em><br \/>\n7. <strong>Marvin Ligorria<\/strong> @mligorria <em>Cob\u00e1n<\/em><br \/>\n8. <strong>Julian Castellanos<\/strong> \u200f @Juliancito0610 <em>Ciudad Guatemala<\/em><br \/>\n9. <strong>Pepe Barrascout<\/strong> @pepebarrascout <em>Escuintla<\/em><br \/>\n10. <strong>Majuma21<\/strong> @marososo21 <em>Gual\u00e1n Zacapa<\/em><br \/>\n11. <strong>XD<\/strong> \u200f @wichito424 <em>Ciudad Guatemala<\/em><br \/>\n12. <strong>Carlos Vasquez<\/strong> \u200f @Joncholon <em>Villa Nueva<\/em><br \/>\n13. <strong>Amner Mijangos<\/strong> \u200f @amner2212 <em>San Miguel Chiquimulilla<\/em><br \/>\n14. <strong>Coky Orozco<\/strong> \u200f @cokychos <em>Ciudad Guatemala<\/em><br \/>\n15. <strong>Jos\u00e9 Vel\u00e1squez<\/strong>\u200f @Chepejazz <em>Ciudad Guatemala<\/em><br \/>\n16. <strong>Estuardo Galindo<\/strong> \u200f @galindore <em>Ciudad Guatemala<\/em><br \/>\n17. <strong>Carlos Cabrera<\/strong> \u200f @CharlyBuho <em>Mazatenango<\/em><br \/>\n18. <strong>Juan Carlos<\/strong> \u200f @juanca1000rr <em>Ciudad Guatemala<\/em><br \/>\n19. <strong>Julio C\u00e9sar<\/strong> \u200f @latincreazy <em>Morales Izabal<\/em><br \/>\n20. <strong>Tavo Marroquin<\/strong>\u200f @tavo_marroquin <em>Salam\u00e1 Baja Verapaz<\/em><br \/>\n21. <strong>Nely Lara<\/strong> \u200f @FlakitaNaz <em>Ciudad Guatemala<\/em><br \/>\n22. <strong>Juan Pablo Orellana<\/strong> \u200f @Juanpa_Orellana <em>Ciudad Guatemala<\/em><br \/>\n23. <strong>Cdman<\/strong> \u200f @caestu <em>Xelaj\u00fa Quetzaltenango<\/em><br \/>\n24. <strong>Miguel Castro<\/strong> \u200f @goldito29 <em>Ciudad Guatemala<\/em><br \/>\n25. <strong>Juan Manuel Galvez<\/strong> \u200f @juanma_galvez <em>Ciudad Guatemala<\/em><br \/>\n26. <strong>\u00c1ngel<\/strong> \u200f @ansidida <em>Baja Verapaz<\/em><br \/>\n27. <strong>Marco Ariel Lopez<\/strong> \u200f @marcoariel <em>Ciudad Guatemala<\/em><br \/>\n28. <strong>Victor Cano<\/strong> \u200f @vcano1208 <em>Ciudad Guatemala<\/em><br \/>\n29. <strong>Omar Ortiz<\/strong> \u200f @qwerty4577 <em>Ciudad Guatemala<\/em><br \/>\n30. <strong>Eduardo Mart\u00ednez<\/strong> \u200f @guayomart73 <em>Chiquimula<\/em><br \/>\n31. <strong>Steve Fuentes<\/strong> \u200f @SteveFuen86 <em>Amatitl\u00e1n<\/em><br \/>\n32. <strong>Francisco Rosales\u200f<\/strong> @Fjrosales <em>Villa Nueva<\/em><br \/>\n33. <strong>Gilmar Caceres Lopez<\/strong> \u200f @gilmarcaceres <em>Carretera a El Salvador<\/em><br \/>\n34. <strong>Walter Gonzalez<\/strong> \u200f @walterg1972 <em>Mixco<\/em><br \/>\n35. <strong>Carlos Pezata<\/strong> \u200f @C_Z89 <em>Villa Nueva<\/em><br \/>\n36. <strong>Erick Garavito<\/strong> \u200f @ErickFerGar <em>Fraijanes<\/em><br \/>\n37.<strong> Jaime Asturias<\/strong> @jaime_asturias <em>Chiquimula<\/em><br \/>\n38. <strong>Angel Rodr\u00edguez<\/strong> @angelzakpa <em>Estanzuela Zacapa<\/em><br \/>\n39.<strong> Josu\u00e9 Tello<\/strong> \u200f @JimTello <em>Mirador San Lucas<\/em><br \/>\n40. <strong>Rigoberto Gonz\u00e1lez<\/strong> \u200f @rigogonzalez79 <em>Xelaj\u00fa Quetzaltenango<\/em><br \/>\n41. <strong>Cesar Simon<\/strong> \u200f @csimonh <em>Mixco<\/em><br \/>\n42. <strong>Jose Carlos Godinez<\/strong> \u200f @jose_carlosgt <em>Ciudad Guatemala<\/em><br \/>\n43. <strong>Vinicio Hern\u00e1ndez<\/strong> @vinicio_jose <em>Ciudad Guatemala<\/em><br \/>\n44. <strong>Estuardo<\/strong> \u200f @ggronka <em>Salam\u00e1 Baja Verapaz<\/em><br \/>\n45. <strong>Nely Lara<\/strong> @FlakitaNaz <em>Ciudad Guatemala<\/em><\/p>\n","protected":false},"excerpt":{"rendered":"<p>En todo el mundo, la noche del 5 de mayo, ocurri\u00f3 un fen\u00f3meno natural conocido como Super Luna. Se denomina as\u00ed, al fen\u00f3meno en el cual una luna llena se encuentra a no m\u00e1s de un 10% de su punto m\u00e1s cercano a la tierra en el recorrido de su \u00f3rbita (el perigeo). Esto se &#8230; <a title=\"La Super Luna &#8211; desde Guatemala\" class=\"read-more\" href=\"https:\/\/quechilero.com\/blog\/2012\/05\/06\/la-super-luna-desde-guatemala\/\" aria-label=\"Leer m\u00e1s sobre La Super Luna &#8211; desde Guatemala\">Leer m\u00e1s<\/a><\/p>\n","protected":false},"author":1,"featured_media":0,"comment_status":"open","ping_status":"open","sticky":false,"template":"","format":"standard","meta":{"advanced_seo_description":"","jetpack_seo_html_title":"","jetpack_seo_noindex":false,"jetpack_seo_schema_type":"","episode_type":"","audio_file":"","podmotor_file_id":"","podmotor_episode_id":"","cover_image":"","cover_image_id":"","duration":"","filesize":"","filesize_raw":"","date_recorded":"","explicit":"","block":"","_jetpack_newsletter_access":"","_jetpack_dont_email_post_to_subs":false,"_jetpack_newsletter_tier_id":0,"_jetpack_memberships_contains_paywalled_content":false,"_jetpack_feature_clip_id":0,"_jetpack_memberships_contains_paid_content":false,"footnotes":"","jetpack_publicize_message":"","jetpack_publicize_feature_enabled":true,"jetpack_social_post_already_shared":false,"jetpack_social_options":{"image_generator_settings":{"template":"highway","default_image_id":0,"font":"","enabled":false},"version":2},"jetpack_post_was_ever_published":false},"categories":[2],"tags":[16,32,8,10,27,40,24,25,53],"series":[],"class_list":["post-13385","post","type-post","status-publish","format-standard","hentry","category-limones","tag-equipo","tag-especial","tag-fotografia","tag-guatemala","tag-internet","tag-paz","tag-vida","tag-video","tag-youtube"],"episode_featured_image":false,"episode_player_image":"https:\/\/i0.wp.com\/quechilero.com\/blog\/imagenes\/podcast.png?fit=1831%2C1831&ssl=1","download_link":"","player_link":"","audio_player":false,"episode_data":{"playerMode":"dark","subscribeUrls":{"amazon":{"key":"amazon","url":"","label":"Amazon","class":"amazon","icon":"amazon.png"},"apple_podcasts":{"key":"apple_podcasts","url":"","label":"Apple Podcasts","class":"apple_podcasts","icon":"apple-podcasts.png"},"castbox":{"key":"castbox","url":"","label":"CastBox","class":"castbox","icon":"castbox.png"},"deezer":{"key":"deezer","url":"","label":"Deezer","class":"deezer","icon":"deezer.png"},"google_podcasts":{"key":"google_podcasts","url":"","label":"Google Podcasts","class":"google_podcasts","icon":"google-podcasts.png"},"listen_notes":{"key":"listen_notes","url":"","label":"Listen Notes","class":"listen_notes","icon":"listen-notes.png"},"pandora":{"key":"pandora","url":"","label":"Pandora","class":"pandora","icon":"pandora.png"},"podbean":{"key":"podbean","url":"","label":"Podbean","class":"podbean","icon":"podbean.png"},"podcast_republic":{"key":"podcast_republic","url":"","label":"Podcast Republic","class":"podcast_republic","icon":"podcast-republic.png"},"rss":{"key":"rss","url":"","label":"RSS","class":"rss","icon":"rss.png"},"spotify":{"key":"spotify","url":"","label":"Spotify","class":"spotify","icon":"spotify.png"},"stitcher":{"key":"stitcher","url":"","label":"Stitcher","class":"stitcher","icon":"stitcher.png"},"tunein":{"key":"tunein","url":"","label":"TuneIn","class":"tunein","icon":"tunein.png"},"youtube":{"key":"youtube","url":"","label":"YouTube","class":"youtube","icon":"youtube.png"},"iheartradio":{"key":"iheartradio","url":"","label":"iHeartRadio","class":"iheartradio","icon":"iheartradio.png"},"ivoox":{"key":"ivoox","url":"","label":"iVoox","class":"ivoox","icon":"ivoox.png"}},"rssFeedUrl":"https:\/\/quechilero.com\/blog\/feed\/podcast\/si-la-vida-nos-da-limones","embedCode":"<blockquote class=\"wp-embedded-content\" data-secret=\"L1bFswoBAD\"><a href=\"https:\/\/quechilero.com\/blog\/2012\/05\/06\/la-super-luna-desde-guatemala\/\">La Super Luna &#8211; desde Guatemala<\/a><\/blockquote><iframe sandbox=\"allow-scripts\" security=\"restricted\" src=\"https:\/\/quechilero.com\/blog\/2012\/05\/06\/la-super-luna-desde-guatemala\/embed\/#?secret=L1bFswoBAD\" width=\"500\" height=\"350\" title=\"\u00abLa Super Luna &#8211; desde Guatemala\u00bb \u2014 Si la Vida nos da Limones...\" data-secret=\"L1bFswoBAD\" frameborder=\"0\" marginwidth=\"0\" marginheight=\"0\" scrolling=\"no\" class=\"wp-embedded-content\"><\/iframe><script>\n\/*! This file is auto-generated *\/\n!function(d,l){\"use strict\";l.querySelector&&d.addEventListener&&\"undefined\"!=typeof URL&&(d.wp=d.wp||{},d.wp.receiveEmbedMessage||(d.wp.receiveEmbedMessage=function(e){var t=e.data;if((t||t.secret||t.message||t.value)&&!\/[^a-zA-Z0-9]\/.test(t.secret)){for(var s,r,n,a=l.querySelectorAll('iframe[data-secret=\"'+t.secret+'\"]'),o=l.querySelectorAll('blockquote[data-secret=\"'+t.secret+'\"]'),c=new RegExp(\"^https?:$\",\"i\"),i=0;i<o.length;i++)o[i].style.display=\"none\";for(i=0;i<a.length;i++)s=a[i],e.source===s.contentWindow&&(s.removeAttribute(\"style\"),\"height\"===t.message?(1e3<(r=parseInt(t.value,10))?r=1e3:~~r<200&&(r=200),s.height=r):\"link\"===t.message&&(r=new URL(s.getAttribute(\"src\")),n=new URL(t.value),c.test(n.protocol))&&n.host===r.host&&l.activeElement===s&&(d.top.location.href=t.value))}},d.addEventListener(\"message\",d.wp.receiveEmbedMessage,!1),l.addEventListener(\"DOMContentLoaded\",function(){for(var e,t,s=l.querySelectorAll(\"iframe.wp-embedded-content\"),r=0;r<s.length;r++)(t=(e=s[r]).getAttribute(\"data-secret\"))||(t=Math.random().toString(36).substring(2,12),e.src+=\"#?secret=\"+t,e.setAttribute(\"data-secret\",t)),e.contentWindow.postMessage({message:\"ready\",secret:t},\"*\")},!1)))}(window,document);\n\/\/# sourceURL=https:\/\/quechilero.com\/blog\/wp-includes\/js\/wp-embed.min.js\n<\/script>\n"},"jetpack_publicize_connections":[],"jetpack_shortlink":"https:\/\/wp.me\/pDKli-3tT","jetpack_sharing_enabled":true,"jetpack-related-posts":[{"id":213,"url":"https:\/\/quechilero.com\/blog\/2006\/09\/10\/blog-adicto\/","url_meta":{"origin":13385,"position":0},"title":"Blog Adicto","author":"Pepe Barrascout Ortiz","date":"10 septiembre 2006","format":false,"excerpt":"Para saber que tan adicto te has convertido o vas en camino de convertirte, se ha creado este interesante test, donde se puede medir el nivel de \"adicci\u00f3n\" que se tiene por la lectura y\/o escritura de Blogs. El \"fen\u00f3meno blog\" es algo que revolucion\u00f3 el internet en los \u00faltimos\u2026","rel":"","context":"En \u00abLimones\u00bb","block_context":{"text":"Limones","link":"https:\/\/quechilero.com\/blog\/category\/limones\/"},"img":{"alt_text":"","src":"","width":0,"height":0},"classes":[]},{"id":15,"url":"https:\/\/quechilero.com\/blog\/2006\/06\/21\/temblores-y-marejadas-historicas\/","url_meta":{"origin":13385,"position":1},"title":"Temblores y Marejadas Hist\u00f3ricas","author":"Pepe Barrascout Ortiz","date":"21 junio 2006","format":false,"excerpt":"Anoche mientras terminaba de revisar mi correo, me di cuenta que todo se mov\u00eda al rededor, fue una sensaci\u00f3n de impotencia e inestabilidad que una vez m\u00e1s nos recuerda la naturaleza quien es el que manda ac\u00e1. Afortunadamente solo fue un peque\u00f1o movimiento apenas perceptible que espero sinceramente no se\u2026","rel":"","context":"En \u00abLimones\u00bb","block_context":{"text":"Limones","link":"https:\/\/quechilero.com\/blog\/category\/limones\/"},"img":{"alt_text":"","src":"","width":0,"height":0},"classes":[]},{"id":132,"url":"https:\/\/quechilero.com\/blog\/2006\/08\/09\/maraton-de-blogs\/","url_meta":{"origin":13385,"position":2},"title":"Marat\u00f3n de Blogs","author":"Pepe Barrascout Ortiz","date":"9 agosto 2006","format":false,"excerpt":"Durante la semana anterior, Desdeguate organiz\u00f3 un marat\u00f3n de blogs chapines y se cont\u00f3 con la participaci\u00f3n de varios posts de algunos blogs de manufactura guatemalteca, es decir hecho por chapines, aunque no necesariamente ellos se encuentren f\u00edsicamente en el pa\u00eds. Esta iniciativa me pareci\u00f3 muy interesante, tomando en cuenta\u2026","rel":"","context":"En \u00abLimones\u00bb","block_context":{"text":"Limones","link":"https:\/\/quechilero.com\/blog\/category\/limones\/"},"img":{"alt_text":"Blogs Chapines","src":"https:\/\/i0.wp.com\/static.flickr.com\/59\/202075787_c177d7fc9f_o.gif?resize=350%2C200","width":350,"height":200},"classes":[]},{"id":1055,"url":"https:\/\/quechilero.com\/blog\/2008\/08\/18\/comunion-en-la-luna\/","url_meta":{"origin":13385,"position":3},"title":"Comuni\u00f3n en la luna","author":"Pepe Barrascout Ortiz","date":"18 agosto 2008","format":false,"excerpt":"El Apolo 11 aluniz\u00f3 sobre la superficie de la luna el 20 de julio de 1969. La mayor\u00eda de nosotros estamos familiarizados con la hist\u00f3rica declaraci\u00f3n de Armstrong cuando pis\u00f3 la superficie lunar: \"Es un peque\u00f1o paso para un hombre; un gran salto para la humanidad\". Pero muy pocas personas\u2026","rel":"","context":"En \u00abLimones\u00bb","block_context":{"text":"Limones","link":"https:\/\/quechilero.com\/blog\/category\/limones\/"},"img":{"alt_text":"","src":"","width":0,"height":0},"classes":[]},{"id":4316,"url":"https:\/\/quechilero.com\/blog\/2010\/01\/25\/pagina-del-congreso-aloja-software-malintencionado\/","url_meta":{"origin":13385,"position":4},"title":"P\u00e1gina del Congreso aloja software malintencionado","author":"Pepe Barrascout Ortiz","date":"25 enero 2010","format":false,"excerpt":"Por cuestiones de trabajo me encontraba realizando el redise\u00f1o y adaptaci\u00f3n de un sitio web, y uno de sus enlaces externos, era hacia el Congreso de la Rep\u00fablica de Guatemala, espec\u00edficamente a la propuesta de ley para el comercio electr\u00f3nico. Como de todos es sabido, el comercio electr\u00f3nico en Guatemala\u2026","rel":"","context":"En \u00abLimones\u00bb","block_context":{"text":"Limones","link":"https:\/\/quechilero.com\/blog\/category\/limones\/"},"img":{"alt_text":"","src":"","width":0,"height":0},"classes":[]},{"id":13802,"url":"https:\/\/quechilero.com\/blog\/2012\/08\/01\/nueva-guatemala-de-la-asuncion\/","url_meta":{"origin":13385,"position":5},"title":"Nueva Guatemala de la Asunci\u00f3n","author":"Pepe Barrascout Ortiz","date":"1 agosto 2012","format":false,"excerpt":"La Ciudad de Guatemala, cuyo nombre oficial es Nueva Guatemala de la Asunci\u00f3n (ahora casi en desuso), es la capital de la Rep\u00fablica de Guatemala. La ciudad se encuentra localizada en el \u00e1rea sur-centro del pa\u00eds y cuenta con una gran cantidad de \u00e1reas verdes. De acuerdo con el \u00faltimo\u2026","rel":"","context":"En \u00abLimones\u00bb","block_context":{"text":"Limones","link":"https:\/\/quechilero.com\/blog\/category\/limones\/"},"img":{"alt_text":"","src":"https:\/\/i0.wp.com\/i392.photobucket.com\/albums\/pp7\/pepejaguar\/blog\/AuZZ9IQCEAEFij2.jpg?resize=350%2C200","width":350,"height":200},"classes":[]}],"jetpack_featured_media_url":"","_links":{"self":[{"href":"https:\/\/quechilero.com\/blog\/wp-json\/wp\/v2\/posts\/13385","targetHints":{"allow":["GET"]}}],"collection":[{"href":"https:\/\/quechilero.com\/blog\/wp-json\/wp\/v2\/posts"}],"about":[{"href":"https:\/\/quechilero.com\/blog\/wp-json\/wp\/v2\/types\/post"}],"author":[{"embeddable":true,"href":"https:\/\/quechilero.com\/blog\/wp-json\/wp\/v2\/users\/1"}],"replies":[{"embeddable":true,"href":"https:\/\/quechilero.com\/blog\/wp-json\/wp\/v2\/comments?post=13385"}],"version-history":[{"count":0,"href":"https:\/\/quechilero.com\/blog\/wp-json\/wp\/v2\/posts\/13385\/revisions"}],"wp:attachment":[{"href":"https:\/\/quechilero.com\/blog\/wp-json\/wp\/v2\/media?parent=13385"}],"wp:term":[{"taxonomy":"category","embeddable":true,"href":"https:\/\/quechilero.com\/blog\/wp-json\/wp\/v2\/categories?post=13385"},{"taxonomy":"post_tag","embeddable":true,"href":"https:\/\/quechilero.com\/blog\/wp-json\/wp\/v2\/tags?post=13385"},{"taxonomy":"series","embeddable":true,"href":"https:\/\/quechilero.com\/blog\/wp-json\/wp\/v2\/series?post=13385"}],"curies":[{"name":"wp","href":"https:\/\/api.w.org\/{rel}","templated":true}]}}