{"id":13384,"date":"2012-05-07T08:00:26","date_gmt":"2012-05-07T14:00:26","guid":{"rendered":"http:\/\/quechilero.com\/blog\/?p=13384"},"modified":"2012-05-07T08:00:26","modified_gmt":"2012-05-07T14:00:26","slug":"los-angeles","status":"publish","type":"post","link":"https:\/\/quechilero.com\/blog\/2012\/05\/07\/los-angeles\/","title":{"rendered":"Los \u00c1ngeles"},"content":{"rendered":"<p>Hay personas, ciudades o lugares que tienen nombres los cuales se tornan comunes en el diario vivir, pero que en realidad el origen del mismo es impresionante o a veces enigm\u00e1tico.<\/p>\n<p>La ciudad de Los \u00c1ngeles, en el Estado de California, es uno de esos casos. El nombre real de esa ciudad es: Pueblo de Nuestra Se\u00f1ora la Reina de Los \u00c1ngeles del R\u00edo de la Porci\u00fancula.<\/p>\n<p>El 2 de Agosto de 1769, exploradores espa\u00f1oles y sacerdotes franciscanos llegaron al r\u00edo de Nuestra Se\u00f1ora de Los \u00c1ngeles de la Porci\u00fancula. Para la orden de los franciscanos el 2 de agosto es la fiesta del perd\u00f3n.<\/p>\n<p>Comenz\u00f3 esta fiesta celebr\u00e1ndose ese d\u00eda en una capilla de As\u00eds (Italia) llamada <em>\u00abPorziuncula\u00bb<\/em> que en italiano significa: <em>\u00abpeque\u00f1a porci\u00f3n\u00bb<\/em>. Con el tiempo se la denomin\u00f3 tambi\u00e9n Fiesta de la Porci\u00fancula, y como el 2 de Agosto los exploradores llegaron a lo que es hoy Los \u00c1ngeles, por eso le pusieron <em>\u00abde la Porci\u00fancula\u00bb<\/em> al final de tan largo nombre.<\/p>\n<p>Los \u00c1ngeles se fund\u00f3 el 4 de Septiembre de 1781, y tom\u00f3 el nombre de su r\u00edo. Como es un nombre largo, se abrevi\u00f3 a Los \u00c1ngeles; y si hay prisa solo se le dice: L.A.<\/p>\n<p>Para Dios los nombres tienen tambi\u00e9n profundo significado, no por lo que quieren decir sino por qui\u00e9n lo lleva. \u00c9l te conoce por tu nombre y d\u00eda a d\u00eda te llama por nombre aunque t\u00fa no lo escuches.<\/p>\n<p>Sus planes personales para ti llevan incluido tu nombre y un d\u00eda, dice la Biblia, te dar\u00e1 un nombre nuevo.<\/p>\n","protected":false},"excerpt":{"rendered":"<p>Hay personas, ciudades o lugares que tienen nombres los cuales se tornan comunes en el diario vivir, pero que en realidad el origen del mismo es impresionante o a veces enigm\u00e1tico. La ciudad de Los \u00c1ngeles, en el Estado de California, es uno de esos casos. El nombre real de esa ciudad es: Pueblo de &#8230; <a title=\"Los \u00c1ngeles\" class=\"read-more\" href=\"https:\/\/quechilero.com\/blog\/2012\/05\/07\/los-angeles\/\" aria-label=\"Leer m\u00e1s sobre Los \u00c1ngeles\">Leer m\u00e1s<\/a><\/p>\n","protected":false},"author":1,"featured_media":0,"comment_status":"open","ping_status":"open","sticky":false,"template":"","format":"standard","meta":{"advanced_seo_description":"","jetpack_seo_html_title":"","jetpack_seo_noindex":false,"jetpack_seo_schema_type":"","episode_type":"","audio_file":"","podmotor_file_id":"","podmotor_episode_id":"","cover_image":"","cover_image_id":"","duration":"","filesize":"","filesize_raw":"","date_recorded":"","explicit":"","block":"","_jetpack_newsletter_access":"","_jetpack_dont_email_post_to_subs":false,"_jetpack_newsletter_tier_id":0,"_jetpack_memberships_contains_paywalled_content":false,"_jetpack_feature_clip_id":0,"_jetpack_memberships_contains_paid_content":false,"footnotes":"","jetpack_publicize_message":"","jetpack_publicize_feature_enabled":true,"jetpack_social_post_already_shared":false,"jetpack_social_options":{"image_generator_settings":{"template":"highway","default_image_id":0,"font":"","enabled":false},"version":2},"jetpack_post_was_ever_published":false},"categories":[2],"tags":[51,5],"series":[],"class_list":["post-13384","post","type-post","status-publish","format-standard","hentry","category-limones","tag-dios","tag-tiempo"],"episode_featured_image":false,"episode_player_image":"https:\/\/i0.wp.com\/quechilero.com\/blog\/imagenes\/podcast.png?fit=1831%2C1831&ssl=1","download_link":"","player_link":"","audio_player":false,"episode_data":{"playerMode":"dark","subscribeUrls":{"amazon":{"key":"amazon","url":"","label":"Amazon","class":"amazon","icon":"amazon.png"},"apple_podcasts":{"key":"apple_podcasts","url":"","label":"Apple Podcasts","class":"apple_podcasts","icon":"apple-podcasts.png"},"castbox":{"key":"castbox","url":"","label":"CastBox","class":"castbox","icon":"castbox.png"},"deezer":{"key":"deezer","url":"","label":"Deezer","class":"deezer","icon":"deezer.png"},"google_podcasts":{"key":"google_podcasts","url":"","label":"Google Podcasts","class":"google_podcasts","icon":"google-podcasts.png"},"listen_notes":{"key":"listen_notes","url":"","label":"Listen Notes","class":"listen_notes","icon":"listen-notes.png"},"pandora":{"key":"pandora","url":"","label":"Pandora","class":"pandora","icon":"pandora.png"},"podbean":{"key":"podbean","url":"","label":"Podbean","class":"podbean","icon":"podbean.png"},"podcast_republic":{"key":"podcast_republic","url":"","label":"Podcast Republic","class":"podcast_republic","icon":"podcast-republic.png"},"rss":{"key":"rss","url":"","label":"RSS","class":"rss","icon":"rss.png"},"spotify":{"key":"spotify","url":"","label":"Spotify","class":"spotify","icon":"spotify.png"},"stitcher":{"key":"stitcher","url":"","label":"Stitcher","class":"stitcher","icon":"stitcher.png"},"tunein":{"key":"tunein","url":"","label":"TuneIn","class":"tunein","icon":"tunein.png"},"youtube":{"key":"youtube","url":"","label":"YouTube","class":"youtube","icon":"youtube.png"},"iheartradio":{"key":"iheartradio","url":"","label":"iHeartRadio","class":"iheartradio","icon":"iheartradio.png"},"ivoox":{"key":"ivoox","url":"","label":"iVoox","class":"ivoox","icon":"ivoox.png"}},"rssFeedUrl":"https:\/\/quechilero.com\/blog\/feed\/podcast\/si-la-vida-nos-da-limones","embedCode":"<blockquote class=\"wp-embedded-content\" data-secret=\"4zsIgKefnJ\"><a href=\"https:\/\/quechilero.com\/blog\/2012\/05\/07\/los-angeles\/\">Los \u00c1ngeles<\/a><\/blockquote><iframe sandbox=\"allow-scripts\" security=\"restricted\" src=\"https:\/\/quechilero.com\/blog\/2012\/05\/07\/los-angeles\/embed\/#?secret=4zsIgKefnJ\" width=\"500\" height=\"350\" title=\"\u00abLos \u00c1ngeles\u00bb \u2014 Si la Vida nos da Limones...\" data-secret=\"4zsIgKefnJ\" frameborder=\"0\" marginwidth=\"0\" marginheight=\"0\" scrolling=\"no\" class=\"wp-embedded-content\"><\/iframe><script>\n\/*! This file is auto-generated *\/\n!function(d,l){\"use strict\";l.querySelector&&d.addEventListener&&\"undefined\"!=typeof URL&&(d.wp=d.wp||{},d.wp.receiveEmbedMessage||(d.wp.receiveEmbedMessage=function(e){var t=e.data;if((t||t.secret||t.message||t.value)&&!\/[^a-zA-Z0-9]\/.test(t.secret)){for(var s,r,n,a=l.querySelectorAll('iframe[data-secret=\"'+t.secret+'\"]'),o=l.querySelectorAll('blockquote[data-secret=\"'+t.secret+'\"]'),c=new RegExp(\"^https?:$\",\"i\"),i=0;i<o.length;i++)o[i].style.display=\"none\";for(i=0;i<a.length;i++)s=a[i],e.source===s.contentWindow&&(s.removeAttribute(\"style\"),\"height\"===t.message?(1e3<(r=parseInt(t.value,10))?r=1e3:~~r<200&&(r=200),s.height=r):\"link\"===t.message&&(r=new URL(s.getAttribute(\"src\")),n=new URL(t.value),c.test(n.protocol))&&n.host===r.host&&l.activeElement===s&&(d.top.location.href=t.value))}},d.addEventListener(\"message\",d.wp.receiveEmbedMessage,!1),l.addEventListener(\"DOMContentLoaded\",function(){for(var e,t,s=l.querySelectorAll(\"iframe.wp-embedded-content\"),r=0;r<s.length;r++)(t=(e=s[r]).getAttribute(\"data-secret\"))||(t=Math.random().toString(36).substring(2,12),e.src+=\"#?secret=\"+t,e.setAttribute(\"data-secret\",t)),e.contentWindow.postMessage({message:\"ready\",secret:t},\"*\")},!1)))}(window,document);\n\/\/# sourceURL=https:\/\/quechilero.com\/blog\/wp-includes\/js\/wp-embed.min.js\n<\/script>\n"},"jetpack_publicize_connections":[],"jetpack_shortlink":"https:\/\/wp.me\/pDKli-3tS","jetpack_sharing_enabled":true,"jetpack-related-posts":[{"id":18113,"url":"https:\/\/quechilero.com\/blog\/2014\/08\/02\/nuestra-senora-de-los-angeles\/","url_meta":{"origin":13384,"position":0},"title":"Nuestra Se\u00f1ora de los \u00c1ngeles","author":"Pepe Barrascout Ortiz","date":"2 agosto 2014","format":false,"excerpt":"Nuestra Se\u00f1ora de los \u00c1ngeles, es la advocaci\u00f3n\u00a0que recibe la Virgen Mar\u00eda, como Reina de todos los \u00e1ngeles. Los franciscanos lo celebran el 2 de agosto. En Cartago (Costa Rica), existe una Bas\u00edlica Menor, en su honor, es la patrona de Costa Rica y es venerada por muchas personas que\u2026","rel":"","context":"En \u00abLimones\u00bb","block_context":{"text":"Limones","link":"https:\/\/quechilero.com\/blog\/category\/limones\/"},"img":{"alt_text":"","src":"","width":0,"height":0},"classes":[]},{"id":27328,"url":"https:\/\/quechilero.com\/blog\/2010\/10\/02\/el-santo-rosario-misterios-gozosos\/","url_meta":{"origin":13384,"position":1},"title":"El Santo Rosario: Misterios Gozosos","author":"Pepe Barrascout Ortiz","date":"2 octubre 2010","format":false,"excerpt":"Los Misterios Gozosos los rezamos los Lunes y S\u00e1bados \u00a0 En el nombre del Padre, y del Hijo, y del Esp\u00edritu Santo. Am\u00e9n. Dios m\u00edo, ven en mi auxilio. Se\u00f1or, date prisa en socorrerme. Gloria al Padre, Gloria al Hijo y Gloria al Esp\u00edritu Santo, Am\u00e9n. Primer Misterio Gozoso. La\u2026","rel":"","context":"En \u00abEl Santo Rosario\u00bb","block_context":{"text":"El Santo Rosario","link":"https:\/\/quechilero.com\/blog\/category\/podcast\/el-santo-rosario\/"},"img":{"alt_text":"Misterios Gozosos","src":"https:\/\/i0.wp.com\/i392.photobucket.com\/albums\/pp7\/pepejaguar\/blog\/Misterios-Gozosos_zps4a26ae91.jpg?resize=350%2C200","width":350,"height":200,"srcset":"https:\/\/i0.wp.com\/i392.photobucket.com\/albums\/pp7\/pepejaguar\/blog\/Misterios-Gozosos_zps4a26ae91.jpg?resize=350%2C200 1x, https:\/\/i0.wp.com\/i392.photobucket.com\/albums\/pp7\/pepejaguar\/blog\/Misterios-Gozosos_zps4a26ae91.jpg?resize=525%2C300 1.5x"},"classes":[]},{"id":16725,"url":"https:\/\/quechilero.com\/blog\/2013\/05\/26\/solemnidad-de-corpus-christi\/","url_meta":{"origin":13384,"position":2},"title":"Solemnidad de Corpus Christi","author":"Pepe Barrascout Ortiz","date":"26 mayo 2013","format":false,"excerpt":"Con esta importante celebraci\u00f3n comprendemos mejor la instituci\u00f3n de la Sagrada Eucarist\u00eda, cumpliendo la promesa de Cristo de entregarse a s\u00ed mismo por la salvaci\u00f3n de la humanidad Corpus Christi es \"Cuerpo de Cristo\" en lat\u00edn. Esta fiesta conmemora la instituci\u00f3n de la Santa Eucarist\u00eda y se celebra en la\u2026","rel":"","context":"En \u00abLimones\u00bb","block_context":{"text":"Limones","link":"https:\/\/quechilero.com\/blog\/category\/limones\/"},"img":{"alt_text":"","src":"","width":0,"height":0},"classes":[]},{"id":12450,"url":"https:\/\/quechilero.com\/blog\/2012\/06\/18\/epifania-del-senor\/","url_meta":{"origin":13384,"position":3},"title":"Epifan\u00eda del Se\u00f1or","author":"Pepe Barrascout Ortiz","date":"18 junio 2012","format":false,"excerpt":"Con los pastores pas\u00f3 hace unos d\u00edas un acontecimiento extra\u00f1o que result\u00f3 bien. Cuidaban sus reba\u00f1os cumpliendo su rudo oficio cuando vieron una tan extra\u00f1a como clara visi\u00f3n de \u00e1ngeles que les dec\u00edan cosas al principio incomprensibles y al poco rato comprobadas. S\u00ed, all\u00ed, en una casucha, estaba el Ni\u00f1o\u2026","rel":"","context":"En \u00abLimones\u00bb","block_context":{"text":"Limones","link":"https:\/\/quechilero.com\/blog\/category\/limones\/"},"img":{"alt_text":"","src":"","width":0,"height":0},"classes":[]},{"id":15361,"url":"https:\/\/quechilero.com\/blog\/2012\/12\/23\/cuarto-domingo-de-adviento\/","url_meta":{"origin":13384,"position":4},"title":"Cuarto Domingo de Adviento","author":"Pepe Barrascout Ortiz","date":"23 diciembre 2012","format":false,"excerpt":"Cuarto Domingo de Adviento (ciclo B) Reunidos todos, se encienden las cuatro velas de la corona en el orden acostumbrado (este d\u00eda lo puede hacer uno de los ni\u00f1os mas peque\u00f1os). Hermanos: A pocos d\u00edas de la Navidad, la Liturgia se une al simbolismo popular de esta fiesta, y nos\u2026","rel":"","context":"En \u00abLimones\u00bb","block_context":{"text":"Limones","link":"https:\/\/quechilero.com\/blog\/category\/limones\/"},"img":{"alt_text":"","src":"https:\/\/i0.wp.com\/i392.photobucket.com\/albums\/pp7\/pepejaguar\/blog\/4-domingo-adviento.png?resize=350%2C200","width":350,"height":200,"srcset":"https:\/\/i0.wp.com\/i392.photobucket.com\/albums\/pp7\/pepejaguar\/blog\/4-domingo-adviento.png?resize=350%2C200 1x, https:\/\/i0.wp.com\/i392.photobucket.com\/albums\/pp7\/pepejaguar\/blog\/4-domingo-adviento.png?resize=525%2C300 1.5x"},"classes":[]},{"id":568,"url":"https:\/\/quechilero.com\/blog\/2007\/06\/05\/el-corazon-de-una-mujer\/","url_meta":{"origin":13384,"position":5},"title":"El coraz\u00f3n de una mujer","author":"Pepe Barrascout Ortiz","date":"5 junio 2007","format":false,"excerpt":"Cuando el Se\u00f1or hizo a la mujer, era su sexto d\u00eda de trabajo haciendo horas extras... Un \u00c1ngel apareci\u00f3 y dijo \"\u00bfPor qu\u00e9 pasas tanto tiempo en \u00e9sta?\" Y el Se\u00f1or le contest\u00f3 diciendo: \"Has visto el formulario de especificaciones que tiene? Tiene que ser completamente lavable, pero no pl\u00e1stica,\u2026","rel":"","context":"En \u00abLimones\u00bb","block_context":{"text":"Limones","link":"https:\/\/quechilero.com\/blog\/category\/limones\/"},"img":{"alt_text":"","src":"","width":0,"height":0},"classes":[]}],"jetpack_featured_media_url":"","_links":{"self":[{"href":"https:\/\/quechilero.com\/blog\/wp-json\/wp\/v2\/posts\/13384","targetHints":{"allow":["GET"]}}],"collection":[{"href":"https:\/\/quechilero.com\/blog\/wp-json\/wp\/v2\/posts"}],"about":[{"href":"https:\/\/quechilero.com\/blog\/wp-json\/wp\/v2\/types\/post"}],"author":[{"embeddable":true,"href":"https:\/\/quechilero.com\/blog\/wp-json\/wp\/v2\/users\/1"}],"replies":[{"embeddable":true,"href":"https:\/\/quechilero.com\/blog\/wp-json\/wp\/v2\/comments?post=13384"}],"version-history":[{"count":0,"href":"https:\/\/quechilero.com\/blog\/wp-json\/wp\/v2\/posts\/13384\/revisions"}],"wp:attachment":[{"href":"https:\/\/quechilero.com\/blog\/wp-json\/wp\/v2\/media?parent=13384"}],"wp:term":[{"taxonomy":"category","embeddable":true,"href":"https:\/\/quechilero.com\/blog\/wp-json\/wp\/v2\/categories?post=13384"},{"taxonomy":"post_tag","embeddable":true,"href":"https:\/\/quechilero.com\/blog\/wp-json\/wp\/v2\/tags?post=13384"},{"taxonomy":"series","embeddable":true,"href":"https:\/\/quechilero.com\/blog\/wp-json\/wp\/v2\/series?post=13384"}],"curies":[{"name":"wp","href":"https:\/\/api.w.org\/{rel}","templated":true}]}}