{"id":132,"date":"2006-08-09T21:51:38","date_gmt":"2006-08-10T03:51:38","guid":{"rendered":"http:\/\/quechilero.com\/blog\/2006\/08\/09\/maraton-de-blogs\/"},"modified":"2006-08-09T21:51:38","modified_gmt":"2006-08-10T03:51:38","slug":"maraton-de-blogs","status":"publish","type":"post","link":"https:\/\/quechilero.com\/blog\/2006\/08\/09\/maraton-de-blogs\/","title":{"rendered":"Marat\u00f3n de Blogs"},"content":{"rendered":"<p><a title=\"Photo Sharing\" target=\"new\" href=\"http:\/\/www.flickr.com\/photos\/pepejaguar\/202075787\/\"><img data-recalc-dims=\"1\" loading=\"lazy\" decoding=\"async\" width=\"188\" height=\"69\" border=\"0\" alt=\"Blogs Chapines\" src=\"https:\/\/i0.wp.com\/static.flickr.com\/59\/202075787_c177d7fc9f_o.gif?resize=188%2C69\" \/><\/a><\/p>\n<p>Durante la semana anterior, <a target=\"_blank\" href=\"http:\/\/www.desdeguate.com\">Desdeguate<\/a> organiz\u00f3 un <a target=\"_blank\" href=\"http:\/\/www.desdeguate.com\/blog\/2006\/08\/09\/resultado-de-la-maraton-de-blogs-de-guatemala\/\">marat\u00f3n de blogs chapines<\/a> y se cont\u00f3 con la participaci\u00f3n de varios posts de algunos blogs de manufactura guatemalteca, es decir hecho por chapines, aunque no necesariamente ellos se encuentren f\u00edsicamente en el pa\u00eds.<\/p>\n<p>Esta iniciativa me pareci\u00f3 muy interesante, tomando en cuenta que <em>el fen\u00f3meno blog<\/em> est\u00e1 creciendo en Guatemala y este tipo de actividades motivan a seguir participando, al igual que hace tambi\u00e9n unos d\u00edas se hizo <em>entrega virtual<\/em> de la <em>arroba de oro virtual<\/em> a varios blogs, iniciativa de <a target=\"_blank\" href=\"http:\/\/batfinkuno.blogspot.com\/2006\/08\/la-arroba-de-oro-special-edition-25_05.html\">Batfink<\/a> que es otro bloguero chap\u00edn. Estas iniciativas est\u00e1n surgiendo desde la misma comunidad, ya que las autoridades del pa\u00eds no lo incentivan ni lo motivan mucho menos.<\/p>\n<p>Ojal\u00e1 que alg\u00fan d\u00eda <em>el fen\u00f3meno blog<\/em> crezca tanto en Guatemala, que pr\u00e1cticamente todos lleguemos a tener un blog en el cual escribamos lo que por otros medios no podemos decir, estoy seguro que llegar\u00e1 a ser una ventana abierta de Guatemala al Mundo, que sepan que no solo Miguel \u00c1ngel Asturias escrib\u00eda aqu\u00ed y estoy seguro que el pr\u00f3ximo premio Nobel chap\u00edn, ya est\u00e1 escribiendo su blog. (Por ejemplo Lu!, en <a target=\"_blank\" href=\"http:\/\/lulita201.blogspot.com\/\"><em>Simplemente asi&#8230;<\/em><\/a>)<\/p>\n<p>Por mi parte tambi\u00e9n quiero aportar algo, la primera es un peque\u00f1o <strike>directorio<\/strike>, <a target=\"_blank\" href=\"http:\/\/quechilero.com\/directorio\">lector de feeds<\/a> de un buen n\u00famero de blogs guatemaltecos, la idea no es competir con el directorio de <a target=\"_blank\" href=\"http:\/\/blogschapines.mayix.net\/\">blogs chapines<\/a> sino que llegar a complementarlo ofreciendo mas alternativas, este <a target=\"_blank\" href=\"http:\/\/quechilero.com\/directorio\">lector de feeds<\/a> a\u00fan est\u00e1 en versi\u00f3n de prueba, estoy esperando un par de semanas m\u00e1s y talvez a finales de mes ya lo tengamos operativo 100%<\/p>\n<p>Mi otra iniciativa es ofrecer hosting gratuito para blogs a todos aquellos que as\u00ed lo soliciten, en este momento estoy probando algunas plataformas y as\u00ed poderlo lanzar oficialmente, la idea es tener un proveedor de blogs en espa\u00f1ol pero sobre todo guatemalteco que hable nuestro idioma, que entienda nuestros modismos y comprenda nuestras <span style=\"font-style: italic\">ondas<\/span> cuando las cosas no salen bien, este proyecto y el de los feeds es un hobbie para mi y por tanto lo hago en mis pocos ratos libres, quisiera que saliera m\u00e1s r\u00e1pido pero ni modo, un poco de paciencia nada mas.<\/p>\n<p>Como ven, iniciativas hay muchas, as\u00ed que sigamos apoyando al <span style=\"font-style: italic\">fen\u00f3meno blog<\/span> en Guatemala y en otro art\u00edculo les cuento porqu\u00e9 le llamo <span style=\"font-style: italic\">fen\u00f3meno blog<\/span>. Saludos y a escribir.<\/p>\n","protected":false},"excerpt":{"rendered":"<p>Durante la semana anterior, Desdeguate organiz\u00f3 un marat\u00f3n de blogs chapines y se cont\u00f3 con la participaci\u00f3n de varios posts de algunos blogs de manufactura guatemalteca, es decir hecho por chapines, aunque no necesariamente ellos se encuentren f\u00edsicamente en el pa\u00eds. Esta iniciativa me pareci\u00f3 muy interesante, tomando en cuenta que el fen\u00f3meno blog est\u00e1 &#8230; <a title=\"Marat\u00f3n de Blogs\" class=\"read-more\" href=\"https:\/\/quechilero.com\/blog\/2006\/08\/09\/maraton-de-blogs\/\" aria-label=\"Leer m\u00e1s sobre Marat\u00f3n de Blogs\">Leer m\u00e1s<\/a><\/p>\n","protected":false},"author":1,"featured_media":0,"comment_status":"open","ping_status":"open","sticky":false,"template":"","format":"standard","meta":{"advanced_seo_description":"","jetpack_seo_html_title":"","jetpack_seo_noindex":false,"jetpack_seo_schema_type":"","episode_type":"","audio_file":"","podmotor_file_id":"","podmotor_episode_id":"","cover_image":"","cover_image_id":"","duration":"","filesize":"","filesize_raw":"","date_recorded":"","explicit":"","block":"","_jetpack_newsletter_access":"","_jetpack_dont_email_post_to_subs":false,"_jetpack_newsletter_tier_id":0,"_jetpack_memberships_contains_paywalled_content":false,"_jetpack_feature_clip_id":0,"_jetpack_memberships_contains_paid_content":false,"footnotes":"","jetpack_publicize_message":"","jetpack_publicize_feature_enabled":true,"jetpack_social_post_already_shared":false,"jetpack_social_options":{"image_generator_settings":{"template":"highway","default_image_id":0,"font":"","enabled":false},"version":2},"jetpack_post_was_ever_published":false},"categories":[2],"tags":[4,12,51,10,9,62,60,43,24],"series":[],"class_list":["post-132","post","type-post","status-publish","format-standard","hentry","category-limones","tag-blog","tag-cosas","tag-dios","tag-guatemala","tag-idea","tag-maraton","tag-paciencia","tag-proyecto","tag-vida"],"episode_featured_image":false,"episode_player_image":"https:\/\/i0.wp.com\/quechilero.com\/blog\/imagenes\/podcast.png?fit=1831%2C1831&ssl=1","download_link":"","player_link":"","audio_player":false,"episode_data":{"playerMode":"dark","subscribeUrls":{"amazon":{"key":"amazon","url":"","label":"Amazon","class":"amazon","icon":"amazon.png"},"apple_podcasts":{"key":"apple_podcasts","url":"","label":"Apple Podcasts","class":"apple_podcasts","icon":"apple-podcasts.png"},"castbox":{"key":"castbox","url":"","label":"CastBox","class":"castbox","icon":"castbox.png"},"deezer":{"key":"deezer","url":"","label":"Deezer","class":"deezer","icon":"deezer.png"},"google_podcasts":{"key":"google_podcasts","url":"","label":"Google Podcasts","class":"google_podcasts","icon":"google-podcasts.png"},"listen_notes":{"key":"listen_notes","url":"","label":"Listen Notes","class":"listen_notes","icon":"listen-notes.png"},"pandora":{"key":"pandora","url":"","label":"Pandora","class":"pandora","icon":"pandora.png"},"podbean":{"key":"podbean","url":"","label":"Podbean","class":"podbean","icon":"podbean.png"},"podcast_republic":{"key":"podcast_republic","url":"","label":"Podcast Republic","class":"podcast_republic","icon":"podcast-republic.png"},"rss":{"key":"rss","url":"","label":"RSS","class":"rss","icon":"rss.png"},"spotify":{"key":"spotify","url":"","label":"Spotify","class":"spotify","icon":"spotify.png"},"stitcher":{"key":"stitcher","url":"","label":"Stitcher","class":"stitcher","icon":"stitcher.png"},"tunein":{"key":"tunein","url":"","label":"TuneIn","class":"tunein","icon":"tunein.png"},"youtube":{"key":"youtube","url":"","label":"YouTube","class":"youtube","icon":"youtube.png"},"iheartradio":{"key":"iheartradio","url":"","label":"iHeartRadio","class":"iheartradio","icon":"iheartradio.png"},"ivoox":{"key":"ivoox","url":"","label":"iVoox","class":"ivoox","icon":"ivoox.png"}},"rssFeedUrl":"https:\/\/quechilero.com\/blog\/feed\/podcast\/si-la-vida-nos-da-limones","embedCode":"<blockquote class=\"wp-embedded-content\" data-secret=\"FipeKQ0r4R\"><a href=\"https:\/\/quechilero.com\/blog\/2006\/08\/09\/maraton-de-blogs\/\">Marat\u00f3n de Blogs<\/a><\/blockquote><iframe sandbox=\"allow-scripts\" security=\"restricted\" src=\"https:\/\/quechilero.com\/blog\/2006\/08\/09\/maraton-de-blogs\/embed\/#?secret=FipeKQ0r4R\" width=\"500\" height=\"350\" title=\"\u00abMarat\u00f3n de Blogs\u00bb \u2014 Si la Vida nos da Limones...\" data-secret=\"FipeKQ0r4R\" frameborder=\"0\" marginwidth=\"0\" marginheight=\"0\" scrolling=\"no\" class=\"wp-embedded-content\"><\/iframe><script>\n\/*! This file is auto-generated *\/\n!function(d,l){\"use strict\";l.querySelector&&d.addEventListener&&\"undefined\"!=typeof URL&&(d.wp=d.wp||{},d.wp.receiveEmbedMessage||(d.wp.receiveEmbedMessage=function(e){var t=e.data;if((t||t.secret||t.message||t.value)&&!\/[^a-zA-Z0-9]\/.test(t.secret)){for(var s,r,n,a=l.querySelectorAll('iframe[data-secret=\"'+t.secret+'\"]'),o=l.querySelectorAll('blockquote[data-secret=\"'+t.secret+'\"]'),c=new RegExp(\"^https?:$\",\"i\"),i=0;i<o.length;i++)o[i].style.display=\"none\";for(i=0;i<a.length;i++)s=a[i],e.source===s.contentWindow&&(s.removeAttribute(\"style\"),\"height\"===t.message?(1e3<(r=parseInt(t.value,10))?r=1e3:~~r<200&&(r=200),s.height=r):\"link\"===t.message&&(r=new URL(s.getAttribute(\"src\")),n=new URL(t.value),c.test(n.protocol))&&n.host===r.host&&l.activeElement===s&&(d.top.location.href=t.value))}},d.addEventListener(\"message\",d.wp.receiveEmbedMessage,!1),l.addEventListener(\"DOMContentLoaded\",function(){for(var e,t,s=l.querySelectorAll(\"iframe.wp-embedded-content\"),r=0;r<s.length;r++)(t=(e=s[r]).getAttribute(\"data-secret\"))||(t=Math.random().toString(36).substring(2,12),e.src+=\"#?secret=\"+t,e.setAttribute(\"data-secret\",t)),e.contentWindow.postMessage({message:\"ready\",secret:t},\"*\")},!1)))}(window,document);\n\/\/# sourceURL=https:\/\/quechilero.com\/blog\/wp-includes\/js\/wp-embed.min.js\n<\/script>\n"},"jetpack_publicize_connections":[],"jetpack_shortlink":"https:\/\/wp.me\/pDKli-28","jetpack_sharing_enabled":true,"jetpack-related-posts":[{"id":617,"url":"https:\/\/quechilero.com\/blog\/2007\/07\/31\/maraton-de-blogs-de-guatemala\/","url_meta":{"origin":132,"position":0},"title":"Marat\u00f3n de Blogs de Guatemala","author":"Pepe Barrascout Ortiz","date":"31 julio 2007","format":false,"excerpt":"Hace un a\u00f1o aproximadamente, Oscar (DesdeGuate) organiz\u00f3 una Marat\u00f3n de Blogs Guatemaltecos, cuyo objetivo fue el dar a conocer a otros Blogs de Guatemala, impulsar su desarrollo y creaci\u00f3n de nuevos blogs. En esa oportunidad, uno de mis textos \"Ping Pong Matrix\" fue parte de ese marat\u00f3n, cuando mi blog\u2026","rel":"","context":"En \u00abLimones\u00bb","block_context":{"text":"Limones","link":"https:\/\/quechilero.com\/blog\/category\/limones\/"},"img":{"alt_text":"","src":"","width":0,"height":0},"classes":[]},{"id":9934,"url":"https:\/\/quechilero.com\/blog\/2011\/08\/26\/maraton-de-blogs-lectores-chapines\/","url_meta":{"origin":132,"position":1},"title":"Marat\u00f3n de Blogs: Lectores Chapines","author":"Pepe Barrascout Ortiz","date":"26 agosto 2011","format":false,"excerpt":"Es sumamente agradable encontrar un grupo de personas que se re\u00fanen regularmente, para compartir ideas y comentar los libros le\u00eddos. Lectores Chapines es el blog de este grupo de \u00e1vidos lectores, que de forma regular hacen reuniones en las que sus integrantes participan activamente aportando de su experiencia. En el\u2026","rel":"","context":"En \u00abBlogs de Guatemala\u00bb","block_context":{"text":"Blogs de Guatemala","link":"https:\/\/quechilero.com\/blog\/category\/blogs-de-guatemala\/"},"img":{"alt_text":"","src":"https:\/\/i0.wp.com\/i392.photobucket.com\/albums\/pp7\/pepejaguar\/maraton\/lectores.png?resize=350%2C200","width":350,"height":200,"srcset":"https:\/\/i0.wp.com\/i392.photobucket.com\/albums\/pp7\/pepejaguar\/maraton\/lectores.png?resize=350%2C200 1x, https:\/\/i0.wp.com\/i392.photobucket.com\/albums\/pp7\/pepejaguar\/maraton\/lectores.png?resize=525%2C300 1.5x"},"classes":[]},{"id":190,"url":"https:\/\/quechilero.com\/blog\/2006\/08\/19\/reunion-de-bloggers\/","url_meta":{"origin":132,"position":2},"title":"Reuni\u00f3n de Bloggers","author":"Pepe Barrascout Ortiz","date":"19 agosto 2006","format":false,"excerpt":"Este mes de agosto, ha sido destacado por la gran actividad de los blogs chapines, empezando con una marat\u00f3n de blogs chapines organizada por Desdeguate, pasando por la entrega virtual de los premios de la arroba de oro de Batfink y no pod\u00eda terminar de otra forma que no fuera\u2026","rel":"","context":"En \u00abLimones\u00bb","block_context":{"text":"Limones","link":"https:\/\/quechilero.com\/blog\/category\/limones\/"},"img":{"alt_text":"Blogs Guatemala","src":"https:\/\/i0.wp.com\/static.flickr.com\/57\/219433099_671aeb690b.jpg?resize=350%2C200","width":350,"height":200},"classes":[]},{"id":3247,"url":"https:\/\/quechilero.com\/blog\/2009\/08\/12\/maraton-de-blogs-vistazo-chapin-plus\/","url_meta":{"origin":132,"position":3},"title":"Marat\u00f3n de Blogs: Vistazo Chap\u00edn Plus","author":"Pepe Barrascout Ortiz","date":"12 agosto 2009","format":false,"excerpt":"Vistazo Chap\u00edn Plus es de los primeros blogs de tipo comercial que actualmente se producen en Guatemala. A pesar de que un proyecto como estos, tiene mas contras que a favor, sobre todo por la falta de visi\u00f3n comercial, que el sistema publicitario actual guatemalteco, tiene sobre los medios en\u2026","rel":"","context":"En \u00abBlogs de Guatemala\u00bb","block_context":{"text":"Blogs de Guatemala","link":"https:\/\/quechilero.com\/blog\/category\/blogs-de-guatemala\/"},"img":{"alt_text":"Marat\u00f3n de Blogs 2009","src":"https:\/\/i0.wp.com\/i392.photobucket.com\/albums\/pp7\/pepejaguar\/maraton2009\/maraton2009.jpg?resize=350%2C200","width":350,"height":200,"srcset":"https:\/\/i0.wp.com\/i392.photobucket.com\/albums\/pp7\/pepejaguar\/maraton2009\/maraton2009.jpg?resize=350%2C200 1x, https:\/\/i0.wp.com\/i392.photobucket.com\/albums\/pp7\/pepejaguar\/maraton2009\/maraton2009.jpg?resize=525%2C300 1.5x"},"classes":[]},{"id":3220,"url":"https:\/\/quechilero.com\/blog\/2009\/08\/02\/maraton-de-blogs-rock-100-chapin\/","url_meta":{"origin":132,"position":4},"title":"Marat\u00f3n de Blogs: Rock 100% Chap\u00ed\u00adn","author":"Pepe Barrascout Ortiz","date":"2 agosto 2009","format":false,"excerpt":"Fue en el 2007, cuando David Alvarado, inici\u00f3 con su blog cuyo objetivo principal y que ha mantenido hasta la fecha, es la de llenar ese espacio vac\u00edo, que ha quedado en la comunidad rockera de Guatemala, tras la desaparici\u00f3n una a una, de las pocas emisoras radiales, que transmit\u00edan\u2026","rel":"","context":"En \u00abBlogs de Guatemala\u00bb","block_context":{"text":"Blogs de Guatemala","link":"https:\/\/quechilero.com\/blog\/category\/blogs-de-guatemala\/"},"img":{"alt_text":"Marat\u00f3n de Blogs 2009","src":"https:\/\/i0.wp.com\/i392.photobucket.com\/albums\/pp7\/pepejaguar\/maraton2009\/maraton2009.jpg?resize=350%2C200","width":350,"height":200,"srcset":"https:\/\/i0.wp.com\/i392.photobucket.com\/albums\/pp7\/pepejaguar\/maraton2009\/maraton2009.jpg?resize=350%2C200 1x, https:\/\/i0.wp.com\/i392.photobucket.com\/albums\/pp7\/pepejaguar\/maraton2009\/maraton2009.jpg?resize=525%2C300 1.5x"},"classes":[]},{"id":1595,"url":"https:\/\/quechilero.com\/blog\/2008\/08\/31\/maraton-sprint-final\/","url_meta":{"origin":132,"position":5},"title":"Marat\u00f3n &#8211; Sprint Final","author":"Pepe Barrascout Ortiz","date":"31 agosto 2008","format":false,"excerpt":"https:\/\/youtu.be\/MiZnPgjy9J8 El neoceland\u00e9s medalla de plata en Atenas 2004 Bevan Docherty, ganando un increible sprint a su compatriota Kris Gemmell, en la ITU World Cup de New Plymouth. Despu\u00e9s de un mes de actividad continua, terminamos esta Marat\u00f3n de Blogs 2008, con mucha alegr\u00eda, por haber vivido esta experiencia tan\u2026","rel":"","context":"En \u00abBlogs de Guatemala\u00bb","block_context":{"text":"Blogs de Guatemala","link":"https:\/\/quechilero.com\/blog\/category\/blogs-de-guatemala\/"},"img":{"alt_text":"","src":"https:\/\/i0.wp.com\/quechilero.com\/blog\/imagenes\/limones.jpg?fit=620%2C350&ssl=1&resize=350%2C200","width":350,"height":200,"srcset":"https:\/\/i0.wp.com\/quechilero.com\/blog\/imagenes\/limones.jpg?fit=620%2C350&ssl=1&resize=350%2C200 1x, https:\/\/i0.wp.com\/quechilero.com\/blog\/imagenes\/limones.jpg?fit=620%2C350&ssl=1&resize=525%2C300 1.5x"},"classes":[]}],"jetpack_featured_media_url":"","_links":{"self":[{"href":"https:\/\/quechilero.com\/blog\/wp-json\/wp\/v2\/posts\/132","targetHints":{"allow":["GET"]}}],"collection":[{"href":"https:\/\/quechilero.com\/blog\/wp-json\/wp\/v2\/posts"}],"about":[{"href":"https:\/\/quechilero.com\/blog\/wp-json\/wp\/v2\/types\/post"}],"author":[{"embeddable":true,"href":"https:\/\/quechilero.com\/blog\/wp-json\/wp\/v2\/users\/1"}],"replies":[{"embeddable":true,"href":"https:\/\/quechilero.com\/blog\/wp-json\/wp\/v2\/comments?post=132"}],"version-history":[{"count":0,"href":"https:\/\/quechilero.com\/blog\/wp-json\/wp\/v2\/posts\/132\/revisions"}],"wp:attachment":[{"href":"https:\/\/quechilero.com\/blog\/wp-json\/wp\/v2\/media?parent=132"}],"wp:term":[{"taxonomy":"category","embeddable":true,"href":"https:\/\/quechilero.com\/blog\/wp-json\/wp\/v2\/categories?post=132"},{"taxonomy":"post_tag","embeddable":true,"href":"https:\/\/quechilero.com\/blog\/wp-json\/wp\/v2\/tags?post=132"},{"taxonomy":"series","embeddable":true,"href":"https:\/\/quechilero.com\/blog\/wp-json\/wp\/v2\/series?post=132"}],"curies":[{"name":"wp","href":"https:\/\/api.w.org\/{rel}","templated":true}]}}