{"id":13035,"date":"2013-07-26T05:00:36","date_gmt":"2013-07-26T11:00:36","guid":{"rendered":"http:\/\/quechilero.com\/blog\/?p=13035"},"modified":"2013-07-26T05:00:36","modified_gmt":"2013-07-26T11:00:36","slug":"limonada-276","status":"publish","type":"post","link":"https:\/\/quechilero.com\/blog\/2013\/07\/26\/limonada-276\/","title":{"rendered":"Limonada # 276"},"content":{"rendered":"<blockquote><p>Hay dos maneras de difundir la luz: Ser la l\u00e1mpara que la emite o el espejo que la refleja.<\/p>\n<p><em>Yutang<\/em><\/p>\n<p><img data-recalc-dims=\"1\" decoding=\"async\" src=\"https:\/\/i0.wp.com\/archive.org\/download\/QueChileroBlog\/libros.jpg?w=1200&#038;ssl=1\" alt=\"Libros\" \/><\/p><\/blockquote>\n","protected":false},"excerpt":{"rendered":"<p>Hay dos maneras de difundir la luz: Ser la l\u00e1mpara que la emite o el espejo que la refleja. Yutang<\/p>\n","protected":false},"author":1,"featured_media":0,"comment_status":"open","ping_status":"open","sticky":false,"template":"","format":"standard","meta":{"advanced_seo_description":"","jetpack_seo_html_title":"","jetpack_seo_noindex":false,"jetpack_seo_schema_type":"","episode_type":"","audio_file":"","podmotor_file_id":"","podmotor_episode_id":"","cover_image":"","cover_image_id":"","duration":"","filesize":"","filesize_raw":"","date_recorded":"","explicit":"","block":"","_jetpack_newsletter_access":"","_jetpack_dont_email_post_to_subs":false,"_jetpack_newsletter_tier_id":0,"_jetpack_memberships_contains_paywalled_content":false,"_jetpack_feature_clip_id":0,"_jetpack_memberships_contains_paid_content":false,"footnotes":"","jetpack_publicize_message":"","jetpack_publicize_feature_enabled":true,"jetpack_social_post_already_shared":false,"jetpack_social_options":{"image_generator_settings":{"template":"highway","default_image_id":0,"font":"","enabled":false},"version":2},"jetpack_post_was_ever_published":false},"categories":[73],"tags":[19],"series":[],"class_list":["post-13035","post","type-post","status-publish","format-standard","hentry","category-limonadas","tag-limonada"],"episode_featured_image":false,"episode_player_image":"https:\/\/i0.wp.com\/quechilero.com\/blog\/imagenes\/podcast.png?fit=1831%2C1831&ssl=1","download_link":"","player_link":"","audio_player":false,"episode_data":{"playerMode":"dark","subscribeUrls":{"amazon":{"key":"amazon","url":"","label":"Amazon","class":"amazon","icon":"amazon.png"},"apple_podcasts":{"key":"apple_podcasts","url":"","label":"Apple Podcasts","class":"apple_podcasts","icon":"apple-podcasts.png"},"castbox":{"key":"castbox","url":"","label":"CastBox","class":"castbox","icon":"castbox.png"},"deezer":{"key":"deezer","url":"","label":"Deezer","class":"deezer","icon":"deezer.png"},"google_podcasts":{"key":"google_podcasts","url":"","label":"Google Podcasts","class":"google_podcasts","icon":"google-podcasts.png"},"listen_notes":{"key":"listen_notes","url":"","label":"Listen Notes","class":"listen_notes","icon":"listen-notes.png"},"pandora":{"key":"pandora","url":"","label":"Pandora","class":"pandora","icon":"pandora.png"},"podbean":{"key":"podbean","url":"","label":"Podbean","class":"podbean","icon":"podbean.png"},"podcast_republic":{"key":"podcast_republic","url":"","label":"Podcast Republic","class":"podcast_republic","icon":"podcast-republic.png"},"rss":{"key":"rss","url":"","label":"RSS","class":"rss","icon":"rss.png"},"spotify":{"key":"spotify","url":"","label":"Spotify","class":"spotify","icon":"spotify.png"},"stitcher":{"key":"stitcher","url":"","label":"Stitcher","class":"stitcher","icon":"stitcher.png"},"tunein":{"key":"tunein","url":"","label":"TuneIn","class":"tunein","icon":"tunein.png"},"youtube":{"key":"youtube","url":"","label":"YouTube","class":"youtube","icon":"youtube.png"},"iheartradio":{"key":"iheartradio","url":"","label":"iHeartRadio","class":"iheartradio","icon":"iheartradio.png"},"ivoox":{"key":"ivoox","url":"","label":"iVoox","class":"ivoox","icon":"ivoox.png"}},"rssFeedUrl":"https:\/\/quechilero.com\/blog\/feed\/podcast\/si-la-vida-nos-da-limones","embedCode":"<blockquote class=\"wp-embedded-content\" data-secret=\"7oxQlPtQbG\"><a href=\"https:\/\/quechilero.com\/blog\/2013\/07\/26\/limonada-276\/\">Limonada # 276<\/a><\/blockquote><iframe sandbox=\"allow-scripts\" security=\"restricted\" src=\"https:\/\/quechilero.com\/blog\/2013\/07\/26\/limonada-276\/embed\/#?secret=7oxQlPtQbG\" width=\"500\" height=\"350\" title=\"\u00abLimonada # 276\u00bb \u2014 Si la Vida nos da Limones...\" data-secret=\"7oxQlPtQbG\" frameborder=\"0\" marginwidth=\"0\" marginheight=\"0\" scrolling=\"no\" class=\"wp-embedded-content\"><\/iframe><script>\n\/*! This file is auto-generated *\/\n!function(d,l){\"use strict\";l.querySelector&&d.addEventListener&&\"undefined\"!=typeof URL&&(d.wp=d.wp||{},d.wp.receiveEmbedMessage||(d.wp.receiveEmbedMessage=function(e){var t=e.data;if((t||t.secret||t.message||t.value)&&!\/[^a-zA-Z0-9]\/.test(t.secret)){for(var s,r,n,a=l.querySelectorAll('iframe[data-secret=\"'+t.secret+'\"]'),o=l.querySelectorAll('blockquote[data-secret=\"'+t.secret+'\"]'),c=new RegExp(\"^https?:$\",\"i\"),i=0;i<o.length;i++)o[i].style.display=\"none\";for(i=0;i<a.length;i++)s=a[i],e.source===s.contentWindow&&(s.removeAttribute(\"style\"),\"height\"===t.message?(1e3<(r=parseInt(t.value,10))?r=1e3:~~r<200&&(r=200),s.height=r):\"link\"===t.message&&(r=new URL(s.getAttribute(\"src\")),n=new URL(t.value),c.test(n.protocol))&&n.host===r.host&&l.activeElement===s&&(d.top.location.href=t.value))}},d.addEventListener(\"message\",d.wp.receiveEmbedMessage,!1),l.addEventListener(\"DOMContentLoaded\",function(){for(var e,t,s=l.querySelectorAll(\"iframe.wp-embedded-content\"),r=0;r<s.length;r++)(t=(e=s[r]).getAttribute(\"data-secret\"))||(t=Math.random().toString(36).substring(2,12),e.src+=\"#?secret=\"+t,e.setAttribute(\"data-secret\",t)),e.contentWindow.postMessage({message:\"ready\",secret:t},\"*\")},!1)))}(window,document);\n\/\/# sourceURL=https:\/\/quechilero.com\/blog\/wp-includes\/js\/wp-embed.min.js\n<\/script>\n"},"jetpack_publicize_connections":[],"jetpack_shortlink":"https:\/\/wp.me\/pDKli-3of","jetpack_sharing_enabled":true,"jetpack-related-posts":[{"id":5807,"url":"https:\/\/quechilero.com\/blog\/2010\/10\/27\/la-lampara-y-el-aceite\/","url_meta":{"origin":13035,"position":0},"title":"La l\u00e1mpara y el aceite","author":"Pepe Barrascout Ortiz","date":"27 octubre 2010","format":false,"excerpt":"Dios hizo al hombre de tal manera que Su presencia en el hombre es un imperativo para su humanidad. Una l\u00e1mpara de aceite fue concebida de tal suerte que s\u00f3lo produce luz en virtud del hecho de que haya aceite en su interior para sustentar la luz. Supongamos que pregunto:\u2026","rel":"","context":"En \u00abLimones\u00bb","block_context":{"text":"Limones","link":"https:\/\/quechilero.com\/blog\/category\/limones\/"},"img":{"alt_text":"","src":"","width":0,"height":0},"classes":[]},{"id":3189,"url":"https:\/\/quechilero.com\/blog\/2009\/08\/16\/espejo-del-cielo\/","url_meta":{"origin":13035,"position":1},"title":"Espejo del cielo","author":"Pepe Barrascout Ortiz","date":"16 agosto 2009","format":false,"excerpt":"\"S\u00f3lo el cielo puede ser espejo tuyo, Se\u00f1or Sol\", suspir\u00f3 la gota de roc\u00edo. \"Yo siempre estoy so\u00f1ando contigo, pero \u00bfqu\u00e9 puedo esperar? \u00a1Soy tan peque\u00f1a para tenerte en m\u00ed!\". Y se ech\u00f3 a llorar, desconsolada. Le contest\u00f3 el Sol: \"Es verdad que yo lleno el cielo infinito; pero tambi\u00e9n\u2026","rel":"","context":"En \u00abLimones\u00bb","block_context":{"text":"Limones","link":"https:\/\/quechilero.com\/blog\/category\/limones\/"},"img":{"alt_text":"","src":"","width":0,"height":0},"classes":[]},{"id":21396,"url":"https:\/\/quechilero.com\/blog\/2015\/07\/26\/aprender-a-estar-en-silencio\/","url_meta":{"origin":13035,"position":2},"title":"Aprender a estar en silencio","author":"Pepe Barrascout Ortiz","date":"26 julio 2015","format":false,"excerpt":"Los disc\u00edpulos de la escuela Tendai estudiaban meditaci\u00f3n antes de que el Zen entrara en Jap\u00f3n. Cuatro de ellos, que eran amigos \u00edntimos, se prometieron observar siete d\u00edas de silencio. El primer d\u00eda, todos estuvieron muy callados. Su meditaci\u00f3n hab\u00eda comenzado bajo felices auspicios, pero cuando lleg\u00f3 la noche y\u2026","rel":"","context":"En \u00abLimones\u00bb","block_context":{"text":"Limones","link":"https:\/\/quechilero.com\/blog\/category\/limones\/"},"img":{"alt_text":"","src":"","width":0,"height":0},"classes":[]},{"id":10659,"url":"https:\/\/quechilero.com\/blog\/2012\/10\/12\/limonada-235\/","url_meta":{"origin":13035,"position":3},"title":"Limonada # 235","author":"Pepe Barrascout Ortiz","date":"12 octubre 2012","format":false,"excerpt":"Existen dos maneras de ser feliz en esta vida, una es hacerse el idiota y la otra serlo. Sigmund Freud","rel":"","context":"En \u00abLimonadas\u00bb","block_context":{"text":"Limonadas","link":"https:\/\/quechilero.com\/blog\/category\/limonadas\/"},"img":{"alt_text":"","src":"","width":0,"height":0},"classes":[]},{"id":21362,"url":"https:\/\/quechilero.com\/blog\/2015\/07\/17\/luz-para-el-camino\/","url_meta":{"origin":13035,"position":4},"title":"Luz para el camino","author":"Pepe Barrascout Ortiz","date":"17 julio 2015","format":false,"excerpt":"Hab\u00eda una vez, hace cientos de a\u00f1os, en una ciudad de Oriente, un hombre que una noche caminaba por las oscuras calles llevando una l\u00e1mpara de aceite encendida. La ciudad era muy oscura en las noches sin luna, como aquella. En determinado momento, se encuentra con un amigo. El amigo\u2026","rel":"","context":"En \u00abLimones\u00bb","block_context":{"text":"Limones","link":"https:\/\/quechilero.com\/blog\/category\/limones\/"},"img":{"alt_text":"","src":"","width":0,"height":0},"classes":[]},{"id":19499,"url":"https:\/\/quechilero.com\/blog\/2014\/10\/01\/almacena-solo-lo-bueno\/","url_meta":{"origin":13035,"position":5},"title":"Almacena s\u00f3lo lo bueno","author":"Pepe Barrascout Ortiz","date":"1 octubre 2014","format":false,"excerpt":"La vida a veces nos lleva por caminos que van cambiando nuestra manera de ser. Son cambios que muchas veces se ven reflejados en nuestra apariencia exterior. Porque de la abundancia de nuestro coraz\u00f3n hablan nuestras obras, las cuales se ver\u00e1n reflejadas en la mirada y en cada uno de\u2026","rel":"","context":"En \u00abLimones\u00bb","block_context":{"text":"Limones","link":"https:\/\/quechilero.com\/blog\/category\/limones\/"},"img":{"alt_text":"","src":"","width":0,"height":0},"classes":[]}],"jetpack_featured_media_url":"","_links":{"self":[{"href":"https:\/\/quechilero.com\/blog\/wp-json\/wp\/v2\/posts\/13035","targetHints":{"allow":["GET"]}}],"collection":[{"href":"https:\/\/quechilero.com\/blog\/wp-json\/wp\/v2\/posts"}],"about":[{"href":"https:\/\/quechilero.com\/blog\/wp-json\/wp\/v2\/types\/post"}],"author":[{"embeddable":true,"href":"https:\/\/quechilero.com\/blog\/wp-json\/wp\/v2\/users\/1"}],"replies":[{"embeddable":true,"href":"https:\/\/quechilero.com\/blog\/wp-json\/wp\/v2\/comments?post=13035"}],"version-history":[{"count":0,"href":"https:\/\/quechilero.com\/blog\/wp-json\/wp\/v2\/posts\/13035\/revisions"}],"wp:attachment":[{"href":"https:\/\/quechilero.com\/blog\/wp-json\/wp\/v2\/media?parent=13035"}],"wp:term":[{"taxonomy":"category","embeddable":true,"href":"https:\/\/quechilero.com\/blog\/wp-json\/wp\/v2\/categories?post=13035"},{"taxonomy":"post_tag","embeddable":true,"href":"https:\/\/quechilero.com\/blog\/wp-json\/wp\/v2\/tags?post=13035"},{"taxonomy":"series","embeddable":true,"href":"https:\/\/quechilero.com\/blog\/wp-json\/wp\/v2\/series?post=13035"}],"curies":[{"name":"wp","href":"https:\/\/api.w.org\/{rel}","templated":true}]}}