{"id":13020,"date":"2012-04-14T08:00:00","date_gmt":"2012-04-14T14:00:00","guid":{"rendered":"http:\/\/quechilero.com\/blog\/?p=13020"},"modified":"2012-04-14T08:00:00","modified_gmt":"2012-04-14T14:00:00","slug":"el-alpinista","status":"publish","type":"post","link":"https:\/\/quechilero.com\/blog\/2012\/04\/14\/el-alpinista\/","title":{"rendered":"El Alpinista"},"content":{"rendered":"<p>Cuentan que un alpinista, desesperado por conquistar el Aconcagua. Inici\u00f3 su traves\u00eda, despu\u00e9s de a\u00f1os de preparaci\u00f3n, pero quer\u00eda la gloria para \u00e9l s\u00f3lo, por lo tanto subi\u00f3 sin sus compa\u00f1eros.<\/p>\n<p>Empez\u00f3 a subir y se le fue haciendo tarde, y m\u00e1s tarde, y no se prepar\u00f3 para acampar, sino que decidi\u00f3 seguir subiendo decidido a llegar a la cima.<\/p>\n<p>Pronto obscureci\u00f3. La noche cay\u00f3 con gran pesadez en la altura de la monta\u00f1a, ya no se pod\u00eda ver absolutamente nada. Todo era negro, cero visibilidad, no hab\u00eda luna y las estrellas estaban cubiertas por las nubes.<\/p>\n<p>Subiendo por un acantilado, a solo 100 metros de la cima, se resbal\u00f3 y se desplom\u00f3 por los aires, ca\u00eda a una velocidad vertiginosa, solo pod\u00eda ver veloces manchas oscuras que pasaban y la terrible sensaci\u00f3n de ser succionado por la gravedad.<\/p>\n<p>Segu\u00eda cayendo y en esos angustiantes momentos, le pasaron por su mente todos sus gratos y no tan gratos momentos de su vida. El pensaba que iba a morir, sin embargo, de repente sinti\u00f3 un tir\u00f3n muy fuerte que casi lo parte en dos. \u00a1Si! como todo alpinista experimentado, hab\u00eda clavado estacas de seguridad con candados a una largu\u00edsima soga que lo amarraba de la cintura.<\/p>\n<p>En esos momentos de quietud, suspendido por los aires, no le qued\u00f3 mas que gritar, <em>ay\u00fadame, Dios mio, ay\u00fadame Dios mio.<\/em>\u00a0De repente, una voz grave y profunda de los cielos le contest\u00f3:<\/p>\n<p><em>&#8211; \u00bfQue quieres que haga?. &#8211; S\u00e1lvame, Dios mio.<\/em><\/p>\n<p><em>-\u00bfRealmente crees que te pueda salvar? &#8211; Por supuesto Se\u00f1or, T\u00fa eres el \u00fanico.<\/em><\/p>\n<p><em>&#8211; Entonces corta la cuerda que te sostiene.<\/em><\/p>\n<p>Hubo un momento de silencio y quietud. El hombre se aferr\u00f3 m\u00e1s a la cuerda pues pens\u00f3 que era lo \u00fanico que realmente lo libraba de el vac\u00edo.<\/p>\n<p>Cuenta el equipo de rescate que al otro d\u00eda se encontr\u00f3 colgado a un alpinista congelado, muerto, agarrado con fuerza, con las manos a una cuerda, <em>a un metro del suelo<\/em>. Y tu, <em>\u00bfen que cuerda tienes puesta tu confianza?<\/em>, <em>\u00bfpor qu\u00e9 no la sueltas?.<\/em><\/p>\n<p><em><\/em>El Se\u00f1or tiene maravillosas cosas para ti. Corta la cuerda, <em>no dudes c\u00f3rtala<\/em>\u00a0y simplemente, conf\u00eda en <em>\u00c9l<\/em>.<\/p>\n","protected":false},"excerpt":{"rendered":"<p>Cuentan que un alpinista, desesperado por conquistar el Aconcagua. Inici\u00f3 su traves\u00eda, despu\u00e9s de a\u00f1os de preparaci\u00f3n, pero quer\u00eda la gloria para \u00e9l s\u00f3lo, por lo tanto subi\u00f3 sin sus compa\u00f1eros. Empez\u00f3 a subir y se le fue haciendo tarde, y m\u00e1s tarde, y no se prepar\u00f3 para acampar, sino que decidi\u00f3 seguir subiendo decidido &#8230; <a title=\"El Alpinista\" class=\"read-more\" href=\"https:\/\/quechilero.com\/blog\/2012\/04\/14\/el-alpinista\/\" aria-label=\"Leer m\u00e1s sobre El Alpinista\">Leer m\u00e1s<\/a><\/p>\n","protected":false},"author":1,"featured_media":0,"comment_status":"open","ping_status":"open","sticky":false,"template":"","format":"standard","meta":{"advanced_seo_description":"","jetpack_seo_html_title":"","jetpack_seo_noindex":false,"jetpack_seo_schema_type":"","episode_type":"","audio_file":"","podmotor_file_id":"","podmotor_episode_id":"","cover_image":"","cover_image_id":"","duration":"","filesize":"","filesize_raw":"","date_recorded":"","explicit":"","block":"","_jetpack_newsletter_access":"","_jetpack_dont_email_post_to_subs":false,"_jetpack_newsletter_tier_id":0,"_jetpack_memberships_contains_paywalled_content":false,"_jetpack_feature_clip_id":0,"_jetpack_memberships_contains_paid_content":false,"footnotes":"","jetpack_publicize_message":"","jetpack_publicize_feature_enabled":true,"jetpack_social_post_already_shared":false,"jetpack_social_options":{"image_generator_settings":{"template":"highway","default_image_id":0,"font":"","enabled":false},"version":2},"jetpack_post_was_ever_published":false},"categories":[2],"tags":[38,12,51,16,18,24],"series":[],"class_list":["post-13020","post","type-post","status-publish","format-standard","hentry","category-limones","tag-confianza","tag-cosas","tag-dios","tag-equipo","tag-hombre","tag-vida"],"episode_featured_image":false,"episode_player_image":"https:\/\/i0.wp.com\/quechilero.com\/blog\/imagenes\/podcast.png?fit=1831%2C1831&ssl=1","download_link":"","player_link":"","audio_player":false,"episode_data":{"playerMode":"dark","subscribeUrls":{"amazon":{"key":"amazon","url":"","label":"Amazon","class":"amazon","icon":"amazon.png"},"apple_podcasts":{"key":"apple_podcasts","url":"","label":"Apple Podcasts","class":"apple_podcasts","icon":"apple-podcasts.png"},"castbox":{"key":"castbox","url":"","label":"CastBox","class":"castbox","icon":"castbox.png"},"deezer":{"key":"deezer","url":"","label":"Deezer","class":"deezer","icon":"deezer.png"},"google_podcasts":{"key":"google_podcasts","url":"","label":"Google Podcasts","class":"google_podcasts","icon":"google-podcasts.png"},"listen_notes":{"key":"listen_notes","url":"","label":"Listen Notes","class":"listen_notes","icon":"listen-notes.png"},"pandora":{"key":"pandora","url":"","label":"Pandora","class":"pandora","icon":"pandora.png"},"podbean":{"key":"podbean","url":"","label":"Podbean","class":"podbean","icon":"podbean.png"},"podcast_republic":{"key":"podcast_republic","url":"","label":"Podcast Republic","class":"podcast_republic","icon":"podcast-republic.png"},"rss":{"key":"rss","url":"","label":"RSS","class":"rss","icon":"rss.png"},"spotify":{"key":"spotify","url":"","label":"Spotify","class":"spotify","icon":"spotify.png"},"stitcher":{"key":"stitcher","url":"","label":"Stitcher","class":"stitcher","icon":"stitcher.png"},"tunein":{"key":"tunein","url":"","label":"TuneIn","class":"tunein","icon":"tunein.png"},"youtube":{"key":"youtube","url":"","label":"YouTube","class":"youtube","icon":"youtube.png"},"iheartradio":{"key":"iheartradio","url":"","label":"iHeartRadio","class":"iheartradio","icon":"iheartradio.png"},"ivoox":{"key":"ivoox","url":"","label":"iVoox","class":"ivoox","icon":"ivoox.png"}},"rssFeedUrl":"https:\/\/quechilero.com\/blog\/feed\/podcast\/si-la-vida-nos-da-limones","embedCode":"<blockquote class=\"wp-embedded-content\" data-secret=\"11VMyIG3kJ\"><a href=\"https:\/\/quechilero.com\/blog\/2012\/04\/14\/el-alpinista\/\">El Alpinista<\/a><\/blockquote><iframe sandbox=\"allow-scripts\" security=\"restricted\" src=\"https:\/\/quechilero.com\/blog\/2012\/04\/14\/el-alpinista\/embed\/#?secret=11VMyIG3kJ\" width=\"500\" height=\"350\" title=\"\u00abEl Alpinista\u00bb \u2014 Si la Vida nos da Limones...\" data-secret=\"11VMyIG3kJ\" frameborder=\"0\" marginwidth=\"0\" marginheight=\"0\" scrolling=\"no\" class=\"wp-embedded-content\"><\/iframe><script>\n\/*! This file is auto-generated *\/\n!function(d,l){\"use strict\";l.querySelector&&d.addEventListener&&\"undefined\"!=typeof URL&&(d.wp=d.wp||{},d.wp.receiveEmbedMessage||(d.wp.receiveEmbedMessage=function(e){var t=e.data;if((t||t.secret||t.message||t.value)&&!\/[^a-zA-Z0-9]\/.test(t.secret)){for(var s,r,n,a=l.querySelectorAll('iframe[data-secret=\"'+t.secret+'\"]'),o=l.querySelectorAll('blockquote[data-secret=\"'+t.secret+'\"]'),c=new RegExp(\"^https?:$\",\"i\"),i=0;i<o.length;i++)o[i].style.display=\"none\";for(i=0;i<a.length;i++)s=a[i],e.source===s.contentWindow&&(s.removeAttribute(\"style\"),\"height\"===t.message?(1e3<(r=parseInt(t.value,10))?r=1e3:~~r<200&&(r=200),s.height=r):\"link\"===t.message&&(r=new URL(s.getAttribute(\"src\")),n=new URL(t.value),c.test(n.protocol))&&n.host===r.host&&l.activeElement===s&&(d.top.location.href=t.value))}},d.addEventListener(\"message\",d.wp.receiveEmbedMessage,!1),l.addEventListener(\"DOMContentLoaded\",function(){for(var e,t,s=l.querySelectorAll(\"iframe.wp-embedded-content\"),r=0;r<s.length;r++)(t=(e=s[r]).getAttribute(\"data-secret\"))||(t=Math.random().toString(36).substring(2,12),e.src+=\"#?secret=\"+t,e.setAttribute(\"data-secret\",t)),e.contentWindow.postMessage({message:\"ready\",secret:t},\"*\")},!1)))}(window,document);\n\/\/# sourceURL=https:\/\/quechilero.com\/blog\/wp-includes\/js\/wp-embed.min.js\n<\/script>\n"},"jetpack_publicize_connections":[],"jetpack_shortlink":"https:\/\/wp.me\/pDKli-3o0","jetpack_sharing_enabled":true,"jetpack-related-posts":[{"id":17351,"url":"https:\/\/quechilero.com\/blog\/2013\/10\/21\/el-alpinista-2\/","url_meta":{"origin":13020,"position":0},"title":"El alpinista","author":"Pepe Barrascout Ortiz","date":"21 octubre 2013","format":false,"excerpt":"Cuentan que un alpinista, desesperado por conquistar el Aconcagua, inici\u00f3 su traves\u00eda despu\u00e9s de a\u00f1os de preparaci\u00f3n, pero quer\u00eda la gloria para \u00e9l solo; por lo tanto, subi\u00f3 sin compa\u00f1eros. Empez\u00f3 a subir y se le fue haciendo tarde, y m\u00e1s tarde, y no se prepar\u00f3 para acampar, sino que\u2026","rel":"","context":"En \u00abLimones\u00bb","block_context":{"text":"Limones","link":"https:\/\/quechilero.com\/blog\/category\/limones\/"},"img":{"alt_text":"","src":"","width":0,"height":0},"classes":[]},{"id":16926,"url":"https:\/\/quechilero.com\/blog\/2013\/09\/01\/en-la-cima\/","url_meta":{"origin":13020,"position":1},"title":"En la cima","author":"Pepe Barrascout Ortiz","date":"1 septiembre 2013","format":false,"excerpt":"Un Joven alpinista iba acompa\u00f1ado por dos fuertes y experimentados gu\u00edas, en su primer intento por escalar los Alpes Suizos, y se sent\u00eda seguro de tener un gu\u00eda en la delantera y otro detr\u00e1s de \u00e9l. Escalaron varias horas. Sin aliento y exhaustos, lograron por fin llegar a las rocas\u2026","rel":"","context":"En \u00abLimones\u00bb","block_context":{"text":"Limones","link":"https:\/\/quechilero.com\/blog\/category\/limones\/"},"img":{"alt_text":"","src":"","width":0,"height":0},"classes":[]},{"id":298,"url":"https:\/\/quechilero.com\/blog\/2006\/11\/02\/alpinista-con-cancer\/","url_meta":{"origin":13020,"position":2},"title":"Alpinista con c\u00e1ncer","author":"Pepe Barrascout Ortiz","date":"2 noviembre 2006","format":false,"excerpt":"Soy en realidad el primero (y el \u00fanico) sobreviviente de c\u00e1ncer en escalar la cima de la monta\u00f1a m\u00e1s alta del mundo... el Monte Everest. Cuando ten\u00eda s\u00f3lo 13 a\u00f1os, fui diagnosticado con la enfermedad de Hodgkins y se me dieron tres meses de vida. A los 15 a\u00f1os, fui\u2026","rel":"","context":"En \u00abLimones\u00bb","block_context":{"text":"Limones","link":"https:\/\/quechilero.com\/blog\/category\/limones\/"},"img":{"alt_text":"","src":"","width":0,"height":0},"classes":[]},{"id":10095,"url":"https:\/\/quechilero.com\/blog\/2011\/08\/21\/nacidos-para-conquistar\/","url_meta":{"origin":13020,"position":3},"title":"Nacidos para conquistar","author":"Pepe Barrascout Ortiz","date":"21 agosto 2011","format":false,"excerpt":"El 29 de mayo de 1953 es se\u00f1alado en la historia como la fecha en la que la cima del monte Everest fue conquistada por seres humanos. George Mallory y Andrew Irvine fueron dos hombres que muchas veces intentaron escalar esta monta\u00f1a, fracasando en el intento y muriendo en la\u2026","rel":"","context":"En \u00abLimones\u00bb","block_context":{"text":"Limones","link":"https:\/\/quechilero.com\/blog\/category\/limones\/"},"img":{"alt_text":"","src":"","width":0,"height":0},"classes":[]},{"id":21242,"url":"https:\/\/quechilero.com\/blog\/2015\/06\/28\/el-lente-de-contacto\/","url_meta":{"origin":13020,"position":4},"title":"El lente de contacto","author":"Pepe Barrascout Ortiz","date":"28 junio 2015","format":false,"excerpt":"Brenda era una joven mujer que fue invitada a escalar rocas. Aunque esto le causaba mucho miedo, fue con su grupo a un tremendo risco de granito. A pesar de su miedo, se coloc\u00f3 el equipo, tom\u00f3 un extremo de la cuerda y comenz\u00f3 a enfrentar la roca. En determinado\u2026","rel":"","context":"En \u00abLimones\u00bb","block_context":{"text":"Limones","link":"https:\/\/quechilero.com\/blog\/category\/limones\/"},"img":{"alt_text":"","src":"","width":0,"height":0},"classes":[]},{"id":21439,"url":"https:\/\/quechilero.com\/blog\/2015\/08\/14\/la-pequena-locomotora-que-si-pudo\/","url_meta":{"origin":13020,"position":5},"title":"La peque\u00f1a locomotora que s\u00ed pudo","author":"Pepe Barrascout Ortiz","date":"14 agosto 2015","format":false,"excerpt":"O\u00ed por primera vez la maravillosa historia de \"La peque\u00f1a locomotora que s\u00ed pudo\" cuando ten\u00eda unos diez a\u00f1os de edad. De ni\u00f1o me fascinaba este relato porque los vagones del tren estaban llenos de animales, de payasos de juguete, de cortaplumas, de rompecabezas, de libros y de cosas deliciosas\u2026","rel":"","context":"En \u00abLimones\u00bb","block_context":{"text":"Limones","link":"https:\/\/quechilero.com\/blog\/category\/limones\/"},"img":{"alt_text":"","src":"","width":0,"height":0},"classes":[]}],"jetpack_featured_media_url":"","_links":{"self":[{"href":"https:\/\/quechilero.com\/blog\/wp-json\/wp\/v2\/posts\/13020","targetHints":{"allow":["GET"]}}],"collection":[{"href":"https:\/\/quechilero.com\/blog\/wp-json\/wp\/v2\/posts"}],"about":[{"href":"https:\/\/quechilero.com\/blog\/wp-json\/wp\/v2\/types\/post"}],"author":[{"embeddable":true,"href":"https:\/\/quechilero.com\/blog\/wp-json\/wp\/v2\/users\/1"}],"replies":[{"embeddable":true,"href":"https:\/\/quechilero.com\/blog\/wp-json\/wp\/v2\/comments?post=13020"}],"version-history":[{"count":0,"href":"https:\/\/quechilero.com\/blog\/wp-json\/wp\/v2\/posts\/13020\/revisions"}],"wp:attachment":[{"href":"https:\/\/quechilero.com\/blog\/wp-json\/wp\/v2\/media?parent=13020"}],"wp:term":[{"taxonomy":"category","embeddable":true,"href":"https:\/\/quechilero.com\/blog\/wp-json\/wp\/v2\/categories?post=13020"},{"taxonomy":"post_tag","embeddable":true,"href":"https:\/\/quechilero.com\/blog\/wp-json\/wp\/v2\/tags?post=13020"},{"taxonomy":"series","embeddable":true,"href":"https:\/\/quechilero.com\/blog\/wp-json\/wp\/v2\/series?post=13020"}],"curies":[{"name":"wp","href":"https:\/\/api.w.org\/{rel}","templated":true}]}}