{"id":12970,"date":"2012-03-27T08:00:33","date_gmt":"2012-03-27T14:00:33","guid":{"rendered":"http:\/\/quechilero.com\/blog\/?p=12970"},"modified":"2012-03-27T08:00:33","modified_gmt":"2012-03-27T14:00:33","slug":"caminata-terrenal","status":"publish","type":"post","link":"https:\/\/quechilero.com\/blog\/2012\/03\/27\/caminata-terrenal\/","title":{"rendered":"Caminata Terrenal"},"content":{"rendered":"<p>Despu\u00e9s de la misi\u00f3n del Apolo XV, el coronel James Irwin relat\u00f3 algunos de los puntos sobresalientes de su experiencia. Cont\u00f3 de sus cuerpos sin peso flotando libres en la c\u00e1psula espacial, el semic\u00edrculo en aumento de la tierra como se ve desde la luna, y el descenso triunfal de la c\u00e1psula ante un mundo que observaba.<\/p>\n<p>Irwin tambi\u00e9n habl\u00f3 del impacto que tuvo esa experiencia en su vida espiritual. Dijo que desde la superficie lunar percibi\u00f3 tanto la gloria de Dios como el apuro del hombre apegado a la tierra. Cuando regres\u00f3 a la tierra se dio cuenta de que no se pod\u00eda contentar con ser meramente una persona c\u00e9lebre. Tendr\u00eda que ser un siervo y hablar a su pr\u00f3jimo acerca de una mejor manera de vivir. Irwin concluy\u00f3 diciendo que si creemos que ir a la luna es un gran acontecimiento, \u00a1cu\u00e1nto mayor es la maravilla de que Dios vino a la tierra en la persona de Jesucristo!<\/p>\n<p>Gracias a que el hombre camin\u00f3 sobre la luna, la ciencia y la tecnolog\u00eda han avanzado formidablemente. Pero gracias a que Dios camin\u00f3 sobre la tierra, conocemos tanto nuestro origen como nuestro destino. Podemos conocer a nuestro Creador personalmente, y podemos vivir en su luz. Por medio de la vida sin pecado de Jes\u00fas y de su muerte expiatoria podemos conocer el gozo de tener nuestros pecados perdonados y experimentar la plenitud de una vida abundante&#8230; todo porque Dios camin\u00f3 sobre la tierra.<\/p>\n<p style=\"text-align: right;\"><em>Y el Verbo se hizo carne, y habit\u00f3 entre nosotros, y vimos su gloria.<\/em><br \/>\n<strong><em> Juan 1:14<\/em><\/strong><\/p>\n","protected":false},"excerpt":{"rendered":"<p>Despu\u00e9s de la misi\u00f3n del Apolo XV, el coronel James Irwin relat\u00f3 algunos de los puntos sobresalientes de su experiencia. Cont\u00f3 de sus cuerpos sin peso flotando libres en la c\u00e1psula espacial, el semic\u00edrculo en aumento de la tierra como se ve desde la luna, y el descenso triunfal de la c\u00e1psula ante un mundo &#8230; <a title=\"Caminata Terrenal\" class=\"read-more\" href=\"https:\/\/quechilero.com\/blog\/2012\/03\/27\/caminata-terrenal\/\" aria-label=\"Leer m\u00e1s sobre Caminata Terrenal\">Leer m\u00e1s<\/a><\/p>\n","protected":false},"author":1,"featured_media":0,"comment_status":"open","ping_status":"open","sticky":false,"template":"","format":"standard","meta":{"advanced_seo_description":"","jetpack_seo_html_title":"","jetpack_seo_noindex":false,"jetpack_seo_schema_type":"","episode_type":"","audio_file":"","podmotor_file_id":"","podmotor_episode_id":"","cover_image":"","cover_image_id":"","duration":"","filesize":"","filesize_raw":"","date_recorded":"","explicit":"","block":"","_jetpack_newsletter_access":"","_jetpack_dont_email_post_to_subs":false,"_jetpack_newsletter_tier_id":0,"_jetpack_memberships_contains_paywalled_content":false,"_jetpack_feature_clip_id":0,"_jetpack_memberships_contains_paid_content":false,"footnotes":"","jetpack_publicize_message":"","jetpack_publicize_feature_enabled":true,"jetpack_social_post_already_shared":false,"jetpack_social_options":{"image_generator_settings":{"template":"highway","default_image_id":0,"font":"","enabled":false},"version":2},"jetpack_post_was_ever_published":false},"categories":[2],"tags":[51,18,74,50,55,24],"series":[],"class_list":["post-12970","post","type-post","status-publish","format-standard","hentry","category-limones","tag-dios","tag-hombre","tag-jesus","tag-muerte","tag-tecnologia","tag-vida"],"episode_featured_image":false,"episode_player_image":"https:\/\/i0.wp.com\/quechilero.com\/blog\/imagenes\/podcast.png?fit=1831%2C1831&ssl=1","download_link":"","player_link":"","audio_player":false,"episode_data":{"playerMode":"dark","subscribeUrls":{"amazon":{"key":"amazon","url":"","label":"Amazon","class":"amazon","icon":"amazon.png"},"apple_podcasts":{"key":"apple_podcasts","url":"","label":"Apple Podcasts","class":"apple_podcasts","icon":"apple-podcasts.png"},"castbox":{"key":"castbox","url":"","label":"CastBox","class":"castbox","icon":"castbox.png"},"deezer":{"key":"deezer","url":"","label":"Deezer","class":"deezer","icon":"deezer.png"},"google_podcasts":{"key":"google_podcasts","url":"","label":"Google Podcasts","class":"google_podcasts","icon":"google-podcasts.png"},"listen_notes":{"key":"listen_notes","url":"","label":"Listen Notes","class":"listen_notes","icon":"listen-notes.png"},"pandora":{"key":"pandora","url":"","label":"Pandora","class":"pandora","icon":"pandora.png"},"podbean":{"key":"podbean","url":"","label":"Podbean","class":"podbean","icon":"podbean.png"},"podcast_republic":{"key":"podcast_republic","url":"","label":"Podcast Republic","class":"podcast_republic","icon":"podcast-republic.png"},"rss":{"key":"rss","url":"","label":"RSS","class":"rss","icon":"rss.png"},"spotify":{"key":"spotify","url":"","label":"Spotify","class":"spotify","icon":"spotify.png"},"stitcher":{"key":"stitcher","url":"","label":"Stitcher","class":"stitcher","icon":"stitcher.png"},"tunein":{"key":"tunein","url":"","label":"TuneIn","class":"tunein","icon":"tunein.png"},"youtube":{"key":"youtube","url":"","label":"YouTube","class":"youtube","icon":"youtube.png"},"iheartradio":{"key":"iheartradio","url":"","label":"iHeartRadio","class":"iheartradio","icon":"iheartradio.png"},"ivoox":{"key":"ivoox","url":"","label":"iVoox","class":"ivoox","icon":"ivoox.png"}},"rssFeedUrl":"https:\/\/quechilero.com\/blog\/feed\/podcast\/si-la-vida-nos-da-limones","embedCode":"<blockquote class=\"wp-embedded-content\" data-secret=\"i0bWEAEuSK\"><a href=\"https:\/\/quechilero.com\/blog\/2012\/03\/27\/caminata-terrenal\/\">Caminata Terrenal<\/a><\/blockquote><iframe sandbox=\"allow-scripts\" security=\"restricted\" src=\"https:\/\/quechilero.com\/blog\/2012\/03\/27\/caminata-terrenal\/embed\/#?secret=i0bWEAEuSK\" width=\"500\" height=\"350\" title=\"\u00abCaminata Terrenal\u00bb \u2014 Si la Vida nos da Limones...\" data-secret=\"i0bWEAEuSK\" frameborder=\"0\" marginwidth=\"0\" marginheight=\"0\" scrolling=\"no\" class=\"wp-embedded-content\"><\/iframe><script>\n\/*! This file is auto-generated *\/\n!function(d,l){\"use strict\";l.querySelector&&d.addEventListener&&\"undefined\"!=typeof URL&&(d.wp=d.wp||{},d.wp.receiveEmbedMessage||(d.wp.receiveEmbedMessage=function(e){var t=e.data;if((t||t.secret||t.message||t.value)&&!\/[^a-zA-Z0-9]\/.test(t.secret)){for(var s,r,n,a=l.querySelectorAll('iframe[data-secret=\"'+t.secret+'\"]'),o=l.querySelectorAll('blockquote[data-secret=\"'+t.secret+'\"]'),c=new RegExp(\"^https?:$\",\"i\"),i=0;i<o.length;i++)o[i].style.display=\"none\";for(i=0;i<a.length;i++)s=a[i],e.source===s.contentWindow&&(s.removeAttribute(\"style\"),\"height\"===t.message?(1e3<(r=parseInt(t.value,10))?r=1e3:~~r<200&&(r=200),s.height=r):\"link\"===t.message&&(r=new URL(s.getAttribute(\"src\")),n=new URL(t.value),c.test(n.protocol))&&n.host===r.host&&l.activeElement===s&&(d.top.location.href=t.value))}},d.addEventListener(\"message\",d.wp.receiveEmbedMessage,!1),l.addEventListener(\"DOMContentLoaded\",function(){for(var e,t,s=l.querySelectorAll(\"iframe.wp-embedded-content\"),r=0;r<s.length;r++)(t=(e=s[r]).getAttribute(\"data-secret\"))||(t=Math.random().toString(36).substring(2,12),e.src+=\"#?secret=\"+t,e.setAttribute(\"data-secret\",t)),e.contentWindow.postMessage({message:\"ready\",secret:t},\"*\")},!1)))}(window,document);\n\/\/# sourceURL=https:\/\/quechilero.com\/blog\/wp-includes\/js\/wp-embed.min.js\n<\/script>\n"},"jetpack_publicize_connections":[],"jetpack_shortlink":"https:\/\/wp.me\/pDKli-3nc","jetpack_sharing_enabled":true,"jetpack-related-posts":[{"id":1055,"url":"https:\/\/quechilero.com\/blog\/2008\/08\/18\/comunion-en-la-luna\/","url_meta":{"origin":12970,"position":0},"title":"Comuni\u00f3n en la luna","author":"Pepe Barrascout Ortiz","date":"18 agosto 2008","format":false,"excerpt":"El Apolo 11 aluniz\u00f3 sobre la superficie de la luna el 20 de julio de 1969. La mayor\u00eda de nosotros estamos familiarizados con la hist\u00f3rica declaraci\u00f3n de Armstrong cuando pis\u00f3 la superficie lunar: \"Es un peque\u00f1o paso para un hombre; un gran salto para la humanidad\". Pero muy pocas personas\u2026","rel":"","context":"En \u00abLimones\u00bb","block_context":{"text":"Limones","link":"https:\/\/quechilero.com\/blog\/category\/limones\/"},"img":{"alt_text":"","src":"","width":0,"height":0},"classes":[]},{"id":20038,"url":"https:\/\/quechilero.com\/blog\/2015\/04\/10\/desechos-de-la-sociedad\/","url_meta":{"origin":12970,"position":1},"title":"Desechos de la sociedad","author":"Pepe Barrascout Ortiz","date":"10 abril 2015","format":false,"excerpt":"Un hombre le dio a Dios todo su coraz\u00f3n y puso su vida a Su servicio. Dios escuch\u00f3 y le dio la oportunidad. Le puso en una iglesia. Su trabajo era buscar las almas. El hombre esper\u00f3 las instrucciones de Dios. Esper\u00f3 y esper\u00f3... Hasta que Dios le dijo que\u2026","rel":"","context":"En \u00abLimones\u00bb","block_context":{"text":"Limones","link":"https:\/\/quechilero.com\/blog\/category\/limones\/"},"img":{"alt_text":"","src":"","width":0,"height":0},"classes":[]},{"id":15257,"url":"https:\/\/quechilero.com\/blog\/2012\/12\/11\/de-la-realidad\/","url_meta":{"origin":12970,"position":2},"title":"De la Realidad","author":"Pepe Barrascout Ortiz","date":"11 diciembre 2012","format":false,"excerpt":"Sartre dijo: \"El hombre es aquello que decidi\u00f3 que deb\u00eda ser.\" A los 20 a\u00f1os, el famoso compositor mexicano Agust\u00edn Lara vio naufragar el nav\u00edo donde viajaba. Durante horas, luch\u00f3 contra las olas, jurando a Dios que, si llegase a la playa, olvidar\u00eda su pasado y comenzar\u00eda una nueva vida.\u2026","rel":"","context":"En \u00abLimones\u00bb","block_context":{"text":"Limones","link":"https:\/\/quechilero.com\/blog\/category\/limones\/"},"img":{"alt_text":"","src":"","width":0,"height":0},"classes":[]},{"id":299,"url":"https:\/\/quechilero.com\/blog\/2006\/11\/01\/atender-la-llamada\/","url_meta":{"origin":12970,"position":3},"title":"Atender la llamada","author":"Pepe Barrascout Ortiz","date":"1 noviembre 2006","format":false,"excerpt":"En una noche de s\u00e1bado hace varias semanas, se encontraba un pastor trabajando hasta tarde, y decidi\u00f3 llamar a su esposa para avisarle que en ese momento sal\u00eda para irse a casa. Eran cerca de las 10:00 p.m., y a pesar que dej\u00f3 que sonara varias veces, su esposa no\u2026","rel":"","context":"En \u00abLimones\u00bb","block_context":{"text":"Limones","link":"https:\/\/quechilero.com\/blog\/category\/limones\/"},"img":{"alt_text":"","src":"","width":0,"height":0},"classes":[]},{"id":14883,"url":"https:\/\/quechilero.com\/blog\/2012\/10\/18\/depender-de-dios-2\/","url_meta":{"origin":12970,"position":4},"title":"Depender de Dios","author":"Pepe Barrascout Ortiz","date":"18 octubre 2012","format":false,"excerpt":"Un hombre agricultor de pocos recursos econ\u00f3micos marchaba de su isla natal en la costa occidental de Escocia, donde no hab\u00eda medios de comunicaci\u00f3n, por lo que hab\u00eda visto pocas cosas. En el barco le contaban acerca de las maravillas que ver\u00eda en la isla de Mull. La isla de\u2026","rel":"","context":"En \u00abLimones\u00bb","block_context":{"text":"Limones","link":"https:\/\/quechilero.com\/blog\/category\/limones\/"},"img":{"alt_text":"","src":"","width":0,"height":0},"classes":[]},{"id":16348,"url":"https:\/\/quechilero.com\/blog\/2013\/03\/19\/un-momento-de-silencio-como-san-jose\/","url_meta":{"origin":12970,"position":5},"title":"Un momento de silencio&#8230; como San Jos\u00e9","author":"Pepe Barrascout Ortiz","date":"19 marzo 2013","format":false,"excerpt":"As\u00ed como hay dolor y alegr\u00eda, as\u00ed como hay inquietud y paz; as\u00ed el hombre tiene en su vida dos cauces por donde transcurre su existencia: La palabra y el silencio. La palabra, del lat\u00edn par\u00e1bola, es la facultad natural de hablar. Solo el hombre disfruta de la palabra. La\u2026","rel":"","context":"En \u00abLimones\u00bb","block_context":{"text":"Limones","link":"https:\/\/quechilero.com\/blog\/category\/limones\/"},"img":{"alt_text":"","src":"","width":0,"height":0},"classes":[]}],"jetpack_featured_media_url":"","_links":{"self":[{"href":"https:\/\/quechilero.com\/blog\/wp-json\/wp\/v2\/posts\/12970","targetHints":{"allow":["GET"]}}],"collection":[{"href":"https:\/\/quechilero.com\/blog\/wp-json\/wp\/v2\/posts"}],"about":[{"href":"https:\/\/quechilero.com\/blog\/wp-json\/wp\/v2\/types\/post"}],"author":[{"embeddable":true,"href":"https:\/\/quechilero.com\/blog\/wp-json\/wp\/v2\/users\/1"}],"replies":[{"embeddable":true,"href":"https:\/\/quechilero.com\/blog\/wp-json\/wp\/v2\/comments?post=12970"}],"version-history":[{"count":0,"href":"https:\/\/quechilero.com\/blog\/wp-json\/wp\/v2\/posts\/12970\/revisions"}],"wp:attachment":[{"href":"https:\/\/quechilero.com\/blog\/wp-json\/wp\/v2\/media?parent=12970"}],"wp:term":[{"taxonomy":"category","embeddable":true,"href":"https:\/\/quechilero.com\/blog\/wp-json\/wp\/v2\/categories?post=12970"},{"taxonomy":"post_tag","embeddable":true,"href":"https:\/\/quechilero.com\/blog\/wp-json\/wp\/v2\/tags?post=12970"},{"taxonomy":"series","embeddable":true,"href":"https:\/\/quechilero.com\/blog\/wp-json\/wp\/v2\/series?post=12970"}],"curies":[{"name":"wp","href":"https:\/\/api.w.org\/{rel}","templated":true}]}}