{"id":12962,"date":"2013-05-10T05:00:06","date_gmt":"2013-05-10T11:00:06","guid":{"rendered":"http:\/\/quechilero.com\/blog\/?p=12962"},"modified":"2013-05-10T05:00:06","modified_gmt":"2013-05-10T11:00:06","slug":"limonada-265","status":"publish","type":"post","link":"https:\/\/quechilero.com\/blog\/2013\/05\/10\/limonada-265\/","title":{"rendered":"Limonada # 265"},"content":{"rendered":"<blockquote><p>El que domina a los otros es fuerte; el que se domina a s\u00ed mismo es poderoso.<\/p>\n<p><em>Lao-ts\u00e9<\/em><\/p>\n<p><img data-recalc-dims=\"1\" decoding=\"async\" src=\"https:\/\/i0.wp.com\/archive.org\/download\/QueChileroBlog\/libros.jpg?w=1200&#038;ssl=1\" alt=\"Libros\" \/><\/p><\/blockquote>\n","protected":false},"excerpt":{"rendered":"<p>El que domina a los otros es fuerte; el que se domina a s\u00ed mismo es poderoso. Lao-ts\u00e9<\/p>\n","protected":false},"author":1,"featured_media":0,"comment_status":"open","ping_status":"open","sticky":false,"template":"","format":"standard","meta":{"advanced_seo_description":"","jetpack_seo_html_title":"","jetpack_seo_noindex":false,"jetpack_seo_schema_type":"","episode_type":"","audio_file":"","podmotor_file_id":"","podmotor_episode_id":"","cover_image":"","cover_image_id":"","duration":"","filesize":"","filesize_raw":"","date_recorded":"","explicit":"","block":"","_jetpack_newsletter_access":"","_jetpack_dont_email_post_to_subs":false,"_jetpack_newsletter_tier_id":0,"_jetpack_memberships_contains_paywalled_content":false,"_jetpack_feature_clip_id":0,"_jetpack_memberships_contains_paid_content":false,"footnotes":"","jetpack_publicize_message":"","jetpack_publicize_feature_enabled":true,"jetpack_social_post_already_shared":false,"jetpack_social_options":{"image_generator_settings":{"template":"highway","default_image_id":0,"font":"","enabled":false},"version":2},"jetpack_post_was_ever_published":false},"categories":[73],"tags":[19],"series":[],"class_list":["post-12962","post","type-post","status-publish","format-standard","hentry","category-limonadas","tag-limonada"],"episode_featured_image":false,"episode_player_image":"https:\/\/i0.wp.com\/quechilero.com\/blog\/imagenes\/podcast.png?fit=1831%2C1831&ssl=1","download_link":"","player_link":"","audio_player":false,"episode_data":{"playerMode":"dark","subscribeUrls":{"amazon":{"key":"amazon","url":"","label":"Amazon","class":"amazon","icon":"amazon.png"},"apple_podcasts":{"key":"apple_podcasts","url":"","label":"Apple Podcasts","class":"apple_podcasts","icon":"apple-podcasts.png"},"castbox":{"key":"castbox","url":"","label":"CastBox","class":"castbox","icon":"castbox.png"},"deezer":{"key":"deezer","url":"","label":"Deezer","class":"deezer","icon":"deezer.png"},"google_podcasts":{"key":"google_podcasts","url":"","label":"Google Podcasts","class":"google_podcasts","icon":"google-podcasts.png"},"listen_notes":{"key":"listen_notes","url":"","label":"Listen Notes","class":"listen_notes","icon":"listen-notes.png"},"pandora":{"key":"pandora","url":"","label":"Pandora","class":"pandora","icon":"pandora.png"},"podbean":{"key":"podbean","url":"","label":"Podbean","class":"podbean","icon":"podbean.png"},"podcast_republic":{"key":"podcast_republic","url":"","label":"Podcast Republic","class":"podcast_republic","icon":"podcast-republic.png"},"rss":{"key":"rss","url":"","label":"RSS","class":"rss","icon":"rss.png"},"spotify":{"key":"spotify","url":"","label":"Spotify","class":"spotify","icon":"spotify.png"},"stitcher":{"key":"stitcher","url":"","label":"Stitcher","class":"stitcher","icon":"stitcher.png"},"tunein":{"key":"tunein","url":"","label":"TuneIn","class":"tunein","icon":"tunein.png"},"youtube":{"key":"youtube","url":"","label":"YouTube","class":"youtube","icon":"youtube.png"},"iheartradio":{"key":"iheartradio","url":"","label":"iHeartRadio","class":"iheartradio","icon":"iheartradio.png"},"ivoox":{"key":"ivoox","url":"","label":"iVoox","class":"ivoox","icon":"ivoox.png"}},"rssFeedUrl":"https:\/\/quechilero.com\/blog\/feed\/podcast\/si-la-vida-nos-da-limones","embedCode":"<blockquote class=\"wp-embedded-content\" data-secret=\"8m59DQAv9r\"><a href=\"https:\/\/quechilero.com\/blog\/2013\/05\/10\/limonada-265\/\">Limonada # 265<\/a><\/blockquote><iframe sandbox=\"allow-scripts\" security=\"restricted\" src=\"https:\/\/quechilero.com\/blog\/2013\/05\/10\/limonada-265\/embed\/#?secret=8m59DQAv9r\" width=\"500\" height=\"350\" title=\"\u00abLimonada # 265\u00bb \u2014 Si la Vida nos da Limones...\" data-secret=\"8m59DQAv9r\" frameborder=\"0\" marginwidth=\"0\" marginheight=\"0\" scrolling=\"no\" class=\"wp-embedded-content\"><\/iframe><script>\n\/*! This file is auto-generated *\/\n!function(d,l){\"use strict\";l.querySelector&&d.addEventListener&&\"undefined\"!=typeof URL&&(d.wp=d.wp||{},d.wp.receiveEmbedMessage||(d.wp.receiveEmbedMessage=function(e){var t=e.data;if((t||t.secret||t.message||t.value)&&!\/[^a-zA-Z0-9]\/.test(t.secret)){for(var s,r,n,a=l.querySelectorAll('iframe[data-secret=\"'+t.secret+'\"]'),o=l.querySelectorAll('blockquote[data-secret=\"'+t.secret+'\"]'),c=new RegExp(\"^https?:$\",\"i\"),i=0;i<o.length;i++)o[i].style.display=\"none\";for(i=0;i<a.length;i++)s=a[i],e.source===s.contentWindow&&(s.removeAttribute(\"style\"),\"height\"===t.message?(1e3<(r=parseInt(t.value,10))?r=1e3:~~r<200&&(r=200),s.height=r):\"link\"===t.message&&(r=new URL(s.getAttribute(\"src\")),n=new URL(t.value),c.test(n.protocol))&&n.host===r.host&&l.activeElement===s&&(d.top.location.href=t.value))}},d.addEventListener(\"message\",d.wp.receiveEmbedMessage,!1),l.addEventListener(\"DOMContentLoaded\",function(){for(var e,t,s=l.querySelectorAll(\"iframe.wp-embedded-content\"),r=0;r<s.length;r++)(t=(e=s[r]).getAttribute(\"data-secret\"))||(t=Math.random().toString(36).substring(2,12),e.src+=\"#?secret=\"+t,e.setAttribute(\"data-secret\",t)),e.contentWindow.postMessage({message:\"ready\",secret:t},\"*\")},!1)))}(window,document);\n\/\/# sourceURL=https:\/\/quechilero.com\/blog\/wp-includes\/js\/wp-embed.min.js\n<\/script>\n"},"jetpack_publicize_connections":[],"jetpack_shortlink":"https:\/\/wp.me\/pDKli-3n4","jetpack_sharing_enabled":true,"jetpack-related-posts":[{"id":19469,"url":"https:\/\/quechilero.com\/blog\/2014\/10\/31\/limonada-342\/","url_meta":{"origin":12962,"position":0},"title":"Limonada # 342","author":"Pepe Barrascout Ortiz","date":"31 octubre 2014","format":false,"excerpt":"El que se domina a si mismo, domina al peor de sus enemigos. An\u00f3nimo","rel":"","context":"En \u00abLimonadas\u00bb","block_context":{"text":"Limonadas","link":"https:\/\/quechilero.com\/blog\/category\/limonadas\/"},"img":{"alt_text":"","src":"","width":0,"height":0},"classes":[]},{"id":4359,"url":"https:\/\/quechilero.com\/blog\/2010\/02\/28\/palabras\/","url_meta":{"origin":12962,"position":1},"title":"Palabras","author":"Pepe Barrascout Ortiz","date":"28 febrero 2010","format":false,"excerpt":"Los disc\u00edpulos estaban enzarzados en una discusi\u00f3n sobre la sentencia de Lao-Tse: \"Los que saben, no hablan; los que hablan, no saben.\" Cuando el Maestro entr\u00f3 donde ellos estaban, le preguntaron cu\u00e1l era el significado exacto de aquellas palabras. El Maestro les dijo: - \"\u00bfQui\u00e9n de vosotros conoce la fragancia\u2026","rel":"","context":"En \u00abLimones\u00bb","block_context":{"text":"Limones","link":"https:\/\/quechilero.com\/blog\/category\/limones\/"},"img":{"alt_text":"","src":"","width":0,"height":0},"classes":[]},{"id":21335,"url":"https:\/\/quechilero.com\/blog\/2015\/11\/20\/limonada-385\/","url_meta":{"origin":12962,"position":2},"title":"Limonada # 385","author":"Pepe Barrascout Ortiz","date":"20 noviembre 2015","format":false,"excerpt":"\u00abTodo me es l\u00edcito\u00bb; mas no todo me conviene. \u00abTodo me es l\u00edcito\u00bb; mas \u00a1no me dejar\u00e9 dominar por nada!. Primera carta a los Corintios, Cap\u00edtulo seis, Vers\u00edculo doce (1 Cor 6,12)","rel":"","context":"En \u00abLimonadas\u00bb","block_context":{"text":"Limonadas","link":"https:\/\/quechilero.com\/blog\/category\/limonadas\/"},"img":{"alt_text":"","src":"","width":0,"height":0},"classes":[]},{"id":11437,"url":"https:\/\/quechilero.com\/blog\/2011\/12\/17\/donde-esta-tu-tesoro\/","url_meta":{"origin":12962,"position":3},"title":"\u00bfD\u00f3nde est\u00e1 t\u00fa tesoro?","author":"Pepe Barrascout Ortiz","date":"17 diciembre 2011","format":false,"excerpt":"\u00bfPiensas mucho en dinero? Pues all\u00ed est\u00e1 tu tesoro. \u00bfTus pensamientos est\u00e1n en el amor? All\u00ed est\u00e1 tu tesoro. \u00bfTe absorbe tu trabajo? Ah\u00ed est\u00e1 tu principal valor. \u00bfQu\u00e9 te ocupa? \u00bfQu\u00e9 te preocupa? \u00bfCu\u00e1les ideas est\u00e1n contigo casi siempre? \u00bfQu\u00e9 es lo que m\u00e1s valoras? Si tienes signo de\u2026","rel":"","context":"En \u00abLimones\u00bb","block_context":{"text":"Limones","link":"https:\/\/quechilero.com\/blog\/category\/limones\/"},"img":{"alt_text":"","src":"","width":0,"height":0},"classes":[]},{"id":14077,"url":"https:\/\/quechilero.com\/blog\/2012\/08\/02\/la-mona-lisa-con-dominos\/","url_meta":{"origin":12962,"position":4},"title":"La Mona Lisa con domin\u00f3s","author":"Pepe Barrascout Ortiz","date":"2 agosto 2012","format":false,"excerpt":"https:\/\/youtu.be\/z6mLPURj3_k Este proyecto fue realizado con 4,519 fichas de domin\u00f3, despu\u00e9s de algunos accidentes en su montaje y luego de varias horas de trabajo y mucha paciencia, finalmente sale a la luz, la Mona Lisa con domin\u00f3s. Lo interesante de este montaje, es que la obra se aprecia mejor, cuando\u2026","rel":"","context":"En \u00abLimones\u00bb","block_context":{"text":"Limones","link":"https:\/\/quechilero.com\/blog\/category\/limones\/"},"img":{"alt_text":"","src":"https:\/\/i0.wp.com\/img.youtube.com\/vi\/z6mLPURj3_k\/0.jpg?resize=350%2C200","width":350,"height":200},"classes":[]},{"id":883,"url":"https:\/\/quechilero.com\/blog\/2008\/02\/28\/cuaresma-evangelio-28-feb-08\/","url_meta":{"origin":12962,"position":5},"title":"Cuaresma &#8211; Evangelio 28 feb 08","author":"Pepe Barrascout Ortiz","date":"28 febrero 2008","format":false,"excerpt":"Evangelio seg\u00fan San Lucas 11,14-23. Jes\u00fas estaba expulsando a un demonio que era mudo. Apenas sali\u00f3 el demonio, el mudo empez\u00f3 a hablar. La muchedumbre qued\u00f3 admirada, pero algunos de ellos dec\u00edan: \"Este expulsa a los demonios por el poder de Belzebul, el Pr\u00edncipe de los demonios\". Otros, para ponerlo\u2026","rel":"","context":"En \u00abLimones\u00bb","block_context":{"text":"Limones","link":"https:\/\/quechilero.com\/blog\/category\/limones\/"},"img":{"alt_text":"","src":"","width":0,"height":0},"classes":[]}],"jetpack_featured_media_url":"","_links":{"self":[{"href":"https:\/\/quechilero.com\/blog\/wp-json\/wp\/v2\/posts\/12962","targetHints":{"allow":["GET"]}}],"collection":[{"href":"https:\/\/quechilero.com\/blog\/wp-json\/wp\/v2\/posts"}],"about":[{"href":"https:\/\/quechilero.com\/blog\/wp-json\/wp\/v2\/types\/post"}],"author":[{"embeddable":true,"href":"https:\/\/quechilero.com\/blog\/wp-json\/wp\/v2\/users\/1"}],"replies":[{"embeddable":true,"href":"https:\/\/quechilero.com\/blog\/wp-json\/wp\/v2\/comments?post=12962"}],"version-history":[{"count":0,"href":"https:\/\/quechilero.com\/blog\/wp-json\/wp\/v2\/posts\/12962\/revisions"}],"wp:attachment":[{"href":"https:\/\/quechilero.com\/blog\/wp-json\/wp\/v2\/media?parent=12962"}],"wp:term":[{"taxonomy":"category","embeddable":true,"href":"https:\/\/quechilero.com\/blog\/wp-json\/wp\/v2\/categories?post=12962"},{"taxonomy":"post_tag","embeddable":true,"href":"https:\/\/quechilero.com\/blog\/wp-json\/wp\/v2\/tags?post=12962"},{"taxonomy":"series","embeddable":true,"href":"https:\/\/quechilero.com\/blog\/wp-json\/wp\/v2\/series?post=12962"}],"curies":[{"name":"wp","href":"https:\/\/api.w.org\/{rel}","templated":true}]}}