{"id":1285,"date":"2008-08-01T12:00:27","date_gmt":"2008-08-01T18:00:27","guid":{"rendered":"http:\/\/quechilero.com\/blog\/?p=1285"},"modified":"2008-08-01T12:00:27","modified_gmt":"2008-08-01T18:00:27","slug":"un-blog-desde-guate","status":"publish","type":"post","link":"https:\/\/quechilero.com\/blog\/2008\/08\/01\/un-blog-desde-guate\/","title":{"rendered":"Marat\u00f3n &#8211; Blog desde Guate"},"content":{"rendered":"<figure style=\"width: 340px\" class=\"wp-caption alignleft\"><a href=\"http:\/\/desdeguate.blogspot.com\/\"><img data-recalc-dims=\"1\" loading=\"lazy\" decoding=\"async\" style=\"margin-right: 5px;\" title=\"Marat\u00f3n de Blogs\" src=\"https:\/\/i0.wp.com\/img145.imageshack.us\/img145\/5861\/desdeguatejp9.jpg?resize=350%2C352\" alt=\"Blog desde Guatemala\" width=\"350\" height=\"352\" \/><\/a><figcaption class=\"wp-caption-text\">Blog desde Guatemala<\/figcaption><\/figure>\n<p>Iniciamos por tercer a\u00f1o consecutivo, la <a title=\"Marat\u00f3n de Blogs\" href=\"http:\/\/quechilero.com\/blog\/2008\/07\/31\/maraton-de-blogs-2008\/\">Marat\u00f3n de Blogs 2008<\/a>, con el <a title=\"Marat\u00f3n de Blogs\" href=\"http:\/\/desdeguate.blogspot.com\/\" target=\"_blank\"><strong>Blog desde Guatemala<\/strong><\/a>. Se encuentra alojado en <em>Blogger<\/em> y cuenta con publicaciones desde hace varios a\u00f1os.<\/p>\n<p>Su principal objetivo es <em>\u00abser una ventana al mundo\u00bb<\/em> y dar a conocer de una manera muy positiva, de las maravillas naturales, arqueol\u00f3gicas y cotidianas que tenemos en Guatemala.<\/p>\n<p>Ac\u00e1 redescubrimos lugares que por alg\u00fan momento dejamos olvidados o que por el acontecer diario, queda relegados para otra oportunidad. Sin embargo al leer <em>en sus p\u00e1ginas<\/em> los art\u00edculos amplios, extensos y profusamente ilustrados, podemos llegar a todos estos lugares olvidados de nuestra Guatemala.<\/p>\n<p><strong>Lo que mas me gusta<\/strong> de este blog, es la forma tan amena en la que describe los distintos lugares tur\u00edsticos y otros no tantos que tiene nuestro pa\u00eds, las fotograf\u00edas muy interesantes que hay en el mismo, aunque me gustar\u00eda que fueran un poco mas grandes, pero los textos tan bien desarrollados lo compensan.<\/p>\n<p>Los invito a leer <strong><a title=\"Marat\u00f3n de Blogs\" href=\"http:\/\/desdeguate.blogspot.com\/\" target=\"_blank\"><strong>Blog desde <\/strong><\/a><\/strong><strong><a title=\"Marat\u00f3n de Blogs\" href=\"http:\/\/desdeguate.blogspot.com\/\" target=\"_blank\"><strong>Guatemala<\/strong><\/a><\/strong> entre sus art\u00edculos destaca \u00ab<a title=\"Marat\u00f3n de Blogs\" href=\"http:\/\/desdeguate.blogspot.com\/2008\/07\/en-el-reloj-de-flores.html\" target=\"_blank\">El reloj de flores<\/a>\u00ab.<\/p>\n<p>Lee m\u00e1s rese\u00f1as de la <a title=\"Marat\u00f3n de Blogs\" href=\"http:\/\/quechilero.com\/blog\/2008\/07\/31\/maraton-de-blogs-2008\/\"><strong><\/strong><\/a><strong><a title=\"Marat\u00f3n de Blogs\" href=\"http:\/\/quechilero.com\/blog\/2008\/07\/31\/maraton-de-blogs-2008\/\">Marat\u00f3n de Blogs 2008<\/a><\/strong><\/p>\n<p>Actualmente en <strong><a title=\"Marat\u00f3n de Blogs\" href=\"http:\/\/desdeguate.blogspot.com\/\" target=\"_blank\"><strong>Blog desde Guatemala<\/strong><\/a> <\/strong>puedes leer sobre:<\/p>\n<p><a href=\"http:\/\/img177.imageshack.us\/my.php?image=palabrasjs5.jpg\"><img data-recalc-dims=\"1\" loading=\"lazy\" decoding=\"async\" class=\"alignnone\" src=\"https:\/\/i0.wp.com\/img177.imageshack.us\/img177\/2208\/palabrasjs5.jpg?resize=578%2C286\" alt=\"\" width=\"578\" height=\"286\" \/><\/a><\/p>\n","protected":false},"excerpt":{"rendered":"<p>Iniciamos por tercer a\u00f1o consecutivo, la Marat\u00f3n de Blogs 2008, con el Blog desde Guatemala. Se encuentra alojado en Blogger y cuenta con publicaciones desde hace varios a\u00f1os. Su principal objetivo es \u00abser una ventana al mundo\u00bb y dar a conocer de una manera muy positiva, de las maravillas naturales, arqueol\u00f3gicas y cotidianas que tenemos &#8230; <a title=\"Marat\u00f3n &#8211; Blog desde Guate\" class=\"read-more\" href=\"https:\/\/quechilero.com\/blog\/2008\/08\/01\/un-blog-desde-guate\/\" aria-label=\"Leer m\u00e1s sobre Marat\u00f3n &#8211; Blog desde Guate\">Leer m\u00e1s<\/a><\/p>\n","protected":false},"author":1,"featured_media":0,"comment_status":"open","ping_status":"open","sticky":false,"template":"","format":"standard","meta":{"advanced_seo_description":"","jetpack_seo_html_title":"","jetpack_seo_noindex":false,"jetpack_seo_schema_type":"","episode_type":"","audio_file":"","podmotor_file_id":"","podmotor_episode_id":"","cover_image":"","cover_image_id":"","duration":"","filesize":"","filesize_raw":"","date_recorded":"","explicit":"","block":"","_jetpack_newsletter_access":"","_jetpack_dont_email_post_to_subs":false,"_jetpack_newsletter_tier_id":0,"_jetpack_memberships_contains_paywalled_content":false,"_jetpack_feature_clip_id":0,"_jetpack_memberships_contains_paid_content":false,"footnotes":"","jetpack_publicize_message":"","jetpack_publicize_feature_enabled":true,"jetpack_social_post_already_shared":false,"jetpack_social_options":{"image_generator_settings":{"template":"highway","default_image_id":0,"font":"","enabled":false},"version":2},"jetpack_post_was_ever_published":false},"categories":[61],"tags":[4,88,8,10,62,42,24],"series":[],"class_list":["post-1285","post","type-post","status-publish","format-standard","hentry","category-blogs-de-guatemala","tag-blog","tag-flores","tag-fotografia","tag-guatemala","tag-maraton","tag-palabra","tag-vida"],"episode_featured_image":false,"episode_player_image":"https:\/\/i0.wp.com\/quechilero.com\/blog\/imagenes\/podcast.png?fit=1831%2C1831&ssl=1","download_link":"","player_link":"","audio_player":false,"episode_data":{"playerMode":"dark","subscribeUrls":{"amazon":{"key":"amazon","url":"","label":"Amazon","class":"amazon","icon":"amazon.png"},"apple_podcasts":{"key":"apple_podcasts","url":"","label":"Apple Podcasts","class":"apple_podcasts","icon":"apple-podcasts.png"},"castbox":{"key":"castbox","url":"","label":"CastBox","class":"castbox","icon":"castbox.png"},"deezer":{"key":"deezer","url":"","label":"Deezer","class":"deezer","icon":"deezer.png"},"google_podcasts":{"key":"google_podcasts","url":"","label":"Google Podcasts","class":"google_podcasts","icon":"google-podcasts.png"},"listen_notes":{"key":"listen_notes","url":"","label":"Listen Notes","class":"listen_notes","icon":"listen-notes.png"},"pandora":{"key":"pandora","url":"","label":"Pandora","class":"pandora","icon":"pandora.png"},"podbean":{"key":"podbean","url":"","label":"Podbean","class":"podbean","icon":"podbean.png"},"podcast_republic":{"key":"podcast_republic","url":"","label":"Podcast Republic","class":"podcast_republic","icon":"podcast-republic.png"},"rss":{"key":"rss","url":"","label":"RSS","class":"rss","icon":"rss.png"},"spotify":{"key":"spotify","url":"","label":"Spotify","class":"spotify","icon":"spotify.png"},"stitcher":{"key":"stitcher","url":"","label":"Stitcher","class":"stitcher","icon":"stitcher.png"},"tunein":{"key":"tunein","url":"","label":"TuneIn","class":"tunein","icon":"tunein.png"},"youtube":{"key":"youtube","url":"","label":"YouTube","class":"youtube","icon":"youtube.png"},"iheartradio":{"key":"iheartradio","url":"","label":"iHeartRadio","class":"iheartradio","icon":"iheartradio.png"},"ivoox":{"key":"ivoox","url":"","label":"iVoox","class":"ivoox","icon":"ivoox.png"}},"rssFeedUrl":"https:\/\/quechilero.com\/blog\/feed\/podcast\/si-la-vida-nos-da-limones","embedCode":"<blockquote class=\"wp-embedded-content\" data-secret=\"eiz3Ym4DVe\"><a href=\"https:\/\/quechilero.com\/blog\/2008\/08\/01\/un-blog-desde-guate\/\">Marat\u00f3n &#8211; Blog desde Guate<\/a><\/blockquote><iframe sandbox=\"allow-scripts\" security=\"restricted\" src=\"https:\/\/quechilero.com\/blog\/2008\/08\/01\/un-blog-desde-guate\/embed\/#?secret=eiz3Ym4DVe\" width=\"500\" height=\"350\" title=\"\u00abMarat\u00f3n &#8211; Blog desde Guate\u00bb \u2014 Si la Vida nos da Limones...\" data-secret=\"eiz3Ym4DVe\" frameborder=\"0\" marginwidth=\"0\" marginheight=\"0\" scrolling=\"no\" class=\"wp-embedded-content\"><\/iframe><script>\n\/*! This file is auto-generated *\/\n!function(d,l){\"use strict\";l.querySelector&&d.addEventListener&&\"undefined\"!=typeof URL&&(d.wp=d.wp||{},d.wp.receiveEmbedMessage||(d.wp.receiveEmbedMessage=function(e){var t=e.data;if((t||t.secret||t.message||t.value)&&!\/[^a-zA-Z0-9]\/.test(t.secret)){for(var s,r,n,a=l.querySelectorAll('iframe[data-secret=\"'+t.secret+'\"]'),o=l.querySelectorAll('blockquote[data-secret=\"'+t.secret+'\"]'),c=new RegExp(\"^https?:$\",\"i\"),i=0;i<o.length;i++)o[i].style.display=\"none\";for(i=0;i<a.length;i++)s=a[i],e.source===s.contentWindow&&(s.removeAttribute(\"style\"),\"height\"===t.message?(1e3<(r=parseInt(t.value,10))?r=1e3:~~r<200&&(r=200),s.height=r):\"link\"===t.message&&(r=new URL(s.getAttribute(\"src\")),n=new URL(t.value),c.test(n.protocol))&&n.host===r.host&&l.activeElement===s&&(d.top.location.href=t.value))}},d.addEventListener(\"message\",d.wp.receiveEmbedMessage,!1),l.addEventListener(\"DOMContentLoaded\",function(){for(var e,t,s=l.querySelectorAll(\"iframe.wp-embedded-content\"),r=0;r<s.length;r++)(t=(e=s[r]).getAttribute(\"data-secret\"))||(t=Math.random().toString(36).substring(2,12),e.src+=\"#?secret=\"+t,e.setAttribute(\"data-secret\",t)),e.contentWindow.postMessage({message:\"ready\",secret:t},\"*\")},!1)))}(window,document);\n\/\/# sourceURL=https:\/\/quechilero.com\/blog\/wp-includes\/js\/wp-embed.min.js\n<\/script>\n"},"jetpack_publicize_connections":[],"jetpack_shortlink":"https:\/\/wp.me\/pDKli-kJ","jetpack_sharing_enabled":true,"jetpack-related-posts":[{"id":617,"url":"https:\/\/quechilero.com\/blog\/2007\/07\/31\/maraton-de-blogs-de-guatemala\/","url_meta":{"origin":1285,"position":0},"title":"Marat\u00f3n de Blogs de Guatemala","author":"Pepe Barrascout Ortiz","date":"31 julio 2007","format":false,"excerpt":"Hace un a\u00f1o aproximadamente, Oscar (DesdeGuate) organiz\u00f3 una Marat\u00f3n de Blogs Guatemaltecos, cuyo objetivo fue el dar a conocer a otros Blogs de Guatemala, impulsar su desarrollo y creaci\u00f3n de nuevos blogs. En esa oportunidad, uno de mis textos \"Ping Pong Matrix\" fue parte de ese marat\u00f3n, cuando mi blog\u2026","rel":"","context":"En \u00abLimones\u00bb","block_context":{"text":"Limones","link":"https:\/\/quechilero.com\/blog\/category\/limones\/"},"img":{"alt_text":"","src":"","width":0,"height":0},"classes":[]},{"id":639,"url":"https:\/\/quechilero.com\/blog\/2007\/08\/23\/maraton-de-blogs-palacio-de-los-capitanes\/","url_meta":{"origin":1285,"position":1},"title":"Marat\u00f3n de Blogs &#8211; Palacio de los Capitanes","author":"Pepe Barrascout Ortiz","date":"23 agosto 2007","format":false,"excerpt":"Sigue el Marat\u00f3n de Blogs, con este texto publicado originalmente en el blog Mayans in Guatemala, especializado en fotograf\u00edas de alta calidad y muy buena resoluci\u00f3n. Se pueden encontrar im\u00e1genes de los principales puntos tur\u00edsticos del Guatemala, de la arquitectura, de la gente, las costumbres. Sin duda este foto blog\u2026","rel":"","context":"En \u00abLimones\u00bb","block_context":{"text":"Limones","link":"https:\/\/quechilero.com\/blog\/category\/limones\/"},"img":{"alt_text":"","src":"","width":0,"height":0},"classes":[]},{"id":641,"url":"https:\/\/quechilero.com\/blog\/2007\/08\/25\/maraton-de-blogs-panajachel-2\/","url_meta":{"origin":1285,"position":2},"title":"Marat\u00f3n de Blogs &#8211; Panajachel","author":"Pepe Barrascout Ortiz","date":"25 agosto 2007","format":false,"excerpt":"Sigue el Marat\u00f3n de Blogs, con esta fotograf\u00eda publicada originalmente en el blog Panajachel Guatemala, otra postal de uno de los lugares mas emblem\u00e1ticos y m\u00edsticos de Guatemala. \u00bfQuien no se ha sentido atra\u00eddo a tan excelsa manifestaci\u00f3n de Dios por medio de la naturaleza?. Para ti Kiki y por\u2026","rel":"","context":"En \u00abLimones\u00bb","block_context":{"text":"Limones","link":"https:\/\/quechilero.com\/blog\/category\/limones\/"},"img":{"alt_text":"","src":"","width":0,"height":0},"classes":[]},{"id":3263,"url":"https:\/\/quechilero.com\/blog\/2009\/08\/21\/maraton-de-blogs-blog-guatemala\/","url_meta":{"origin":1285,"position":3},"title":"Marat\u00f3n de Blogs: Blog Guatemala","author":"Pepe Barrascout Ortiz","date":"21 agosto 2009","format":false,"excerpt":"Con mas de 3 a\u00f1os de actividad (febrero 2006) y de la mano de Hugo M\u00e9ndez, Blog Guatemala se ha dedicado a presentar el lado bonito de nuestro pa\u00eds, los temas de inter\u00e9s no se hacen esperar y d\u00eda a d\u00eda, son muchos los art\u00edculos de fondo que podemos leer\u2026","rel":"","context":"En \u00abBlogs de Guatemala\u00bb","block_context":{"text":"Blogs de Guatemala","link":"https:\/\/quechilero.com\/blog\/category\/blogs-de-guatemala\/"},"img":{"alt_text":"Marat\u00f3n de Blogs 2009","src":"https:\/\/i0.wp.com\/i392.photobucket.com\/albums\/pp7\/pepejaguar\/maraton2009\/maraton2009.jpg?resize=350%2C200","width":350,"height":200,"srcset":"https:\/\/i0.wp.com\/i392.photobucket.com\/albums\/pp7\/pepejaguar\/maraton2009\/maraton2009.jpg?resize=350%2C200 1x, https:\/\/i0.wp.com\/i392.photobucket.com\/albums\/pp7\/pepejaguar\/maraton2009\/maraton2009.jpg?resize=525%2C300 1.5x"},"classes":[]},{"id":5635,"url":"https:\/\/quechilero.com\/blog\/2010\/09\/10\/premios-del-maraton-de-blogs-2010\/","url_meta":{"origin":1285,"position":4},"title":"Premios del Marat\u00f3n de Blogs 2010","author":"Pepe Barrascout Ortiz","date":"10 septiembre 2010","format":false,"excerpt":"Una parte complementaria del Marat\u00f3n de Blogs 2010, es la premiaci\u00f3n que se realiza a los blogs, que durante el per\u00edodo que dura el Marat\u00f3n, se muestran mas activos y\u00a0participativos. Es una forma de reconocer y motivar el trabajo de sus autores, para que con nuevo \u00e1nimo, sigan publicando tan\u2026","rel":"","context":"En \u00abBlogs de Guatemala\u00bb","block_context":{"text":"Blogs de Guatemala","link":"https:\/\/quechilero.com\/blog\/category\/blogs-de-guatemala\/"},"img":{"alt_text":"","src":"https:\/\/i0.wp.com\/i392.photobucket.com\/albums\/pp7\/pepejaguar\/maraton\/maraton468x602010.jpg?resize=350%2C200","width":350,"height":200},"classes":[]},{"id":640,"url":"https:\/\/quechilero.com\/blog\/2007\/08\/24\/maraton-de-blogs-panajachel\/","url_meta":{"origin":1285,"position":5},"title":"Marat\u00f3n de Blogs &#8211; Panajachel","author":"Pepe Barrascout Ortiz","date":"24 agosto 2007","format":false,"excerpt":"Sigue el Marat\u00f3n de Blogs, con esta fotograf\u00eda publicada originalmente en el blog Panajachel Guatemala, un linda postal de uno de los volcanes que rodean este bello para\u00edso natural. \u00bfAcaso hay alguien que no se sienta atra\u00eddo a tan excelsa manifestaci\u00f3n de Dios por medio de la naturaleza?. Para ti\u2026","rel":"","context":"En \u00abLimones\u00bb","block_context":{"text":"Limones","link":"https:\/\/quechilero.com\/blog\/category\/limones\/"},"img":{"alt_text":"","src":"","width":0,"height":0},"classes":[]}],"jetpack_featured_media_url":"","_links":{"self":[{"href":"https:\/\/quechilero.com\/blog\/wp-json\/wp\/v2\/posts\/1285","targetHints":{"allow":["GET"]}}],"collection":[{"href":"https:\/\/quechilero.com\/blog\/wp-json\/wp\/v2\/posts"}],"about":[{"href":"https:\/\/quechilero.com\/blog\/wp-json\/wp\/v2\/types\/post"}],"author":[{"embeddable":true,"href":"https:\/\/quechilero.com\/blog\/wp-json\/wp\/v2\/users\/1"}],"replies":[{"embeddable":true,"href":"https:\/\/quechilero.com\/blog\/wp-json\/wp\/v2\/comments?post=1285"}],"version-history":[{"count":0,"href":"https:\/\/quechilero.com\/blog\/wp-json\/wp\/v2\/posts\/1285\/revisions"}],"wp:attachment":[{"href":"https:\/\/quechilero.com\/blog\/wp-json\/wp\/v2\/media?parent=1285"}],"wp:term":[{"taxonomy":"category","embeddable":true,"href":"https:\/\/quechilero.com\/blog\/wp-json\/wp\/v2\/categories?post=1285"},{"taxonomy":"post_tag","embeddable":true,"href":"https:\/\/quechilero.com\/blog\/wp-json\/wp\/v2\/tags?post=1285"},{"taxonomy":"series","embeddable":true,"href":"https:\/\/quechilero.com\/blog\/wp-json\/wp\/v2\/series?post=1285"}],"curies":[{"name":"wp","href":"https:\/\/api.w.org\/{rel}","templated":true}]}}