{"id":12790,"date":"2012-03-13T08:00:08","date_gmt":"2012-03-13T14:00:08","guid":{"rendered":"http:\/\/quechilero.com\/blog\/?p=12790"},"modified":"2012-03-13T08:00:08","modified_gmt":"2012-03-13T14:00:08","slug":"los-colores-de-los-amigos","status":"publish","type":"post","link":"https:\/\/quechilero.com\/blog\/2012\/03\/13\/los-colores-de-los-amigos\/","title":{"rendered":"Los colores de los amigos"},"content":{"rendered":"<p>Los amigos son <em>\u00abcolores\u00bb<\/em>, cada uno con su matiz, y una manera de ser siempre bien definida.<\/p>\n<p>Hay un Amigo<em> \u00abcolor verde\u00bb<\/em>: es aquel que en todo resalta la belleza de la vida y pone esperanza en ella. \u00a1\u00c9l nos anima!<\/p>\n<p>Hay un Amigo <em>\u00abcolor azul\u00bb<\/em>: \u00e9l siempre trae palabras de paz y serenidad, d\u00e1ndonos la impresi\u00f3n, al o\u00edrlo, de que estamos en contacto con el cielo o con el profundo azul del mar. \u00a1\u00c9l nos eleva!<\/p>\n<p>Hay un Amigo <em>\u00abcolor amarillo\u00bb<\/em>: \u00e9l nos entibia as\u00ed como el sol; nos hace re\u00edr, sonre\u00edr y encontrar que el brillo amarillo de las estrellas est\u00e1 al alcance de nuestras manos. \u00a1\u00c9l nos alegra!<\/p>\n<p>Hay un Amigo <em>\u00abcolor rojo\u00bb<\/em>: es aquel que domina las reglas del vivir, es como nuestra sangre. Nos indica el peligro, mas nunca nos quita el coraje. Es pr\u00f3digo en palabras apasionadas y repletas de caluroso amor. \u00a1\u00c9l nos vivifica!<\/p>\n<p>Hay un Amigo <em>\u00abcolor naranja\u00bb<\/em>: \u00e9l nos trae la sensaci\u00f3n de vigor y salud. Enriquece nuestro esp\u00edritu con energ\u00edas que son verdaderas vitaminas para nuestro crecimiento. \u00a1\u00c9l nos fortalece!<\/p>\n<p>Hay un Amigo<em> \u00abcolor gris\u00bb<\/em>: \u00e9l nos ense\u00f1a el silencio, la internalizaci\u00f3 n y el autoconocimiento. Es un inductor a pensamientos y reflexiones que nos ayudan a profundizar en nosotros mismos. \u00a1\u00c9l nos pacifica!<\/p>\n<p>Hay un Amigo <em>\u00abcolor violeta\u00bb<\/em>: \u00e9l trae a tono nuestra esencia majestuosa, como la de los reyes y magos. Sus palabras tienen nobleza, autoridad y sabidur\u00eda. \u00a1\u00c9l nos enaltece!<\/p>\n<p>Hay un Amigo <em>\u00abcolor negro\u00bb<\/em>: \u00e9l es maestro en mostrar nuestro lado m\u00e1s oscuro, con palabras generalmente duras. Nos dice la verdad \u00absin anestesia\u00bb y con buenas intenciones. Nos lleva a considerar mejor nuestra actitud frente a la vida. \u00a1\u00c9l nos despierta!<\/p>\n<p>Y hay un Amigo<em> \u00abcolor blanco\u00bb<\/em>: \u00e9se nos revela verdades nacidas de la vivencia y de la adquisici\u00f3n de conocimientos. \u00c9l nos prueba que, no s\u00f3lo el, sino tambi\u00e9n todos los dem\u00e1s, tienen verdades aprendidas para compartir con todos nosotros. \u00a1\u00c9l nos hace madurar!<\/p>\n<p>Si reunimos a todos en un Gran Encuentro, \u00a1veremos un arco iris de AMOR!<\/p>\n","protected":false},"excerpt":{"rendered":"<p>Los amigos son \u00abcolores\u00bb, cada uno con su matiz, y una manera de ser siempre bien definida. Hay un Amigo \u00abcolor verde\u00bb: es aquel que en todo resalta la belleza de la vida y pone esperanza en ella. \u00a1\u00c9l nos anima! Hay un Amigo \u00abcolor azul\u00bb: \u00e9l siempre trae palabras de paz y serenidad, d\u00e1ndonos &#8230; <a title=\"Los colores de los amigos\" class=\"read-more\" href=\"https:\/\/quechilero.com\/blog\/2012\/03\/13\/los-colores-de-los-amigos\/\" aria-label=\"Leer m\u00e1s sobre Los colores de los amigos\">Leer m\u00e1s<\/a><\/p>\n","protected":false},"author":1,"featured_media":0,"comment_status":"open","ping_status":"open","sticky":false,"template":"","format":"standard","meta":{"advanced_seo_description":"","jetpack_seo_html_title":"","jetpack_seo_noindex":false,"jetpack_seo_schema_type":"","episode_type":"","audio_file":"","podmotor_file_id":"","podmotor_episode_id":"","cover_image":"","cover_image_id":"","duration":"","filesize":"","filesize_raw":"","date_recorded":"","explicit":"","block":"","_jetpack_newsletter_access":"","_jetpack_dont_email_post_to_subs":false,"_jetpack_newsletter_tier_id":0,"_jetpack_memberships_contains_paywalled_content":false,"_jetpack_feature_clip_id":0,"_jetpack_memberships_contains_paid_content":false,"footnotes":"","jetpack_publicize_message":"","jetpack_publicize_feature_enabled":true,"jetpack_social_post_already_shared":false,"jetpack_social_options":{"image_generator_settings":{"template":"highway","default_image_id":0,"font":"","enabled":false},"version":2},"jetpack_post_was_ever_published":false},"categories":[2],"tags":[11,15,37,71,42,40,58,41,24],"series":[],"class_list":["post-12790","post","type-post","status-publish","format-standard","hentry","category-limones","tag-amigo","tag-amor","tag-ayuda","tag-energia","tag-palabra","tag-paz","tag-regla","tag-verdad","tag-vida"],"episode_featured_image":false,"episode_player_image":"https:\/\/i0.wp.com\/quechilero.com\/blog\/imagenes\/podcast.png?fit=1831%2C1831&ssl=1","download_link":"","player_link":"","audio_player":false,"episode_data":{"playerMode":"dark","subscribeUrls":{"amazon":{"key":"amazon","url":"","label":"Amazon","class":"amazon","icon":"amazon.png"},"apple_podcasts":{"key":"apple_podcasts","url":"","label":"Apple Podcasts","class":"apple_podcasts","icon":"apple-podcasts.png"},"castbox":{"key":"castbox","url":"","label":"CastBox","class":"castbox","icon":"castbox.png"},"deezer":{"key":"deezer","url":"","label":"Deezer","class":"deezer","icon":"deezer.png"},"google_podcasts":{"key":"google_podcasts","url":"","label":"Google Podcasts","class":"google_podcasts","icon":"google-podcasts.png"},"listen_notes":{"key":"listen_notes","url":"","label":"Listen Notes","class":"listen_notes","icon":"listen-notes.png"},"pandora":{"key":"pandora","url":"","label":"Pandora","class":"pandora","icon":"pandora.png"},"podbean":{"key":"podbean","url":"","label":"Podbean","class":"podbean","icon":"podbean.png"},"podcast_republic":{"key":"podcast_republic","url":"","label":"Podcast Republic","class":"podcast_republic","icon":"podcast-republic.png"},"rss":{"key":"rss","url":"","label":"RSS","class":"rss","icon":"rss.png"},"spotify":{"key":"spotify","url":"","label":"Spotify","class":"spotify","icon":"spotify.png"},"stitcher":{"key":"stitcher","url":"","label":"Stitcher","class":"stitcher","icon":"stitcher.png"},"tunein":{"key":"tunein","url":"","label":"TuneIn","class":"tunein","icon":"tunein.png"},"youtube":{"key":"youtube","url":"","label":"YouTube","class":"youtube","icon":"youtube.png"},"iheartradio":{"key":"iheartradio","url":"","label":"iHeartRadio","class":"iheartradio","icon":"iheartradio.png"},"ivoox":{"key":"ivoox","url":"","label":"iVoox","class":"ivoox","icon":"ivoox.png"}},"rssFeedUrl":"https:\/\/quechilero.com\/blog\/feed\/podcast\/si-la-vida-nos-da-limones","embedCode":"<blockquote class=\"wp-embedded-content\" data-secret=\"MxnfbCsDcI\"><a href=\"https:\/\/quechilero.com\/blog\/2012\/03\/13\/los-colores-de-los-amigos\/\">Los colores de los amigos<\/a><\/blockquote><iframe sandbox=\"allow-scripts\" security=\"restricted\" src=\"https:\/\/quechilero.com\/blog\/2012\/03\/13\/los-colores-de-los-amigos\/embed\/#?secret=MxnfbCsDcI\" width=\"500\" height=\"350\" title=\"\u00abLos colores de los amigos\u00bb \u2014 Si la Vida nos da Limones...\" data-secret=\"MxnfbCsDcI\" frameborder=\"0\" marginwidth=\"0\" marginheight=\"0\" scrolling=\"no\" class=\"wp-embedded-content\"><\/iframe><script>\n\/*! This file is auto-generated *\/\n!function(d,l){\"use strict\";l.querySelector&&d.addEventListener&&\"undefined\"!=typeof URL&&(d.wp=d.wp||{},d.wp.receiveEmbedMessage||(d.wp.receiveEmbedMessage=function(e){var t=e.data;if((t||t.secret||t.message||t.value)&&!\/[^a-zA-Z0-9]\/.test(t.secret)){for(var s,r,n,a=l.querySelectorAll('iframe[data-secret=\"'+t.secret+'\"]'),o=l.querySelectorAll('blockquote[data-secret=\"'+t.secret+'\"]'),c=new RegExp(\"^https?:$\",\"i\"),i=0;i<o.length;i++)o[i].style.display=\"none\";for(i=0;i<a.length;i++)s=a[i],e.source===s.contentWindow&&(s.removeAttribute(\"style\"),\"height\"===t.message?(1e3<(r=parseInt(t.value,10))?r=1e3:~~r<200&&(r=200),s.height=r):\"link\"===t.message&&(r=new URL(s.getAttribute(\"src\")),n=new URL(t.value),c.test(n.protocol))&&n.host===r.host&&l.activeElement===s&&(d.top.location.href=t.value))}},d.addEventListener(\"message\",d.wp.receiveEmbedMessage,!1),l.addEventListener(\"DOMContentLoaded\",function(){for(var e,t,s=l.querySelectorAll(\"iframe.wp-embedded-content\"),r=0;r<s.length;r++)(t=(e=s[r]).getAttribute(\"data-secret\"))||(t=Math.random().toString(36).substring(2,12),e.src+=\"#?secret=\"+t,e.setAttribute(\"data-secret\",t)),e.contentWindow.postMessage({message:\"ready\",secret:t},\"*\")},!1)))}(window,document);\n\/\/# sourceURL=https:\/\/quechilero.com\/blog\/wp-includes\/js\/wp-embed.min.js\n<\/script>\n"},"jetpack_publicize_connections":[],"jetpack_shortlink":"https:\/\/wp.me\/pDKli-3ki","jetpack_sharing_enabled":true,"jetpack-related-posts":[{"id":563,"url":"https:\/\/quechilero.com\/blog\/2007\/05\/30\/un-arco-iris-para-ti\/","url_meta":{"origin":12790,"position":0},"title":"Un Arco iris para ti","author":"Pepe Barrascout Ortiz","date":"30 mayo 2007","format":false,"excerpt":"Un Arco iris muy especial para ti... Cada nube tiene una guarnici\u00f3n de plata... Y cada d\u00eda lluvioso deja un brillo especial... \u00a1Un Arco iris! El ROJO es el color del amor, del romance y la pasi\u00f3n, de rosas hermosas y de la sangre que lleva la vida. El ANARANJADO\u2026","rel":"","context":"En \u00abLimones\u00bb","block_context":{"text":"Limones","link":"https:\/\/quechilero.com\/blog\/category\/limones\/"},"img":{"alt_text":"","src":"","width":0,"height":0},"classes":[]},{"id":843,"url":"https:\/\/quechilero.com\/blog\/2008\/01\/29\/un-arco-iris-para-ti-2\/","url_meta":{"origin":12790,"position":1},"title":"Un Arco iris para ti","author":"Pepe Barrascout Ortiz","date":"29 enero 2008","format":false,"excerpt":"Un Arco iris muy especial para ti... Cada nube tiene una guarnici\u00f3n de plata... Y cada d\u00eda lluvioso deja un brillo especial... \u00a1Un Arco iris! El ROJO es el color del amor, del romance y la pasi\u00f3n, de rosas hermosas y de la sangre que lleva la vida. El ANARANJADO\u2026","rel":"","context":"En \u00abLimones\u00bb","block_context":{"text":"Limones","link":"https:\/\/quechilero.com\/blog\/category\/limones\/"},"img":{"alt_text":"","src":"","width":0,"height":0},"classes":[]},{"id":425,"url":"https:\/\/quechilero.com\/blog\/2007\/01\/28\/el-atardecer-de-la-vida\/","url_meta":{"origin":12790,"position":2},"title":"El Atardecer de la Vida","author":"Pepe Barrascout Ortiz","date":"28 enero 2007","format":false,"excerpt":"El sol se desped\u00eda del Imperio Tr\u00e9. El vasallo caminaba junto a la anciana del molino amarillo. Iban conversando sobre la vida. - \u00bfQu\u00e9 cosa es lo que m\u00e1s te gusta de la vida, anciana? La viejecilla del molino amarillo se entreten\u00eda en lanzar los ojos hacia el ocaso. -\u2026","rel":"","context":"En \u00abLimones\u00bb","block_context":{"text":"Limones","link":"https:\/\/quechilero.com\/blog\/category\/limones\/"},"img":{"alt_text":"","src":"","width":0,"height":0},"classes":[]},{"id":27316,"url":"https:\/\/quechilero.com\/blog\/2013\/10\/01\/podcast-en-la-vida-de-san-agustin-episodio-09\/","url_meta":{"origin":12790,"position":3},"title":"Podcast: En la Vida de San Agust\u00edn, episodio 09","author":"Pepe Barrascout Ortiz","date":"1 octubre 2013","format":false,"excerpt":"De la pureza y la correcci\u00f3n fraterna El cap\u00edtulo comienza en el recreo de los formandos. A lo lejos, Juanico llora mientras H\u00e9ctor le acompa\u00f1a. Juanico revela los puntos de la Regla que le han confrontado al grado de provocarle el llanto. H\u00e9ctor se muestra conmovido, arrepentido de sus imprudencias\u2026","rel":"","context":"En \u00abPodcast\u00bb","block_context":{"text":"Podcast","link":"https:\/\/quechilero.com\/blog\/category\/podcast\/"},"img":{"alt_text":"Las 6 de la ma\u00f1ana. Podcast","src":"https:\/\/i0.wp.com\/lh3.googleusercontent.com\/-MuDpgG_t8tg\/Uics8DjfI0I\/AAAAAAAACFg\/DQ_9XUG-gUE\/s800\/san-agustin.png?resize=350%2C200&ssl=1","width":350,"height":200,"srcset":"https:\/\/i0.wp.com\/lh3.googleusercontent.com\/-MuDpgG_t8tg\/Uics8DjfI0I\/AAAAAAAACFg\/DQ_9XUG-gUE\/s800\/san-agustin.png?resize=350%2C200&ssl=1 1x, https:\/\/i0.wp.com\/lh3.googleusercontent.com\/-MuDpgG_t8tg\/Uics8DjfI0I\/AAAAAAAACFg\/DQ_9XUG-gUE\/s800\/san-agustin.png?resize=525%2C300&ssl=1 1.5x"},"classes":[]},{"id":16727,"url":"https:\/\/quechilero.com\/blog\/2013\/05\/27\/descubrir-a-cristo-como-amigo\/","url_meta":{"origin":12790,"position":4},"title":"Descubrir a Cristo como Amigo","author":"Pepe Barrascout Ortiz","date":"27 mayo 2013","format":false,"excerpt":"Tal vez lo hemos le\u00eddo muchas veces: Jes\u00fas no quiere llamarnos siervos. Su deseo consiste en que seamos y vivamos como amigos (Cf. Jn 15,14-15). La vida, sin embargo, nos arrastra con mil problemas, mil angustias, mil miedos, mil placeres que llegan y que pasan. Estamos m\u00e1s preocupados por el\u2026","rel":"","context":"En \u00abLimones\u00bb","block_context":{"text":"Limones","link":"https:\/\/quechilero.com\/blog\/category\/limones\/"},"img":{"alt_text":"","src":"","width":0,"height":0},"classes":[]},{"id":312,"url":"https:\/\/quechilero.com\/blog\/2006\/11\/17\/la-regla-de-las-mujeres\/","url_meta":{"origin":12790,"position":5},"title":"La &quot;Regla&quot; de las mujeres","author":"Pepe Barrascout Ortiz","date":"17 noviembre 2006","format":false,"excerpt":"La vida de los hombres est\u00e1 regida casi en su totalidad por la famosa \"regla\" de las mujeres, es incre\u00edble como afecta nuestras vidas y aunque seg\u00fan ellas lo hombres no lo sentimos, si puedo dar fe que si lo sufrimos y no creo que haya nadie que pueda rebatir\u2026","rel":"","context":"En \u00abLimones\u00bb","block_context":{"text":"Limones","link":"https:\/\/quechilero.com\/blog\/category\/limones\/"},"img":{"alt_text":"","src":"","width":0,"height":0},"classes":[]}],"jetpack_featured_media_url":"","_links":{"self":[{"href":"https:\/\/quechilero.com\/blog\/wp-json\/wp\/v2\/posts\/12790","targetHints":{"allow":["GET"]}}],"collection":[{"href":"https:\/\/quechilero.com\/blog\/wp-json\/wp\/v2\/posts"}],"about":[{"href":"https:\/\/quechilero.com\/blog\/wp-json\/wp\/v2\/types\/post"}],"author":[{"embeddable":true,"href":"https:\/\/quechilero.com\/blog\/wp-json\/wp\/v2\/users\/1"}],"replies":[{"embeddable":true,"href":"https:\/\/quechilero.com\/blog\/wp-json\/wp\/v2\/comments?post=12790"}],"version-history":[{"count":0,"href":"https:\/\/quechilero.com\/blog\/wp-json\/wp\/v2\/posts\/12790\/revisions"}],"wp:attachment":[{"href":"https:\/\/quechilero.com\/blog\/wp-json\/wp\/v2\/media?parent=12790"}],"wp:term":[{"taxonomy":"category","embeddable":true,"href":"https:\/\/quechilero.com\/blog\/wp-json\/wp\/v2\/categories?post=12790"},{"taxonomy":"post_tag","embeddable":true,"href":"https:\/\/quechilero.com\/blog\/wp-json\/wp\/v2\/tags?post=12790"},{"taxonomy":"series","embeddable":true,"href":"https:\/\/quechilero.com\/blog\/wp-json\/wp\/v2\/series?post=12790"}],"curies":[{"name":"wp","href":"https:\/\/api.w.org\/{rel}","templated":true}]}}