{"id":12786,"date":"2012-03-09T08:00:56","date_gmt":"2012-03-09T14:00:56","guid":{"rendered":"http:\/\/quechilero.com\/blog\/?p=12786"},"modified":"2012-03-09T08:00:56","modified_gmt":"2012-03-09T14:00:56","slug":"solo-sus-manos","status":"publish","type":"post","link":"https:\/\/quechilero.com\/blog\/2012\/03\/09\/solo-sus-manos\/","title":{"rendered":"S\u00f3lo sus manos"},"content":{"rendered":"<p>Jennifer acababa de escuchar un informe perturbador acerca de un aumento en los casos de depresi\u00f3n entre las mujeres. El informe citaba un incremento del alcoholismo relacionado con la depresi\u00f3n y una mayor dependencia en las drogas que requieren prescripci\u00f3n m\u00e9dica.<\/p>\n<p><em>\u00abY, \u00bfqu\u00e9 est\u00e1s haciendo al respecto, Se\u00f1or?\u00bb<\/em> -or\u00f3 Jennifer. Pero mientras m\u00e1s lo pensaba, m\u00e1s sent\u00eda que Dios le estaba pidiendo a ella que hiciese algo. Sin embargo, todo lo que pod\u00eda ver eran sus propias limitaciones.<\/p>\n<p>Para ayudarse a meditar sobre el asunto, hizo una lista de algunas de las razones que le imped\u00edan tomar acci\u00f3n: timidez, temor de involucrarse, falta de tiempo, un coraz\u00f3n indiferente, sensaci\u00f3n de no ser adecuada, temor al fracaso \u00a1una lista de cobard\u00edas!<\/p>\n<p>Cuando termin\u00f3 de hacer su lista era hora de recoger a los ni\u00f1os en la escuela. Se puso su abrigo y fue a buscar sus guantes. Los guantes estaban all\u00ed tirados, fl\u00e1cidos e in\u00fatiles hasta que ella desliz\u00f3 las manos dentro. En ese momento se dio cuenta que Dios no quer\u00eda que pensase en sus limitaciones. M\u00e1s bien quer\u00eda poner Su poder en las manos de Jennifer y obrar por medio de ella, tal como los guantes se hac\u00edan \u00fatiles cuando ella entraba las manos.<\/p>\n<p>\u00bfPor qu\u00e9 nos sentimos inadecuados para la obra que Dios nos ha dado? \u00c9l quiere amar a los dem\u00e1s por medio de nosotros, <em>\u00abseg\u00fan el poder que act\u00faa en nosotros\u00bb<\/em> (Ef. 3:20).<\/p>\n<p>El llamamiento de Dios a una tarea incluye la fortaleza para llevarla a cabo.<\/p>\n","protected":false},"excerpt":{"rendered":"<p>Jennifer acababa de escuchar un informe perturbador acerca de un aumento en los casos de depresi\u00f3n entre las mujeres. El informe citaba un incremento del alcoholismo relacionado con la depresi\u00f3n y una mayor dependencia en las drogas que requieren prescripci\u00f3n m\u00e9dica. \u00abY, \u00bfqu\u00e9 est\u00e1s haciendo al respecto, Se\u00f1or?\u00bb -or\u00f3 Jennifer. Pero mientras m\u00e1s lo pensaba, &#8230; <a title=\"S\u00f3lo sus manos\" class=\"read-more\" href=\"https:\/\/quechilero.com\/blog\/2012\/03\/09\/solo-sus-manos\/\" aria-label=\"Leer m\u00e1s sobre S\u00f3lo sus manos\">Leer m\u00e1s<\/a><\/p>\n","protected":false},"author":1,"featured_media":0,"comment_status":"open","ping_status":"open","sticky":false,"template":"","format":"standard","meta":{"advanced_seo_description":"","jetpack_seo_html_title":"","jetpack_seo_noindex":false,"jetpack_seo_schema_type":"","episode_type":"","audio_file":"","podmotor_file_id":"","podmotor_episode_id":"","cover_image":"","cover_image_id":"","duration":"","filesize":"","filesize_raw":"","date_recorded":"","explicit":"","block":"","_jetpack_newsletter_access":"","_jetpack_dont_email_post_to_subs":false,"_jetpack_newsletter_tier_id":0,"_jetpack_memberships_contains_paywalled_content":false,"_jetpack_feature_clip_id":0,"_jetpack_memberships_contains_paid_content":false,"footnotes":"","jetpack_publicize_message":"","jetpack_publicize_feature_enabled":true,"jetpack_social_post_already_shared":false,"jetpack_social_options":{"image_generator_settings":{"template":"highway","default_image_id":0,"font":"","enabled":false},"version":2},"jetpack_post_was_ever_published":false},"categories":[2],"tags":[14,37,85,51,64,89,20,5],"series":[],"class_list":["post-12786","post","type-post","status-publish","format-standard","hentry","category-limones","tag-accion","tag-ayuda","tag-depresion","tag-dios","tag-fortaleza","tag-limitaciones","tag-mujer","tag-tiempo"],"episode_featured_image":false,"episode_player_image":"https:\/\/i0.wp.com\/quechilero.com\/blog\/imagenes\/podcast.png?fit=1831%2C1831&ssl=1","download_link":"","player_link":"","audio_player":false,"episode_data":{"playerMode":"dark","subscribeUrls":{"amazon":{"key":"amazon","url":"","label":"Amazon","class":"amazon","icon":"amazon.png"},"apple_podcasts":{"key":"apple_podcasts","url":"","label":"Apple Podcasts","class":"apple_podcasts","icon":"apple-podcasts.png"},"castbox":{"key":"castbox","url":"","label":"CastBox","class":"castbox","icon":"castbox.png"},"deezer":{"key":"deezer","url":"","label":"Deezer","class":"deezer","icon":"deezer.png"},"google_podcasts":{"key":"google_podcasts","url":"","label":"Google Podcasts","class":"google_podcasts","icon":"google-podcasts.png"},"listen_notes":{"key":"listen_notes","url":"","label":"Listen Notes","class":"listen_notes","icon":"listen-notes.png"},"pandora":{"key":"pandora","url":"","label":"Pandora","class":"pandora","icon":"pandora.png"},"podbean":{"key":"podbean","url":"","label":"Podbean","class":"podbean","icon":"podbean.png"},"podcast_republic":{"key":"podcast_republic","url":"","label":"Podcast Republic","class":"podcast_republic","icon":"podcast-republic.png"},"rss":{"key":"rss","url":"","label":"RSS","class":"rss","icon":"rss.png"},"spotify":{"key":"spotify","url":"","label":"Spotify","class":"spotify","icon":"spotify.png"},"stitcher":{"key":"stitcher","url":"","label":"Stitcher","class":"stitcher","icon":"stitcher.png"},"tunein":{"key":"tunein","url":"","label":"TuneIn","class":"tunein","icon":"tunein.png"},"youtube":{"key":"youtube","url":"","label":"YouTube","class":"youtube","icon":"youtube.png"},"iheartradio":{"key":"iheartradio","url":"","label":"iHeartRadio","class":"iheartradio","icon":"iheartradio.png"},"ivoox":{"key":"ivoox","url":"","label":"iVoox","class":"ivoox","icon":"ivoox.png"}},"rssFeedUrl":"https:\/\/quechilero.com\/blog\/feed\/podcast\/si-la-vida-nos-da-limones","embedCode":"<blockquote class=\"wp-embedded-content\" data-secret=\"V9DhEkZTmX\"><a href=\"https:\/\/quechilero.com\/blog\/2012\/03\/09\/solo-sus-manos\/\">S\u00f3lo sus manos<\/a><\/blockquote><iframe sandbox=\"allow-scripts\" security=\"restricted\" src=\"https:\/\/quechilero.com\/blog\/2012\/03\/09\/solo-sus-manos\/embed\/#?secret=V9DhEkZTmX\" width=\"500\" height=\"350\" title=\"\u00abS\u00f3lo sus manos\u00bb \u2014 Si la Vida nos da Limones...\" data-secret=\"V9DhEkZTmX\" frameborder=\"0\" marginwidth=\"0\" marginheight=\"0\" scrolling=\"no\" class=\"wp-embedded-content\"><\/iframe><script>\n\/*! This file is auto-generated *\/\n!function(d,l){\"use strict\";l.querySelector&&d.addEventListener&&\"undefined\"!=typeof URL&&(d.wp=d.wp||{},d.wp.receiveEmbedMessage||(d.wp.receiveEmbedMessage=function(e){var t=e.data;if((t||t.secret||t.message||t.value)&&!\/[^a-zA-Z0-9]\/.test(t.secret)){for(var s,r,n,a=l.querySelectorAll('iframe[data-secret=\"'+t.secret+'\"]'),o=l.querySelectorAll('blockquote[data-secret=\"'+t.secret+'\"]'),c=new RegExp(\"^https?:$\",\"i\"),i=0;i<o.length;i++)o[i].style.display=\"none\";for(i=0;i<a.length;i++)s=a[i],e.source===s.contentWindow&&(s.removeAttribute(\"style\"),\"height\"===t.message?(1e3<(r=parseInt(t.value,10))?r=1e3:~~r<200&&(r=200),s.height=r):\"link\"===t.message&&(r=new URL(s.getAttribute(\"src\")),n=new URL(t.value),c.test(n.protocol))&&n.host===r.host&&l.activeElement===s&&(d.top.location.href=t.value))}},d.addEventListener(\"message\",d.wp.receiveEmbedMessage,!1),l.addEventListener(\"DOMContentLoaded\",function(){for(var e,t,s=l.querySelectorAll(\"iframe.wp-embedded-content\"),r=0;r<s.length;r++)(t=(e=s[r]).getAttribute(\"data-secret\"))||(t=Math.random().toString(36).substring(2,12),e.src+=\"#?secret=\"+t,e.setAttribute(\"data-secret\",t)),e.contentWindow.postMessage({message:\"ready\",secret:t},\"*\")},!1)))}(window,document);\n\/\/# sourceURL=https:\/\/quechilero.com\/blog\/wp-includes\/js\/wp-embed.min.js\n<\/script>\n"},"jetpack_publicize_connections":[],"jetpack_shortlink":"https:\/\/wp.me\/pDKli-3ke","jetpack_sharing_enabled":true,"jetpack-related-posts":[{"id":2046,"url":"https:\/\/quechilero.com\/blog\/2009\/01\/30\/la-era-de-la-depresion\/","url_meta":{"origin":12786,"position":0},"title":"La era de la depresi\u00f3n","author":"Pepe Barrascout Ortiz","date":"30 enero 2009","format":false,"excerpt":"El doctor Luis Rojas Marcos, psiquiatra, quien fuera presidente del Sistema P\u00fablico de Salud de Nueva York, a la pregunta \"\u00bfPor qu\u00e9 se queja tanto la gente?\", responde: \"La queja es como una neurosis colectiva. El s\u00edntoma de tener pena de s\u00ed mismo tal vez habla de desmoralizaci\u00f3n. Es posible\u2026","rel":"","context":"En \u00abLimones\u00bb","block_context":{"text":"Limones","link":"https:\/\/quechilero.com\/blog\/category\/limones\/"},"img":{"alt_text":"","src":"","width":0,"height":0},"classes":[]},{"id":280,"url":"https:\/\/quechilero.com\/blog\/2006\/10\/18\/cuenta-las-bendiciones\/","url_meta":{"origin":12786,"position":1},"title":"Cuenta las bendiciones","author":"Pepe Barrascout Ortiz","date":"18 octubre 2006","format":false,"excerpt":"A la edad de treinta y dos a\u00f1os a Doug McKnight se le diagnostic\u00f3 esclerosis m\u00faltiple. Los diecis\u00e9is a\u00f1os siguientes le costaron su carrera, su movilidad y finalmente la vida. Debido a la esclerosis m\u00faltiple no pod\u00eda comer por s\u00ed mismo ni caminar; combati\u00f3 la depresi\u00f3n y el temor. A\u2026","rel":"","context":"En \u00abLimones\u00bb","block_context":{"text":"Limones","link":"https:\/\/quechilero.com\/blog\/category\/limones\/"},"img":{"alt_text":"","src":"","width":0,"height":0},"classes":[]},{"id":3721,"url":"https:\/\/quechilero.com\/blog\/2009\/10\/16\/el-cielo-lo-arregla-todo\/","url_meta":{"origin":12786,"position":2},"title":"El Cielo lo arregla todo","author":"Pepe Barrascout Ortiz","date":"16 octubre 2009","format":false,"excerpt":"Un d\u00eda, San Juan Bosco fue a visitar a Cottolengo. Buscaba un consejo: \"\u00bfQu\u00e9 remedio debo recomendar a las personas aburridas de la vida, desesperadas y llenas de mal genio y de depresi\u00f3n por la pobreza, las enfermedades y problemas de la vida o por el mal trato que les\u2026","rel":"","context":"En \u00abLimones\u00bb","block_context":{"text":"Limones","link":"https:\/\/quechilero.com\/blog\/category\/limones\/"},"img":{"alt_text":"","src":"","width":0,"height":0},"classes":[]},{"id":2615,"url":"https:\/\/quechilero.com\/blog\/2009\/04\/04\/fue-secuestrado\/","url_meta":{"origin":12786,"position":3},"title":"Fue secuestrado","author":"Pepe Barrascout Ortiz","date":"4 abril 2009","format":false,"excerpt":"El Dr. Tom Sutherland, fue nombrado como director en una universidad de Beirut, cuando en esta naci\u00f3n pasaba por momentos de gran violencia. \u00c9l, como era un hombre de paz, no quiso aceptar el guardaespaldas. En 1985 fue secuestrado por los chi\u00edtas; su cautiverio fue horrible y pas\u00f3 por una\u2026","rel":"","context":"En \u00abLimones\u00bb","block_context":{"text":"Limones","link":"https:\/\/quechilero.com\/blog\/category\/limones\/"},"img":{"alt_text":"","src":"","width":0,"height":0},"classes":[]},{"id":2979,"url":"https:\/\/quechilero.com\/blog\/2009\/07\/24\/los-errores-de-dios\/","url_meta":{"origin":12786,"position":4},"title":"Los errores de Dios","author":"Pepe Barrascout Ortiz","date":"24 julio 2009","format":false,"excerpt":"Me hallaba de vacaciones por la bell\u00edsima Irlanda visitando Monasterboice, el monasterio cisterciense m\u00e1s antiguo de la Isla, en el condado de Loath. En el cementerio, de entre las l\u00e1pidas antiguas y modernas, hay una llamativa por la fuerza del mensaje de la inscripci\u00f3n. Es la tumba de una ni\u00f1a\u2026","rel":"","context":"En \u00abLimones\u00bb","block_context":{"text":"Limones","link":"https:\/\/quechilero.com\/blog\/category\/limones\/"},"img":{"alt_text":"","src":"","width":0,"height":0},"classes":[]},{"id":21492,"url":"https:\/\/quechilero.com\/blog\/2015\/08\/19\/quejas\/","url_meta":{"origin":12786,"position":5},"title":"Quejas","author":"Pepe Barrascout Ortiz","date":"19 agosto 2015","format":false,"excerpt":"Hay personas que pasan todo el tiempo quej\u00e1ndose de esta manera: El mundo hoy, va mal... El gobierno no satisface mis necesidades... La Iglesia no me da respuestas... Mis amigos se desaparecieron... La se\u00f1al de televisi\u00f3n no comenz\u00f3 a transmitir a tiempo... Mi equipo ha perdido y es posible que\u2026","rel":"","context":"En \u00abLimones\u00bb","block_context":{"text":"Limones","link":"https:\/\/quechilero.com\/blog\/category\/limones\/"},"img":{"alt_text":"","src":"","width":0,"height":0},"classes":[]}],"jetpack_featured_media_url":"","_links":{"self":[{"href":"https:\/\/quechilero.com\/blog\/wp-json\/wp\/v2\/posts\/12786","targetHints":{"allow":["GET"]}}],"collection":[{"href":"https:\/\/quechilero.com\/blog\/wp-json\/wp\/v2\/posts"}],"about":[{"href":"https:\/\/quechilero.com\/blog\/wp-json\/wp\/v2\/types\/post"}],"author":[{"embeddable":true,"href":"https:\/\/quechilero.com\/blog\/wp-json\/wp\/v2\/users\/1"}],"replies":[{"embeddable":true,"href":"https:\/\/quechilero.com\/blog\/wp-json\/wp\/v2\/comments?post=12786"}],"version-history":[{"count":0,"href":"https:\/\/quechilero.com\/blog\/wp-json\/wp\/v2\/posts\/12786\/revisions"}],"wp:attachment":[{"href":"https:\/\/quechilero.com\/blog\/wp-json\/wp\/v2\/media?parent=12786"}],"wp:term":[{"taxonomy":"category","embeddable":true,"href":"https:\/\/quechilero.com\/blog\/wp-json\/wp\/v2\/categories?post=12786"},{"taxonomy":"post_tag","embeddable":true,"href":"https:\/\/quechilero.com\/blog\/wp-json\/wp\/v2\/tags?post=12786"},{"taxonomy":"series","embeddable":true,"href":"https:\/\/quechilero.com\/blog\/wp-json\/wp\/v2\/series?post=12786"}],"curies":[{"name":"wp","href":"https:\/\/api.w.org\/{rel}","templated":true}]}}