{"id":12679,"date":"2012-04-09T08:00:40","date_gmt":"2012-04-09T14:00:40","guid":{"rendered":"http:\/\/quechilero.com\/blog\/?p=12679"},"modified":"2012-04-09T08:00:40","modified_gmt":"2012-04-09T14:00:40","slug":"creatividad-i-gotta-feeling","status":"publish","type":"post","link":"https:\/\/quechilero.com\/blog\/2012\/04\/09\/creatividad-i-gotta-feeling\/","title":{"rendered":"Creatividad &#8211; I Gotta Feeling"},"content":{"rendered":"<p><span class=\"embed-youtube\" style=\"text-align:center; display: block;\"><iframe loading=\"lazy\" class=\"youtube-player\" width=\"1200\" height=\"675\" src=\"https:\/\/www.youtube.com\/embed\/-zcOFN_VBVo?version=3&#038;rel=1&#038;showsearch=0&#038;showinfo=1&#038;iv_load_policy=1&#038;fs=1&#038;hl=es-ES&#038;autohide=2&#038;wmode=transparent\" allowfullscreen=\"true\" style=\"border:0;\" sandbox=\"allow-scripts allow-same-origin allow-popups allow-presentation allow-popups-to-escape-sandbox\"><\/iframe><\/span><\/p>\n<p>Un grupo de 172 estudiantes de <em>ciencias de la comunicaci\u00f3n<\/em>, de la Universidad de Quebec, para la semana de integraci\u00f3n. El video fue realizado el 10 de septiembre de 2009 en apenas 2 horas y 15 minutos.<\/p>\n<p>Con un presupuesto m\u00ednimo, pero mucha creatividad y coordinaci\u00f3n, se pueden lograr cosas interesantes y asombrosas.<\/p>\n<p>***<\/p>\n<p>Por otro lado, despu\u00e9s de ver videos de trabajos como el de los estudiantes de la UQAM, da tristeza, volver la mirada a nuestro pa\u00eds y ver como la Universidad de San Carlos, contin\u00faa con los resentimientos del pasado, su bajo nivel educativo y su cada vez mayor politizada estructura.<\/p>\n<p>\u00bfAlguna vez, nuestra universidad p\u00fablica dejar\u00e1 de hacer los <em>mal llamados bautizos<\/em>, para dar paso a las actividades creativas y culturales como \u00e9sta?<\/p>\n","protected":false},"excerpt":{"rendered":"<p>Un grupo de 172 estudiantes de ciencias de la comunicaci\u00f3n, de la Universidad de Quebec, para la semana de integraci\u00f3n. El video fue realizado el 10 de septiembre de 2009 en apenas 2 horas y 15 minutos. Con un presupuesto m\u00ednimo, pero mucha creatividad y coordinaci\u00f3n, se pueden lograr cosas interesantes y asombrosas. *** Por &#8230; <a title=\"Creatividad &#8211; I Gotta Feeling\" class=\"read-more\" href=\"https:\/\/quechilero.com\/blog\/2012\/04\/09\/creatividad-i-gotta-feeling\/\" aria-label=\"Leer m\u00e1s sobre Creatividad &#8211; I Gotta Feeling\">Leer m\u00e1s<\/a><\/p>\n","protected":false},"author":1,"featured_media":0,"comment_status":"open","ping_status":"open","sticky":false,"template":"","format":"standard","meta":{"advanced_seo_description":"","jetpack_seo_html_title":"","jetpack_seo_noindex":false,"jetpack_seo_schema_type":"","episode_type":"","audio_file":"","podmotor_file_id":"","podmotor_episode_id":"","cover_image":"","cover_image_id":"","duration":"","filesize":"","filesize_raw":"","date_recorded":"","explicit":"","block":"","_jetpack_newsletter_access":"","_jetpack_dont_email_post_to_subs":false,"_jetpack_newsletter_tier_id":0,"_jetpack_memberships_contains_paywalled_content":false,"_jetpack_feature_clip_id":0,"_jetpack_memberships_contains_paid_content":false,"footnotes":"","jetpack_publicize_message":"","jetpack_publicize_feature_enabled":true,"jetpack_social_post_already_shared":false,"jetpack_social_options":{"image_generator_settings":{"template":"highway","default_image_id":0,"font":"","enabled":false},"version":2},"jetpack_post_was_ever_published":false},"categories":[2],"tags":[12,82,36,24,25,53],"series":[],"class_list":["post-12679","post","type-post","status-publish","format-standard","hentry","category-limones","tag-cosas","tag-sentimiento","tag-trabajo","tag-vida","tag-video","tag-youtube"],"episode_featured_image":false,"episode_player_image":"https:\/\/i0.wp.com\/quechilero.com\/blog\/imagenes\/podcast.png?fit=1831%2C1831&ssl=1","download_link":"","player_link":"","audio_player":false,"episode_data":{"playerMode":"dark","subscribeUrls":{"amazon":{"key":"amazon","url":"","label":"Amazon","class":"amazon","icon":"amazon.png"},"apple_podcasts":{"key":"apple_podcasts","url":"","label":"Apple Podcasts","class":"apple_podcasts","icon":"apple-podcasts.png"},"castbox":{"key":"castbox","url":"","label":"CastBox","class":"castbox","icon":"castbox.png"},"deezer":{"key":"deezer","url":"","label":"Deezer","class":"deezer","icon":"deezer.png"},"google_podcasts":{"key":"google_podcasts","url":"","label":"Google Podcasts","class":"google_podcasts","icon":"google-podcasts.png"},"listen_notes":{"key":"listen_notes","url":"","label":"Listen Notes","class":"listen_notes","icon":"listen-notes.png"},"pandora":{"key":"pandora","url":"","label":"Pandora","class":"pandora","icon":"pandora.png"},"podbean":{"key":"podbean","url":"","label":"Podbean","class":"podbean","icon":"podbean.png"},"podcast_republic":{"key":"podcast_republic","url":"","label":"Podcast Republic","class":"podcast_republic","icon":"podcast-republic.png"},"rss":{"key":"rss","url":"","label":"RSS","class":"rss","icon":"rss.png"},"spotify":{"key":"spotify","url":"","label":"Spotify","class":"spotify","icon":"spotify.png"},"stitcher":{"key":"stitcher","url":"","label":"Stitcher","class":"stitcher","icon":"stitcher.png"},"tunein":{"key":"tunein","url":"","label":"TuneIn","class":"tunein","icon":"tunein.png"},"youtube":{"key":"youtube","url":"","label":"YouTube","class":"youtube","icon":"youtube.png"},"iheartradio":{"key":"iheartradio","url":"","label":"iHeartRadio","class":"iheartradio","icon":"iheartradio.png"},"ivoox":{"key":"ivoox","url":"","label":"iVoox","class":"ivoox","icon":"ivoox.png"}},"rssFeedUrl":"https:\/\/quechilero.com\/blog\/feed\/podcast\/si-la-vida-nos-da-limones","embedCode":"<blockquote class=\"wp-embedded-content\" data-secret=\"6C9HNsE6jv\"><a href=\"https:\/\/quechilero.com\/blog\/2012\/04\/09\/creatividad-i-gotta-feeling\/\">Creatividad &#8211; I Gotta Feeling<\/a><\/blockquote><iframe sandbox=\"allow-scripts\" security=\"restricted\" src=\"https:\/\/quechilero.com\/blog\/2012\/04\/09\/creatividad-i-gotta-feeling\/embed\/#?secret=6C9HNsE6jv\" width=\"500\" height=\"350\" title=\"\u00abCreatividad &#8211; I Gotta Feeling\u00bb \u2014 Si la Vida nos da Limones...\" data-secret=\"6C9HNsE6jv\" frameborder=\"0\" marginwidth=\"0\" marginheight=\"0\" scrolling=\"no\" class=\"wp-embedded-content\"><\/iframe><script>\n\/*! This file is auto-generated *\/\n!function(d,l){\"use strict\";l.querySelector&&d.addEventListener&&\"undefined\"!=typeof URL&&(d.wp=d.wp||{},d.wp.receiveEmbedMessage||(d.wp.receiveEmbedMessage=function(e){var t=e.data;if((t||t.secret||t.message||t.value)&&!\/[^a-zA-Z0-9]\/.test(t.secret)){for(var s,r,n,a=l.querySelectorAll('iframe[data-secret=\"'+t.secret+'\"]'),o=l.querySelectorAll('blockquote[data-secret=\"'+t.secret+'\"]'),c=new RegExp(\"^https?:$\",\"i\"),i=0;i<o.length;i++)o[i].style.display=\"none\";for(i=0;i<a.length;i++)s=a[i],e.source===s.contentWindow&&(s.removeAttribute(\"style\"),\"height\"===t.message?(1e3<(r=parseInt(t.value,10))?r=1e3:~~r<200&&(r=200),s.height=r):\"link\"===t.message&&(r=new URL(s.getAttribute(\"src\")),n=new URL(t.value),c.test(n.protocol))&&n.host===r.host&&l.activeElement===s&&(d.top.location.href=t.value))}},d.addEventListener(\"message\",d.wp.receiveEmbedMessage,!1),l.addEventListener(\"DOMContentLoaded\",function(){for(var e,t,s=l.querySelectorAll(\"iframe.wp-embedded-content\"),r=0;r<s.length;r++)(t=(e=s[r]).getAttribute(\"data-secret\"))||(t=Math.random().toString(36).substring(2,12),e.src+=\"#?secret=\"+t,e.setAttribute(\"data-secret\",t)),e.contentWindow.postMessage({message:\"ready\",secret:t},\"*\")},!1)))}(window,document);\n\/\/# sourceURL=https:\/\/quechilero.com\/blog\/wp-includes\/js\/wp-embed.min.js\n<\/script>\n"},"jetpack_publicize_connections":[],"jetpack_shortlink":"https:\/\/wp.me\/pDKli-3iv","jetpack_sharing_enabled":true,"jetpack-related-posts":[{"id":4708,"url":"https:\/\/quechilero.com\/blog\/2010\/06\/25\/en-el-dia-del-maestro\/","url_meta":{"origin":12679,"position":0},"title":"En el d\u00eda del Maestro","author":"Pepe Barrascout Ortiz","date":"25 junio 2010","format":false,"excerpt":"Muchas cosas se pueden decir de los maestros en su d\u00eda, algunos tendr\u00e1n experiencias muy buenas, otros no tantos, sin embargo, es innegable la influencia que los maestros han tenido en cada uno de sus alumnos. Alguna vez obtuve un t\u00edtulo que me acreditaba como maestro y no hay duda,\u2026","rel":"","context":"En \u00abLimones\u00bb","block_context":{"text":"Limones","link":"https:\/\/quechilero.com\/blog\/category\/limones\/"},"img":{"alt_text":"","src":"","width":0,"height":0},"classes":[]},{"id":6396,"url":"https:\/\/quechilero.com\/blog\/2011\/01\/24\/fabrica-de-lego\/","url_meta":{"origin":12679,"position":1},"title":"F\u00e1brica de Lego","author":"Pepe Barrascout Ortiz","date":"24 enero 2011","format":false,"excerpt":"No hay duda que los Legos, son unos juguetes muy buenos, altamente educativos, cuando era peque\u00f1o, pod\u00eda pasar horas y horas jugando con mis bloques de Lego. Son simples y es por eso, que motivan a la acci\u00f3n creativa, haciendo que se ejercite la imaginaci\u00f3n, algo tan importante, cuando se\u2026","rel":"","context":"En \u00abLimones\u00bb","block_context":{"text":"Limones","link":"https:\/\/quechilero.com\/blog\/category\/limones\/"},"img":{"alt_text":"","src":"","width":0,"height":0},"classes":[]},{"id":2889,"url":"https:\/\/quechilero.com\/blog\/2009\/07\/09\/resolviendo-problemas-en-forma-creativa-i\/","url_meta":{"origin":12679,"position":2},"title":"Resolviendo problemas en forma creativa (I)","author":"Pepe Barrascout Ortiz","date":"9 julio 2009","format":false,"excerpt":"Un problema es una situaci\u00f3n que una persona juzga mala o en el mejor de los casos, que requiere una rectificaci\u00f3n, se lo considera una insuficiencia, d\u00e9ficit, una falta de armon\u00eda, un enigma, un inconveniente. Una soluci\u00f3n al problema implica lo que resulta deseable para lograr la armon\u00eda, es seleccionar\u2026","rel":"","context":"En \u00abLimones\u00bb","block_context":{"text":"Limones","link":"https:\/\/quechilero.com\/blog\/category\/limones\/"},"img":{"alt_text":"","src":"","width":0,"height":0},"classes":[]},{"id":19684,"url":"https:\/\/quechilero.com\/blog\/2015\/01\/29\/la-adversidad-lleva-la-innovacion\/","url_meta":{"origin":12679,"position":3},"title":"La adversidad lleva a la innovaci\u00f3n","author":"Pepe Barrascout Ortiz","date":"29 enero 2015","format":false,"excerpt":"A principios del siglo veinte, un ni\u00f1o cuya familia hab\u00eda emigrado de Suecia a Illinois compr\u00f3 por correo un libro sobre fotograf\u00eda que le cost\u00f3 veinticinco centavos. Cuando lleg\u00f3 el pedido, descubri\u00f3 que en lugar de mandarle el que \u00e9l hab\u00eda pedido, le hab\u00edan mandado uno sobre ventriloquia. \u00bfQu\u00e9 hizo\u2026","rel":"","context":"En \u00abLimones\u00bb","block_context":{"text":"Limones","link":"https:\/\/quechilero.com\/blog\/category\/limones\/"},"img":{"alt_text":"","src":"","width":0,"height":0},"classes":[]},{"id":7709,"url":"https:\/\/quechilero.com\/blog\/2011\/09\/02\/esculturas-en-papel\/","url_meta":{"origin":12679,"position":4},"title":"Esculturas en papel","author":"Pepe Barrascout Ortiz","date":"2 septiembre 2011","format":false,"excerpt":"Para la mayor\u00eda de\u00a0la gente, hacer un avi\u00f3n de papel\u00a0podr\u00eda ser una de\u00a0las cosas m\u00e1s simples\u00a0de realizar.\u00a0Es la forma\u00a0m\u00e1s simple y f\u00e1cil\u00a0de\u00a0arte en papel,\u00a0en este caso el arte\u00a0de volar.\u00a0Sin embargo, hay\u00a0una minor\u00eda\u00a0especial\u00a0que toma\u00a0algo de papel y pasa para\u00a0el siguiente nivel. Pueden\u00a0a su vez realizar la forma b\u00e1sica de\u00a0origami\u00a0-\u00a0que es b\u00e1sicamente\u2026","rel":"","context":"En \u00abLimones por mano\u00bb","block_context":{"text":"Limones por mano","link":"https:\/\/quechilero.com\/blog\/category\/limones-por-mano\/"},"img":{"alt_text":"","src":"https:\/\/i0.wp.com\/i392.photobucket.com\/albums\/pp7\/pepejaguar\/blog\/Aoyama-Hina-01.jpg?resize=350%2C200","width":350,"height":200},"classes":[]},{"id":9423,"url":"https:\/\/quechilero.com\/blog\/2012\/01\/26\/29-formas-para-ser-creativo\/","url_meta":{"origin":12679,"position":5},"title":"29 formas para ser creativo","author":"Pepe Barrascout Ortiz","date":"26 enero 2012","format":false,"excerpt":"https:\/\/youtu.be\/_1E4aeCTg7s Alguna vez nos vemos un poco limitados en el proceso creativo, en la eterna b\u00fasqueda de mejorar nuestra creatividad, muchas veces recurrimos a medidas extremas. No es necesario, con algunas cosas simples, se puede lograr incrementar grandemente nuestra creatividad. 29 formas para ser creativo 1. Hacer listas 2. Llevar\u2026","rel":"","context":"En \u00abLimones\u00bb","block_context":{"text":"Limones","link":"https:\/\/quechilero.com\/blog\/category\/limones\/"},"img":{"alt_text":"","src":"https:\/\/i0.wp.com\/img.youtube.com\/vi\/_1E4aeCTg7s\/0.jpg?resize=350%2C200","width":350,"height":200},"classes":[]}],"jetpack_featured_media_url":"","_links":{"self":[{"href":"https:\/\/quechilero.com\/blog\/wp-json\/wp\/v2\/posts\/12679","targetHints":{"allow":["GET"]}}],"collection":[{"href":"https:\/\/quechilero.com\/blog\/wp-json\/wp\/v2\/posts"}],"about":[{"href":"https:\/\/quechilero.com\/blog\/wp-json\/wp\/v2\/types\/post"}],"author":[{"embeddable":true,"href":"https:\/\/quechilero.com\/blog\/wp-json\/wp\/v2\/users\/1"}],"replies":[{"embeddable":true,"href":"https:\/\/quechilero.com\/blog\/wp-json\/wp\/v2\/comments?post=12679"}],"version-history":[{"count":0,"href":"https:\/\/quechilero.com\/blog\/wp-json\/wp\/v2\/posts\/12679\/revisions"}],"wp:attachment":[{"href":"https:\/\/quechilero.com\/blog\/wp-json\/wp\/v2\/media?parent=12679"}],"wp:term":[{"taxonomy":"category","embeddable":true,"href":"https:\/\/quechilero.com\/blog\/wp-json\/wp\/v2\/categories?post=12679"},{"taxonomy":"post_tag","embeddable":true,"href":"https:\/\/quechilero.com\/blog\/wp-json\/wp\/v2\/tags?post=12679"},{"taxonomy":"series","embeddable":true,"href":"https:\/\/quechilero.com\/blog\/wp-json\/wp\/v2\/series?post=12679"}],"curies":[{"name":"wp","href":"https:\/\/api.w.org\/{rel}","templated":true}]}}