{"id":1262,"date":"2008-08-29T12:00:26","date_gmt":"2008-08-29T18:00:26","guid":{"rendered":"http:\/\/quechilero.com\/blog\/?p=1262"},"modified":"2008-08-29T12:00:26","modified_gmt":"2008-08-29T18:00:26","slug":"maravillosamente-absurdo","status":"publish","type":"post","link":"https:\/\/quechilero.com\/blog\/2008\/08\/29\/maravillosamente-absurdo\/","title":{"rendered":"Marat\u00f3n &#8211; Maravillosamente Absurdo"},"content":{"rendered":"<p><a href=\"http:\/\/reginamisifusi.blogspot.com\/\" target=\"_blank\"><img data-recalc-dims=\"1\" loading=\"lazy\" decoding=\"async\" class=\"alignleft\" style=\"margin-right: 5px;\" src=\"https:\/\/i0.wp.com\/img525.imageshack.us\/img525\/4855\/maratonvp6.jpg?resize=350%2C352\" alt=\"\" width=\"350\" height=\"352\" \/><\/a><\/p>\n<p>Descubrir y disfrutar las <em>maravillas que se encuentran en lo absurdo<\/em> es la propuesta que <strong>Regina C\u00f3rdova<\/strong>, nos presenta en su blog <a title=\"Marat\u00f3n de Blogs\" href=\"http:\/\/reginamisifusi.blogspot.com\/\" target=\"_blank\"><strong>Maravillosamente Absurdo<\/strong><\/a>.<\/p>\n<p>Con un estilo <em>fresco<\/em>, el blog recientemente creado y con un poco mas de 4 meses, ya ha escrito 80 entradas, lo que indica el buen camino que lleva <a title=\"Marat\u00f3n de Blogs\" href=\"http:\/\/reginamisifusi.blogspot.com\/\" target=\"_blank\"><strong>Maravillosamente Absurdo<\/strong><\/a> que de la mano de <em>Regina Misifusi<\/em>, ha logrado lo que pocos blogs han alcanzado en tan poco tiempo: tener un buen grupo de seguidores, que d\u00eda a d\u00eda est\u00e1n pendientes de las publicaciones de <em>Regina<\/em>.<\/p>\n<p>Amante de las mascotas, ha dedicado varias entradas a los <em>gatos y conejos<\/em> en especial los de tendencia <em>japonesa<\/em>, pero de igual forma habla sobre <em>Barack Obama<\/em> o de como convertirse en un <em>dibujo de anim\u00e9<\/em>.<\/p>\n<p>El humor siempre se est\u00e1 presente en <a title=\"Marat\u00f3n de Blogs\" href=\"http:\/\/reginamisifusi.blogspot.com\/\" target=\"_blank\"><strong>Maravillosamente Absurdo<\/strong><\/a>, por ejemplo en la entrada en la que <em>Regina<\/em> nos cuenta como <em>\u00abconsigui\u00f3 el iphone mas barato\u00bb<\/em> o la forma tan creativa en la que hace alusi\u00f3n a esta rese\u00f1a, anunciando que <em>\u00ab<a title=\"Marat\u00f3n de Blogs\" href=\"http:\/\/reginamisifusi.blogspot.com\/2008\/08\/me-van-pelar.html\" target=\"_blank\">me van a pelar<\/a>\u00ab<\/em>.<\/p>\n<p>Afanada lectora y productora de contenido, gracias a la columna derecha del blog, podemos ver el <em>excelente gusto<\/em> que <em>Regina<\/em> tiene al recomendarnos su propio listado de blogs a los que personalemente ella sigue.<\/p>\n<p><a title=\"Marat\u00f3n de Blogs\" href=\"http:\/\/reginamisifusi.blogspot.com\/\" target=\"_blank\"><strong>Maravillosamente Absurdo<\/strong><\/a> es tan apreciado por sus seguidores, que ha recibido varios reconocimientos, entre ellos <em>La Flor del Blog<\/em> que recientemente le dieron. <em>Misifusi<\/em> no escatima cuando de abrir y expresar sus sentimientos se refiere, porque as\u00ed como la broma y comicidad est\u00e1n presentes, as\u00ed tambi\u00e9n lo est\u00e1n las historias conmovedoras que nos hacen <em>solidarizarnos<\/em>.<\/p>\n<p>En <a title=\"Marat\u00f3n de Blogs\" href=\"http:\/\/reginamisifusi.blogspot.com\/\" target=\"_blank\"><strong>Maravillosamente Absurdo<\/strong><\/a> vamos a poder apreciar una recurrente tendencia <em>japonesa<\/em> en los textos publicados, pudi\u00e9ndonos dar gusto y deleitarnos con las <em>excelentes<\/em> entradas relacionadas con dise\u00f1os de tipo <em>oriental<\/em> e ilustrados profusamente con <em>dibujos anim\u00e9<\/em>.<\/p>\n<p><strong>Me gusta mucho<\/strong> la tem\u00e1tica de los art\u00edculos, la forma tan <em>sutil<\/em> y amena en la que se pueden leer, lo interesante de los dise\u00f1os y el <em>excelente gusto <\/em>que <em>Regina<\/em> tiene para mostrar sus publicaciones en su blog <em>negro, sobrio y elegante<\/em>.<\/p>\n<p>Para quienes est\u00e9n interesados en aprender y estar al d\u00eda en cuanto a <em>Paper Toys, Anim\u00e9, Papercraft<\/em> entre otros tantos e interesantes temas, entonces los invito a visitar <a title=\"Marat\u00f3n de Blogs\" href=\"http:\/\/reginamisifusi.blogspot.com\/\" target=\"_blank\"><strong>Maravillosamente Absurdo<\/strong><\/a> y agregarlo a la lista de favoritos.<\/p>\n<p>Lee mas rese\u00f1as de la <a title=\"Marat\u00f3n de Blogs\" href=\"http:\/\/quechilero.com\/blog\/2008\/07\/31\/maraton-de-blogs-2008\/\"><strong>Marat\u00f3n de Blogs 2008<\/strong><\/a>.<\/p>\n<p>Actualmente en <a title=\"Marat\u00f3n de Blogs\" href=\"http:\/\/reginamisifusi.blogspot.com\/\" target=\"_blank\"><strong>Maravillosamente Absurdo<\/strong><\/a> puedes leer sobre:<\/p>\n<p><a href=\"http:\/\/reginamisifusi.blogspot.com\/\" target=\"_blank\"><img data-recalc-dims=\"1\" loading=\"lazy\" decoding=\"async\" class=\"alignnone\" src=\"https:\/\/i0.wp.com\/img507.imageshack.us\/img507\/8572\/palabrasfz9.jpg?resize=576%2C348\" alt=\"\" width=\"576\" height=\"348\" \/><\/a><\/p>\n","protected":false},"excerpt":{"rendered":"<p>Descubrir y disfrutar las maravillas que se encuentran en lo absurdo es la propuesta que Regina C\u00f3rdova, nos presenta en su blog Maravillosamente Absurdo. Con un estilo fresco, el blog recientemente creado y con un poco mas de 4 meses, ya ha escrito 80 entradas, lo que indica el buen camino que lleva Maravillosamente Absurdo &#8230; <a title=\"Marat\u00f3n &#8211; Maravillosamente Absurdo\" class=\"read-more\" href=\"https:\/\/quechilero.com\/blog\/2008\/08\/29\/maravillosamente-absurdo\/\" aria-label=\"Leer m\u00e1s sobre Marat\u00f3n &#8211; Maravillosamente Absurdo\">Leer m\u00e1s<\/a><\/p>\n","protected":false},"author":1,"featured_media":0,"comment_status":"open","ping_status":"open","sticky":false,"template":"","format":"standard","meta":{"advanced_seo_description":"","jetpack_seo_html_title":"","jetpack_seo_noindex":false,"jetpack_seo_schema_type":"","episode_type":"","audio_file":"","podmotor_file_id":"","podmotor_episode_id":"","cover_image":"","cover_image_id":"","duration":"","filesize":"","filesize_raw":"","date_recorded":"","explicit":"","block":"","_jetpack_newsletter_access":"","_jetpack_dont_email_post_to_subs":false,"_jetpack_newsletter_tier_id":0,"_jetpack_memberships_contains_paywalled_content":false,"_jetpack_feature_clip_id":0,"_jetpack_memberships_contains_paid_content":false,"footnotes":"","jetpack_publicize_message":"","jetpack_publicize_feature_enabled":true,"jetpack_social_post_already_shared":false,"jetpack_social_options":{"image_generator_settings":{"template":"highway","default_image_id":0,"font":"","enabled":false},"version":2},"jetpack_post_was_ever_published":false},"categories":[61],"tags":[29,4,7,32,17,62,42,82,5],"series":[],"class_list":["post-1262","post","type-post","status-publish","format-standard","hentry","category-blogs-de-guatemala","tag-aprender","tag-blog","tag-diseno","tag-especial","tag-historia","tag-maraton","tag-palabra","tag-sentimiento","tag-tiempo"],"episode_featured_image":false,"episode_player_image":"https:\/\/i0.wp.com\/quechilero.com\/blog\/imagenes\/podcast.png?fit=1831%2C1831&ssl=1","download_link":"","player_link":"","audio_player":false,"episode_data":{"playerMode":"dark","subscribeUrls":{"amazon":{"key":"amazon","url":"","label":"Amazon","class":"amazon","icon":"amazon.png"},"apple_podcasts":{"key":"apple_podcasts","url":"","label":"Apple Podcasts","class":"apple_podcasts","icon":"apple-podcasts.png"},"castbox":{"key":"castbox","url":"","label":"CastBox","class":"castbox","icon":"castbox.png"},"deezer":{"key":"deezer","url":"","label":"Deezer","class":"deezer","icon":"deezer.png"},"google_podcasts":{"key":"google_podcasts","url":"","label":"Google Podcasts","class":"google_podcasts","icon":"google-podcasts.png"},"listen_notes":{"key":"listen_notes","url":"","label":"Listen Notes","class":"listen_notes","icon":"listen-notes.png"},"pandora":{"key":"pandora","url":"","label":"Pandora","class":"pandora","icon":"pandora.png"},"podbean":{"key":"podbean","url":"","label":"Podbean","class":"podbean","icon":"podbean.png"},"podcast_republic":{"key":"podcast_republic","url":"","label":"Podcast Republic","class":"podcast_republic","icon":"podcast-republic.png"},"rss":{"key":"rss","url":"","label":"RSS","class":"rss","icon":"rss.png"},"spotify":{"key":"spotify","url":"","label":"Spotify","class":"spotify","icon":"spotify.png"},"stitcher":{"key":"stitcher","url":"","label":"Stitcher","class":"stitcher","icon":"stitcher.png"},"tunein":{"key":"tunein","url":"","label":"TuneIn","class":"tunein","icon":"tunein.png"},"youtube":{"key":"youtube","url":"","label":"YouTube","class":"youtube","icon":"youtube.png"},"iheartradio":{"key":"iheartradio","url":"","label":"iHeartRadio","class":"iheartradio","icon":"iheartradio.png"},"ivoox":{"key":"ivoox","url":"","label":"iVoox","class":"ivoox","icon":"ivoox.png"}},"rssFeedUrl":"https:\/\/quechilero.com\/blog\/feed\/podcast\/si-la-vida-nos-da-limones","embedCode":"<blockquote class=\"wp-embedded-content\" data-secret=\"np4tk0Bg5M\"><a href=\"https:\/\/quechilero.com\/blog\/2008\/08\/29\/maravillosamente-absurdo\/\">Marat\u00f3n &#8211; Maravillosamente Absurdo<\/a><\/blockquote><iframe sandbox=\"allow-scripts\" security=\"restricted\" src=\"https:\/\/quechilero.com\/blog\/2008\/08\/29\/maravillosamente-absurdo\/embed\/#?secret=np4tk0Bg5M\" width=\"500\" height=\"350\" title=\"\u00abMarat\u00f3n &#8211; Maravillosamente Absurdo\u00bb \u2014 Si la Vida nos da Limones...\" data-secret=\"np4tk0Bg5M\" frameborder=\"0\" marginwidth=\"0\" marginheight=\"0\" scrolling=\"no\" class=\"wp-embedded-content\"><\/iframe><script>\n\/*! This file is auto-generated *\/\n!function(d,l){\"use strict\";l.querySelector&&d.addEventListener&&\"undefined\"!=typeof URL&&(d.wp=d.wp||{},d.wp.receiveEmbedMessage||(d.wp.receiveEmbedMessage=function(e){var t=e.data;if((t||t.secret||t.message||t.value)&&!\/[^a-zA-Z0-9]\/.test(t.secret)){for(var s,r,n,a=l.querySelectorAll('iframe[data-secret=\"'+t.secret+'\"]'),o=l.querySelectorAll('blockquote[data-secret=\"'+t.secret+'\"]'),c=new RegExp(\"^https?:$\",\"i\"),i=0;i<o.length;i++)o[i].style.display=\"none\";for(i=0;i<a.length;i++)s=a[i],e.source===s.contentWindow&&(s.removeAttribute(\"style\"),\"height\"===t.message?(1e3<(r=parseInt(t.value,10))?r=1e3:~~r<200&&(r=200),s.height=r):\"link\"===t.message&&(r=new URL(s.getAttribute(\"src\")),n=new URL(t.value),c.test(n.protocol))&&n.host===r.host&&l.activeElement===s&&(d.top.location.href=t.value))}},d.addEventListener(\"message\",d.wp.receiveEmbedMessage,!1),l.addEventListener(\"DOMContentLoaded\",function(){for(var e,t,s=l.querySelectorAll(\"iframe.wp-embedded-content\"),r=0;r<s.length;r++)(t=(e=s[r]).getAttribute(\"data-secret\"))||(t=Math.random().toString(36).substring(2,12),e.src+=\"#?secret=\"+t,e.setAttribute(\"data-secret\",t)),e.contentWindow.postMessage({message:\"ready\",secret:t},\"*\")},!1)))}(window,document);\n\/\/# sourceURL=https:\/\/quechilero.com\/blog\/wp-includes\/js\/wp-embed.min.js\n<\/script>\n"},"jetpack_publicize_connections":[],"jetpack_shortlink":"https:\/\/wp.me\/pDKli-km","jetpack_sharing_enabled":true,"jetpack-related-posts":[{"id":1194,"url":"https:\/\/quechilero.com\/blog\/2008\/07\/31\/maraton-de-blogs-2008\/","url_meta":{"origin":1262,"position":0},"title":"Marat\u00f3n de Blogs 2008","author":"Pepe Barrascout Ortiz","date":"31 julio 2008","format":false,"excerpt":"Con el mes de agosto, llega el \"Marat\u00f3n de Blogs\", el cual desde el 2006 he venido realizando y se ha convertido en una tradici\u00f3n ya. En la primera edici\u00f3n, se escribi\u00f3 un peque\u00f1o texto recomendando al menos cinco blogs, con el fin de dar a conocer nuevos blogs, coincidiendo\u2026","rel":"","context":"En \u00abBlogs de Guatemala\u00bb","block_context":{"text":"Blogs de Guatemala","link":"https:\/\/quechilero.com\/blog\/category\/blogs-de-guatemala\/"},"img":{"alt_text":"","src":"","width":0,"height":0},"classes":[]},{"id":661,"url":"https:\/\/quechilero.com\/blog\/2007\/08\/20\/maraton-de-blogs-octava-maravilla\/","url_meta":{"origin":1262,"position":1},"title":"Marat\u00f3n de Blogs &#8211; Octava Maravilla","author":"Pepe Barrascout Ortiz","date":"20 agosto 2007","format":false,"excerpt":"Sigue el Marat\u00f3n de Blogs, con este texto publicado originalmente en el blog Voces Equilibradas, a prop\u00f3sito de la elecci\u00f3n de las nuevas siete maravillas del mundo, Voces Equilibradas nos propone a la octava maravilla, la cual comparto y para secundar la propuesta, reproduzco el texto publicado. ********** La Octava\u2026","rel":"","context":"En \u00abLimones\u00bb","block_context":{"text":"Limones","link":"https:\/\/quechilero.com\/blog\/category\/limones\/"},"img":{"alt_text":"","src":"","width":0,"height":0},"classes":[]},{"id":3217,"url":"https:\/\/quechilero.com\/blog\/2009\/08\/01\/maraton-de-blogs-recapitulando\/","url_meta":{"origin":1262,"position":2},"title":"Marat\u00f3n de Blogs: Recapitulando","author":"Pepe Barrascout Ortiz","date":"1 agosto 2009","format":false,"excerpt":"Ha pasado un a\u00f1o, desde del anterior Marat\u00f3n de Blogs y han sido muchos los Blogs de Guatemala que se han ido sumando, en parte por la relativa facilidad de acceso a internet, que hay en nuestro pa\u00eds, aunque a\u00fan estamos muy lejos, de lo que realmente deber\u00edamos de estar\u2026","rel":"","context":"En \u00abBlogs de Guatemala\u00bb","block_context":{"text":"Blogs de Guatemala","link":"https:\/\/quechilero.com\/blog\/category\/blogs-de-guatemala\/"},"img":{"alt_text":"","src":"","width":0,"height":0},"classes":[]},{"id":9936,"url":"https:\/\/quechilero.com\/blog\/2011\/08\/28\/maraton-de-blogs-evy\/","url_meta":{"origin":1262,"position":3},"title":"Marat\u00f3n de Blogs: Evy","author":"Pepe Barrascout Ortiz","date":"28 agosto 2011","format":false,"excerpt":"Este es un espacio para compartir contigo, donde deseo publicar de todo un poco, perlo lo importante es que te deje algo a ti en el coraz\u00f3n y te haga reflexionar... as\u00ed es como Evelyn\u00a0da la bienvenida a sus lectores en su blog llamado simplemente Evy, que seguro es por\u2026","rel":"","context":"En \u00abBlogs de Guatemala\u00bb","block_context":{"text":"Blogs de Guatemala","link":"https:\/\/quechilero.com\/blog\/category\/blogs-de-guatemala\/"},"img":{"alt_text":"","src":"https:\/\/i0.wp.com\/i392.photobucket.com\/albums\/pp7\/pepejaguar\/maraton\/evy.png?resize=350%2C200","width":350,"height":200,"srcset":"https:\/\/i0.wp.com\/i392.photobucket.com\/albums\/pp7\/pepejaguar\/maraton\/evy.png?resize=350%2C200 1x, https:\/\/i0.wp.com\/i392.photobucket.com\/albums\/pp7\/pepejaguar\/maraton\/evy.png?resize=525%2C300 1.5x"},"classes":[]},{"id":9928,"url":"https:\/\/quechilero.com\/blog\/2011\/08\/22\/maraton-de-blogs-xela-daily-photo\/","url_meta":{"origin":1262,"position":4},"title":"Marat\u00f3n de Blogs: Xela Daily Photo","author":"Pepe Barrascout Ortiz","date":"22 agosto 2011","format":false,"excerpt":"Xela Daily Photo es otro de los proyectos apoyados por Rudy Gir\u00f3n. Su primera publicaci\u00f3n fue en noviembre de 2010 y pr\u00f3ximo a cumplir su primer a\u00f1o, ha cumplido el objetivo de publicar una fotograf\u00eda diaria de la ciudad altense. Este blog es dirigido por Luna McCarthy, quien actualmente reside\u2026","rel":"","context":"En \u00abBlogs de Guatemala\u00bb","block_context":{"text":"Blogs de Guatemala","link":"https:\/\/quechilero.com\/blog\/category\/blogs-de-guatemala\/"},"img":{"alt_text":"","src":"https:\/\/i0.wp.com\/i392.photobucket.com\/albums\/pp7\/pepejaguar\/maraton\/xela-daily.png?resize=350%2C200","width":350,"height":200,"srcset":"https:\/\/i0.wp.com\/i392.photobucket.com\/albums\/pp7\/pepejaguar\/maraton\/xela-daily.png?resize=350%2C200 1x, https:\/\/i0.wp.com\/i392.photobucket.com\/albums\/pp7\/pepejaguar\/maraton\/xela-daily.png?resize=525%2C300 1.5x"},"classes":[]},{"id":9929,"url":"https:\/\/quechilero.com\/blog\/2011\/08\/23\/maraton-de-blogs-guatemala-daily-photo\/","url_meta":{"origin":1262,"position":5},"title":"Marat\u00f3n de Blogs: Guatemala Daily Photo","author":"Pepe Barrascout Ortiz","date":"23 agosto 2011","format":false,"excerpt":"Completando la trilog\u00eda\u00a0en abril de 2011 se publica el primer art\u00edculo de Guatemala Daily Photo, es el tercer proyecto\u00a0que Rudy Gir\u00f3n\u00a0apoya fuertemente, con el objetivo de promover lo bueno que tiene Guatemala, usando como herramienta de divulgaci\u00f3n la fotograf\u00eda. Guatemala Daily Photo\u00a0es dirigido por Hugo Muralles, quien recibe colaboraciones de\u2026","rel":"","context":"En \u00abBlogs de Guatemala\u00bb","block_context":{"text":"Blogs de Guatemala","link":"https:\/\/quechilero.com\/blog\/category\/blogs-de-guatemala\/"},"img":{"alt_text":"","src":"https:\/\/i0.wp.com\/i392.photobucket.com\/albums\/pp7\/pepejaguar\/maraton\/guatemala-daily.png?resize=350%2C200","width":350,"height":200,"srcset":"https:\/\/i0.wp.com\/i392.photobucket.com\/albums\/pp7\/pepejaguar\/maraton\/guatemala-daily.png?resize=350%2C200 1x, https:\/\/i0.wp.com\/i392.photobucket.com\/albums\/pp7\/pepejaguar\/maraton\/guatemala-daily.png?resize=525%2C300 1.5x"},"classes":[]}],"jetpack_featured_media_url":"","_links":{"self":[{"href":"https:\/\/quechilero.com\/blog\/wp-json\/wp\/v2\/posts\/1262","targetHints":{"allow":["GET"]}}],"collection":[{"href":"https:\/\/quechilero.com\/blog\/wp-json\/wp\/v2\/posts"}],"about":[{"href":"https:\/\/quechilero.com\/blog\/wp-json\/wp\/v2\/types\/post"}],"author":[{"embeddable":true,"href":"https:\/\/quechilero.com\/blog\/wp-json\/wp\/v2\/users\/1"}],"replies":[{"embeddable":true,"href":"https:\/\/quechilero.com\/blog\/wp-json\/wp\/v2\/comments?post=1262"}],"version-history":[{"count":0,"href":"https:\/\/quechilero.com\/blog\/wp-json\/wp\/v2\/posts\/1262\/revisions"}],"wp:attachment":[{"href":"https:\/\/quechilero.com\/blog\/wp-json\/wp\/v2\/media?parent=1262"}],"wp:term":[{"taxonomy":"category","embeddable":true,"href":"https:\/\/quechilero.com\/blog\/wp-json\/wp\/v2\/categories?post=1262"},{"taxonomy":"post_tag","embeddable":true,"href":"https:\/\/quechilero.com\/blog\/wp-json\/wp\/v2\/tags?post=1262"},{"taxonomy":"series","embeddable":true,"href":"https:\/\/quechilero.com\/blog\/wp-json\/wp\/v2\/series?post=1262"}],"curies":[{"name":"wp","href":"https:\/\/api.w.org\/{rel}","templated":true}]}}