{"id":1260,"date":"2008-08-28T12:00:57","date_gmt":"2008-08-28T18:00:57","guid":{"rendered":"http:\/\/quechilero.com\/blog\/?p=1260"},"modified":"2008-08-28T12:00:57","modified_gmt":"2008-08-28T18:00:57","slug":"metropolid","status":"publish","type":"post","link":"https:\/\/quechilero.com\/blog\/2008\/08\/28\/metropolid\/","title":{"rendered":"Marat\u00f3n &#8211; MetropoliD"},"content":{"rendered":"<p><a href=\"http:\/\/metropolid.com\/\" target=\"_blank\"><img data-recalc-dims=\"1\" loading=\"lazy\" decoding=\"async\" class=\"alignleft\" style=\"margin-right: 5px;\" src=\"https:\/\/i0.wp.com\/img253.imageshack.us\/img253\/8540\/maratonwh8.jpg?resize=350%2C352\" alt=\"\" width=\"350\" height=\"352\" \/><\/a><\/p>\n<p><em>Esencial para tu vida en la ciudad<\/em>, es el lema que acompa\u00f1a a <a title=\"Marat\u00f3n de Blogs\" href=\"http:\/\/metropolid.com\" target=\"_blank\"><strong>metropoliD<\/strong><\/a>, un blog <em>urbano<\/em>, escrito, redactado y organizado por un grupo de periodistas y fot\u00f3grafos profesionales que encabezados por <em>Claudia Cruz<\/em>, le dan vida a <a title=\"Marat\u00f3n de Blogs\" href=\"http:\/\/metropolid.com\" target=\"_blank\"><strong>metropoliD<\/strong><\/a>.<\/p>\n<p>Informaci\u00f3n muy espec\u00edfica, circunscrita a la <em>Ciudad Capital de Guatemala, <\/em><a title=\"Marat\u00f3n de Blogs\" href=\"http:\/\/metropolid.com\" target=\"_blank\"><strong>metropoliD<\/strong><\/a> propone una nueva propuesta y alternativa para mantenerse informado en forma puntual y a tiempo de los principales <em>factores<\/em> que intervienen en el diario acontecer de <em>la ciudad mas grande, mas poblada, mas moderna y mas cosmopolita de centro am\u00e9rica<\/em>.<\/p>\n<p><a title=\"Marat\u00f3n de Blogs\" href=\"http:\/\/metropolid.com\" target=\"_blank\"><strong>metropoliD<\/strong><\/a> al ser editado por <em>periodistas profesionales<\/em>, se puede tener la certeza que la informaci\u00f3n ah\u00ed publicada, es de primera mano y de fuentes confiables, por lo que su lectura diaria, resulta ser una buena fuente de informaci\u00f3n y de consulta.<\/p>\n<p><em>El estado del tiempo, el cambio del Quetzal con respecto al D\u00f3lar, los precios de la gasolina y diesel, <strong>el estado del tr\u00e1fico actualizado<\/strong>, infograf\u00edas, mapas, noticias de \u00faltimo momento, indicadores de precios (azucar, leche, pan, huevos, carne, men\u00fa de pollo, men\u00fa de hamburguesa), galer\u00edas de fotograf\u00edas profesionales de nuestra ciudad<\/em>, son solo algunas de las tantas cosas que se pueden encontrar en <a title=\"Marat\u00f3n de Blogs\" href=\"http:\/\/metropolid.com\" target=\"_blank\"><strong>metropoliD<\/strong><\/a>.<\/p>\n<p>Toda la informaci\u00f3n est\u00e1 organizada y clasificada por distritos<em> (norte, este, sur, oeste)<\/em> y es en base a esta clasificaci\u00f3n, en la que podemos consultar los distintos aspectos que forman parte de la extensa base de datos de contenido de <a title=\"Marat\u00f3n de Blogs\" href=\"http:\/\/metropolid.com\" target=\"_blank\"><strong>metropoliD<\/strong><\/a>.<\/p>\n<p><strong>Me gusta mucho<\/strong> el <em>reporte del tr\u00e1fico<\/em>, que de forma oportuna y r\u00e1pida, nos permite saber de un vistazo, como est\u00e1 la carga vehicular a distintas horas en los diferentes sectores en los que se ha dividido la informaci\u00f3n. <em>Me gusta tambi\u00e9n<strong> <\/strong><\/em>el nuevo dise\u00f1o, el cual a\u00fan no est\u00e1 a la vista del p\u00fablico, pero que pueden observar una vista previa, en la imagen superior que acompa\u00f1a a esta rese\u00f1a. Este nuevo dise\u00f1o estar\u00e1 disponible dentro de muy poco.<\/p>\n<p>Termina de complementar la informaci\u00f3n, una secci\u00f3n dedicada a las noticias deportivas, de far\u00e1ndula e internacionales.<\/p>\n<p>Si lo que andan buscando es informaci\u00f3n oportuna, veraz y concisa sobre el acontecer en <em>Ciudad Guatemala<\/em>, definitivamente <a title=\"Marat\u00f3n de Blogs\" href=\"http:\/\/metropolid.com\" target=\"_blank\"><strong>metropoliD<\/strong><\/a> es la opci\u00f3n obligada que debe estar en los listados de favoritos.<\/p>\n<p>Lee m\u00e1s rese\u00f1as de la <a title=\"Marat\u00f3n de Blogs\" href=\"http:\/\/quechilero.com\/blog\/2008\/07\/31\/maraton-de-blogs-2008\/\" target=\"_blank\"><strong>Marat\u00f3n de Blogs 2008<\/strong><\/a><\/p>\n<p>Actualmente en <a title=\"Marat\u00f3n de Blogs\" href=\"http:\/\/metropolid.com\" target=\"_blank\"><strong>metropoliD<\/strong><\/a> puedes leer sobre:<\/p>\n<p><a href=\"http:\/\/img141.imageshack.us\/my.php?image=palabraseu6.jpg\" target=\"_blank\"><img data-recalc-dims=\"1\" loading=\"lazy\" decoding=\"async\" class=\"alignnone\" src=\"https:\/\/i0.wp.com\/img141.imageshack.us\/img141\/2760\/palabraseu6.jpg?resize=585%2C236\" alt=\"\" width=\"585\" height=\"236\" \/><\/a><\/p>\n","protected":false},"excerpt":{"rendered":"<p>Esencial para tu vida en la ciudad, es el lema que acompa\u00f1a a metropoliD, un blog urbano, escrito, redactado y organizado por un grupo de periodistas y fot\u00f3grafos profesionales que encabezados por Claudia Cruz, le dan vida a metropoliD. Informaci\u00f3n muy espec\u00edfica, circunscrita a la Ciudad Capital de Guatemala, metropoliD propone una nueva propuesta y &#8230; <a title=\"Marat\u00f3n &#8211; MetropoliD\" class=\"read-more\" href=\"https:\/\/quechilero.com\/blog\/2008\/08\/28\/metropolid\/\" aria-label=\"Leer m\u00e1s sobre Marat\u00f3n &#8211; MetropoliD\">Leer m\u00e1s<\/a><\/p>\n","protected":false},"author":1,"featured_media":0,"comment_status":"open","ping_status":"open","sticky":false,"template":"","format":"standard","meta":{"advanced_seo_description":"","jetpack_seo_html_title":"","jetpack_seo_noindex":false,"jetpack_seo_schema_type":"","episode_type":"","audio_file":"","podmotor_file_id":"","podmotor_episode_id":"","cover_image":"","cover_image_id":"","duration":"","filesize":"","filesize_raw":"","date_recorded":"","explicit":"","block":"","_jetpack_newsletter_access":"","_jetpack_dont_email_post_to_subs":false,"_jetpack_newsletter_tier_id":0,"_jetpack_memberships_contains_paywalled_content":false,"_jetpack_feature_clip_id":0,"_jetpack_memberships_contains_paid_content":false,"footnotes":"","jetpack_publicize_message":"","jetpack_publicize_feature_enabled":true,"jetpack_social_post_already_shared":false,"jetpack_social_options":{"image_generator_settings":{"template":"highway","default_image_id":0,"font":"","enabled":false},"version":2},"jetpack_post_was_ever_published":false},"categories":[61],"tags":[4,12,7,8,10,81,47,62,42,5,24],"series":[],"class_list":["post-1260","post","type-post","status-publish","format-standard","hentry","category-blogs-de-guatemala","tag-blog","tag-cosas","tag-diseno","tag-fotografia","tag-guatemala","tag-lectura","tag-mapa","tag-maraton","tag-palabra","tag-tiempo","tag-vida"],"episode_featured_image":false,"episode_player_image":"https:\/\/i0.wp.com\/quechilero.com\/blog\/imagenes\/podcast.png?fit=1831%2C1831&ssl=1","download_link":"","player_link":"","audio_player":false,"episode_data":{"playerMode":"dark","subscribeUrls":{"amazon":{"key":"amazon","url":"","label":"Amazon","class":"amazon","icon":"amazon.png"},"apple_podcasts":{"key":"apple_podcasts","url":"","label":"Apple Podcasts","class":"apple_podcasts","icon":"apple-podcasts.png"},"castbox":{"key":"castbox","url":"","label":"CastBox","class":"castbox","icon":"castbox.png"},"deezer":{"key":"deezer","url":"","label":"Deezer","class":"deezer","icon":"deezer.png"},"google_podcasts":{"key":"google_podcasts","url":"","label":"Google Podcasts","class":"google_podcasts","icon":"google-podcasts.png"},"listen_notes":{"key":"listen_notes","url":"","label":"Listen Notes","class":"listen_notes","icon":"listen-notes.png"},"pandora":{"key":"pandora","url":"","label":"Pandora","class":"pandora","icon":"pandora.png"},"podbean":{"key":"podbean","url":"","label":"Podbean","class":"podbean","icon":"podbean.png"},"podcast_republic":{"key":"podcast_republic","url":"","label":"Podcast Republic","class":"podcast_republic","icon":"podcast-republic.png"},"rss":{"key":"rss","url":"","label":"RSS","class":"rss","icon":"rss.png"},"spotify":{"key":"spotify","url":"","label":"Spotify","class":"spotify","icon":"spotify.png"},"stitcher":{"key":"stitcher","url":"","label":"Stitcher","class":"stitcher","icon":"stitcher.png"},"tunein":{"key":"tunein","url":"","label":"TuneIn","class":"tunein","icon":"tunein.png"},"youtube":{"key":"youtube","url":"","label":"YouTube","class":"youtube","icon":"youtube.png"},"iheartradio":{"key":"iheartradio","url":"","label":"iHeartRadio","class":"iheartradio","icon":"iheartradio.png"},"ivoox":{"key":"ivoox","url":"","label":"iVoox","class":"ivoox","icon":"ivoox.png"}},"rssFeedUrl":"https:\/\/quechilero.com\/blog\/feed\/podcast\/si-la-vida-nos-da-limones","embedCode":"<blockquote class=\"wp-embedded-content\" data-secret=\"zDazKCgvq6\"><a href=\"https:\/\/quechilero.com\/blog\/2008\/08\/28\/metropolid\/\">Marat\u00f3n &#8211; MetropoliD<\/a><\/blockquote><iframe sandbox=\"allow-scripts\" security=\"restricted\" src=\"https:\/\/quechilero.com\/blog\/2008\/08\/28\/metropolid\/embed\/#?secret=zDazKCgvq6\" width=\"500\" height=\"350\" title=\"\u00abMarat\u00f3n &#8211; MetropoliD\u00bb \u2014 Si la Vida nos da Limones...\" data-secret=\"zDazKCgvq6\" frameborder=\"0\" marginwidth=\"0\" marginheight=\"0\" scrolling=\"no\" class=\"wp-embedded-content\"><\/iframe><script>\n\/*! This file is auto-generated *\/\n!function(d,l){\"use strict\";l.querySelector&&d.addEventListener&&\"undefined\"!=typeof URL&&(d.wp=d.wp||{},d.wp.receiveEmbedMessage||(d.wp.receiveEmbedMessage=function(e){var t=e.data;if((t||t.secret||t.message||t.value)&&!\/[^a-zA-Z0-9]\/.test(t.secret)){for(var s,r,n,a=l.querySelectorAll('iframe[data-secret=\"'+t.secret+'\"]'),o=l.querySelectorAll('blockquote[data-secret=\"'+t.secret+'\"]'),c=new RegExp(\"^https?:$\",\"i\"),i=0;i<o.length;i++)o[i].style.display=\"none\";for(i=0;i<a.length;i++)s=a[i],e.source===s.contentWindow&&(s.removeAttribute(\"style\"),\"height\"===t.message?(1e3<(r=parseInt(t.value,10))?r=1e3:~~r<200&&(r=200),s.height=r):\"link\"===t.message&&(r=new URL(s.getAttribute(\"src\")),n=new URL(t.value),c.test(n.protocol))&&n.host===r.host&&l.activeElement===s&&(d.top.location.href=t.value))}},d.addEventListener(\"message\",d.wp.receiveEmbedMessage,!1),l.addEventListener(\"DOMContentLoaded\",function(){for(var e,t,s=l.querySelectorAll(\"iframe.wp-embedded-content\"),r=0;r<s.length;r++)(t=(e=s[r]).getAttribute(\"data-secret\"))||(t=Math.random().toString(36).substring(2,12),e.src+=\"#?secret=\"+t,e.setAttribute(\"data-secret\",t)),e.contentWindow.postMessage({message:\"ready\",secret:t},\"*\")},!1)))}(window,document);\n\/\/# sourceURL=https:\/\/quechilero.com\/blog\/wp-includes\/js\/wp-embed.min.js\n<\/script>\n"},"jetpack_publicize_connections":[],"jetpack_shortlink":"https:\/\/wp.me\/pDKli-kk","jetpack_sharing_enabled":true,"jetpack-related-posts":[{"id":1194,"url":"https:\/\/quechilero.com\/blog\/2008\/07\/31\/maraton-de-blogs-2008\/","url_meta":{"origin":1260,"position":0},"title":"Marat\u00f3n de Blogs 2008","author":"Pepe Barrascout Ortiz","date":"31 julio 2008","format":false,"excerpt":"Con el mes de agosto, llega el \"Marat\u00f3n de Blogs\", el cual desde el 2006 he venido realizando y se ha convertido en una tradici\u00f3n ya. En la primera edici\u00f3n, se escribi\u00f3 un peque\u00f1o texto recomendando al menos cinco blogs, con el fin de dar a conocer nuevos blogs, coincidiendo\u2026","rel":"","context":"En \u00abBlogs de Guatemala\u00bb","block_context":{"text":"Blogs de Guatemala","link":"https:\/\/quechilero.com\/blog\/category\/blogs-de-guatemala\/"},"img":{"alt_text":"","src":"","width":0,"height":0},"classes":[]},{"id":3217,"url":"https:\/\/quechilero.com\/blog\/2009\/08\/01\/maraton-de-blogs-recapitulando\/","url_meta":{"origin":1260,"position":1},"title":"Marat\u00f3n de Blogs: Recapitulando","author":"Pepe Barrascout Ortiz","date":"1 agosto 2009","format":false,"excerpt":"Ha pasado un a\u00f1o, desde del anterior Marat\u00f3n de Blogs y han sido muchos los Blogs de Guatemala que se han ido sumando, en parte por la relativa facilidad de acceso a internet, que hay en nuestro pa\u00eds, aunque a\u00fan estamos muy lejos, de lo que realmente deber\u00edamos de estar\u2026","rel":"","context":"En \u00abBlogs de Guatemala\u00bb","block_context":{"text":"Blogs de Guatemala","link":"https:\/\/quechilero.com\/blog\/category\/blogs-de-guatemala\/"},"img":{"alt_text":"","src":"","width":0,"height":0},"classes":[]},{"id":9929,"url":"https:\/\/quechilero.com\/blog\/2011\/08\/23\/maraton-de-blogs-guatemala-daily-photo\/","url_meta":{"origin":1260,"position":2},"title":"Marat\u00f3n de Blogs: Guatemala Daily Photo","author":"Pepe Barrascout Ortiz","date":"23 agosto 2011","format":false,"excerpt":"Completando la trilog\u00eda\u00a0en abril de 2011 se publica el primer art\u00edculo de Guatemala Daily Photo, es el tercer proyecto\u00a0que Rudy Gir\u00f3n\u00a0apoya fuertemente, con el objetivo de promover lo bueno que tiene Guatemala, usando como herramienta de divulgaci\u00f3n la fotograf\u00eda. Guatemala Daily Photo\u00a0es dirigido por Hugo Muralles, quien recibe colaboraciones de\u2026","rel":"","context":"En \u00abBlogs de Guatemala\u00bb","block_context":{"text":"Blogs de Guatemala","link":"https:\/\/quechilero.com\/blog\/category\/blogs-de-guatemala\/"},"img":{"alt_text":"","src":"https:\/\/i0.wp.com\/i392.photobucket.com\/albums\/pp7\/pepejaguar\/maraton\/guatemala-daily.png?resize=350%2C200","width":350,"height":200,"srcset":"https:\/\/i0.wp.com\/i392.photobucket.com\/albums\/pp7\/pepejaguar\/maraton\/guatemala-daily.png?resize=350%2C200 1x, https:\/\/i0.wp.com\/i392.photobucket.com\/albums\/pp7\/pepejaguar\/maraton\/guatemala-daily.png?resize=525%2C300 1.5x"},"classes":[]},{"id":9916,"url":"https:\/\/quechilero.com\/blog\/2011\/08\/04\/maraton-de-blogs-el-centro-histerico\/","url_meta":{"origin":1260,"position":3},"title":"Marat\u00f3n de Blogs: El Centro Hist\u00e9rico","author":"Pepe Barrascout Ortiz","date":"4 agosto 2011","format":false,"excerpt":"Todas las ciudades que fueron fundadas a ra\u00edz de la colonizaci\u00f3n espa\u00f1ola, cuentan con algo a lo que le han dado un nombre cool, \"El Centro Hist\u00f3rico\", en algunos pa\u00edses un poco mas avanzados, es otra la historia, pero en Guatemala es un verdadero Centro Hist\u00e9rico. Durante una muy buena\u2026","rel":"","context":"En \u00abBlogs de Guatemala\u00bb","block_context":{"text":"Blogs de Guatemala","link":"https:\/\/quechilero.com\/blog\/category\/blogs-de-guatemala\/"},"img":{"alt_text":"","src":"https:\/\/i0.wp.com\/i392.photobucket.com\/albums\/pp7\/pepejaguar\/maraton\/centro-histerico.jpg?resize=350%2C200","width":350,"height":200,"srcset":"https:\/\/i0.wp.com\/i392.photobucket.com\/albums\/pp7\/pepejaguar\/maraton\/centro-histerico.jpg?resize=350%2C200 1x, https:\/\/i0.wp.com\/i392.photobucket.com\/albums\/pp7\/pepejaguar\/maraton\/centro-histerico.jpg?resize=525%2C300 1.5x"},"classes":[]},{"id":630,"url":"https:\/\/quechilero.com\/blog\/2007\/08\/14\/maraton-de-blogs-el-graffiti-en-guatemala\/","url_meta":{"origin":1260,"position":4},"title":"Marat\u00f3n de Blogs &#8211; El Graffiti en Guatemala","author":"Pepe Barrascout Ortiz","date":"14 agosto 2007","format":false,"excerpt":"Sigue el Marat\u00f3n de Blogs, con este texto publicado originalmente en el blog Hemisferio Urbano, se caracteriza por sus reportajes relacionados al graffiti entre otros. En este art\u00edculo se habla sobre este movimiento en Guatemala. ********** El Graffiti en Guatemala. Actualmente en Guatemala esta creciendo cada vez mas el movimiento\u2026","rel":"","context":"En \u00abLimones\u00bb","block_context":{"text":"Limones","link":"https:\/\/quechilero.com\/blog\/category\/limones\/"},"img":{"alt_text":"","src":"","width":0,"height":0},"classes":[]},{"id":9918,"url":"https:\/\/quechilero.com\/blog\/2011\/08\/07\/maraton-de-blogs-que-el-azar-te-acompane\/","url_meta":{"origin":1260,"position":5},"title":"Marat\u00f3n de Blogs: Que el Azar te Acompa\u00f1e","author":"Pepe Barrascout Ortiz","date":"7 agosto 2011","format":false,"excerpt":"El Azar Cultural es una revista cultural, donde se muestran en cartelera, los eventos de mas renombre que se desarrollan en Ciudad de Guatemala y de Antigua Guatemala, lastimosamente no hay informaci\u00f3n de las actividades culturales que se desarrollan en el interior del pa\u00eds. A pesar de eso,\u00a0El Azar Cultural\u00a0es\u2026","rel":"","context":"En \u00abBlogs de Guatemala\u00bb","block_context":{"text":"Blogs de Guatemala","link":"https:\/\/quechilero.com\/blog\/category\/blogs-de-guatemala\/"},"img":{"alt_text":"","src":"https:\/\/i0.wp.com\/i392.photobucket.com\/albums\/pp7\/pepejaguar\/maraton\/azar-te-acompae.png?resize=350%2C200","width":350,"height":200,"srcset":"https:\/\/i0.wp.com\/i392.photobucket.com\/albums\/pp7\/pepejaguar\/maraton\/azar-te-acompae.png?resize=350%2C200 1x, https:\/\/i0.wp.com\/i392.photobucket.com\/albums\/pp7\/pepejaguar\/maraton\/azar-te-acompae.png?resize=525%2C300 1.5x"},"classes":[]}],"jetpack_featured_media_url":"","_links":{"self":[{"href":"https:\/\/quechilero.com\/blog\/wp-json\/wp\/v2\/posts\/1260","targetHints":{"allow":["GET"]}}],"collection":[{"href":"https:\/\/quechilero.com\/blog\/wp-json\/wp\/v2\/posts"}],"about":[{"href":"https:\/\/quechilero.com\/blog\/wp-json\/wp\/v2\/types\/post"}],"author":[{"embeddable":true,"href":"https:\/\/quechilero.com\/blog\/wp-json\/wp\/v2\/users\/1"}],"replies":[{"embeddable":true,"href":"https:\/\/quechilero.com\/blog\/wp-json\/wp\/v2\/comments?post=1260"}],"version-history":[{"count":0,"href":"https:\/\/quechilero.com\/blog\/wp-json\/wp\/v2\/posts\/1260\/revisions"}],"wp:attachment":[{"href":"https:\/\/quechilero.com\/blog\/wp-json\/wp\/v2\/media?parent=1260"}],"wp:term":[{"taxonomy":"category","embeddable":true,"href":"https:\/\/quechilero.com\/blog\/wp-json\/wp\/v2\/categories?post=1260"},{"taxonomy":"post_tag","embeddable":true,"href":"https:\/\/quechilero.com\/blog\/wp-json\/wp\/v2\/tags?post=1260"},{"taxonomy":"series","embeddable":true,"href":"https:\/\/quechilero.com\/blog\/wp-json\/wp\/v2\/series?post=1260"}],"curies":[{"name":"wp","href":"https:\/\/api.w.org\/{rel}","templated":true}]}}