{"id":126,"date":"2006-08-09T09:09:23","date_gmt":"2006-08-09T15:09:23","guid":{"rendered":"http:\/\/quechilero.com\/blog\/2006\/08\/09\/ballet-guatemala\/"},"modified":"2006-08-09T09:09:23","modified_gmt":"2006-08-09T15:09:23","slug":"ballet-guatemala","status":"publish","type":"post","link":"https:\/\/quechilero.com\/blog\/2006\/08\/09\/ballet-guatemala\/","title":{"rendered":"Ballet Guatemala"},"content":{"rendered":"<p>Dentro de las manifestaciones del arte, el Ballet siempre ha tenido una importancia grande para mi, desde que me acuerdo, siempre me ha gustado y es que es maravilloso como se logra transmitir un mensaje \u00fanicamente con unos movimientos muy bien planeados, muy bien estudiados, muy bien ejecutados.<\/p>\n<p>Aunque nunca he tenido la oportunidad de conocer en forma mas personal a uno de estos artistas, supongo que la satisfacci\u00f3n al ver realizada una obra ha de llenar de tanta satisfacci\u00f3n al balletista como al espectador.<\/p>\n<p>A mi me emociona mucho poder asistir a una presentaci\u00f3n y cuando tengo la oportunidad trato de no faltar a las temporadas regulares y especiales que se montan en nuestro pa\u00eds.<\/p>\n<p>Y es que el ballet es la perfecta uni\u00f3n entre la m\u00fasica y la poes\u00eda expresada en el movimiento. Reci\u00e9n me he enterado que el <a target=\"_blank\" href=\"http:\/\/sigloxxi.com\/index.php?link=noticias&#038;noticiaid=3722\">Ballet Guatemala<\/a> ha iniciado su temporada principal, espero poder asistir a algunas presentaciones.<\/p>\n<p>Saludos a los grandes balletistas de nuestro pa\u00eds y a los grandes maestros de esta forma de expresi\u00f3n art\u00edstica.<\/p>\n<p><a target=\"new\" title=\"Photo Sharing\" href=\"http:\/\/www.flickr.com\/photos\/pepejaguar\/209692474\/\"><img data-recalc-dims=\"1\" loading=\"lazy\" decoding=\"async\" width=\"395\" height=\"260\" border=\"0\" alt=\"Ballet Guatemala\" src=\"https:\/\/i0.wp.com\/static.flickr.com\/96\/209692474_91f774cf23_o.jpg?resize=395%2C260\" \/><\/a><\/p>\n<p>Foto: <a target=\"_blank\" href=\"http:\/\/www.sigloxxi.com\"><em>sigloxxi.com<\/em><\/a><\/p>\n","protected":false},"excerpt":{"rendered":"<p>Dentro de las manifestaciones del arte, el Ballet siempre ha tenido una importancia grande para mi, desde que me acuerdo, siempre me ha gustado y es que es maravilloso como se logra transmitir un mensaje \u00fanicamente con unos movimientos muy bien planeados, muy bien estudiados, muy bien ejecutados. Aunque nunca he tenido la oportunidad de &#8230; <a title=\"Ballet Guatemala\" class=\"read-more\" href=\"https:\/\/quechilero.com\/blog\/2006\/08\/09\/ballet-guatemala\/\" aria-label=\"Leer m\u00e1s sobre Ballet Guatemala\">Leer m\u00e1s<\/a><\/p>\n","protected":false},"author":1,"featured_media":0,"comment_status":"open","ping_status":"open","sticky":false,"template":"","format":"standard","meta":{"advanced_seo_description":"","jetpack_seo_html_title":"","jetpack_seo_noindex":false,"jetpack_seo_schema_type":"","episode_type":"","audio_file":"","podmotor_file_id":"","podmotor_episode_id":"","cover_image":"","cover_image_id":"","duration":"","filesize":"","filesize_raw":"","date_recorded":"","explicit":"","block":"","_jetpack_newsletter_access":"","_jetpack_dont_email_post_to_subs":false,"_jetpack_newsletter_tier_id":0,"_jetpack_memberships_contains_paywalled_content":false,"_jetpack_feature_clip_id":0,"_jetpack_memberships_contains_paid_content":false,"footnotes":"","jetpack_publicize_message":"","jetpack_publicize_feature_enabled":true,"jetpack_social_post_already_shared":false,"jetpack_social_options":{"image_generator_settings":{"template":"highway","default_image_id":0,"font":"","enabled":false},"version":2},"jetpack_post_was_ever_published":false},"categories":[2],"tags":[14,32,10,23],"series":[],"class_list":["post-126","post","type-post","status-publish","format-standard","hentry","category-limones","tag-accion","tag-especial","tag-guatemala","tag-satisfaccion"],"episode_featured_image":false,"episode_player_image":"https:\/\/i0.wp.com\/quechilero.com\/blog\/imagenes\/podcast.png?fit=1831%2C1831&ssl=1","download_link":"","player_link":"","audio_player":false,"episode_data":{"playerMode":"dark","subscribeUrls":{"amazon":{"key":"amazon","url":"","label":"Amazon","class":"amazon","icon":"amazon.png"},"apple_podcasts":{"key":"apple_podcasts","url":"","label":"Apple Podcasts","class":"apple_podcasts","icon":"apple-podcasts.png"},"castbox":{"key":"castbox","url":"","label":"CastBox","class":"castbox","icon":"castbox.png"},"deezer":{"key":"deezer","url":"","label":"Deezer","class":"deezer","icon":"deezer.png"},"google_podcasts":{"key":"google_podcasts","url":"","label":"Google Podcasts","class":"google_podcasts","icon":"google-podcasts.png"},"listen_notes":{"key":"listen_notes","url":"","label":"Listen Notes","class":"listen_notes","icon":"listen-notes.png"},"pandora":{"key":"pandora","url":"","label":"Pandora","class":"pandora","icon":"pandora.png"},"podbean":{"key":"podbean","url":"","label":"Podbean","class":"podbean","icon":"podbean.png"},"podcast_republic":{"key":"podcast_republic","url":"","label":"Podcast Republic","class":"podcast_republic","icon":"podcast-republic.png"},"rss":{"key":"rss","url":"","label":"RSS","class":"rss","icon":"rss.png"},"spotify":{"key":"spotify","url":"","label":"Spotify","class":"spotify","icon":"spotify.png"},"stitcher":{"key":"stitcher","url":"","label":"Stitcher","class":"stitcher","icon":"stitcher.png"},"tunein":{"key":"tunein","url":"","label":"TuneIn","class":"tunein","icon":"tunein.png"},"youtube":{"key":"youtube","url":"","label":"YouTube","class":"youtube","icon":"youtube.png"},"iheartradio":{"key":"iheartradio","url":"","label":"iHeartRadio","class":"iheartradio","icon":"iheartradio.png"},"ivoox":{"key":"ivoox","url":"","label":"iVoox","class":"ivoox","icon":"ivoox.png"}},"rssFeedUrl":"https:\/\/quechilero.com\/blog\/feed\/podcast\/si-la-vida-nos-da-limones","embedCode":"<blockquote class=\"wp-embedded-content\" data-secret=\"XZaTOX2URc\"><a href=\"https:\/\/quechilero.com\/blog\/2006\/08\/09\/ballet-guatemala\/\">Ballet Guatemala<\/a><\/blockquote><iframe sandbox=\"allow-scripts\" security=\"restricted\" src=\"https:\/\/quechilero.com\/blog\/2006\/08\/09\/ballet-guatemala\/embed\/#?secret=XZaTOX2URc\" width=\"500\" height=\"350\" title=\"\u00abBallet Guatemala\u00bb \u2014 Si la Vida nos da Limones...\" data-secret=\"XZaTOX2URc\" frameborder=\"0\" marginwidth=\"0\" marginheight=\"0\" scrolling=\"no\" class=\"wp-embedded-content\"><\/iframe><script>\n\/*! This file is auto-generated *\/\n!function(d,l){\"use strict\";l.querySelector&&d.addEventListener&&\"undefined\"!=typeof URL&&(d.wp=d.wp||{},d.wp.receiveEmbedMessage||(d.wp.receiveEmbedMessage=function(e){var t=e.data;if((t||t.secret||t.message||t.value)&&!\/[^a-zA-Z0-9]\/.test(t.secret)){for(var s,r,n,a=l.querySelectorAll('iframe[data-secret=\"'+t.secret+'\"]'),o=l.querySelectorAll('blockquote[data-secret=\"'+t.secret+'\"]'),c=new RegExp(\"^https?:$\",\"i\"),i=0;i<o.length;i++)o[i].style.display=\"none\";for(i=0;i<a.length;i++)s=a[i],e.source===s.contentWindow&&(s.removeAttribute(\"style\"),\"height\"===t.message?(1e3<(r=parseInt(t.value,10))?r=1e3:~~r<200&&(r=200),s.height=r):\"link\"===t.message&&(r=new URL(s.getAttribute(\"src\")),n=new URL(t.value),c.test(n.protocol))&&n.host===r.host&&l.activeElement===s&&(d.top.location.href=t.value))}},d.addEventListener(\"message\",d.wp.receiveEmbedMessage,!1),l.addEventListener(\"DOMContentLoaded\",function(){for(var e,t,s=l.querySelectorAll(\"iframe.wp-embedded-content\"),r=0;r<s.length;r++)(t=(e=s[r]).getAttribute(\"data-secret\"))||(t=Math.random().toString(36).substring(2,12),e.src+=\"#?secret=\"+t,e.setAttribute(\"data-secret\",t)),e.contentWindow.postMessage({message:\"ready\",secret:t},\"*\")},!1)))}(window,document);\n\/\/# sourceURL=https:\/\/quechilero.com\/blog\/wp-includes\/js\/wp-embed.min.js\n<\/script>\n"},"jetpack_publicize_connections":[],"jetpack_shortlink":"https:\/\/wp.me\/pDKli-22","jetpack_sharing_enabled":true,"jetpack-related-posts":[{"id":7053,"url":"https:\/\/quechilero.com\/blog\/2011\/07\/24\/arte-con-clavos-ballet\/","url_meta":{"origin":126,"position":0},"title":"Arte con clavos: Ballet","author":"Pepe Barrascout Ortiz","date":"24 julio 2011","format":false,"excerpt":"No es necesario un gran montaje, para transmitir un mensaje visual, muchas veces, los conceptos minimalistas, que son mis preferidos, logran con pocos elementos, enviar un mensaje altamente comprensible. Una muestra, que con poco, se hace mucho. A continuaci\u00f3n, una serie de \"Arte con clavos\" y como dice el dicho\u2026","rel":"","context":"En \u00abLimones por mano\u00bb","block_context":{"text":"Limones por mano","link":"https:\/\/quechilero.com\/blog\/category\/limones-por-mano\/"},"img":{"alt_text":"","src":"","width":0,"height":0},"classes":[]},{"id":9546,"url":"https:\/\/quechilero.com\/blog\/2011\/06\/25\/dia-del-maestro\/","url_meta":{"origin":126,"position":1},"title":"D\u00eda del Maestro","author":"Pepe Barrascout Ortiz","date":"25 junio 2011","format":false,"excerpt":"Como un homenaje a mis colegas maestros, comparto estos art\u00edculos, que a lo largo de cinco a\u00f1os, he publicado en Si la vida nos da limones..., pero solo a aquellos que con \u00e1nimo y energ\u00eda, vocaci\u00f3n y entrega, d\u00eda a d\u00eda, asisten puntuales a la cita que tienen con la\u2026","rel":"","context":"En \u00abLimones\u00bb","block_context":{"text":"Limones","link":"https:\/\/quechilero.com\/blog\/category\/limones\/"},"img":{"alt_text":"","src":"","width":0,"height":0},"classes":[]},{"id":19229,"url":"https:\/\/quechilero.com\/blog\/2014\/08\/16\/gracias-mis-amigos\/","url_meta":{"origin":126,"position":2},"title":"Gracias mis amigos","author":"Pepe Barrascout Ortiz","date":"16 agosto 2014","format":false,"excerpt":"Gracias mis amigos, a todos y cada uno de ustedes que me han manifestado sus muestras de aprecio y cari\u00f1o de las mas distintas formas, con las mas diferentes tecnolog\u00edas y con los estilos propios de cada uno, les agradezco profundamente el tiempo y la molestia que se tomaron, en\u2026","rel":"","context":"En \u00abLimones\u00bb","block_context":{"text":"Limones","link":"https:\/\/quechilero.com\/blog\/category\/limones\/"},"img":{"alt_text":"Gracias mis amigos","src":"https:\/\/i0.wp.com\/lh5.googleusercontent.com\/-RpS6pfoWehM\/U-6vWpl4kKI\/AAAAAAAADLY\/NacLjVERaX0\/s800\/cumplea%2525C3%2525B1os2014-01.jpg?resize=350%2C200&ssl=1","width":350,"height":200,"srcset":"https:\/\/i0.wp.com\/lh5.googleusercontent.com\/-RpS6pfoWehM\/U-6vWpl4kKI\/AAAAAAAADLY\/NacLjVERaX0\/s800\/cumplea%2525C3%2525B1os2014-01.jpg?resize=350%2C200&ssl=1 1x, https:\/\/i0.wp.com\/lh5.googleusercontent.com\/-RpS6pfoWehM\/U-6vWpl4kKI\/AAAAAAAADLY\/NacLjVERaX0\/s800\/cumplea%2525C3%2525B1os2014-01.jpg?resize=525%2C300&ssl=1 1.5x"},"classes":[]},{"id":12179,"url":"https:\/\/quechilero.com\/blog\/2012\/01\/30\/olas-pendulares\/","url_meta":{"origin":126,"position":3},"title":"Olas pendulares","author":"Pepe Barrascout Ortiz","date":"30 enero 2012","format":false,"excerpt":"Este es un ejemplo de la simetr\u00eda\u00a0y equilibrio, que hay en todos los elementos de la naturaleza. Dios en la creaci\u00f3n, la hizo perfecta, que no deja de causarnos admiraci\u00f3n, cuando vemos lo que llamamos fen\u00f3menos naturales, pero que simplemente son el reflejo de su obra. En este video, se\u2026","rel":"","context":"En \u00abVideoBlog\u00bb","block_context":{"text":"VideoBlog","link":"https:\/\/quechilero.com\/blog\/category\/videoblog\/"},"img":{"alt_text":"","src":"https:\/\/i0.wp.com\/img.youtube.com\/vi\/yVkdfJ9PkRQ\/0.jpg?resize=350%2C200","width":350,"height":200},"classes":[]},{"id":993,"url":"https:\/\/quechilero.com\/blog\/2008\/05\/26\/1000000-de-gracias\/","url_meta":{"origin":126,"position":4},"title":"1,000,000 de gracias","author":"Pepe Barrascout Ortiz","date":"26 mayo 2008","format":false,"excerpt":"El d\u00eda de hoy (26 de mayo 2008) a las 03:24 hrs (hora de Guatemala -6 GMT), se alcanz\u00f3 la cifra de un mill\u00f3n de p\u00e1ginas vistas en un mes, en Blogs de Guatemala. Por este medio y rompiendo un poco con la tem\u00e1tica del blog, deseo agradecer a todos\u2026","rel":"","context":"En \u00abLimones\u00bb","block_context":{"text":"Limones","link":"https:\/\/quechilero.com\/blog\/category\/limones\/"},"img":{"alt_text":"","src":"","width":0,"height":0},"classes":[]},{"id":9929,"url":"https:\/\/quechilero.com\/blog\/2011\/08\/23\/maraton-de-blogs-guatemala-daily-photo\/","url_meta":{"origin":126,"position":5},"title":"Marat\u00f3n de Blogs: Guatemala Daily Photo","author":"Pepe Barrascout Ortiz","date":"23 agosto 2011","format":false,"excerpt":"Completando la trilog\u00eda\u00a0en abril de 2011 se publica el primer art\u00edculo de Guatemala Daily Photo, es el tercer proyecto\u00a0que Rudy Gir\u00f3n\u00a0apoya fuertemente, con el objetivo de promover lo bueno que tiene Guatemala, usando como herramienta de divulgaci\u00f3n la fotograf\u00eda. Guatemala Daily Photo\u00a0es dirigido por Hugo Muralles, quien recibe colaboraciones de\u2026","rel":"","context":"En \u00abBlogs de Guatemala\u00bb","block_context":{"text":"Blogs de Guatemala","link":"https:\/\/quechilero.com\/blog\/category\/blogs-de-guatemala\/"},"img":{"alt_text":"","src":"https:\/\/i0.wp.com\/i392.photobucket.com\/albums\/pp7\/pepejaguar\/maraton\/guatemala-daily.png?resize=350%2C200","width":350,"height":200,"srcset":"https:\/\/i0.wp.com\/i392.photobucket.com\/albums\/pp7\/pepejaguar\/maraton\/guatemala-daily.png?resize=350%2C200 1x, https:\/\/i0.wp.com\/i392.photobucket.com\/albums\/pp7\/pepejaguar\/maraton\/guatemala-daily.png?resize=525%2C300 1.5x"},"classes":[]}],"jetpack_featured_media_url":"","_links":{"self":[{"href":"https:\/\/quechilero.com\/blog\/wp-json\/wp\/v2\/posts\/126","targetHints":{"allow":["GET"]}}],"collection":[{"href":"https:\/\/quechilero.com\/blog\/wp-json\/wp\/v2\/posts"}],"about":[{"href":"https:\/\/quechilero.com\/blog\/wp-json\/wp\/v2\/types\/post"}],"author":[{"embeddable":true,"href":"https:\/\/quechilero.com\/blog\/wp-json\/wp\/v2\/users\/1"}],"replies":[{"embeddable":true,"href":"https:\/\/quechilero.com\/blog\/wp-json\/wp\/v2\/comments?post=126"}],"version-history":[{"count":0,"href":"https:\/\/quechilero.com\/blog\/wp-json\/wp\/v2\/posts\/126\/revisions"}],"wp:attachment":[{"href":"https:\/\/quechilero.com\/blog\/wp-json\/wp\/v2\/media?parent=126"}],"wp:term":[{"taxonomy":"category","embeddable":true,"href":"https:\/\/quechilero.com\/blog\/wp-json\/wp\/v2\/categories?post=126"},{"taxonomy":"post_tag","embeddable":true,"href":"https:\/\/quechilero.com\/blog\/wp-json\/wp\/v2\/tags?post=126"},{"taxonomy":"series","embeddable":true,"href":"https:\/\/quechilero.com\/blog\/wp-json\/wp\/v2\/series?post=126"}],"curies":[{"name":"wp","href":"https:\/\/api.w.org\/{rel}","templated":true}]}}