{"id":1258,"date":"2008-08-27T12:00:30","date_gmt":"2008-08-27T18:00:30","guid":{"rendered":"http:\/\/quechilero.com\/blog\/?p=1258"},"modified":"2008-08-27T12:00:30","modified_gmt":"2008-08-27T18:00:30","slug":"casa-de-espantos","status":"publish","type":"post","link":"https:\/\/quechilero.com\/blog\/2008\/08\/27\/casa-de-espantos\/","title":{"rendered":"Marat\u00f3n &#8211; Casa de Espantos"},"content":{"rendered":"<p><a href=\"http:\/\/www.blogs.delaermita.com\/espantos\/\" target=\"_blank\"><img data-recalc-dims=\"1\" loading=\"lazy\" decoding=\"async\" class=\"alignleft\" style=\"margin-right: 5px;\" src=\"https:\/\/i0.wp.com\/img518.imageshack.us\/img518\/4420\/maratonxy8.jpg?resize=350%2C352\" alt=\"\" width=\"350\" height=\"352\" \/><\/a><\/p>\n<p><em>Una noche eterna, El Vigilante, La Dama de Negro, Una Peque\u00f1a Ni\u00f1a, Mi Abuela me contaba, La Se\u00f1ora de los cafetales, La Guardiana, A galope en la madrugada, Desdoblamientos<\/em>, son solo algunas de las muchas historias y leyendas que desde el 25 de junio 2007 se cuentan en la <a title=\"Marat\u00f3n de Blogs\" href=\"http:\/\/www.blogs.delaermita.com\/espantos\/\" target=\"_blank\"><strong>Casa de Espantos<\/strong><\/a>.<\/p>\n<p>El blog tiene un dise\u00f1o que adentra al lector a la historia y crea la atm\u00f3sfera previa a la lectura de alguna de las muchas historias publicadas en la <a title=\"Marat\u00f3n de Blogs\" href=\"http:\/\/www.blogs.delaermita.com\/espantos\/\" target=\"_blank\"><strong>Casa de Espantos<\/strong><\/a>, que bajo la direcci\u00f3n de <em>Claudia de Romero<\/em> nos traslada dentro del mundo virtual al mundo de los esp\u00edritus.<\/p>\n<p>Y es que no es para menos, en <strong>Guatemala<\/strong>, las historias y leyendas de <strong>espantos y aparecidos<\/strong> son parte del acerbo cultural del pa\u00eds y su continuidad se lleva gracias a la <em>tradici\u00f3n oral<\/em>, la cual se ha encargado de mantenerlas con vida, pero gracias a <em>Claudia<\/em>, ahora tienen tambi\u00e9n una nueva forma de preservarse y <em>espantos, fantasmas, duendes, cadejos y aparecidos<\/em> conviven en perfecta armon\u00eda y viven en la <a title=\"Marat\u00f3n de Blogs\" href=\"http:\/\/www.blogs.delaermita.com\/espantos\/\" target=\"_blank\"><strong>Casa de Espantos<\/strong><\/a>.<\/p>\n<p>En las propias palabras de <em>Claudia<\/em> en la presentaci\u00f3n de su blog:<\/p>\n<p style=\"padding-left: 30px;\"><em>Desde peque\u00f1os, los habitantes de la Ciudad de Guatemala crecemos escuchando atentos las historias de espantos y aparecidos que cuentan nuestros abuelos.\u00a0 Para tranquilizarnos se nos dice que \u201ceso era antes\u201d y que ahora que ya lleg\u00f3 la luz los espantos ya se fueron.<\/em><\/p>\n<p style=\"padding-left: 30px;\"><em>La verdad es otra, los espantos a\u00fan contin\u00faan presentes y en los barrios de la ciudad e incluso en c\u00e9ntricos edificios se escriben cada d\u00eda nuevas historias que quiz\u00e1s no sean ahora tan famosas porque la gente teme lo que puedan pensar de ellas.<\/em><\/p>\n<p style=\"padding-left: 30px;\"><em>Por eso en Casa de Espantos, adem\u00e1s de revivir las historias de nuestros abuelos, pensamos publicar las historias modernas de espantos, aquellas que han sucedido a alg\u00fan amigo, a la familia o a nosotros.<\/em><\/p>\n<p style=\"padding-left: 30px;\"><em>Le invitamos a leer, usted decide si creer o no, nosotros con la vida hemos aprendido a aplicar el famoso dicho: \u201cno creo, pero no dejo de creer\u201d.<\/em><\/p>\n<p>Hace un a\u00f1o tuve el honor de que <em>Claudia,<\/em> publicara una historia m\u00eda que le cont\u00e9 y que le pareci\u00f3 interesante, ella la titul\u00f3 <strong><a title=\"Marat\u00f3n de Blogs\" href=\"http:\/\/www.blogs.delaermita.com\/espantos\/2007\/08\/15\/esta-historia-me-la-contaron\/\" target=\"_blank\">Esta Historia me la contaron<\/a>.<\/strong> Fue un suceso de la vida real que me sucedi\u00f3 en mi \u00e9poca de estudiante universitario.<\/p>\n<p><strong>Me gusta mucho<\/strong>, la forma en la que est\u00e1n contadas las historias, con <em>un lenguaje tan criollo y natural<\/em>, que me recuerda las historias que me contaban cuando era ni\u00f1o.<\/p>\n<p>Si te interesa parte de la <em>cultura popular guatemalteca, <\/em>a trav\u00e9s de sus historias y leyendas, te invito a que leas <a title=\"Marat\u00f3n de Blogs\" href=\"http:\/\/www.blogs.delaermita.com\/espantos\/\" target=\"_blank\"><strong>Casa de Espantos<\/strong><\/a> y si tienes alguna historia que compartir, aqu\u00ed es el mejor lugar para darla a conocer. No est\u00e1 de mas recomendar el agregar <a title=\"Marat\u00f3n de Blogs\" href=\"http:\/\/www.blogs.delaermita.com\/espantos\/\" target=\"_blank\"><strong>Casa de Espantos<\/strong><\/a> a tu lista de favoritos. Y sobre todo: <strong>no crean, ni dejen de creer.<\/strong><\/p>\n<p>Lee mas rese\u00f1as de la <a title=\"Marat\u00f3n de Blogs\" href=\"http:\/\/quechilero.com\/blog\/2008\/07\/31\/maraton-de-blogs-2008\/\" target=\"_self\"><strong>Marat\u00f3n de Blogs 2008<\/strong><\/a><\/p>\n<p>Actualmente en <a title=\"Marat\u00f3n de Blogs\" href=\"http:\/\/www.blogs.delaermita.com\/espantos\/\" target=\"_blank\"><strong>Casa de Espantos<\/strong><\/a> puedes leer sobre:<\/p>\n<p><a href=\"http:\/\/img357.imageshack.us\/my.php?image=palabrasgd3.jpg\" target=\"_blank\"><img data-recalc-dims=\"1\" loading=\"lazy\" decoding=\"async\" class=\"alignnone\" src=\"https:\/\/i0.wp.com\/img357.imageshack.us\/img357\/4881\/palabrasgd3.jpg?resize=578%2C347\" alt=\"\" width=\"578\" height=\"347\" \/><\/a><\/p>\n","protected":false},"excerpt":{"rendered":"<p>Una noche eterna, El Vigilante, La Dama de Negro, Una Peque\u00f1a Ni\u00f1a, Mi Abuela me contaba, La Se\u00f1ora de los cafetales, La Guardiana, A galope en la madrugada, Desdoblamientos, son solo algunas de las muchas historias y leyendas que desde el 25 de junio 2007 se cuentan en la Casa de Espantos. El blog tiene &#8230; <a title=\"Marat\u00f3n &#8211; Casa de Espantos\" class=\"read-more\" href=\"https:\/\/quechilero.com\/blog\/2008\/08\/27\/casa-de-espantos\/\" aria-label=\"Leer m\u00e1s sobre Marat\u00f3n &#8211; Casa de Espantos\">Leer m\u00e1s<\/a><\/p>\n","protected":false},"author":1,"featured_media":0,"comment_status":"open","ping_status":"open","sticky":false,"template":"","format":"standard","meta":{"advanced_seo_description":"","jetpack_seo_html_title":"","jetpack_seo_noindex":false,"jetpack_seo_schema_type":"","episode_type":"","audio_file":"","podmotor_file_id":"","podmotor_episode_id":"","cover_image":"","cover_image_id":"","duration":"","filesize":"","filesize_raw":"","date_recorded":"","explicit":"","block":"","_jetpack_newsletter_access":"","_jetpack_dont_email_post_to_subs":false,"_jetpack_newsletter_tier_id":0,"_jetpack_memberships_contains_paywalled_content":false,"_jetpack_feature_clip_id":0,"_jetpack_memberships_contains_paid_content":false,"footnotes":"","jetpack_publicize_message":"","jetpack_publicize_feature_enabled":true,"jetpack_social_post_already_shared":false,"jetpack_social_options":{"image_generator_settings":{"template":"highway","default_image_id":0,"font":"","enabled":false},"version":2},"jetpack_post_was_ever_published":false},"categories":[61],"tags":[11,4,7,10,17,81,62,42,41,24],"series":[],"class_list":["post-1258","post","type-post","status-publish","format-standard","hentry","category-blogs-de-guatemala","tag-amigo","tag-blog","tag-diseno","tag-guatemala","tag-historia","tag-lectura","tag-maraton","tag-palabra","tag-verdad","tag-vida"],"episode_featured_image":false,"episode_player_image":"https:\/\/i0.wp.com\/quechilero.com\/blog\/imagenes\/podcast.png?fit=1831%2C1831&ssl=1","download_link":"","player_link":"","audio_player":false,"episode_data":{"playerMode":"dark","subscribeUrls":{"amazon":{"key":"amazon","url":"","label":"Amazon","class":"amazon","icon":"amazon.png"},"apple_podcasts":{"key":"apple_podcasts","url":"","label":"Apple Podcasts","class":"apple_podcasts","icon":"apple-podcasts.png"},"castbox":{"key":"castbox","url":"","label":"CastBox","class":"castbox","icon":"castbox.png"},"deezer":{"key":"deezer","url":"","label":"Deezer","class":"deezer","icon":"deezer.png"},"google_podcasts":{"key":"google_podcasts","url":"","label":"Google Podcasts","class":"google_podcasts","icon":"google-podcasts.png"},"listen_notes":{"key":"listen_notes","url":"","label":"Listen Notes","class":"listen_notes","icon":"listen-notes.png"},"pandora":{"key":"pandora","url":"","label":"Pandora","class":"pandora","icon":"pandora.png"},"podbean":{"key":"podbean","url":"","label":"Podbean","class":"podbean","icon":"podbean.png"},"podcast_republic":{"key":"podcast_republic","url":"","label":"Podcast Republic","class":"podcast_republic","icon":"podcast-republic.png"},"rss":{"key":"rss","url":"","label":"RSS","class":"rss","icon":"rss.png"},"spotify":{"key":"spotify","url":"","label":"Spotify","class":"spotify","icon":"spotify.png"},"stitcher":{"key":"stitcher","url":"","label":"Stitcher","class":"stitcher","icon":"stitcher.png"},"tunein":{"key":"tunein","url":"","label":"TuneIn","class":"tunein","icon":"tunein.png"},"youtube":{"key":"youtube","url":"","label":"YouTube","class":"youtube","icon":"youtube.png"},"iheartradio":{"key":"iheartradio","url":"","label":"iHeartRadio","class":"iheartradio","icon":"iheartradio.png"},"ivoox":{"key":"ivoox","url":"","label":"iVoox","class":"ivoox","icon":"ivoox.png"}},"rssFeedUrl":"https:\/\/quechilero.com\/blog\/feed\/podcast\/si-la-vida-nos-da-limones","embedCode":"<blockquote class=\"wp-embedded-content\" data-secret=\"qI12FFzpot\"><a href=\"https:\/\/quechilero.com\/blog\/2008\/08\/27\/casa-de-espantos\/\">Marat\u00f3n &#8211; Casa de Espantos<\/a><\/blockquote><iframe sandbox=\"allow-scripts\" security=\"restricted\" src=\"https:\/\/quechilero.com\/blog\/2008\/08\/27\/casa-de-espantos\/embed\/#?secret=qI12FFzpot\" width=\"500\" height=\"350\" title=\"\u00abMarat\u00f3n &#8211; Casa de Espantos\u00bb \u2014 Si la Vida nos da Limones...\" data-secret=\"qI12FFzpot\" frameborder=\"0\" marginwidth=\"0\" marginheight=\"0\" scrolling=\"no\" class=\"wp-embedded-content\"><\/iframe><script>\n\/*! This file is auto-generated *\/\n!function(d,l){\"use strict\";l.querySelector&&d.addEventListener&&\"undefined\"!=typeof URL&&(d.wp=d.wp||{},d.wp.receiveEmbedMessage||(d.wp.receiveEmbedMessage=function(e){var t=e.data;if((t||t.secret||t.message||t.value)&&!\/[^a-zA-Z0-9]\/.test(t.secret)){for(var s,r,n,a=l.querySelectorAll('iframe[data-secret=\"'+t.secret+'\"]'),o=l.querySelectorAll('blockquote[data-secret=\"'+t.secret+'\"]'),c=new RegExp(\"^https?:$\",\"i\"),i=0;i<o.length;i++)o[i].style.display=\"none\";for(i=0;i<a.length;i++)s=a[i],e.source===s.contentWindow&&(s.removeAttribute(\"style\"),\"height\"===t.message?(1e3<(r=parseInt(t.value,10))?r=1e3:~~r<200&&(r=200),s.height=r):\"link\"===t.message&&(r=new URL(s.getAttribute(\"src\")),n=new URL(t.value),c.test(n.protocol))&&n.host===r.host&&l.activeElement===s&&(d.top.location.href=t.value))}},d.addEventListener(\"message\",d.wp.receiveEmbedMessage,!1),l.addEventListener(\"DOMContentLoaded\",function(){for(var e,t,s=l.querySelectorAll(\"iframe.wp-embedded-content\"),r=0;r<s.length;r++)(t=(e=s[r]).getAttribute(\"data-secret\"))||(t=Math.random().toString(36).substring(2,12),e.src+=\"#?secret=\"+t,e.setAttribute(\"data-secret\",t)),e.contentWindow.postMessage({message:\"ready\",secret:t},\"*\")},!1)))}(window,document);\n\/\/# sourceURL=https:\/\/quechilero.com\/blog\/wp-includes\/js\/wp-embed.min.js\n<\/script>\n"},"jetpack_publicize_connections":[],"jetpack_shortlink":"https:\/\/wp.me\/pDKli-ki","jetpack_sharing_enabled":true,"jetpack-related-posts":[{"id":3233,"url":"https:\/\/quechilero.com\/blog\/2009\/08\/04\/maraton-de-blogs-historias-citadinas\/","url_meta":{"origin":1258,"position":0},"title":"Marat\u00f3n de Blogs: Historias Citadinas","author":"Pepe Barrascout Ortiz","date":"4 agosto 2009","format":false,"excerpt":"Con casi 200 textos publicados desde hace un a\u00f1o, Nancy Arroyave, presenta a sus much\u00edsimos lectores, sus particulares puntos de vista, sobre asuntos cotidianos, pero que pasan desapercibidos para la mayor\u00eda, al menos hasta que no son le\u00eddos en Historias Citadinas. Dentro de las publicaciones regulares de Nancy, est\u00e1n las\u2026","rel":"","context":"En \u00abBlogs de Guatemala\u00bb","block_context":{"text":"Blogs de Guatemala","link":"https:\/\/quechilero.com\/blog\/category\/blogs-de-guatemala\/"},"img":{"alt_text":"","src":"https:\/\/i0.wp.com\/i392.photobucket.com\/albums\/pp7\/pepejaguar\/maraton2009\/historiascitadinas.jpg?resize=350%2C200","width":350,"height":200,"srcset":"https:\/\/i0.wp.com\/i392.photobucket.com\/albums\/pp7\/pepejaguar\/maraton2009\/historiascitadinas.jpg?resize=350%2C200 1x, https:\/\/i0.wp.com\/i392.photobucket.com\/albums\/pp7\/pepejaguar\/maraton2009\/historiascitadinas.jpg?resize=525%2C300 1.5x"},"classes":[]},{"id":627,"url":"https:\/\/quechilero.com\/blog\/2007\/08\/11\/maraton-de-blogs-por-la-de-la-ventana\/","url_meta":{"origin":1258,"position":1},"title":"Marat\u00f3n de Blogs &#8211; Por la de la ventana","author":"Pepe Barrascout Ortiz","date":"11 agosto 2007","format":false,"excerpt":"Sigue el Marat\u00f3n de Blogs, con este texto publicado originalmente en el Blog Casa de Espantos, este blog en particular me gusta mucho por todas las historias que en el se cuentan, pueden parecer de ficci\u00f3n, pueden ser de verdad, pero a mi me gusta creerlas, en especial porque algunas\u2026","rel":"","context":"En \u00abLimones\u00bb","block_context":{"text":"Limones","link":"https:\/\/quechilero.com\/blog\/category\/limones\/"},"img":{"alt_text":"","src":"","width":0,"height":0},"classes":[]},{"id":3217,"url":"https:\/\/quechilero.com\/blog\/2009\/08\/01\/maraton-de-blogs-recapitulando\/","url_meta":{"origin":1258,"position":2},"title":"Marat\u00f3n de Blogs: Recapitulando","author":"Pepe Barrascout Ortiz","date":"1 agosto 2009","format":false,"excerpt":"Ha pasado un a\u00f1o, desde del anterior Marat\u00f3n de Blogs y han sido muchos los Blogs de Guatemala que se han ido sumando, en parte por la relativa facilidad de acceso a internet, que hay en nuestro pa\u00eds, aunque a\u00fan estamos muy lejos, de lo que realmente deber\u00edamos de estar\u2026","rel":"","context":"En \u00abBlogs de Guatemala\u00bb","block_context":{"text":"Blogs de Guatemala","link":"https:\/\/quechilero.com\/blog\/category\/blogs-de-guatemala\/"},"img":{"alt_text":"","src":"","width":0,"height":0},"classes":[]},{"id":1194,"url":"https:\/\/quechilero.com\/blog\/2008\/07\/31\/maraton-de-blogs-2008\/","url_meta":{"origin":1258,"position":3},"title":"Marat\u00f3n de Blogs 2008","author":"Pepe Barrascout Ortiz","date":"31 julio 2008","format":false,"excerpt":"Con el mes de agosto, llega el \"Marat\u00f3n de Blogs\", el cual desde el 2006 he venido realizando y se ha convertido en una tradici\u00f3n ya. En la primera edici\u00f3n, se escribi\u00f3 un peque\u00f1o texto recomendando al menos cinco blogs, con el fin de dar a conocer nuevos blogs, coincidiendo\u2026","rel":"","context":"En \u00abBlogs de Guatemala\u00bb","block_context":{"text":"Blogs de Guatemala","link":"https:\/\/quechilero.com\/blog\/category\/blogs-de-guatemala\/"},"img":{"alt_text":"","src":"","width":0,"height":0},"classes":[]},{"id":3251,"url":"https:\/\/quechilero.com\/blog\/2009\/08\/14\/maraton-de-blogs-luis-villacinda\/","url_meta":{"origin":1258,"position":4},"title":"Marat\u00f3n de Blogs: Luis Villacinda","author":"Pepe Barrascout Ortiz","date":"14 agosto 2009","format":false,"excerpt":"Luis Villacinda es un dise\u00f1ador gr\u00e1fico, que tiene a su cargo, varios proyectos editoriales, desde hace bastante tiempo, he venido siguiendo su trabajo y en no pocas ocasiones, me sirvi\u00f3 de inspiraci\u00f3n, para cuando tuve a mi cargo siendo el jefe de dise\u00f1o del peri\u00f3dico cat\u00f3lico en el que trabaj\u00e9\u2026","rel":"","context":"En \u00abBlogs de Guatemala\u00bb","block_context":{"text":"Blogs de Guatemala","link":"https:\/\/quechilero.com\/blog\/category\/blogs-de-guatemala\/"},"img":{"alt_text":"Marat\u00f3n de Blogs 2009","src":"https:\/\/i0.wp.com\/i392.photobucket.com\/albums\/pp7\/pepejaguar\/maraton2009\/maraton2009.jpg?resize=350%2C200","width":350,"height":200,"srcset":"https:\/\/i0.wp.com\/i392.photobucket.com\/albums\/pp7\/pepejaguar\/maraton2009\/maraton2009.jpg?resize=350%2C200 1x, https:\/\/i0.wp.com\/i392.photobucket.com\/albums\/pp7\/pepejaguar\/maraton2009\/maraton2009.jpg?resize=525%2C300 1.5x"},"classes":[]},{"id":1234,"url":"https:\/\/quechilero.com\/blog\/2008\/08\/14\/black-creative-box\/","url_meta":{"origin":1258,"position":5},"title":"Marat\u00f3n &#8211; Black Creative Box","author":"Pepe Barrascout Ortiz","date":"14 agosto 2008","format":false,"excerpt":"Ayudas, tips y trucos para el dise\u00f1o web, es algo de lo mucho que podemos encontrar en la \"caja negra creativa\". Black Creative Box es un blog de consulta obligada, para todos aquellos dise\u00f1adores web que desean encontrar informaci\u00f3n de \u00faltimo momento, relacionada con el mundo que se desarrolla detras\u2026","rel":"","context":"En \u00abBlogs de Guatemala\u00bb","block_context":{"text":"Blogs de Guatemala","link":"https:\/\/quechilero.com\/blog\/category\/blogs-de-guatemala\/"},"img":{"alt_text":"Black Creative Box","src":"https:\/\/i0.wp.com\/img359.imageshack.us\/img359\/3946\/maratonoo5.jpg?resize=350%2C200","width":350,"height":200},"classes":[]}],"jetpack_featured_media_url":"","_links":{"self":[{"href":"https:\/\/quechilero.com\/blog\/wp-json\/wp\/v2\/posts\/1258","targetHints":{"allow":["GET"]}}],"collection":[{"href":"https:\/\/quechilero.com\/blog\/wp-json\/wp\/v2\/posts"}],"about":[{"href":"https:\/\/quechilero.com\/blog\/wp-json\/wp\/v2\/types\/post"}],"author":[{"embeddable":true,"href":"https:\/\/quechilero.com\/blog\/wp-json\/wp\/v2\/users\/1"}],"replies":[{"embeddable":true,"href":"https:\/\/quechilero.com\/blog\/wp-json\/wp\/v2\/comments?post=1258"}],"version-history":[{"count":0,"href":"https:\/\/quechilero.com\/blog\/wp-json\/wp\/v2\/posts\/1258\/revisions"}],"wp:attachment":[{"href":"https:\/\/quechilero.com\/blog\/wp-json\/wp\/v2\/media?parent=1258"}],"wp:term":[{"taxonomy":"category","embeddable":true,"href":"https:\/\/quechilero.com\/blog\/wp-json\/wp\/v2\/categories?post=1258"},{"taxonomy":"post_tag","embeddable":true,"href":"https:\/\/quechilero.com\/blog\/wp-json\/wp\/v2\/tags?post=1258"},{"taxonomy":"series","embeddable":true,"href":"https:\/\/quechilero.com\/blog\/wp-json\/wp\/v2\/series?post=1258"}],"curies":[{"name":"wp","href":"https:\/\/api.w.org\/{rel}","templated":true}]}}