{"id":12553,"date":"2012-02-24T08:00:57","date_gmt":"2012-02-24T14:00:57","guid":{"rendered":"http:\/\/quechilero.com\/blog\/?p=12553"},"modified":"2012-02-24T08:00:57","modified_gmt":"2012-02-24T14:00:57","slug":"te-habla-a-ti-el-sacerdote","status":"publish","type":"post","link":"https:\/\/quechilero.com\/blog\/2012\/02\/24\/te-habla-a-ti-el-sacerdote\/","title":{"rendered":"\u00bfTe habla a ti el Sacerdote?"},"content":{"rendered":"<p>Despu\u00e9s de mucho tiempo una se\u00f1ora volvi\u00f3 a ir a misa con su hijita. Por causa de su trabajo no pod\u00eda asistir a las misas matinales; por eso fue en la noche. El Sacerdote habl\u00f3 en esa ocasi\u00f3n acerca de la negligencia de muchos en cu\u00e1nto al cumplimiento de sus deberes cristianos: No leen la Biblia, descuidan la asistencia a las misas, no practican la caridad, etc\u00e9tera.<\/p>\n<p>La ni\u00f1ita escuchaba atentamente la homil\u00eda y, cuando oy\u00f3 que el Sacerdote hablaba del descuido de muchos padres, se volvi\u00f3 a su madre y, confiada, le dijo: <em>\u00abMamita&#8230; \u00bfTe habla a ti el Sacerdote?\u00bb<\/em> Estas palabras fueron un flechazo para el coraz\u00f3n de la madre que permaneci\u00f3 callada. Esa ingenua pregunta de su propia hijita fue para ella un serm\u00f3n vivo y eficaz.<\/p>\n<p>Ser\u00eda conveniente, que tambi\u00e9n nosotros tuvi\u00e9semos a alguien que nos formulara esta pregunta, mientras escuchamos el serm\u00f3n de nuestro Sacerdote. Sin embargo, tantas veces escuchamos el serm\u00f3n de un Sacerdote con el fin de criticar, o para o\u00edr por o\u00edr porque estamos con el reloj en la mano calculando el tiempo que tarda.<\/p>\n<p>S\u00ed, es conveniente que nos preguntemos, a veces, durante la misa:<em> \u00ab\u00bfTe habla a ti el Sacerdote?\u00bb<\/em> O para ser m\u00e1s exactos pregunt\u00e9monos as\u00ed: <em>\u00ab\u00bfNo te est\u00e1 hablando Dios a ti por medio del Sacerdote?\u00bb<\/em><\/p>\n","protected":false},"excerpt":{"rendered":"<p>Despu\u00e9s de mucho tiempo una se\u00f1ora volvi\u00f3 a ir a misa con su hijita. Por causa de su trabajo no pod\u00eda asistir a las misas matinales; por eso fue en la noche. El Sacerdote habl\u00f3 en esa ocasi\u00f3n acerca de la negligencia de muchos en cu\u00e1nto al cumplimiento de sus deberes cristianos: No leen la &#8230; <a title=\"\u00bfTe habla a ti el Sacerdote?\" class=\"read-more\" href=\"https:\/\/quechilero.com\/blog\/2012\/02\/24\/te-habla-a-ti-el-sacerdote\/\" aria-label=\"Leer m\u00e1s sobre \u00bfTe habla a ti el Sacerdote?\">Leer m\u00e1s<\/a><\/p>\n","protected":false},"author":1,"featured_media":0,"comment_status":"open","ping_status":"open","sticky":false,"template":"","format":"standard","meta":{"advanced_seo_description":"","jetpack_seo_html_title":"","jetpack_seo_noindex":false,"jetpack_seo_schema_type":"","episode_type":"","audio_file":"","podmotor_file_id":"","podmotor_episode_id":"","cover_image":"","cover_image_id":"","duration":"","filesize":"","filesize_raw":"","date_recorded":"","explicit":"","block":"","_jetpack_newsletter_access":"","_jetpack_dont_email_post_to_subs":false,"_jetpack_newsletter_tier_id":0,"_jetpack_memberships_contains_paywalled_content":false,"_jetpack_feature_clip_id":0,"_jetpack_memberships_contains_paid_content":false,"footnotes":"","jetpack_publicize_message":"","jetpack_publicize_feature_enabled":true,"jetpack_social_post_already_shared":false,"jetpack_social_options":{"image_generator_settings":{"template":"highway","default_image_id":0,"font":"","enabled":false},"version":2},"jetpack_post_was_ever_published":false},"categories":[2],"tags":[51,39,42,5,36],"series":[],"class_list":["post-12553","post","type-post","status-publish","format-standard","hentry","category-limones","tag-dios","tag-madre","tag-palabra","tag-tiempo","tag-trabajo"],"episode_featured_image":false,"episode_player_image":"https:\/\/i0.wp.com\/quechilero.com\/blog\/imagenes\/podcast.png?fit=1831%2C1831&ssl=1","download_link":"","player_link":"","audio_player":false,"episode_data":{"playerMode":"dark","subscribeUrls":{"amazon":{"key":"amazon","url":"","label":"Amazon","class":"amazon","icon":"amazon.png"},"apple_podcasts":{"key":"apple_podcasts","url":"","label":"Apple Podcasts","class":"apple_podcasts","icon":"apple-podcasts.png"},"castbox":{"key":"castbox","url":"","label":"CastBox","class":"castbox","icon":"castbox.png"},"deezer":{"key":"deezer","url":"","label":"Deezer","class":"deezer","icon":"deezer.png"},"google_podcasts":{"key":"google_podcasts","url":"","label":"Google Podcasts","class":"google_podcasts","icon":"google-podcasts.png"},"listen_notes":{"key":"listen_notes","url":"","label":"Listen Notes","class":"listen_notes","icon":"listen-notes.png"},"pandora":{"key":"pandora","url":"","label":"Pandora","class":"pandora","icon":"pandora.png"},"podbean":{"key":"podbean","url":"","label":"Podbean","class":"podbean","icon":"podbean.png"},"podcast_republic":{"key":"podcast_republic","url":"","label":"Podcast Republic","class":"podcast_republic","icon":"podcast-republic.png"},"rss":{"key":"rss","url":"","label":"RSS","class":"rss","icon":"rss.png"},"spotify":{"key":"spotify","url":"","label":"Spotify","class":"spotify","icon":"spotify.png"},"stitcher":{"key":"stitcher","url":"","label":"Stitcher","class":"stitcher","icon":"stitcher.png"},"tunein":{"key":"tunein","url":"","label":"TuneIn","class":"tunein","icon":"tunein.png"},"youtube":{"key":"youtube","url":"","label":"YouTube","class":"youtube","icon":"youtube.png"},"iheartradio":{"key":"iheartradio","url":"","label":"iHeartRadio","class":"iheartradio","icon":"iheartradio.png"},"ivoox":{"key":"ivoox","url":"","label":"iVoox","class":"ivoox","icon":"ivoox.png"}},"rssFeedUrl":"https:\/\/quechilero.com\/blog\/feed\/podcast\/si-la-vida-nos-da-limones","embedCode":"<blockquote class=\"wp-embedded-content\" data-secret=\"JQ8vBDzm9H\"><a href=\"https:\/\/quechilero.com\/blog\/2012\/02\/24\/te-habla-a-ti-el-sacerdote\/\">\u00bfTe habla a ti el Sacerdote?<\/a><\/blockquote><iframe sandbox=\"allow-scripts\" security=\"restricted\" src=\"https:\/\/quechilero.com\/blog\/2012\/02\/24\/te-habla-a-ti-el-sacerdote\/embed\/#?secret=JQ8vBDzm9H\" width=\"500\" height=\"350\" title=\"\u00ab\u00bfTe habla a ti el Sacerdote?\u00bb \u2014 Si la Vida nos da Limones...\" data-secret=\"JQ8vBDzm9H\" frameborder=\"0\" marginwidth=\"0\" marginheight=\"0\" scrolling=\"no\" class=\"wp-embedded-content\"><\/iframe><script>\n\/*! This file is auto-generated *\/\n!function(d,l){\"use strict\";l.querySelector&&d.addEventListener&&\"undefined\"!=typeof URL&&(d.wp=d.wp||{},d.wp.receiveEmbedMessage||(d.wp.receiveEmbedMessage=function(e){var t=e.data;if((t||t.secret||t.message||t.value)&&!\/[^a-zA-Z0-9]\/.test(t.secret)){for(var s,r,n,a=l.querySelectorAll('iframe[data-secret=\"'+t.secret+'\"]'),o=l.querySelectorAll('blockquote[data-secret=\"'+t.secret+'\"]'),c=new RegExp(\"^https?:$\",\"i\"),i=0;i<o.length;i++)o[i].style.display=\"none\";for(i=0;i<a.length;i++)s=a[i],e.source===s.contentWindow&&(s.removeAttribute(\"style\"),\"height\"===t.message?(1e3<(r=parseInt(t.value,10))?r=1e3:~~r<200&&(r=200),s.height=r):\"link\"===t.message&&(r=new URL(s.getAttribute(\"src\")),n=new URL(t.value),c.test(n.protocol))&&n.host===r.host&&l.activeElement===s&&(d.top.location.href=t.value))}},d.addEventListener(\"message\",d.wp.receiveEmbedMessage,!1),l.addEventListener(\"DOMContentLoaded\",function(){for(var e,t,s=l.querySelectorAll(\"iframe.wp-embedded-content\"),r=0;r<s.length;r++)(t=(e=s[r]).getAttribute(\"data-secret\"))||(t=Math.random().toString(36).substring(2,12),e.src+=\"#?secret=\"+t,e.setAttribute(\"data-secret\",t)),e.contentWindow.postMessage({message:\"ready\",secret:t},\"*\")},!1)))}(window,document);\n\/\/# sourceURL=https:\/\/quechilero.com\/blog\/wp-includes\/js\/wp-embed.min.js\n<\/script>\n"},"jetpack_publicize_connections":[],"jetpack_shortlink":"https:\/\/wp.me\/pDKli-3gt","jetpack_sharing_enabled":true,"jetpack-related-posts":[{"id":453,"url":"https:\/\/quechilero.com\/blog\/2007\/02\/13\/la-misa-de-los-lopez\/","url_meta":{"origin":12553,"position":0},"title":"La Misa de los L\u00f3pez","author":"Pepe Barrascout Ortiz","date":"13 febrero 2007","format":false,"excerpt":"Los padres entran primero, tratando de no hacer ruido, seguidos de sus dos hijos. Se santiguan, hacen algo parecido a una genuflexi\u00f3n y buscan un sitio por atr\u00e1s. Unos feligreses tienen que recoger las piernas para que los cuatro puedan pasar por encima del reclinatorio. Sonrisita complaciente y caras de\u2026","rel":"","context":"En \u00abLimones\u00bb","block_context":{"text":"Limones","link":"https:\/\/quechilero.com\/blog\/category\/limones\/"},"img":{"alt_text":"","src":"","width":0,"height":0},"classes":[]},{"id":8151,"url":"https:\/\/quechilero.com\/blog\/2011\/04\/21\/reflexiones-de-semana-santa-jueves-santo\/","url_meta":{"origin":12553,"position":1},"title":"Reflexiones de Semana Santa Jueves Santo","author":"Pepe Barrascout Ortiz","date":"21 abril 2011","format":false,"excerpt":"Tenemos la suerte de saber, por el evangelio, lo que hizo Jesucristo cada uno de los d\u00edas de esta semana. Aqu\u00ed lo tienes. Es la semana m\u00e1s importante de todo el a\u00f1o. Con cada cosa que hizo y dijo, nos quiso ense\u00f1ar. Habla con \u00c9l de eso. El jueves, viernes\u2026","rel":"","context":"En \u00abLimones por mano\u00bb","block_context":{"text":"Limones por mano","link":"https:\/\/quechilero.com\/blog\/category\/limones-por-mano\/"},"img":{"alt_text":"","src":"","width":0,"height":0},"classes":[]},{"id":907,"url":"https:\/\/quechilero.com\/blog\/2008\/03\/21\/cuaresma-evangelio-21-mar-08\/","url_meta":{"origin":12553,"position":2},"title":"Cuaresma &#8211; Evangelio 21 mar 08","author":"Pepe Barrascout Ortiz","date":"21 marzo 2008","format":false,"excerpt":"Evangelio seg\u00fan San Juan 18,1-40.19,1-42. Despu\u00e9s de haber dicho esto, Jes\u00fas fue con sus disc\u00edpulos al otro lado del torrente Cedr\u00f3n. Hab\u00eda en ese lugar una huerta y all\u00e1 entr\u00f3 con ellos. Judas, el traidor, tambi\u00e9n conoc\u00eda el lugar porque Jes\u00fas y sus disc\u00edpulos se reun\u00edan all\u00ed con frecuencia. Entonces\u2026","rel":"","context":"En \u00abLimones\u00bb","block_context":{"text":"Limones","link":"https:\/\/quechilero.com\/blog\/category\/limones\/"},"img":{"alt_text":"","src":"","width":0,"height":0},"classes":[]},{"id":19950,"url":"https:\/\/quechilero.com\/blog\/2015\/04\/03\/la-pequena-dictadora\/","url_meta":{"origin":12553,"position":3},"title":"La peque\u00f1a dictadora","author":"Pepe Barrascout Ortiz","date":"3 abril 2015","format":false,"excerpt":"\"Padre, \u00bfpodr\u00eda llevarme ma\u00f1ana al Vaticano?\" -pregunt\u00f3. La madre Teresa de Calcuta hab\u00eda sido invitada a la misa del Santo Padre, y el padre Leo Maasburg no lo dud\u00f3 un momento. Poco antes de las cinco de la ma\u00f1ana estaba listo para recoger a la madre Teresa y a otra\u2026","rel":"","context":"En \u00abLimones\u00bb","block_context":{"text":"Limones","link":"https:\/\/quechilero.com\/blog\/category\/limones\/"},"img":{"alt_text":"","src":"","width":0,"height":0},"classes":[]},{"id":3671,"url":"https:\/\/quechilero.com\/blog\/2009\/09\/20\/al-gusto-de-dios\/","url_meta":{"origin":12553,"position":4},"title":"Al gusto de Dios","author":"Pepe Barrascout Ortiz","date":"20 septiembre 2009","format":false,"excerpt":"Una mujer, a la que los m\u00e9dicos dieron un par de meses de vida cuando era joven, ahora acaba de cumplir los cuarenta de estancia ininterrumpida en la cama. Vive en una casita humilde, peque\u00f1a, pero limpia y acogedora. Tiene delante de la cama un altarcito donde de vez en\u2026","rel":"","context":"En \u00abLimones\u00bb","block_context":{"text":"Limones","link":"https:\/\/quechilero.com\/blog\/category\/limones\/"},"img":{"alt_text":"","src":"","width":0,"height":0},"classes":[]},{"id":17676,"url":"https:\/\/quechilero.com\/blog\/2014\/01\/22\/plantad-las-medallas-en-moscu\/","url_meta":{"origin":12553,"position":5},"title":"Plantad las medallas en Mosc\u00fa","author":"Pepe Barrascout Ortiz","date":"22 enero 2014","format":false,"excerpt":"Era la Rusia comunista de 1984. El polic\u00eda que custodiaba la entrada del Kremlin mir\u00f3 con recelo aquel estuche de cuero... hasta que su portador le alarg\u00f3 una medalla de la Virgen Milagrosa. Y le dej\u00f3 pasar. As\u00ed, en la iglesia de la Anunciaci\u00f3n, el obispo cat\u00f3lico exiliado Pavel Hnilica\u2026","rel":"","context":"En \u00abLimones\u00bb","block_context":{"text":"Limones","link":"https:\/\/quechilero.com\/blog\/category\/limones\/"},"img":{"alt_text":"","src":"","width":0,"height":0},"classes":[]}],"jetpack_featured_media_url":"","_links":{"self":[{"href":"https:\/\/quechilero.com\/blog\/wp-json\/wp\/v2\/posts\/12553","targetHints":{"allow":["GET"]}}],"collection":[{"href":"https:\/\/quechilero.com\/blog\/wp-json\/wp\/v2\/posts"}],"about":[{"href":"https:\/\/quechilero.com\/blog\/wp-json\/wp\/v2\/types\/post"}],"author":[{"embeddable":true,"href":"https:\/\/quechilero.com\/blog\/wp-json\/wp\/v2\/users\/1"}],"replies":[{"embeddable":true,"href":"https:\/\/quechilero.com\/blog\/wp-json\/wp\/v2\/comments?post=12553"}],"version-history":[{"count":0,"href":"https:\/\/quechilero.com\/blog\/wp-json\/wp\/v2\/posts\/12553\/revisions"}],"wp:attachment":[{"href":"https:\/\/quechilero.com\/blog\/wp-json\/wp\/v2\/media?parent=12553"}],"wp:term":[{"taxonomy":"category","embeddable":true,"href":"https:\/\/quechilero.com\/blog\/wp-json\/wp\/v2\/categories?post=12553"},{"taxonomy":"post_tag","embeddable":true,"href":"https:\/\/quechilero.com\/blog\/wp-json\/wp\/v2\/tags?post=12553"},{"taxonomy":"series","embeddable":true,"href":"https:\/\/quechilero.com\/blog\/wp-json\/wp\/v2\/series?post=12553"}],"curies":[{"name":"wp","href":"https:\/\/api.w.org\/{rel}","templated":true}]}}