{"id":1238,"date":"2008-08-17T12:00:39","date_gmt":"2008-08-17T18:00:39","guid":{"rendered":"http:\/\/quechilero.com\/blog\/?p=1238"},"modified":"2008-08-17T12:00:39","modified_gmt":"2008-08-17T18:00:39","slug":"el-blog-de-aleroga","status":"publish","type":"post","link":"https:\/\/quechilero.com\/blog\/2008\/08\/17\/el-blog-de-aleroga\/","title":{"rendered":"Marat\u00f3n &#8211; El Blog de Aleroga"},"content":{"rendered":"<figure style=\"width: 340px\" class=\"wp-caption alignleft\"><a href=\"http:\/\/blogdealeroga.blogspot.com\/\" target=\"_blank\"><img data-recalc-dims=\"1\" loading=\"lazy\" decoding=\"async\" style=\"margin-right: 5px;\" title=\"Marat\u00f3n de Blogs\" src=\"https:\/\/i0.wp.com\/img291.imageshack.us\/img291\/2951\/maratonug3.jpg?resize=350%2C352\" alt=\"Blog de Aleroga\" width=\"350\" height=\"352\" \/><\/a><figcaption class=\"wp-caption-text\">Blog de Aleroga<\/figcaption><\/figure>\n<p><strong>Alejandra Rodas Gallardo<\/strong> es una dise\u00f1adora como pocas, <em>proactiva, creativa e incansable<\/em>, son algunas de las cualidades que tiene y que la definen.<\/p>\n<p><a href=\"http:\/\/blogdealeroga.blogspot.com\/\" target=\"_blank\"><strong>El Blog de Aleroga<\/strong><\/a> es la uni\u00f3n de una serie de blogs que <em>Alejandra<\/em> editaba en forma individual, pero que luego decidi\u00f3, por comodidad, unirlos en uno solo, de tal suerte, aunque <strong><a href=\"http:\/\/blogdealeroga.blogspot.com\/\" target=\"_blank\"><strong>El Blog de Aleroga<\/strong><\/a> <\/strong>es relativamente nuevo, no lo es as\u00ed la experiencia de <em>Alejandra<\/em> en el <em>mundo virtual de los blogs.<\/em><\/p>\n<p>Me parece muy interesante el trabajo <em>gr\u00e1fico<\/em> que se la ha echo al blog, colores suaves, tipograf\u00eda grande, <em>f\u00e1cil de leer<\/em>, textos amenos y con agilidad para una lectura amena y entretenida.<\/p>\n<p>Sus art\u00edculos los tiene clasificados como <em>zanahorias<\/em> y es porque es precisamente <em>un conejo<\/em> la mascota del blog. <strong><a href=\"http:\/\/blogdealeroga.blogspot.com\/\" target=\"_blank\"><strong>El Blog de Aleroga<\/strong><\/a><\/strong> al ser una uni\u00f3n de varios de sus <em>anteriores blogs<\/em>, en alg\u00fan momento podemos ver que escribe <em>de todo un poco<\/em>, pero principalmente podemos ver que sus textos se centran en: <em>alimentaci\u00f3n, animaciones, artistas pl\u00e1sticos, autores infantiles, autosuficencia, consejos de belleza, consejos de jardiner\u00eda, m\u00fasica, pel\u00edculas, recetas y consejos para padres<\/em> entro otros.<\/p>\n<p>Actualmente <em>Alejandra<\/em> ha publicado el <a title=\"Marat\u00f3n de Blogs\" href=\"http:\/\/blogdealeroga.blogspot.com\/search\/label\/calendario%20de%20ale%202008\" target=\"_blank\"><em>Calendario de Ale 2008<\/em><\/a>, donde cada mes publica para deleite de sus lectores, un <em>wallpaper<\/em> que cumple la funci\u00f3n de calendario y que adem\u00e1s cuenta con un texto para reflexionar y un dise\u00f1o propio de <em>Ale<\/em>.<\/p>\n<p><strong>Me gusta mucho<\/strong> la forma en la que <strong><a href=\"http:\/\/blogdealeroga.blogspot.com\/\" target=\"_blank\"><strong>El Blog de Aleroga<\/strong><\/a><\/strong> a pesar de ser un blog de una <em>dise\u00f1adora gr\u00e1fica<\/em>, el mismo no trata exclusivamente de dise\u00f1o gr\u00e1fico, sino que mas bien de transmitir sus pensamientos que son impregnados en todo momento por la <em>fe religiosa que profesa<\/em> y por sus conocimientos de dise\u00f1o, sin dejar a un lado a la <em>familia<\/em> a la que le dedica una buena parte del blog.<\/p>\n<p>Para quienes anden en busca de lecturas <em>interesantes, amenas y llenas de espiritualidad<\/em> les recomiendo que agreguen a sus favoritos <strong><a href=\"http:\/\/blogdealeroga.blogspot.com\/\" target=\"_blank\"><strong>El Blog de Aleroga<\/strong><\/a><\/strong>.<\/p>\n<p>Lee m\u00e1s rese\u00f1as de la <strong><a title=\"Marat\u00f3n de Blogs\" href=\"http:\/\/quechilero.com\/blog\/2008\/07\/31\/maraton-de-blogs-2008\/\">Marat\u00f3n de Blogs 2008<\/a><\/strong><\/p>\n<p>Actualmente en <strong><a href=\"http:\/\/blogdealeroga.blogspot.com\/\" target=\"_blank\"><strong>El Blog de Aleroga<\/strong><\/a> <\/strong>puedes leer sobre:<\/p>\n<p><a href=\"http:\/\/img258.imageshack.us\/my.php?image=palabrasbt9.jpg\"><img data-recalc-dims=\"1\" loading=\"lazy\" decoding=\"async\" class=\"alignnone\" src=\"https:\/\/i0.wp.com\/img258.imageshack.us\/img258\/3071\/palabrasbt9.jpg?resize=580%2C281\" alt=\"\" width=\"580\" height=\"281\" \/><\/a><\/p>\n","protected":false},"excerpt":{"rendered":"<p>Alejandra Rodas Gallardo es una dise\u00f1adora como pocas, proactiva, creativa e incansable, son algunas de las cualidades que tiene y que la definen. El Blog de Aleroga es la uni\u00f3n de una serie de blogs que Alejandra editaba en forma individual, pero que luego decidi\u00f3, por comodidad, unirlos en uno solo, de tal suerte, aunque &#8230; <a title=\"Marat\u00f3n &#8211; El Blog de Aleroga\" class=\"read-more\" href=\"https:\/\/quechilero.com\/blog\/2008\/08\/17\/el-blog-de-aleroga\/\" aria-label=\"Leer m\u00e1s sobre Marat\u00f3n &#8211; El Blog de Aleroga\">Leer m\u00e1s<\/a><\/p>\n","protected":false},"author":1,"featured_media":0,"comment_status":"open","ping_status":"open","sticky":false,"template":"","format":"standard","meta":{"advanced_seo_description":"","jetpack_seo_html_title":"","jetpack_seo_noindex":false,"jetpack_seo_schema_type":"","episode_type":"","audio_file":"","podmotor_file_id":"","podmotor_episode_id":"","cover_image":"","cover_image_id":"","duration":"","filesize":"","filesize_raw":"","date_recorded":"","explicit":"","block":"","_jetpack_newsletter_access":"","_jetpack_dont_email_post_to_subs":false,"_jetpack_newsletter_tier_id":0,"_jetpack_memberships_contains_paywalled_content":false,"_jetpack_feature_clip_id":0,"_jetpack_memberships_contains_paid_content":false,"footnotes":"","jetpack_publicize_message":"","jetpack_publicize_feature_enabled":true,"jetpack_social_post_already_shared":false,"jetpack_social_options":{"image_generator_settings":{"template":"highway","default_image_id":0,"font":"","enabled":false},"version":2},"jetpack_post_was_ever_published":false},"categories":[61],"tags":[4,7,81,62,42,36],"series":[],"class_list":["post-1238","post","type-post","status-publish","format-standard","hentry","category-blogs-de-guatemala","tag-blog","tag-diseno","tag-lectura","tag-maraton","tag-palabra","tag-trabajo"],"episode_featured_image":false,"episode_player_image":"https:\/\/i0.wp.com\/quechilero.com\/blog\/imagenes\/podcast.png?fit=1831%2C1831&ssl=1","download_link":"","player_link":"","audio_player":false,"episode_data":{"playerMode":"dark","subscribeUrls":{"amazon":{"key":"amazon","url":"","label":"Amazon","class":"amazon","icon":"amazon.png"},"apple_podcasts":{"key":"apple_podcasts","url":"","label":"Apple Podcasts","class":"apple_podcasts","icon":"apple-podcasts.png"},"castbox":{"key":"castbox","url":"","label":"CastBox","class":"castbox","icon":"castbox.png"},"deezer":{"key":"deezer","url":"","label":"Deezer","class":"deezer","icon":"deezer.png"},"google_podcasts":{"key":"google_podcasts","url":"","label":"Google Podcasts","class":"google_podcasts","icon":"google-podcasts.png"},"listen_notes":{"key":"listen_notes","url":"","label":"Listen Notes","class":"listen_notes","icon":"listen-notes.png"},"pandora":{"key":"pandora","url":"","label":"Pandora","class":"pandora","icon":"pandora.png"},"podbean":{"key":"podbean","url":"","label":"Podbean","class":"podbean","icon":"podbean.png"},"podcast_republic":{"key":"podcast_republic","url":"","label":"Podcast Republic","class":"podcast_republic","icon":"podcast-republic.png"},"rss":{"key":"rss","url":"","label":"RSS","class":"rss","icon":"rss.png"},"spotify":{"key":"spotify","url":"","label":"Spotify","class":"spotify","icon":"spotify.png"},"stitcher":{"key":"stitcher","url":"","label":"Stitcher","class":"stitcher","icon":"stitcher.png"},"tunein":{"key":"tunein","url":"","label":"TuneIn","class":"tunein","icon":"tunein.png"},"youtube":{"key":"youtube","url":"","label":"YouTube","class":"youtube","icon":"youtube.png"},"iheartradio":{"key":"iheartradio","url":"","label":"iHeartRadio","class":"iheartradio","icon":"iheartradio.png"},"ivoox":{"key":"ivoox","url":"","label":"iVoox","class":"ivoox","icon":"ivoox.png"}},"rssFeedUrl":"https:\/\/quechilero.com\/blog\/feed\/podcast\/si-la-vida-nos-da-limones","embedCode":"<blockquote class=\"wp-embedded-content\" data-secret=\"0AyT4RbGX7\"><a href=\"https:\/\/quechilero.com\/blog\/2008\/08\/17\/el-blog-de-aleroga\/\">Marat\u00f3n &#8211; El Blog de Aleroga<\/a><\/blockquote><iframe sandbox=\"allow-scripts\" security=\"restricted\" src=\"https:\/\/quechilero.com\/blog\/2008\/08\/17\/el-blog-de-aleroga\/embed\/#?secret=0AyT4RbGX7\" width=\"500\" height=\"350\" title=\"\u00abMarat\u00f3n &#8211; El Blog de Aleroga\u00bb \u2014 Si la Vida nos da Limones...\" data-secret=\"0AyT4RbGX7\" frameborder=\"0\" marginwidth=\"0\" marginheight=\"0\" scrolling=\"no\" class=\"wp-embedded-content\"><\/iframe><script>\n\/*! This file is auto-generated *\/\n!function(d,l){\"use strict\";l.querySelector&&d.addEventListener&&\"undefined\"!=typeof URL&&(d.wp=d.wp||{},d.wp.receiveEmbedMessage||(d.wp.receiveEmbedMessage=function(e){var t=e.data;if((t||t.secret||t.message||t.value)&&!\/[^a-zA-Z0-9]\/.test(t.secret)){for(var s,r,n,a=l.querySelectorAll('iframe[data-secret=\"'+t.secret+'\"]'),o=l.querySelectorAll('blockquote[data-secret=\"'+t.secret+'\"]'),c=new RegExp(\"^https?:$\",\"i\"),i=0;i<o.length;i++)o[i].style.display=\"none\";for(i=0;i<a.length;i++)s=a[i],e.source===s.contentWindow&&(s.removeAttribute(\"style\"),\"height\"===t.message?(1e3<(r=parseInt(t.value,10))?r=1e3:~~r<200&&(r=200),s.height=r):\"link\"===t.message&&(r=new URL(s.getAttribute(\"src\")),n=new URL(t.value),c.test(n.protocol))&&n.host===r.host&&l.activeElement===s&&(d.top.location.href=t.value))}},d.addEventListener(\"message\",d.wp.receiveEmbedMessage,!1),l.addEventListener(\"DOMContentLoaded\",function(){for(var e,t,s=l.querySelectorAll(\"iframe.wp-embedded-content\"),r=0;r<s.length;r++)(t=(e=s[r]).getAttribute(\"data-secret\"))||(t=Math.random().toString(36).substring(2,12),e.src+=\"#?secret=\"+t,e.setAttribute(\"data-secret\",t)),e.contentWindow.postMessage({message:\"ready\",secret:t},\"*\")},!1)))}(window,document);\n\/\/# sourceURL=https:\/\/quechilero.com\/blog\/wp-includes\/js\/wp-embed.min.js\n<\/script>\n"},"jetpack_publicize_connections":[],"jetpack_shortlink":"https:\/\/wp.me\/pDKli-jY","jetpack_sharing_enabled":true,"jetpack-related-posts":[{"id":1248,"url":"https:\/\/quechilero.com\/blog\/2008\/08\/22\/bara\/","url_meta":{"origin":1238,"position":0},"title":"Marat\u00f3n &#8211; Bara","author":"Pepe Barrascout Ortiz","date":"22 agosto 2008","format":false,"excerpt":"Alejandra se define a si misma como Caricaturista de coraz\u00f3n, dise\u00f1adora industrial por curiosidad...sigo buscando la isla perfecta para vivir y mientras tanto dibujo en el camino hacia ella... con estas palabras, Bara, el blog, se presenta al mundo. Entrar al Bara blog, es entrar a otro mundo, a uno\u2026","rel":"","context":"En \u00abBlogs de Guatemala\u00bb","block_context":{"text":"Blogs de Guatemala","link":"https:\/\/quechilero.com\/blog\/category\/blogs-de-guatemala\/"},"img":{"alt_text":"Bara Blog","src":"https:\/\/i0.wp.com\/img106.imageshack.us\/img106\/4451\/maratonwt5.jpg?resize=350%2C200","width":350,"height":200},"classes":[]},{"id":3253,"url":"https:\/\/quechilero.com\/blog\/2009\/08\/16\/maraton-de-blogs-el-chiltepe\/","url_meta":{"origin":1238,"position":1},"title":"Marat\u00f3n de Blogs: El Chiltepe","author":"Pepe Barrascout Ortiz","date":"16 agosto 2009","format":false,"excerpt":"Me gusta mucho leer blogs relacionados con el dise\u00f1o gr\u00e1fico o industrial y entre estos destaca definitivamente El Chiltepe, que es dirigido por Alejandra Barahona, una gran dise\u00f1adora guatemalteca que ha destacado enormemente en el extranjero, exponiendo muchas de sus ilustraciones, en importantes galer\u00edas de Estados Unidos y Europa. Desde\u2026","rel":"","context":"En \u00abBlogs de Guatemala\u00bb","block_context":{"text":"Blogs de Guatemala","link":"https:\/\/quechilero.com\/blog\/category\/blogs-de-guatemala\/"},"img":{"alt_text":"Marat\u00f3n de Blogs 2009","src":"https:\/\/i0.wp.com\/i392.photobucket.com\/albums\/pp7\/pepejaguar\/maraton2009\/maraton2009.jpg?resize=350%2C200","width":350,"height":200,"srcset":"https:\/\/i0.wp.com\/i392.photobucket.com\/albums\/pp7\/pepejaguar\/maraton2009\/maraton2009.jpg?resize=350%2C200 1x, https:\/\/i0.wp.com\/i392.photobucket.com\/albums\/pp7\/pepejaguar\/maraton2009\/maraton2009.jpg?resize=525%2C300 1.5x"},"classes":[]},{"id":1219,"url":"https:\/\/quechilero.com\/blog\/2008\/08\/05\/el-chiltepe\/","url_meta":{"origin":1238,"position":2},"title":"Marat\u00f3n &#8211; El Chiltepe","author":"Pepe Barrascout Ortiz","date":"5 agosto 2008","format":false,"excerpt":"En palabras de Alejandra, \"El Chiltepe es un blog que trata de promocionar artistas latinos y hasta el momento han habido muchos sobresalientes guatemaltecos...seria bueno que mas gente lo viera y conociera el talento chapin.\" Actualmente vive en New York, pero a Guatemala la lleva en su alma, tanto as\u00ed\u2026","rel":"","context":"En \u00abBlogs de Guatemala\u00bb","block_context":{"text":"Blogs de Guatemala","link":"https:\/\/quechilero.com\/blog\/category\/blogs-de-guatemala\/"},"img":{"alt_text":"El Chiltepe","src":"https:\/\/i0.wp.com\/img112.imageshack.us\/img112\/2295\/maratonhe4.jpg?resize=350%2C200","width":350,"height":200},"classes":[]},{"id":9917,"url":"https:\/\/quechilero.com\/blog\/2011\/08\/05\/maraton-de-blogs-el-chiltepe-3\/","url_meta":{"origin":1238,"position":3},"title":"Marat\u00f3n de Blogs: El Chiltepe","author":"Pepe Barrascout Ortiz","date":"5 agosto 2011","format":false,"excerpt":"El Chiltepe es un magn\u00edfico blog dedicado al dise\u00f1o industrial, pero sin dejar de lado la publicidad, el arte y otras ramas del dise\u00f1o, de vez en cuando se tocan temas relacionados con la arquitectura. Los dise\u00f1os que regularmente se comparten en\u00a0El Chiltepe\u00a0son bastante inspiracionales, algunos son prototipos, que pueden\u2026","rel":"","context":"En \u00abBlogs de Guatemala\u00bb","block_context":{"text":"Blogs de Guatemala","link":"https:\/\/quechilero.com\/blog\/category\/blogs-de-guatemala\/"},"img":{"alt_text":"","src":"https:\/\/i0.wp.com\/i392.photobucket.com\/albums\/pp7\/pepejaguar\/maraton\/el-chiltepe.png?resize=350%2C200","width":350,"height":200,"srcset":"https:\/\/i0.wp.com\/i392.photobucket.com\/albums\/pp7\/pepejaguar\/maraton\/el-chiltepe.png?resize=350%2C200 1x, https:\/\/i0.wp.com\/i392.photobucket.com\/albums\/pp7\/pepejaguar\/maraton\/el-chiltepe.png?resize=525%2C300 1.5x"},"classes":[]},{"id":5389,"url":"https:\/\/quechilero.com\/blog\/2010\/08\/28\/maraton-de-blogs-el-chiltepe-2\/","url_meta":{"origin":1238,"position":4},"title":"Marat\u00f3n de Blogs: El Chiltepe","author":"Pepe Barrascout Ortiz","date":"28 agosto 2010","format":false,"excerpt":"El Chiltepe, es uno de los blogs cl\u00e1sicos dentro del Marat\u00f3n de Blogs. Es dirigido por una gran artista guatemalteca, Alejandra Barahona, ahora El Chiltepe ha incluido a un grupo de colaboradores que con sus aportes, enriquecen las publicaciones. De tal suerte, podemos ver textos de Chinitas Yon, Hopeazul y\u2026","rel":"","context":"En \u00abBlogs de Guatemala\u00bb","block_context":{"text":"Blogs de Guatemala","link":"https:\/\/quechilero.com\/blog\/category\/blogs-de-guatemala\/"},"img":{"alt_text":"","src":"https:\/\/i0.wp.com\/i392.photobucket.com\/albums\/pp7\/pepejaguar\/maraton\/elchiltepe.png?resize=350%2C200","width":350,"height":200,"srcset":"https:\/\/i0.wp.com\/i392.photobucket.com\/albums\/pp7\/pepejaguar\/maraton\/elchiltepe.png?resize=350%2C200 1x, https:\/\/i0.wp.com\/i392.photobucket.com\/albums\/pp7\/pepejaguar\/maraton\/elchiltepe.png?resize=525%2C300 1.5x"},"classes":[]},{"id":3237,"url":"https:\/\/quechilero.com\/blog\/2009\/08\/06\/maraton-de-blogs-diario-de-un-socialite\/","url_meta":{"origin":1238,"position":5},"title":"Marat\u00f3n de Blogs: Diario de un Socialit\u00e9","author":"Pepe Barrascout Ortiz","date":"6 agosto 2009","format":false,"excerpt":"Antes que nada definamos qu\u00e9 o qui\u00e9n es un Socialit\u00e9: se refiere a una persona considerada como celebridad nacional o internacional m\u00e1s por sus habilidades para destacar en alta sociedad que por alg\u00fan talento espec\u00edfico para las artes, la pol\u00edtica o los deportes. Si nos ce\u00f1imos al anterior concepto, podemos\u2026","rel":"","context":"En \u00abBlogs de Guatemala\u00bb","block_context":{"text":"Blogs de Guatemala","link":"https:\/\/quechilero.com\/blog\/category\/blogs-de-guatemala\/"},"img":{"alt_text":"Marat\u00f3n de Blogs 2009","src":"https:\/\/i0.wp.com\/i392.photobucket.com\/albums\/pp7\/pepejaguar\/maraton2009\/maraton2009.jpg?resize=350%2C200","width":350,"height":200,"srcset":"https:\/\/i0.wp.com\/i392.photobucket.com\/albums\/pp7\/pepejaguar\/maraton2009\/maraton2009.jpg?resize=350%2C200 1x, https:\/\/i0.wp.com\/i392.photobucket.com\/albums\/pp7\/pepejaguar\/maraton2009\/maraton2009.jpg?resize=525%2C300 1.5x"},"classes":[]}],"jetpack_featured_media_url":"","_links":{"self":[{"href":"https:\/\/quechilero.com\/blog\/wp-json\/wp\/v2\/posts\/1238","targetHints":{"allow":["GET"]}}],"collection":[{"href":"https:\/\/quechilero.com\/blog\/wp-json\/wp\/v2\/posts"}],"about":[{"href":"https:\/\/quechilero.com\/blog\/wp-json\/wp\/v2\/types\/post"}],"author":[{"embeddable":true,"href":"https:\/\/quechilero.com\/blog\/wp-json\/wp\/v2\/users\/1"}],"replies":[{"embeddable":true,"href":"https:\/\/quechilero.com\/blog\/wp-json\/wp\/v2\/comments?post=1238"}],"version-history":[{"count":0,"href":"https:\/\/quechilero.com\/blog\/wp-json\/wp\/v2\/posts\/1238\/revisions"}],"wp:attachment":[{"href":"https:\/\/quechilero.com\/blog\/wp-json\/wp\/v2\/media?parent=1238"}],"wp:term":[{"taxonomy":"category","embeddable":true,"href":"https:\/\/quechilero.com\/blog\/wp-json\/wp\/v2\/categories?post=1238"},{"taxonomy":"post_tag","embeddable":true,"href":"https:\/\/quechilero.com\/blog\/wp-json\/wp\/v2\/tags?post=1238"},{"taxonomy":"series","embeddable":true,"href":"https:\/\/quechilero.com\/blog\/wp-json\/wp\/v2\/series?post=1238"}],"curies":[{"name":"wp","href":"https:\/\/api.w.org\/{rel}","templated":true}]}}