{"id":1234,"date":"2008-08-14T12:00:38","date_gmt":"2008-08-14T18:00:38","guid":{"rendered":"http:\/\/quechilero.com\/blog\/?p=1234"},"modified":"2008-08-14T12:00:38","modified_gmt":"2008-08-14T18:00:38","slug":"black-creative-box","status":"publish","type":"post","link":"https:\/\/quechilero.com\/blog\/2008\/08\/14\/black-creative-box\/","title":{"rendered":"Marat\u00f3n &#8211; Black Creative Box"},"content":{"rendered":"<figure style=\"width: 340px\" class=\"wp-caption alignleft\"><a href=\"http:\/\/blackcreativebox.com\/actualidad\/\" target=\"_blank\"><img data-recalc-dims=\"1\" loading=\"lazy\" decoding=\"async\" style=\"margin-right: 5px;\" title=\"Marat\u00f3n de Blogs\" src=\"https:\/\/i0.wp.com\/img359.imageshack.us\/img359\/3946\/maratonoo5.jpg?resize=350%2C352\" alt=\"Black Creative Box\" width=\"350\" height=\"352\" \/><\/a><figcaption class=\"wp-caption-text\">Black Creative Box<\/figcaption><\/figure>\n<p>Ayudas, tips y trucos para el <em>dise\u00f1o web<\/em>, es algo de lo mucho que podemos encontrar en la <em>\u00abcaja negra creativa\u00bb<\/em>.<\/p>\n<p><a title=\"Marat\u00f3n de Blogs\" href=\"http:\/\/blackcreativebox.com\/actualidad\/\" target=\"_blank\"><strong>Black Creative Box<\/strong><\/a> es un blog de <em>consulta obligada<\/em>, para todos aquellos dise\u00f1adores web que desean encontrar informaci\u00f3n de \u00faltimo momento, relacionada con el mundo que se desarrolla <em>detras de la pantalla<\/em> del programador.<\/p>\n<p>Con textos, claros, simples y concisos el <a title=\"Marat\u00f3n de Blogs\" href=\"http:\/\/blackcreativebox.com\/actualidad\/\" target=\"_blank\"><strong>Black Creative Box<\/strong><\/a> es una fuente inagotable de conocimientos, que permite tanto al dise\u00f1ador novato como al avanzado, encontrar recursos valiosos y de vanguardia que puedan usarse en las p\u00e1ginas web que se est\u00e9n desarrollando.<\/p>\n<p>Pero no solo el dise\u00f1ador web se ve beneficiado con el gran c\u00famulo de informaci\u00f3n que se puede encontrar en <a title=\"Marat\u00f3n de Blogs\" href=\"http:\/\/blackcreativebox.com\/actualidad\/\" target=\"_blank\"><strong>Black Creative Box<\/strong><\/a> tambi\u00e9n hay un sin fin de ideas y recursos enforcados principalmente al \u00e1rea del dise\u00f1o gr\u00e1fico, complementando el <em>dise\u00f1o web<\/em> que es a donde est\u00e1 dirigido el blog.<\/p>\n<p><a title=\"Marat\u00f3n de Blogs\" href=\"http:\/\/blackcreativebox.com\/actualidad\/\" target=\"_blank\"><strong>Black Creative Box<\/strong><\/a> es editado principalmente por <strong>Edna Rheiner<\/strong>, quien se encarga de darle vida al blog con sus invistigaciones, convierte a <a title=\"Marat\u00f3n de Blogs\" href=\"http:\/\/blackcreativebox.com\/actualidad\/\" target=\"_blank\"><strong>Black Creative Box<\/strong><\/a> en un blog imprescindible y de lectura infaltable.<\/p>\n<p>En <a title=\"Marat\u00f3n de Blogs\" href=\"http:\/\/blackcreativebox.com\/actualidad\/\" target=\"_blank\"><strong>Black Creative Box<\/strong><\/a> podemos encontrar que se desarrollan una gran variedad de temas, destacando: <em>Dise\u00f1o gr\u00e1fico, dise\u00f1o web, Apple, Adobe, Firefox, comunidades, flash, flex, flickr, gadgets, Google, Guatemala, iconos, Linux, Microsoft, m\u00fasica, talleres, historia, videos, W3, yahoo, youtube.<\/em><\/p>\n<p>As\u00ed de variado e interesante es el contenido que <a title=\"Marat\u00f3n de Blogs\" href=\"http:\/\/blackcreativebox.com\/actualidad\/\" target=\"_blank\"><strong>Black Creative Box<\/strong><\/a> da a sus lectores, que una vez entran al blog, lo agregan a los favoritos, lo cual recomiendo tambi\u00e9n.<\/p>\n<p><strong>Me gusta mucho<\/strong> el dise\u00f1o del blog, pero me gusta mas cuando <a title=\"Marat\u00f3n de Blogs\" href=\"http:\/\/blackcreativebox.com\/actualidad\/\" target=\"_blank\"><strong>Black Creative Box<\/strong><\/a> publica temas relacionados con herramientas de la <em>Web 2.0<\/em> o con herramientas que se usan <em>directamente desde la web<\/em>.<\/p>\n<p>Los invito a que lean <a title=\"Marat\u00f3n de Blogs\" href=\"http:\/\/blackcreativebox.com\/actualidad\/\" target=\"_blank\"><strong>Black Creative Box<\/strong><\/a> y lo agreguen a sus favoritos, un blog indispensable para cualquier <em>dise\u00f1ador web<\/em>.<\/p>\n<p>Lee m\u00e1s rese\u00f1as de la <strong><a title=\"Marat\u00f3n de Blogs\" href=\"http:\/\/quechilero.com\/blog\/2008\/07\/31\/maraton-de-blogs-2008\/\">Marat\u00f3n de Blogs 2008<\/a><\/strong><\/p>\n<p>Actualmente en <a title=\"Marat\u00f3n de Blogs\" href=\"http:\/\/blackcreativebox.com\/actualidad\/\" target=\"_blank\"><strong>Black Creative Box<\/strong><\/a> puedes leer sobre:<\/p>\n<p><a href=\"http:\/\/img123.imageshack.us\/my.php?image=palabrastg1.jpg\"><img data-recalc-dims=\"1\" loading=\"lazy\" decoding=\"async\" class=\"alignnone\" src=\"https:\/\/i0.wp.com\/img123.imageshack.us\/img123\/6676\/palabrastg1.jpg?resize=581%2C289\" alt=\"\" width=\"581\" height=\"289\" \/><\/a><\/p>\n","protected":false},"excerpt":{"rendered":"<p>Ayudas, tips y trucos para el dise\u00f1o web, es algo de lo mucho que podemos encontrar en la \u00abcaja negra creativa\u00bb. Black Creative Box es un blog de consulta obligada, para todos aquellos dise\u00f1adores web que desean encontrar informaci\u00f3n de \u00faltimo momento, relacionada con el mundo que se desarrolla detras de la pantalla del programador. &#8230; <a title=\"Marat\u00f3n &#8211; Black Creative Box\" class=\"read-more\" href=\"https:\/\/quechilero.com\/blog\/2008\/08\/14\/black-creative-box\/\" aria-label=\"Leer m\u00e1s sobre Marat\u00f3n &#8211; Black Creative Box\">Leer m\u00e1s<\/a><\/p>\n","protected":false},"author":1,"featured_media":0,"comment_status":"open","ping_status":"open","sticky":false,"template":"","format":"standard","meta":{"advanced_seo_description":"","jetpack_seo_html_title":"","jetpack_seo_noindex":false,"jetpack_seo_schema_type":"","episode_type":"","audio_file":"","podmotor_file_id":"","podmotor_episode_id":"","cover_image":"","cover_image_id":"","duration":"","filesize":"","filesize_raw":"","date_recorded":"","explicit":"","block":"","_jetpack_newsletter_access":"","_jetpack_dont_email_post_to_subs":false,"_jetpack_newsletter_tier_id":0,"_jetpack_memberships_contains_paywalled_content":false,"_jetpack_feature_clip_id":0,"_jetpack_memberships_contains_paid_content":false,"footnotes":"","jetpack_publicize_message":"","jetpack_publicize_feature_enabled":true,"jetpack_social_post_already_shared":false,"jetpack_social_options":{"image_generator_settings":{"template":"highway","default_image_id":0,"font":"","enabled":false},"version":2},"jetpack_post_was_ever_published":false},"categories":[61],"tags":[37,4,7,10,17,9,81,77,62,42,24,25,53],"series":[],"class_list":["post-1234","post","type-post","status-publish","format-standard","hentry","category-blogs-de-guatemala","tag-ayuda","tag-blog","tag-diseno","tag-guatemala","tag-historia","tag-idea","tag-lectura","tag-linux","tag-maraton","tag-palabra","tag-vida","tag-video","tag-youtube"],"episode_featured_image":false,"episode_player_image":"https:\/\/i0.wp.com\/quechilero.com\/blog\/imagenes\/podcast.png?fit=1831%2C1831&ssl=1","download_link":"","player_link":"","audio_player":false,"episode_data":{"playerMode":"dark","subscribeUrls":{"amazon":{"key":"amazon","url":"","label":"Amazon","class":"amazon","icon":"amazon.png"},"apple_podcasts":{"key":"apple_podcasts","url":"","label":"Apple Podcasts","class":"apple_podcasts","icon":"apple-podcasts.png"},"castbox":{"key":"castbox","url":"","label":"CastBox","class":"castbox","icon":"castbox.png"},"deezer":{"key":"deezer","url":"","label":"Deezer","class":"deezer","icon":"deezer.png"},"google_podcasts":{"key":"google_podcasts","url":"","label":"Google Podcasts","class":"google_podcasts","icon":"google-podcasts.png"},"listen_notes":{"key":"listen_notes","url":"","label":"Listen Notes","class":"listen_notes","icon":"listen-notes.png"},"pandora":{"key":"pandora","url":"","label":"Pandora","class":"pandora","icon":"pandora.png"},"podbean":{"key":"podbean","url":"","label":"Podbean","class":"podbean","icon":"podbean.png"},"podcast_republic":{"key":"podcast_republic","url":"","label":"Podcast Republic","class":"podcast_republic","icon":"podcast-republic.png"},"rss":{"key":"rss","url":"","label":"RSS","class":"rss","icon":"rss.png"},"spotify":{"key":"spotify","url":"","label":"Spotify","class":"spotify","icon":"spotify.png"},"stitcher":{"key":"stitcher","url":"","label":"Stitcher","class":"stitcher","icon":"stitcher.png"},"tunein":{"key":"tunein","url":"","label":"TuneIn","class":"tunein","icon":"tunein.png"},"youtube":{"key":"youtube","url":"","label":"YouTube","class":"youtube","icon":"youtube.png"},"iheartradio":{"key":"iheartradio","url":"","label":"iHeartRadio","class":"iheartradio","icon":"iheartradio.png"},"ivoox":{"key":"ivoox","url":"","label":"iVoox","class":"ivoox","icon":"ivoox.png"}},"rssFeedUrl":"https:\/\/quechilero.com\/blog\/feed\/podcast\/si-la-vida-nos-da-limones","embedCode":"<blockquote class=\"wp-embedded-content\" data-secret=\"CD6dQVpTrD\"><a href=\"https:\/\/quechilero.com\/blog\/2008\/08\/14\/black-creative-box\/\">Marat\u00f3n &#8211; Black Creative Box<\/a><\/blockquote><iframe sandbox=\"allow-scripts\" security=\"restricted\" src=\"https:\/\/quechilero.com\/blog\/2008\/08\/14\/black-creative-box\/embed\/#?secret=CD6dQVpTrD\" width=\"500\" height=\"350\" title=\"\u00abMarat\u00f3n &#8211; Black Creative Box\u00bb \u2014 Si la Vida nos da Limones...\" data-secret=\"CD6dQVpTrD\" frameborder=\"0\" marginwidth=\"0\" marginheight=\"0\" scrolling=\"no\" class=\"wp-embedded-content\"><\/iframe><script>\n\/*! This file is auto-generated *\/\n!function(d,l){\"use strict\";l.querySelector&&d.addEventListener&&\"undefined\"!=typeof URL&&(d.wp=d.wp||{},d.wp.receiveEmbedMessage||(d.wp.receiveEmbedMessage=function(e){var t=e.data;if((t||t.secret||t.message||t.value)&&!\/[^a-zA-Z0-9]\/.test(t.secret)){for(var s,r,n,a=l.querySelectorAll('iframe[data-secret=\"'+t.secret+'\"]'),o=l.querySelectorAll('blockquote[data-secret=\"'+t.secret+'\"]'),c=new RegExp(\"^https?:$\",\"i\"),i=0;i<o.length;i++)o[i].style.display=\"none\";for(i=0;i<a.length;i++)s=a[i],e.source===s.contentWindow&&(s.removeAttribute(\"style\"),\"height\"===t.message?(1e3<(r=parseInt(t.value,10))?r=1e3:~~r<200&&(r=200),s.height=r):\"link\"===t.message&&(r=new URL(s.getAttribute(\"src\")),n=new URL(t.value),c.test(n.protocol))&&n.host===r.host&&l.activeElement===s&&(d.top.location.href=t.value))}},d.addEventListener(\"message\",d.wp.receiveEmbedMessage,!1),l.addEventListener(\"DOMContentLoaded\",function(){for(var e,t,s=l.querySelectorAll(\"iframe.wp-embedded-content\"),r=0;r<s.length;r++)(t=(e=s[r]).getAttribute(\"data-secret\"))||(t=Math.random().toString(36).substring(2,12),e.src+=\"#?secret=\"+t,e.setAttribute(\"data-secret\",t)),e.contentWindow.postMessage({message:\"ready\",secret:t},\"*\")},!1)))}(window,document);\n\/\/# sourceURL=https:\/\/quechilero.com\/blog\/wp-includes\/js\/wp-embed.min.js\n<\/script>\n"},"jetpack_publicize_connections":[],"jetpack_shortlink":"https:\/\/wp.me\/pDKli-jU","jetpack_sharing_enabled":true,"jetpack-related-posts":[{"id":1194,"url":"https:\/\/quechilero.com\/blog\/2008\/07\/31\/maraton-de-blogs-2008\/","url_meta":{"origin":1234,"position":0},"title":"Marat\u00f3n de Blogs 2008","author":"Pepe Barrascout Ortiz","date":"31 julio 2008","format":false,"excerpt":"Con el mes de agosto, llega el \"Marat\u00f3n de Blogs\", el cual desde el 2006 he venido realizando y se ha convertido en una tradici\u00f3n ya. En la primera edici\u00f3n, se escribi\u00f3 un peque\u00f1o texto recomendando al menos cinco blogs, con el fin de dar a conocer nuevos blogs, coincidiendo\u2026","rel":"","context":"En \u00abBlogs de Guatemala\u00bb","block_context":{"text":"Blogs de Guatemala","link":"https:\/\/quechilero.com\/blog\/category\/blogs-de-guatemala\/"},"img":{"alt_text":"","src":"","width":0,"height":0},"classes":[]},{"id":1219,"url":"https:\/\/quechilero.com\/blog\/2008\/08\/05\/el-chiltepe\/","url_meta":{"origin":1234,"position":1},"title":"Marat\u00f3n &#8211; El Chiltepe","author":"Pepe Barrascout Ortiz","date":"5 agosto 2008","format":false,"excerpt":"En palabras de Alejandra, \"El Chiltepe es un blog que trata de promocionar artistas latinos y hasta el momento han habido muchos sobresalientes guatemaltecos...seria bueno que mas gente lo viera y conociera el talento chapin.\" Actualmente vive en New York, pero a Guatemala la lleva en su alma, tanto as\u00ed\u2026","rel":"","context":"En \u00abBlogs de Guatemala\u00bb","block_context":{"text":"Blogs de Guatemala","link":"https:\/\/quechilero.com\/blog\/category\/blogs-de-guatemala\/"},"img":{"alt_text":"El Chiltepe","src":"https:\/\/i0.wp.com\/img112.imageshack.us\/img112\/2295\/maratonhe4.jpg?resize=350%2C200","width":350,"height":200},"classes":[]},{"id":3217,"url":"https:\/\/quechilero.com\/blog\/2009\/08\/01\/maraton-de-blogs-recapitulando\/","url_meta":{"origin":1234,"position":2},"title":"Marat\u00f3n de Blogs: Recapitulando","author":"Pepe Barrascout Ortiz","date":"1 agosto 2009","format":false,"excerpt":"Ha pasado un a\u00f1o, desde del anterior Marat\u00f3n de Blogs y han sido muchos los Blogs de Guatemala que se han ido sumando, en parte por la relativa facilidad de acceso a internet, que hay en nuestro pa\u00eds, aunque a\u00fan estamos muy lejos, de lo que realmente deber\u00edamos de estar\u2026","rel":"","context":"En \u00abBlogs de Guatemala\u00bb","block_context":{"text":"Blogs de Guatemala","link":"https:\/\/quechilero.com\/blog\/category\/blogs-de-guatemala\/"},"img":{"alt_text":"","src":"","width":0,"height":0},"classes":[]},{"id":3243,"url":"https:\/\/quechilero.com\/blog\/2009\/08\/09\/maraton-de-blogs-mentes-kreativas\/","url_meta":{"origin":1234,"position":3},"title":"Marat\u00f3n de Blogs: Mentes Kreativas","author":"Pepe Barrascout Ortiz","date":"9 agosto 2009","format":false,"excerpt":"Del teclado de Lesther Castillo, salen los art\u00edculos que en forma regular se publican en Mentes Kreativas, un blog dirigido a los amantes de la tecnolog\u00eda, gadgets, social media, dise\u00f1o gr\u00e1fico, dise\u00f1o web y noticias de internet. Muchos art\u00edculos de estos temas, podemos leer en Mentes Kreativas. Recientemente ha tocado\u2026","rel":"","context":"En \u00abBlogs de Guatemala\u00bb","block_context":{"text":"Blogs de Guatemala","link":"https:\/\/quechilero.com\/blog\/category\/blogs-de-guatemala\/"},"img":{"alt_text":"Marat\u00f3n de Blogs 2009","src":"https:\/\/i0.wp.com\/i392.photobucket.com\/albums\/pp7\/pepejaguar\/maraton2009\/maraton2009.jpg?resize=350%2C200","width":350,"height":200,"srcset":"https:\/\/i0.wp.com\/i392.photobucket.com\/albums\/pp7\/pepejaguar\/maraton2009\/maraton2009.jpg?resize=350%2C200 1x, https:\/\/i0.wp.com\/i392.photobucket.com\/albums\/pp7\/pepejaguar\/maraton2009\/maraton2009.jpg?resize=525%2C300 1.5x"},"classes":[]},{"id":9897,"url":"https:\/\/quechilero.com\/blog\/2011\/08\/14\/maraton-de-blogs-blog-de-jorge-luis\/","url_meta":{"origin":1234,"position":4},"title":"Marat\u00f3n de Blogs: Blog de Jorge Luis","author":"Pepe Barrascout Ortiz","date":"14 agosto 2011","format":false,"excerpt":"El Blog de Jorge Luis, se define a si mismo, como un blog de ideas, dise\u00f1o y locuras. Publicado por Jorge Luis Guti\u00e9rrez, este blog trata de todo un poco, aunque se organiza en ciertas categor\u00edas, en las que se agrupan los distintos contenidos publicados. De tal suerte, podemos leer\u2026","rel":"","context":"En \u00abBlogs de Guatemala\u00bb","block_context":{"text":"Blogs de Guatemala","link":"https:\/\/quechilero.com\/blog\/category\/blogs-de-guatemala\/"},"img":{"alt_text":"","src":"https:\/\/i0.wp.com\/i392.photobucket.com\/albums\/pp7\/pepejaguar\/maraton\/jorge-luis.png?resize=350%2C200","width":350,"height":200,"srcset":"https:\/\/i0.wp.com\/i392.photobucket.com\/albums\/pp7\/pepejaguar\/maraton\/jorge-luis.png?resize=350%2C200 1x, https:\/\/i0.wp.com\/i392.photobucket.com\/albums\/pp7\/pepejaguar\/maraton\/jorge-luis.png?resize=525%2C300 1.5x"},"classes":[]},{"id":5256,"url":"https:\/\/quechilero.com\/blog\/2010\/08\/19\/maraton-de-blogs-mentes-kreativas-2\/","url_meta":{"origin":1234,"position":5},"title":"Marat\u00f3n de Blogs: Mentes Kreativas","author":"Pepe Barrascout Ortiz","date":"19 agosto 2010","format":false,"excerpt":"Fue en enero de 2009, cuando Mentes Kreativas, de la mano de Lesther Castillo, inici\u00f3 sus publicaciones. Anteriormente, Mentes Kreativas ya hab\u00eda participado de las actividades del Marat\u00f3n de Blogs. Este es uno de los dos proyectos personales, en los que Lesther le imprime su sello muy personal y caracter\u00edstico.\u2026","rel":"","context":"En \u00abBlogs de Guatemala\u00bb","block_context":{"text":"Blogs de Guatemala","link":"https:\/\/quechilero.com\/blog\/category\/blogs-de-guatemala\/"},"img":{"alt_text":"","src":"https:\/\/i0.wp.com\/i392.photobucket.com\/albums\/pp7\/pepejaguar\/maraton\/menteskreativas.png?resize=350%2C200","width":350,"height":200,"srcset":"https:\/\/i0.wp.com\/i392.photobucket.com\/albums\/pp7\/pepejaguar\/maraton\/menteskreativas.png?resize=350%2C200 1x, https:\/\/i0.wp.com\/i392.photobucket.com\/albums\/pp7\/pepejaguar\/maraton\/menteskreativas.png?resize=525%2C300 1.5x"},"classes":[]}],"jetpack_featured_media_url":"","_links":{"self":[{"href":"https:\/\/quechilero.com\/blog\/wp-json\/wp\/v2\/posts\/1234","targetHints":{"allow":["GET"]}}],"collection":[{"href":"https:\/\/quechilero.com\/blog\/wp-json\/wp\/v2\/posts"}],"about":[{"href":"https:\/\/quechilero.com\/blog\/wp-json\/wp\/v2\/types\/post"}],"author":[{"embeddable":true,"href":"https:\/\/quechilero.com\/blog\/wp-json\/wp\/v2\/users\/1"}],"replies":[{"embeddable":true,"href":"https:\/\/quechilero.com\/blog\/wp-json\/wp\/v2\/comments?post=1234"}],"version-history":[{"count":0,"href":"https:\/\/quechilero.com\/blog\/wp-json\/wp\/v2\/posts\/1234\/revisions"}],"wp:attachment":[{"href":"https:\/\/quechilero.com\/blog\/wp-json\/wp\/v2\/media?parent=1234"}],"wp:term":[{"taxonomy":"category","embeddable":true,"href":"https:\/\/quechilero.com\/blog\/wp-json\/wp\/v2\/categories?post=1234"},{"taxonomy":"post_tag","embeddable":true,"href":"https:\/\/quechilero.com\/blog\/wp-json\/wp\/v2\/tags?post=1234"},{"taxonomy":"series","embeddable":true,"href":"https:\/\/quechilero.com\/blog\/wp-json\/wp\/v2\/series?post=1234"}],"curies":[{"name":"wp","href":"https:\/\/api.w.org\/{rel}","templated":true}]}}