{"id":12336,"date":"2012-02-09T08:00:06","date_gmt":"2012-02-09T14:00:06","guid":{"rendered":"http:\/\/quechilero.com\/blog\/?p=12336"},"modified":"2014-08-01T17:09:04","modified_gmt":"2014-08-01T23:09:04","slug":"efecto-coriolis","status":"publish","type":"post","link":"https:\/\/quechilero.com\/blog\/2012\/02\/09\/efecto-coriolis\/","title":{"rendered":"Efecto Coriolis"},"content":{"rendered":"<p>El <em>Efecto Coriolis<\/em>, es un fen\u00f3meno f\u00edsico, que explica b\u00e1sicamente, el porqu\u00e9 el agua, gira en diferente direcci\u00f3n, cuando escurre arriba o abajo de la l\u00ednea del <em>ecuador<\/em>.<\/p>\n<p>Cuando el agua escurre al norte del ecuador, como en el caso de <em>Guatemala<\/em>, lo hace girando siempre, hacia la derecha, cuando esto ocurre abajo de la l\u00ednea del ecuador, el agua gira hacia la izquierda.<\/p>\n<p><em>\u00bfQue pasa cuando es exactamente en la l\u00ednea del ecuador?<\/em>, pues simplemente no gira hacia ning\u00fan lado. En el video se muestra un experimento, donde se demuestra f\u00e1cilmente el <em>efecto coriolis<\/em>, por dem\u00e1s interesante.<\/p>\n<p><span class=\"embed-youtube\" style=\"text-align:center; display: block;\"><iframe loading=\"lazy\" class=\"youtube-player\" width=\"1200\" height=\"675\" src=\"https:\/\/www.youtube.com\/embed\/Gr0tD6Kob3w?version=3&#038;rel=1&#038;showsearch=0&#038;showinfo=1&#038;iv_load_policy=1&#038;fs=1&#038;hl=es-ES&#038;autohide=2&#038;wmode=transparent\" allowfullscreen=\"true\" style=\"border:0;\" sandbox=\"allow-scripts allow-same-origin allow-popups allow-presentation allow-popups-to-escape-sandbox\"><\/iframe><\/span><\/p>\n<p>\u00bfAlguien puede explicar donde est\u00e1 el truco?, no todo lo que se ve es cierto \ud83d\ude09<\/p>\n","protected":false},"excerpt":{"rendered":"<p>El Efecto Coriolis, es un fen\u00f3meno f\u00edsico, que explica b\u00e1sicamente, el porqu\u00e9 el agua, gira en diferente direcci\u00f3n, cuando escurre arriba o abajo de la l\u00ednea del ecuador. Cuando el agua escurre al norte del ecuador, como en el caso de Guatemala, lo hace girando siempre, hacia la derecha, cuando esto ocurre abajo de la &#8230; <a title=\"Efecto Coriolis\" class=\"read-more\" href=\"https:\/\/quechilero.com\/blog\/2012\/02\/09\/efecto-coriolis\/\" aria-label=\"Leer m\u00e1s sobre Efecto Coriolis\">Leer m\u00e1s<\/a><\/p>\n","protected":false},"author":1,"featured_media":0,"comment_status":"open","ping_status":"open","sticky":false,"template":"","format":"standard","meta":{"advanced_seo_description":"","jetpack_seo_html_title":"","jetpack_seo_noindex":false,"jetpack_seo_schema_type":"","episode_type":"","audio_file":"","podmotor_file_id":"","podmotor_episode_id":"","cover_image":"","cover_image_id":"","duration":"","filesize":"","filesize_raw":"","date_recorded":"","explicit":"","block":"","_jetpack_newsletter_access":"","_jetpack_dont_email_post_to_subs":false,"_jetpack_newsletter_tier_id":0,"_jetpack_memberships_contains_paywalled_content":false,"_jetpack_feature_clip_id":0,"_jetpack_memberships_contains_paid_content":false,"footnotes":"","jetpack_publicize_message":"","jetpack_publicize_feature_enabled":true,"jetpack_social_post_already_shared":false,"jetpack_social_options":{"image_generator_settings":{"template":"highway","default_image_id":0,"font":"","enabled":false},"version":2},"jetpack_post_was_ever_published":false},"categories":[113],"tags":[10,25,53],"series":[],"class_list":["post-12336","post","type-post","status-publish","format-standard","hentry","category-videoblog","tag-guatemala","tag-video","tag-youtube"],"episode_featured_image":false,"episode_player_image":"https:\/\/i0.wp.com\/quechilero.com\/blog\/imagenes\/podcast.png?fit=1831%2C1831&ssl=1","download_link":"","player_link":"","audio_player":false,"episode_data":{"playerMode":"dark","subscribeUrls":{"amazon":{"key":"amazon","url":"","label":"Amazon","class":"amazon","icon":"amazon.png"},"apple_podcasts":{"key":"apple_podcasts","url":"","label":"Apple Podcasts","class":"apple_podcasts","icon":"apple-podcasts.png"},"castbox":{"key":"castbox","url":"","label":"CastBox","class":"castbox","icon":"castbox.png"},"deezer":{"key":"deezer","url":"","label":"Deezer","class":"deezer","icon":"deezer.png"},"google_podcasts":{"key":"google_podcasts","url":"","label":"Google Podcasts","class":"google_podcasts","icon":"google-podcasts.png"},"listen_notes":{"key":"listen_notes","url":"","label":"Listen Notes","class":"listen_notes","icon":"listen-notes.png"},"pandora":{"key":"pandora","url":"","label":"Pandora","class":"pandora","icon":"pandora.png"},"podbean":{"key":"podbean","url":"","label":"Podbean","class":"podbean","icon":"podbean.png"},"podcast_republic":{"key":"podcast_republic","url":"","label":"Podcast Republic","class":"podcast_republic","icon":"podcast-republic.png"},"rss":{"key":"rss","url":"","label":"RSS","class":"rss","icon":"rss.png"},"spotify":{"key":"spotify","url":"","label":"Spotify","class":"spotify","icon":"spotify.png"},"stitcher":{"key":"stitcher","url":"","label":"Stitcher","class":"stitcher","icon":"stitcher.png"},"tunein":{"key":"tunein","url":"","label":"TuneIn","class":"tunein","icon":"tunein.png"},"youtube":{"key":"youtube","url":"","label":"YouTube","class":"youtube","icon":"youtube.png"},"iheartradio":{"key":"iheartradio","url":"","label":"iHeartRadio","class":"iheartradio","icon":"iheartradio.png"},"ivoox":{"key":"ivoox","url":"","label":"iVoox","class":"ivoox","icon":"ivoox.png"}},"rssFeedUrl":"https:\/\/quechilero.com\/blog\/feed\/podcast\/si-la-vida-nos-da-limones","embedCode":"<blockquote class=\"wp-embedded-content\" data-secret=\"eSGGWy09Ud\"><a href=\"https:\/\/quechilero.com\/blog\/2012\/02\/09\/efecto-coriolis\/\">Efecto Coriolis<\/a><\/blockquote><iframe sandbox=\"allow-scripts\" security=\"restricted\" src=\"https:\/\/quechilero.com\/blog\/2012\/02\/09\/efecto-coriolis\/embed\/#?secret=eSGGWy09Ud\" width=\"500\" height=\"350\" title=\"\u00abEfecto Coriolis\u00bb \u2014 Si la Vida nos da Limones...\" data-secret=\"eSGGWy09Ud\" frameborder=\"0\" marginwidth=\"0\" marginheight=\"0\" scrolling=\"no\" class=\"wp-embedded-content\"><\/iframe><script>\n\/*! This file is auto-generated *\/\n!function(d,l){\"use strict\";l.querySelector&&d.addEventListener&&\"undefined\"!=typeof URL&&(d.wp=d.wp||{},d.wp.receiveEmbedMessage||(d.wp.receiveEmbedMessage=function(e){var t=e.data;if((t||t.secret||t.message||t.value)&&!\/[^a-zA-Z0-9]\/.test(t.secret)){for(var s,r,n,a=l.querySelectorAll('iframe[data-secret=\"'+t.secret+'\"]'),o=l.querySelectorAll('blockquote[data-secret=\"'+t.secret+'\"]'),c=new RegExp(\"^https?:$\",\"i\"),i=0;i<o.length;i++)o[i].style.display=\"none\";for(i=0;i<a.length;i++)s=a[i],e.source===s.contentWindow&&(s.removeAttribute(\"style\"),\"height\"===t.message?(1e3<(r=parseInt(t.value,10))?r=1e3:~~r<200&&(r=200),s.height=r):\"link\"===t.message&&(r=new URL(s.getAttribute(\"src\")),n=new URL(t.value),c.test(n.protocol))&&n.host===r.host&&l.activeElement===s&&(d.top.location.href=t.value))}},d.addEventListener(\"message\",d.wp.receiveEmbedMessage,!1),l.addEventListener(\"DOMContentLoaded\",function(){for(var e,t,s=l.querySelectorAll(\"iframe.wp-embedded-content\"),r=0;r<s.length;r++)(t=(e=s[r]).getAttribute(\"data-secret\"))||(t=Math.random().toString(36).substring(2,12),e.src+=\"#?secret=\"+t,e.setAttribute(\"data-secret\",t)),e.contentWindow.postMessage({message:\"ready\",secret:t},\"*\")},!1)))}(window,document);\n\/\/# sourceURL=https:\/\/quechilero.com\/blog\/wp-includes\/js\/wp-embed.min.js\n<\/script>\n"},"jetpack_publicize_connections":[],"jetpack_shortlink":"https:\/\/wp.me\/pDKli-3cY","jetpack_sharing_enabled":true,"jetpack-related-posts":[{"id":14872,"url":"https:\/\/quechilero.com\/blog\/2012\/10\/19\/un-dia-gris\/","url_meta":{"origin":12336,"position":0},"title":"Un d\u00eda gris","author":"Pepe Barrascout Ortiz","date":"19 octubre 2012","format":false,"excerpt":"https:\/\/youtu.be\/tdLLje6I-zs En un clima tropical, como el de lacosta sur de Guatemala, es com\u00fan que todos los d\u00edas, se sienta calor y que por momentos se haga insoportable. No hay duda que el calentamiento global, afecta primero y con mayor fuerza a los pa\u00edses mas cercanos a la l\u00ednea del\u2026","rel":"","context":"En \u00abLimones\u00bb","block_context":{"text":"Limones","link":"https:\/\/quechilero.com\/blog\/category\/limones\/"},"img":{"alt_text":"","src":"https:\/\/i0.wp.com\/img.youtube.com\/vi\/tdLLje6I-zs\/0.jpg?resize=350%2C200","width":350,"height":200},"classes":[]},{"id":4763,"url":"https:\/\/quechilero.com\/blog\/2010\/04\/22\/calentadores-caseros-de-agua-con-energia-solar\/","url_meta":{"origin":12336,"position":1},"title":"Calentadores caseros de agua, con energ\u00eda solar","author":"Pepe Barrascout Ortiz","date":"22 abril 2010","format":false,"excerpt":"El 22 de abril de 1970, se hizo la primera manifestaci\u00f3n a favor de la tierra, con el fin de crear actividades de concientizaci\u00f3n, para ayudar a la conservaci\u00f3n de los recursos naturales. Una de estas iniciativas, es la referente al uso de la energ\u00eda solar, para calentar el agua\u2026","rel":"","context":"En \u00abLimones\u00bb","block_context":{"text":"Limones","link":"https:\/\/quechilero.com\/blog\/category\/limones\/"},"img":{"alt_text":"","src":"","width":0,"height":0},"classes":[]},{"id":16582,"url":"https:\/\/quechilero.com\/blog\/2013\/04\/09\/videoblog-calor-lluvia-pamaxan-y-su-mal-servicio-episodio-005\/","url_meta":{"origin":12336,"position":2},"title":"VideoBlog: Calor, lluvia, Pamaxan y su mal servicio. Episodio 005","author":"Pepe Barrascout Ortiz","date":"9 abril 2013","format":false,"excerpt":"https:\/\/youtu.be\/ypWQsE6Srew VideoBlog:\u00a0Calor, lluvia, Pamaxan y su mal servicio El clima caracter\u00edstico de la\u00a0costa sur es la lluvia que en cualquier momento puede aparecer, no siempre ni necesariamente se respetan las temporadas y estaciones clim\u00e1ticas por todos conocidas. La topograf\u00eda propia de la regi\u00f3n, y su ubicaci\u00f3n cerca de la l\u00ednea\u2026","rel":"","context":"En \u00abVideoBlog\u00bb","block_context":{"text":"VideoBlog","link":"https:\/\/quechilero.com\/blog\/category\/videoblog\/"},"img":{"alt_text":"","src":"https:\/\/i0.wp.com\/img.youtube.com\/vi\/ypWQsE6Srew\/0.jpg?resize=350%2C200","width":350,"height":200},"classes":[]},{"id":5094,"url":"https:\/\/quechilero.com\/blog\/2010\/07\/15\/de-quien-aprender\/","url_meta":{"origin":12336,"position":3},"title":"\u00bfDe qui\u00e9n aprender?","author":"Pepe Barrascout Ortiz","date":"15 julio 2010","format":false,"excerpt":"- \"Padre: \u00bfDe qui\u00e9n debo aprender?\" - \"Aprende del agua...\" - \"\u00bfPor qu\u00e9?\" - \"Porque el agua es humilde y generosa con cualquiera. Aprende del agua que toma la forma de lo que la abriga: en el mar es ancha, angosta y r\u00e1pida en el ri\u00f3, apretada en la copa;\u2026","rel":"","context":"En \u00abLimones\u00bb","block_context":{"text":"Limones","link":"https:\/\/quechilero.com\/blog\/category\/limones\/"},"img":{"alt_text":"","src":"","width":0,"height":0},"classes":[]},{"id":4568,"url":"https:\/\/quechilero.com\/blog\/2010\/04\/21\/guatemala-2\/","url_meta":{"origin":12336,"position":4},"title":"Guatemala","author":"Pepe Barrascout Ortiz","date":"21 abril 2010","format":false,"excerpt":"Iv\u00e1n Castro, es un reconocido fot\u00f3grafo contempor\u00e1neo y que en los \u00faltimos a\u00f1os ha destacado grandemente, adem\u00e1s, es el creador del grupo Flickr Guatemala, donde comparte muchas de sus maravillosas fotograf\u00edas. Dentro de sus \u00faltimos trabajos, se encuentra la producci\u00f3n de un material en fotograf\u00eda y video, para uno de\u2026","rel":"","context":"En \u00abLimones\u00bb","block_context":{"text":"Limones","link":"https:\/\/quechilero.com\/blog\/category\/limones\/"},"img":{"alt_text":"","src":"","width":0,"height":0},"classes":[]},{"id":31847,"url":"https:\/\/quechilero.com\/blog\/2023\/07\/28\/sin-agua-en-el-gimnasio-una-vez-mas\/","url_meta":{"origin":12336,"position":5},"title":"Sin agua en el gimnasio, una vez m\u00e1s","author":"Pepe Barrascout Ortiz","date":"28 julio 2023","format":false,"excerpt":"Hay costumbres buenas y malas costumbres.\u00a0Ya se est\u00e1 volviendo algo recurrente en el gimnasio que no haya agua y pues s\u00e1lvense quien pueda, b\u00e1sicamente esa es la soluci\u00f3n que dan al ya tan cotidiano problema de la falta de agua. Lo que en un principio marcaba una gran diferencia, con\u2026","rel":"","context":"En \u00abDaily Gym\u00bb","block_context":{"text":"Daily Gym","link":"https:\/\/quechilero.com\/blog\/category\/podcast\/daily-gym\/"},"img":{"alt_text":"Daily Gym Podcast","src":"https:\/\/i0.wp.com\/quechilero.com\/blog\/imagenes\/DailyGym.jpg?fit=1200%2C675&ssl=1&resize=350%2C200","width":350,"height":200,"srcset":"https:\/\/i0.wp.com\/quechilero.com\/blog\/imagenes\/DailyGym.jpg?fit=1200%2C675&ssl=1&resize=350%2C200 1x, https:\/\/i0.wp.com\/quechilero.com\/blog\/imagenes\/DailyGym.jpg?fit=1200%2C675&ssl=1&resize=525%2C300 1.5x, https:\/\/i0.wp.com\/quechilero.com\/blog\/imagenes\/DailyGym.jpg?fit=1200%2C675&ssl=1&resize=700%2C400 2x, https:\/\/i0.wp.com\/quechilero.com\/blog\/imagenes\/DailyGym.jpg?fit=1200%2C675&ssl=1&resize=1050%2C600 3x"},"classes":[]}],"jetpack_featured_media_url":"","_links":{"self":[{"href":"https:\/\/quechilero.com\/blog\/wp-json\/wp\/v2\/posts\/12336","targetHints":{"allow":["GET"]}}],"collection":[{"href":"https:\/\/quechilero.com\/blog\/wp-json\/wp\/v2\/posts"}],"about":[{"href":"https:\/\/quechilero.com\/blog\/wp-json\/wp\/v2\/types\/post"}],"author":[{"embeddable":true,"href":"https:\/\/quechilero.com\/blog\/wp-json\/wp\/v2\/users\/1"}],"replies":[{"embeddable":true,"href":"https:\/\/quechilero.com\/blog\/wp-json\/wp\/v2\/comments?post=12336"}],"version-history":[{"count":0,"href":"https:\/\/quechilero.com\/blog\/wp-json\/wp\/v2\/posts\/12336\/revisions"}],"wp:attachment":[{"href":"https:\/\/quechilero.com\/blog\/wp-json\/wp\/v2\/media?parent=12336"}],"wp:term":[{"taxonomy":"category","embeddable":true,"href":"https:\/\/quechilero.com\/blog\/wp-json\/wp\/v2\/categories?post=12336"},{"taxonomy":"post_tag","embeddable":true,"href":"https:\/\/quechilero.com\/blog\/wp-json\/wp\/v2\/tags?post=12336"},{"taxonomy":"series","embeddable":true,"href":"https:\/\/quechilero.com\/blog\/wp-json\/wp\/v2\/series?post=12336"}],"curies":[{"name":"wp","href":"https:\/\/api.w.org\/{rel}","templated":true}]}}