{"id":1232,"date":"2008-08-13T12:00:09","date_gmt":"2008-08-13T18:00:09","guid":{"rendered":"http:\/\/quechilero.com\/blog\/?p=1232"},"modified":"2008-08-13T12:00:09","modified_gmt":"2008-08-13T18:00:09","slug":"guatemalan-beauty","status":"publish","type":"post","link":"https:\/\/quechilero.com\/blog\/2008\/08\/13\/guatemalan-beauty\/","title":{"rendered":"Marat\u00f3n &#8211; Guatemalan Beauty"},"content":{"rendered":"<figure style=\"width: 340px\" class=\"wp-caption alignleft\"><a href=\"http:\/\/img145.imageshack.us\/my.php?image=maratonew3.jpg\" target=\"_blank\"><img data-recalc-dims=\"1\" loading=\"lazy\" decoding=\"async\" style=\"margin-right: 5px;\" title=\"Marat\u00f3n de Blogs\" src=\"https:\/\/i0.wp.com\/img145.imageshack.us\/img145\/6750\/maratonew3.jpg?resize=350%2C352\" alt=\"Belleza Guatemalateca\" width=\"350\" height=\"352\" \/><\/a><figcaption class=\"wp-caption-text\">Belleza Guatemalteca<\/figcaption><\/figure>\n<p><em>La far\u00e1ndula<\/em> es un tema que apasiona a las personas, seguir de cerca lo que hacen los <em>famosos<\/em>, tiene su encanto.<\/p>\n<p>Ahora cuando esta <em>far\u00e1ndula<\/em> se refiere a la <em>guatemalteca<\/em>, el atractivo tiene un ingrediente adicional que lo hace mas atractivo.<\/p>\n<p><a title=\"Marat\u00f3n de Blogs\" href=\"http:\/\/guatemalanbeauty.wordpress.com\/\" target=\"_blank\"><strong>Guatemalan Beauty<\/strong><\/a>, es un blog dedicado a la <em>far\u00e1ndula guatemalteca<\/em> con noticias, chismes, entrevistas y notas de todo tipo.<\/p>\n<p><strong>Karla Hufford<\/strong> que adem\u00e1s de la fotograf\u00eda profesional, tambi\u00e9n hace maquillaje y estilismo de alto nivel.<\/p>\n<p>En <a title=\"Marat\u00f3n de Blogs\" href=\"http:\/\/guatemalanbeauty.wordpress.com\/\" target=\"_blank\"><strong>Guatemalan Beauty<\/strong><\/a> se puede encontrar desde un <strong>proyecto para Miss Guatemala 2009<\/strong>, hasta extensos art\u00edculos sobre <strong>maquillaje profesional<\/strong>, con innumerables tips sobre <em>color, forma, textura, piel, cuidados<\/em> y todo lo que tiene relaci\u00f3n con el <em>arte del embellecimiento<\/em>.<\/p>\n<p><a title=\"Marat\u00f3n de Blogs\" href=\"http:\/\/guatemalanbeauty.wordpress.com\/\" target=\"_blank\"><strong>Guatemalan Beauty<\/strong><\/a> seguro llena todas las espectativas y las supera, de quienes se dedican en forma profesional al maquillaje y es que no solo es de utilidad para el profesional, sino que tambi\u00e9n cubre de buena manera, las necesidades de las personas que normalmente se maquillan.<\/p>\n<p>Las mujeres especialmente, encontrar\u00e1n en <a title=\"Marat\u00f3n de Blogs\" href=\"http:\/\/guatemalanbeauty.wordpress.com\/\" target=\"_blank\"><strong>Guatemalan Beauty<\/strong><\/a> una herramienta maravillosa con muchas t\u00e9cnicas de belleza, las cuales estar\u00e1n ansiosas de aplicar.<\/p>\n<p>Adem\u00e1s de <em>maquillaje<\/em> en <a title=\"Marat\u00f3n de Blogs\" href=\"http:\/\/guatemalanbeauty.wordpress.com\/\" target=\"_blank\"><strong>Guatemalan Beauty<\/strong><\/a> tambi\u00e9n se puede encontrar <em>el uso de accesorios, arreglo de el cabello, concursos de belleza, deportes, entrevistas, moda, Miss Guatemala, Miss Universo, modelos femeninas, modelos masculinos, opininones, noticias, chismes,<\/em> hasta el mas exigente queda satisfecho con el contenido del blog.<\/p>\n<p><strong>Me gusta mucho<\/strong> la forma tan extensa en la que se desarrollan los art\u00edculos, sumamente detallados y largos, donde se tocan todos los detalles del tema, no dando lugar a la ambig\u00fcedad, sino que al contrario, son una fuente de aprendizaje tan importante que es de un valor incalculable, para quien desee profundizar sobre los temas.<\/p>\n<p>Los invito a leer <a title=\"Marat\u00f3n de Blogs\" href=\"http:\/\/guatemalanbeauty.wordpress.com\/\" target=\"_blank\"><strong>Guatemalan Beauty<\/strong><\/a> y agregarlo a sus favoritos, <em>hay mucho por aprender<\/em>.<\/p>\n<p>Lee m\u00e1s rese\u00f1as de la <a title=\"Marat\u00f3n de Blogs\" href=\"http:\/\/quechilero.com\/blog\/2008\/07\/31\/maraton-de-blogs-2008\/\"><strong><\/strong><\/a><strong><a title=\"Marat\u00f3n de Blogs\" href=\"http:\/\/quechilero.com\/blog\/2008\/07\/31\/maraton-de-blogs-2008\/\">Marat\u00f3n de Blogs 2008<\/a><\/strong><\/p>\n<p>Actualmente en\u00a0<a title=\"Marat\u00f3n de Blogs\" href=\"http:\/\/guatemalanbeauty.wordpress.com\/\" target=\"_blank\"><strong>Guatemalan Beauty<\/strong><\/a><strong> <\/strong>puedes leer sobre:<\/p>\n<p><a href=\"http:\/\/img369.imageshack.us\/my.php?image=palabrassj0.jpg\"><img data-recalc-dims=\"1\" loading=\"lazy\" decoding=\"async\" class=\"alignnone\" src=\"https:\/\/i0.wp.com\/img369.imageshack.us\/img369\/3294\/palabrassj0.jpg?resize=584%2C349\" alt=\"\" width=\"584\" height=\"349\" \/><\/a><\/p>\n","protected":false},"excerpt":{"rendered":"<p>La far\u00e1ndula es un tema que apasiona a las personas, seguir de cerca lo que hacen los famosos, tiene su encanto. Ahora cuando esta far\u00e1ndula se refiere a la guatemalteca, el atractivo tiene un ingrediente adicional que lo hace mas atractivo. Guatemalan Beauty, es un blog dedicado a la far\u00e1ndula guatemalteca con noticias, chismes, entrevistas &#8230; <a title=\"Marat\u00f3n &#8211; Guatemalan Beauty\" class=\"read-more\" href=\"https:\/\/quechilero.com\/blog\/2008\/08\/13\/guatemalan-beauty\/\" aria-label=\"Leer m\u00e1s sobre Marat\u00f3n &#8211; Guatemalan Beauty\">Leer m\u00e1s<\/a><\/p>\n","protected":false},"author":1,"featured_media":0,"comment_status":"open","ping_status":"open","sticky":false,"template":"","format":"standard","meta":{"advanced_seo_description":"","jetpack_seo_html_title":"","jetpack_seo_noindex":false,"jetpack_seo_schema_type":"","episode_type":"","audio_file":"","podmotor_file_id":"","podmotor_episode_id":"","cover_image":"","cover_image_id":"","duration":"","filesize":"","filesize_raw":"","date_recorded":"","explicit":"","block":"","_jetpack_newsletter_access":"","_jetpack_dont_email_post_to_subs":false,"_jetpack_newsletter_tier_id":0,"_jetpack_memberships_contains_paywalled_content":false,"_jetpack_feature_clip_id":0,"_jetpack_memberships_contains_paid_content":false,"footnotes":"","jetpack_publicize_message":"","jetpack_publicize_feature_enabled":true,"jetpack_social_post_already_shared":false,"jetpack_social_options":{"image_generator_settings":{"template":"highway","default_image_id":0,"font":"","enabled":false},"version":2},"jetpack_post_was_ever_published":false},"categories":[61],"tags":[29,4,32,8,10,62,20,42,43,6],"series":[],"class_list":["post-1232","post","type-post","status-publish","format-standard","hentry","category-blogs-de-guatemala","tag-aprender","tag-blog","tag-especial","tag-fotografia","tag-guatemala","tag-maraton","tag-mujer","tag-palabra","tag-proyecto","tag-wordpress"],"episode_featured_image":false,"episode_player_image":"https:\/\/i0.wp.com\/quechilero.com\/blog\/imagenes\/podcast.png?fit=1831%2C1831&ssl=1","download_link":"","player_link":"","audio_player":false,"episode_data":{"playerMode":"dark","subscribeUrls":{"amazon":{"key":"amazon","url":"","label":"Amazon","class":"amazon","icon":"amazon.png"},"apple_podcasts":{"key":"apple_podcasts","url":"","label":"Apple Podcasts","class":"apple_podcasts","icon":"apple-podcasts.png"},"castbox":{"key":"castbox","url":"","label":"CastBox","class":"castbox","icon":"castbox.png"},"deezer":{"key":"deezer","url":"","label":"Deezer","class":"deezer","icon":"deezer.png"},"google_podcasts":{"key":"google_podcasts","url":"","label":"Google Podcasts","class":"google_podcasts","icon":"google-podcasts.png"},"listen_notes":{"key":"listen_notes","url":"","label":"Listen Notes","class":"listen_notes","icon":"listen-notes.png"},"pandora":{"key":"pandora","url":"","label":"Pandora","class":"pandora","icon":"pandora.png"},"podbean":{"key":"podbean","url":"","label":"Podbean","class":"podbean","icon":"podbean.png"},"podcast_republic":{"key":"podcast_republic","url":"","label":"Podcast Republic","class":"podcast_republic","icon":"podcast-republic.png"},"rss":{"key":"rss","url":"","label":"RSS","class":"rss","icon":"rss.png"},"spotify":{"key":"spotify","url":"","label":"Spotify","class":"spotify","icon":"spotify.png"},"stitcher":{"key":"stitcher","url":"","label":"Stitcher","class":"stitcher","icon":"stitcher.png"},"tunein":{"key":"tunein","url":"","label":"TuneIn","class":"tunein","icon":"tunein.png"},"youtube":{"key":"youtube","url":"","label":"YouTube","class":"youtube","icon":"youtube.png"},"iheartradio":{"key":"iheartradio","url":"","label":"iHeartRadio","class":"iheartradio","icon":"iheartradio.png"},"ivoox":{"key":"ivoox","url":"","label":"iVoox","class":"ivoox","icon":"ivoox.png"}},"rssFeedUrl":"https:\/\/quechilero.com\/blog\/feed\/podcast\/si-la-vida-nos-da-limones","embedCode":"<blockquote class=\"wp-embedded-content\" data-secret=\"aG6mBrFFbK\"><a href=\"https:\/\/quechilero.com\/blog\/2008\/08\/13\/guatemalan-beauty\/\">Marat\u00f3n &#8211; Guatemalan Beauty<\/a><\/blockquote><iframe sandbox=\"allow-scripts\" security=\"restricted\" src=\"https:\/\/quechilero.com\/blog\/2008\/08\/13\/guatemalan-beauty\/embed\/#?secret=aG6mBrFFbK\" width=\"500\" height=\"350\" title=\"\u00abMarat\u00f3n &#8211; Guatemalan Beauty\u00bb \u2014 Si la Vida nos da Limones...\" data-secret=\"aG6mBrFFbK\" frameborder=\"0\" marginwidth=\"0\" marginheight=\"0\" scrolling=\"no\" class=\"wp-embedded-content\"><\/iframe><script>\n\/*! This file is auto-generated *\/\n!function(d,l){\"use strict\";l.querySelector&&d.addEventListener&&\"undefined\"!=typeof URL&&(d.wp=d.wp||{},d.wp.receiveEmbedMessage||(d.wp.receiveEmbedMessage=function(e){var t=e.data;if((t||t.secret||t.message||t.value)&&!\/[^a-zA-Z0-9]\/.test(t.secret)){for(var s,r,n,a=l.querySelectorAll('iframe[data-secret=\"'+t.secret+'\"]'),o=l.querySelectorAll('blockquote[data-secret=\"'+t.secret+'\"]'),c=new RegExp(\"^https?:$\",\"i\"),i=0;i<o.length;i++)o[i].style.display=\"none\";for(i=0;i<a.length;i++)s=a[i],e.source===s.contentWindow&&(s.removeAttribute(\"style\"),\"height\"===t.message?(1e3<(r=parseInt(t.value,10))?r=1e3:~~r<200&&(r=200),s.height=r):\"link\"===t.message&&(r=new URL(s.getAttribute(\"src\")),n=new URL(t.value),c.test(n.protocol))&&n.host===r.host&&l.activeElement===s&&(d.top.location.href=t.value))}},d.addEventListener(\"message\",d.wp.receiveEmbedMessage,!1),l.addEventListener(\"DOMContentLoaded\",function(){for(var e,t,s=l.querySelectorAll(\"iframe.wp-embedded-content\"),r=0;r<s.length;r++)(t=(e=s[r]).getAttribute(\"data-secret\"))||(t=Math.random().toString(36).substring(2,12),e.src+=\"#?secret=\"+t,e.setAttribute(\"data-secret\",t)),e.contentWindow.postMessage({message:\"ready\",secret:t},\"*\")},!1)))}(window,document);\n\/\/# sourceURL=https:\/\/quechilero.com\/blog\/wp-includes\/js\/wp-embed.min.js\n<\/script>\n"},"jetpack_publicize_connections":[],"jetpack_shortlink":"https:\/\/wp.me\/pDKli-jS","jetpack_sharing_enabled":true,"jetpack-related-posts":[{"id":3217,"url":"https:\/\/quechilero.com\/blog\/2009\/08\/01\/maraton-de-blogs-recapitulando\/","url_meta":{"origin":1232,"position":0},"title":"Marat\u00f3n de Blogs: Recapitulando","author":"Pepe Barrascout Ortiz","date":"1 agosto 2009","format":false,"excerpt":"Ha pasado un a\u00f1o, desde del anterior Marat\u00f3n de Blogs y han sido muchos los Blogs de Guatemala que se han ido sumando, en parte por la relativa facilidad de acceso a internet, que hay en nuestro pa\u00eds, aunque a\u00fan estamos muy lejos, de lo que realmente deber\u00edamos de estar\u2026","rel":"","context":"En \u00abBlogs de Guatemala\u00bb","block_context":{"text":"Blogs de Guatemala","link":"https:\/\/quechilero.com\/blog\/category\/blogs-de-guatemala\/"},"img":{"alt_text":"","src":"","width":0,"height":0},"classes":[]},{"id":617,"url":"https:\/\/quechilero.com\/blog\/2007\/07\/31\/maraton-de-blogs-de-guatemala\/","url_meta":{"origin":1232,"position":1},"title":"Marat\u00f3n de Blogs de Guatemala","author":"Pepe Barrascout Ortiz","date":"31 julio 2007","format":false,"excerpt":"Hace un a\u00f1o aproximadamente, Oscar (DesdeGuate) organiz\u00f3 una Marat\u00f3n de Blogs Guatemaltecos, cuyo objetivo fue el dar a conocer a otros Blogs de Guatemala, impulsar su desarrollo y creaci\u00f3n de nuevos blogs. En esa oportunidad, uno de mis textos \"Ping Pong Matrix\" fue parte de ese marat\u00f3n, cuando mi blog\u2026","rel":"","context":"En \u00abLimones\u00bb","block_context":{"text":"Limones","link":"https:\/\/quechilero.com\/blog\/category\/limones\/"},"img":{"alt_text":"","src":"","width":0,"height":0},"classes":[]},{"id":658,"url":"https:\/\/quechilero.com\/blog\/2007\/08\/19\/maraton-de-blogs-identidad-del-guatemalteco\/","url_meta":{"origin":1232,"position":2},"title":"Marat\u00f3n de Blogs &#8211; Identidad del Guatemalteco","author":"Pepe Barrascout Ortiz","date":"19 agosto 2007","format":false,"excerpt":"Seguimos el Marat\u00f3n de Blogs, con este texto publicado originalmente en el Blog de Jorge Stuff, el art\u00edculo presenta un video en el cual varias personas dan datos que nos acercan a los diversos rasgos de una identidad guatemalteca. \u00bfCon cual te identificas?, \u00bfComo te consideras?, \u00bfHay mas ventajas o\u2026","rel":"","context":"En \u00abLimones\u00bb","block_context":{"text":"Limones","link":"https:\/\/quechilero.com\/blog\/category\/limones\/"},"img":{"alt_text":"","src":"","width":0,"height":0},"classes":[]},{"id":1219,"url":"https:\/\/quechilero.com\/blog\/2008\/08\/05\/el-chiltepe\/","url_meta":{"origin":1232,"position":3},"title":"Marat\u00f3n &#8211; El Chiltepe","author":"Pepe Barrascout Ortiz","date":"5 agosto 2008","format":false,"excerpt":"En palabras de Alejandra, \"El Chiltepe es un blog que trata de promocionar artistas latinos y hasta el momento han habido muchos sobresalientes guatemaltecos...seria bueno que mas gente lo viera y conociera el talento chapin.\" Actualmente vive en New York, pero a Guatemala la lleva en su alma, tanto as\u00ed\u2026","rel":"","context":"En \u00abBlogs de Guatemala\u00bb","block_context":{"text":"Blogs de Guatemala","link":"https:\/\/quechilero.com\/blog\/category\/blogs-de-guatemala\/"},"img":{"alt_text":"El Chiltepe","src":"https:\/\/i0.wp.com\/img112.imageshack.us\/img112\/2295\/maratonhe4.jpg?resize=350%2C200","width":350,"height":200},"classes":[]},{"id":3239,"url":"https:\/\/quechilero.com\/blog\/2009\/08\/07\/maraton-de-blogs-te-prometo-anarquia\/","url_meta":{"origin":1232,"position":4},"title":"Marat\u00f3n de Blogs: Te Prometo Anarqu\u00eda","author":"Pepe Barrascout Ortiz","date":"7 agosto 2009","format":false,"excerpt":"Es que no es f\u00e1cil entender la anarqu\u00eda, \u00bfporqu\u00e9 pasa?, \u00bfa que se debe?, \u00bfquien la origina?, \u00bfquien la sufre?. \u00bfEs un desorden ordenado, o quiz\u00e1 un orden desordenado?. Nada es verdad y nada es mentira, todo depende del tama\u00f1o del monitor en el que se mira. No hay nada\u2026","rel":"","context":"En \u00abBlogs de Guatemala\u00bb","block_context":{"text":"Blogs de Guatemala","link":"https:\/\/quechilero.com\/blog\/category\/blogs-de-guatemala\/"},"img":{"alt_text":"Marat\u00f3n de Blogs 2009","src":"https:\/\/i0.wp.com\/i392.photobucket.com\/albums\/pp7\/pepejaguar\/maraton2009\/maraton2009.jpg?resize=350%2C200","width":350,"height":200,"srcset":"https:\/\/i0.wp.com\/i392.photobucket.com\/albums\/pp7\/pepejaguar\/maraton2009\/maraton2009.jpg?resize=350%2C200 1x, https:\/\/i0.wp.com\/i392.photobucket.com\/albums\/pp7\/pepejaguar\/maraton2009\/maraton2009.jpg?resize=525%2C300 1.5x"},"classes":[]},{"id":132,"url":"https:\/\/quechilero.com\/blog\/2006\/08\/09\/maraton-de-blogs\/","url_meta":{"origin":1232,"position":5},"title":"Marat\u00f3n de Blogs","author":"Pepe Barrascout Ortiz","date":"9 agosto 2006","format":false,"excerpt":"Durante la semana anterior, Desdeguate organiz\u00f3 un marat\u00f3n de blogs chapines y se cont\u00f3 con la participaci\u00f3n de varios posts de algunos blogs de manufactura guatemalteca, es decir hecho por chapines, aunque no necesariamente ellos se encuentren f\u00edsicamente en el pa\u00eds. Esta iniciativa me pareci\u00f3 muy interesante, tomando en cuenta\u2026","rel":"","context":"En \u00abLimones\u00bb","block_context":{"text":"Limones","link":"https:\/\/quechilero.com\/blog\/category\/limones\/"},"img":{"alt_text":"Blogs Chapines","src":"https:\/\/i0.wp.com\/static.flickr.com\/59\/202075787_c177d7fc9f_o.gif?resize=350%2C200","width":350,"height":200},"classes":[]}],"jetpack_featured_media_url":"","_links":{"self":[{"href":"https:\/\/quechilero.com\/blog\/wp-json\/wp\/v2\/posts\/1232","targetHints":{"allow":["GET"]}}],"collection":[{"href":"https:\/\/quechilero.com\/blog\/wp-json\/wp\/v2\/posts"}],"about":[{"href":"https:\/\/quechilero.com\/blog\/wp-json\/wp\/v2\/types\/post"}],"author":[{"embeddable":true,"href":"https:\/\/quechilero.com\/blog\/wp-json\/wp\/v2\/users\/1"}],"replies":[{"embeddable":true,"href":"https:\/\/quechilero.com\/blog\/wp-json\/wp\/v2\/comments?post=1232"}],"version-history":[{"count":0,"href":"https:\/\/quechilero.com\/blog\/wp-json\/wp\/v2\/posts\/1232\/revisions"}],"wp:attachment":[{"href":"https:\/\/quechilero.com\/blog\/wp-json\/wp\/v2\/media?parent=1232"}],"wp:term":[{"taxonomy":"category","embeddable":true,"href":"https:\/\/quechilero.com\/blog\/wp-json\/wp\/v2\/categories?post=1232"},{"taxonomy":"post_tag","embeddable":true,"href":"https:\/\/quechilero.com\/blog\/wp-json\/wp\/v2\/tags?post=1232"},{"taxonomy":"series","embeddable":true,"href":"https:\/\/quechilero.com\/blog\/wp-json\/wp\/v2\/series?post=1232"}],"curies":[{"name":"wp","href":"https:\/\/api.w.org\/{rel}","templated":true}]}}