{"id":12308,"date":"2012-02-11T08:00:12","date_gmt":"2012-02-11T14:00:12","guid":{"rendered":"http:\/\/quechilero.com\/blog\/?p=12308"},"modified":"2012-02-11T08:00:12","modified_gmt":"2012-02-11T14:00:12","slug":"todo-es-cuestion-de-perspectiva","status":"publish","type":"post","link":"https:\/\/quechilero.com\/blog\/2012\/02\/11\/todo-es-cuestion-de-perspectiva\/","title":{"rendered":"Todo es cuesti\u00f3n de perspectiva"},"content":{"rendered":"<p><span class=\"embed-youtube\" style=\"text-align:center; display: block;\"><iframe loading=\"lazy\" class=\"youtube-player\" width=\"1200\" height=\"675\" src=\"https:\/\/www.youtube.com\/embed\/uxgHwRti0uE?version=3&#038;rel=1&#038;showsearch=0&#038;showinfo=1&#038;iv_load_policy=1&#038;fs=1&#038;hl=es-ES&#038;autohide=2&#038;wmode=transparent\" allowfullscreen=\"true\" style=\"border:0;\" sandbox=\"allow-scripts allow-same-origin allow-popups allow-presentation allow-popups-to-escape-sandbox\"><\/iframe><\/span><\/p>\n<p>Lo dice el antiguo refr\u00e1n, <em>nada es verdad y nada es mentira, todo depende del cristal con que se mira<\/em>. Muchas veces, vemos lo que queremos ver, acomodando las cosas a nuestro favor o conveniencia. Esto muchas veces se hace de forma inconsciente, pero cuando se hace de forma predeterminada, es cuando se arruina todo.<\/p>\n<p>Es conveniente contar con <em>buenos amigos<\/em>, que nos digan cuando algo est\u00e1 mal y que nos apoyen cuando algo est\u00e1 bien. Contar con un punto de vista externo, nos ayuda a ampliar nuestro campo visual, que nos ayudar\u00e1 de manera sorprendente, a la hora de la toma de decisiones.<\/p>\n<p>Recordemos que una moneda siempre tiene dos lados y las historias, varios protagonistas. Que las decisiones que tomemos, sean basadas despu\u00e9s de haber tomado en cuenta, todos los puntos de vista y \u00e1ngulos posibles.<\/p>\n","protected":false},"excerpt":{"rendered":"<p>Lo dice el antiguo refr\u00e1n, nada es verdad y nada es mentira, todo depende del cristal con que se mira. Muchas veces, vemos lo que queremos ver, acomodando las cosas a nuestro favor o conveniencia. Esto muchas veces se hace de forma inconsciente, pero cuando se hace de forma predeterminada, es cuando se arruina todo. &#8230; <a title=\"Todo es cuesti\u00f3n de perspectiva\" class=\"read-more\" href=\"https:\/\/quechilero.com\/blog\/2012\/02\/11\/todo-es-cuestion-de-perspectiva\/\" aria-label=\"Leer m\u00e1s sobre Todo es cuesti\u00f3n de perspectiva\">Leer m\u00e1s<\/a><\/p>\n","protected":false},"author":1,"featured_media":0,"comment_status":"open","ping_status":"open","sticky":false,"template":"","format":"standard","meta":{"advanced_seo_description":"","jetpack_seo_html_title":"","jetpack_seo_noindex":false,"jetpack_seo_schema_type":"","episode_type":"","audio_file":"","podmotor_file_id":"","podmotor_episode_id":"","cover_image":"","cover_image_id":"","duration":"","filesize":"","filesize_raw":"","date_recorded":"","explicit":"","block":"","_jetpack_newsletter_access":"","_jetpack_dont_email_post_to_subs":false,"_jetpack_newsletter_tier_id":0,"_jetpack_memberships_contains_paywalled_content":false,"_jetpack_feature_clip_id":0,"_jetpack_memberships_contains_paid_content":false,"footnotes":"","jetpack_publicize_message":"","jetpack_publicize_feature_enabled":true,"jetpack_social_post_already_shared":false,"jetpack_social_options":{"image_generator_settings":{"template":"highway","default_image_id":0,"font":"","enabled":false},"version":2},"jetpack_post_was_ever_published":false},"categories":[2],"tags":[11,37,12,17,41,53],"series":[],"class_list":["post-12308","post","type-post","status-publish","format-standard","hentry","category-limones","tag-amigo","tag-ayuda","tag-cosas","tag-historia","tag-verdad","tag-youtube"],"episode_featured_image":false,"episode_player_image":"https:\/\/i0.wp.com\/quechilero.com\/blog\/imagenes\/podcast.png?fit=1831%2C1831&ssl=1","download_link":"","player_link":"","audio_player":false,"episode_data":{"playerMode":"dark","subscribeUrls":{"amazon":{"key":"amazon","url":"","label":"Amazon","class":"amazon","icon":"amazon.png"},"apple_podcasts":{"key":"apple_podcasts","url":"","label":"Apple Podcasts","class":"apple_podcasts","icon":"apple-podcasts.png"},"castbox":{"key":"castbox","url":"","label":"CastBox","class":"castbox","icon":"castbox.png"},"deezer":{"key":"deezer","url":"","label":"Deezer","class":"deezer","icon":"deezer.png"},"google_podcasts":{"key":"google_podcasts","url":"","label":"Google Podcasts","class":"google_podcasts","icon":"google-podcasts.png"},"listen_notes":{"key":"listen_notes","url":"","label":"Listen Notes","class":"listen_notes","icon":"listen-notes.png"},"pandora":{"key":"pandora","url":"","label":"Pandora","class":"pandora","icon":"pandora.png"},"podbean":{"key":"podbean","url":"","label":"Podbean","class":"podbean","icon":"podbean.png"},"podcast_republic":{"key":"podcast_republic","url":"","label":"Podcast Republic","class":"podcast_republic","icon":"podcast-republic.png"},"rss":{"key":"rss","url":"","label":"RSS","class":"rss","icon":"rss.png"},"spotify":{"key":"spotify","url":"","label":"Spotify","class":"spotify","icon":"spotify.png"},"stitcher":{"key":"stitcher","url":"","label":"Stitcher","class":"stitcher","icon":"stitcher.png"},"tunein":{"key":"tunein","url":"","label":"TuneIn","class":"tunein","icon":"tunein.png"},"youtube":{"key":"youtube","url":"","label":"YouTube","class":"youtube","icon":"youtube.png"},"iheartradio":{"key":"iheartradio","url":"","label":"iHeartRadio","class":"iheartradio","icon":"iheartradio.png"},"ivoox":{"key":"ivoox","url":"","label":"iVoox","class":"ivoox","icon":"ivoox.png"}},"rssFeedUrl":"https:\/\/quechilero.com\/blog\/feed\/podcast\/si-la-vida-nos-da-limones","embedCode":"<blockquote class=\"wp-embedded-content\" data-secret=\"dIgCNnyffn\"><a href=\"https:\/\/quechilero.com\/blog\/2012\/02\/11\/todo-es-cuestion-de-perspectiva\/\">Todo es cuesti\u00f3n de perspectiva<\/a><\/blockquote><iframe sandbox=\"allow-scripts\" security=\"restricted\" src=\"https:\/\/quechilero.com\/blog\/2012\/02\/11\/todo-es-cuestion-de-perspectiva\/embed\/#?secret=dIgCNnyffn\" width=\"500\" height=\"350\" title=\"\u00abTodo es cuesti\u00f3n de perspectiva\u00bb \u2014 Si la Vida nos da Limones...\" data-secret=\"dIgCNnyffn\" frameborder=\"0\" marginwidth=\"0\" marginheight=\"0\" scrolling=\"no\" class=\"wp-embedded-content\"><\/iframe><script>\n\/*! This file is auto-generated *\/\n!function(d,l){\"use strict\";l.querySelector&&d.addEventListener&&\"undefined\"!=typeof URL&&(d.wp=d.wp||{},d.wp.receiveEmbedMessage||(d.wp.receiveEmbedMessage=function(e){var t=e.data;if((t||t.secret||t.message||t.value)&&!\/[^a-zA-Z0-9]\/.test(t.secret)){for(var s,r,n,a=l.querySelectorAll('iframe[data-secret=\"'+t.secret+'\"]'),o=l.querySelectorAll('blockquote[data-secret=\"'+t.secret+'\"]'),c=new RegExp(\"^https?:$\",\"i\"),i=0;i<o.length;i++)o[i].style.display=\"none\";for(i=0;i<a.length;i++)s=a[i],e.source===s.contentWindow&&(s.removeAttribute(\"style\"),\"height\"===t.message?(1e3<(r=parseInt(t.value,10))?r=1e3:~~r<200&&(r=200),s.height=r):\"link\"===t.message&&(r=new URL(s.getAttribute(\"src\")),n=new URL(t.value),c.test(n.protocol))&&n.host===r.host&&l.activeElement===s&&(d.top.location.href=t.value))}},d.addEventListener(\"message\",d.wp.receiveEmbedMessage,!1),l.addEventListener(\"DOMContentLoaded\",function(){for(var e,t,s=l.querySelectorAll(\"iframe.wp-embedded-content\"),r=0;r<s.length;r++)(t=(e=s[r]).getAttribute(\"data-secret\"))||(t=Math.random().toString(36).substring(2,12),e.src+=\"#?secret=\"+t,e.setAttribute(\"data-secret\",t)),e.contentWindow.postMessage({message:\"ready\",secret:t},\"*\")},!1)))}(window,document);\n\/\/# sourceURL=https:\/\/quechilero.com\/blog\/wp-includes\/js\/wp-embed.min.js\n<\/script>\n"},"jetpack_publicize_connections":[],"jetpack_shortlink":"https:\/\/wp.me\/pDKli-3cw","jetpack_sharing_enabled":true,"jetpack-related-posts":[{"id":8774,"url":"https:\/\/quechilero.com\/blog\/2011\/11\/02\/ilusiones-opticas-animadas\/","url_meta":{"origin":12308,"position":0},"title":"Ilusiones \u00f3pticas animadas","author":"Pepe Barrascout Ortiz","date":"2 noviembre 2011","format":false,"excerpt":"Nada es verdad y nada es mentira, todo depende del color del cristal en que se mira. Aunque confiamos grandemente en nuestros sentidos y pr\u00e1cticamente, muchas nuestras decisiones, las tomamos basados en la informaci\u00f3n que nos proporcionan, no podemos negar tampoco que hay un cierto margen de error. Y que\u2026","rel":"","context":"En \u00abLimones\u00bb","block_context":{"text":"Limones","link":"https:\/\/quechilero.com\/blog\/category\/limones\/"},"img":{"alt_text":"","src":"https:\/\/i0.wp.com\/img.youtube.com\/vi\/lvvcRdwNhGM\/0.jpg?resize=350%2C200","width":350,"height":200},"classes":[]},{"id":31658,"url":"https:\/\/quechilero.com\/blog\/2023\/06\/21\/la-tentacion-de-la-comida\/","url_meta":{"origin":12308,"position":1},"title":"La tentaci\u00f3n de la comida","author":"Pepe Barrascout Ortiz","date":"21 junio 2023","format":false,"excerpt":"Tan corto el amor y tan largo el olvido dir\u00eda el poeta y claro que esto tambi\u00e9n se aplica en el gimnasio. No hay nada m\u00e1s r\u00e1pido y f\u00e1cil de hacer, que caer en la tentaci\u00f3n de volver a comer de forma desordenada y poco saludable, digo\u00a0volver a comer, porque\u2026","rel":"","context":"En \u00abDaily Gym\u00bb","block_context":{"text":"Daily Gym","link":"https:\/\/quechilero.com\/blog\/category\/podcast\/daily-gym\/"},"img":{"alt_text":"Daily Gym Podcast","src":"https:\/\/i0.wp.com\/quechilero.com\/blog\/imagenes\/DailyGym.jpg?fit=1200%2C675&ssl=1&resize=350%2C200","width":350,"height":200,"srcset":"https:\/\/i0.wp.com\/quechilero.com\/blog\/imagenes\/DailyGym.jpg?fit=1200%2C675&ssl=1&resize=350%2C200 1x, https:\/\/i0.wp.com\/quechilero.com\/blog\/imagenes\/DailyGym.jpg?fit=1200%2C675&ssl=1&resize=525%2C300 1.5x, https:\/\/i0.wp.com\/quechilero.com\/blog\/imagenes\/DailyGym.jpg?fit=1200%2C675&ssl=1&resize=700%2C400 2x, https:\/\/i0.wp.com\/quechilero.com\/blog\/imagenes\/DailyGym.jpg?fit=1200%2C675&ssl=1&resize=1050%2C600 3x"},"classes":[]},{"id":16802,"url":"https:\/\/quechilero.com\/blog\/2013\/07\/03\/cuestion-de-perspectivas\/","url_meta":{"origin":12308,"position":2},"title":"Cuesti\u00f3n de Perspectivas","author":"Pepe Barrascout Ortiz","date":"3 julio 2013","format":false,"excerpt":"Mirta y Juana, que eran dos viejas amigas, fueron a almorzar a su restaurante favorito. Mirta felicit\u00f3 a Juana por los recientes matrimonios de su hijo e hija. - \u00bfC\u00f3mo te las arreglaste con todo? -le pregunt\u00f3 Mirta-. Tener dos bodas en el mismo mes debe haber sido muy dif\u00edcil.\u2026","rel":"","context":"En \u00abLimones\u00bb","block_context":{"text":"Limones","link":"https:\/\/quechilero.com\/blog\/category\/limones\/"},"img":{"alt_text":"","src":"","width":0,"height":0},"classes":[]},{"id":17886,"url":"https:\/\/quechilero.com\/blog\/2014\/06\/10\/el-mundo-al-reves\/","url_meta":{"origin":12308,"position":3},"title":"El mundo al rev\u00e9s","author":"Pepe Barrascout Ortiz","date":"10 junio 2014","format":false,"excerpt":"https:\/\/youtu.be\/ma7ffXbqhL0 Muchas veces y a cada momento de nuestras vidas, nos encontramos en disyuntivas que nos obligan a elegir cu\u00e1l camino tomar ante determinada situaci\u00f3n. En la mayor\u00eda de las veces, si no en todas, ponemos todo nuestros y esfuerzo y capacidades en intentar por todos los medios, que las\u2026","rel":"","context":"En \u00abLimones\u00bb","block_context":{"text":"Limones","link":"https:\/\/quechilero.com\/blog\/category\/limones\/"},"img":{"alt_text":"","src":"https:\/\/i0.wp.com\/img.youtube.com\/vi\/ma7ffXbqhL0\/0.jpg?resize=350%2C200","width":350,"height":200},"classes":[]},{"id":9674,"url":"https:\/\/quechilero.com\/blog\/2011\/07\/15\/mas-alla-de\/","url_meta":{"origin":12308,"position":4},"title":"Mas all\u00e1 de&#8230;","author":"Pepe Barrascout Ortiz","date":"15 julio 2011","format":false,"excerpt":"Muchas veces, tratamos de ser lo m\u00e1s pragm\u00e1ticos posibles y nuestras decisiones las basamos muy r\u00edgidamente, o es de una forma o es de otra, sin intermedios, sin embargo no podemos aplicar ese criterio a todos los aspectos de la vida, puede haber una tercera opci\u00f3n, otra alternativa, otra forma\u2026","rel":"","context":"En \u00abLimones\u00bb","block_context":{"text":"Limones","link":"https:\/\/quechilero.com\/blog\/category\/limones\/"},"img":{"alt_text":"","src":"https:\/\/i0.wp.com\/i392.photobucket.com\/albums\/pp7\/pepejaguar\/blog\/bn.png?resize=350%2C200","width":350,"height":200,"srcset":"https:\/\/i0.wp.com\/i392.photobucket.com\/albums\/pp7\/pepejaguar\/blog\/bn.png?resize=350%2C200 1x, https:\/\/i0.wp.com\/i392.photobucket.com\/albums\/pp7\/pepejaguar\/blog\/bn.png?resize=525%2C300 1.5x"},"classes":[]},{"id":12283,"url":"https:\/\/quechilero.com\/blog\/2012\/01\/19\/silencio-que-mata\/","url_meta":{"origin":12308,"position":5},"title":"Silencio que mata","author":"Pepe Barrascout Ortiz","date":"19 enero 2012","format":false,"excerpt":"- No se si contarle a do\u00f1a Mar\u00eda, es mi vecina y nos platicamos de todo. Bueno, antes nos reun\u00edamos bastante despu\u00e9s de terminar el oficio de la ma\u00f1ana, ahora ya casi no la veo. Me da pena, aunque creo que ya lo sabe, talvez por eso siento verg\u00fcenza contarle.\u2026","rel":"","context":"En \u00abLimones\u00bb","block_context":{"text":"Limones","link":"https:\/\/quechilero.com\/blog\/category\/limones\/"},"img":{"alt_text":"","src":"","width":0,"height":0},"classes":[]}],"jetpack_featured_media_url":"","_links":{"self":[{"href":"https:\/\/quechilero.com\/blog\/wp-json\/wp\/v2\/posts\/12308","targetHints":{"allow":["GET"]}}],"collection":[{"href":"https:\/\/quechilero.com\/blog\/wp-json\/wp\/v2\/posts"}],"about":[{"href":"https:\/\/quechilero.com\/blog\/wp-json\/wp\/v2\/types\/post"}],"author":[{"embeddable":true,"href":"https:\/\/quechilero.com\/blog\/wp-json\/wp\/v2\/users\/1"}],"replies":[{"embeddable":true,"href":"https:\/\/quechilero.com\/blog\/wp-json\/wp\/v2\/comments?post=12308"}],"version-history":[{"count":0,"href":"https:\/\/quechilero.com\/blog\/wp-json\/wp\/v2\/posts\/12308\/revisions"}],"wp:attachment":[{"href":"https:\/\/quechilero.com\/blog\/wp-json\/wp\/v2\/media?parent=12308"}],"wp:term":[{"taxonomy":"category","embeddable":true,"href":"https:\/\/quechilero.com\/blog\/wp-json\/wp\/v2\/categories?post=12308"},{"taxonomy":"post_tag","embeddable":true,"href":"https:\/\/quechilero.com\/blog\/wp-json\/wp\/v2\/tags?post=12308"},{"taxonomy":"series","embeddable":true,"href":"https:\/\/quechilero.com\/blog\/wp-json\/wp\/v2\/series?post=12308"}],"curies":[{"name":"wp","href":"https:\/\/api.w.org\/{rel}","templated":true}]}}