{"id":12302,"date":"2012-01-20T12:00:51","date_gmt":"2012-01-20T18:00:51","guid":{"rendered":"http:\/\/quechilero.com\/blog\/?p=12302"},"modified":"2012-01-20T12:00:51","modified_gmt":"2012-01-20T18:00:51","slug":"san-sebastian","status":"publish","type":"post","link":"https:\/\/quechilero.com\/blog\/2012\/01\/20\/san-sebastian\/","title":{"rendered":"San Sebasti\u00e1n"},"content":{"rendered":"<p><img data-recalc-dims=\"1\" loading=\"lazy\" decoding=\"async\" class=\"alignnone\" src=\"https:\/\/i0.wp.com\/i392.photobucket.com\/albums\/pp7\/pepejaguar\/blog\/401528_10150486307648931_541353930_8752916_638264961_n.jpg?resize=518%2C720\" alt=\"\" width=\"518\" height=\"720\" \/><\/p>\n<p>San Sebasti\u00e1n,<br \/>\nque alcanzaste de Dios tanta fe y caridad,<br \/>\nque llegaste a sacrificar tu vida por obedecer a Dios,<br \/>\ny socorrer a tus hermanos cristianos.<\/p>\n<p>Ahora que vives junto a Dios,<br \/>\nescucha las plegarias y s\u00faplicas que<br \/>\ncon gratitud, fe y devoci\u00f3n,<br \/>\nacuden a t\u00ed desde los campos,<br \/>\npueblos y ciudades M\u00e1rtir de Cristo,<br \/>\nalc\u00e1nzanos de Dios que, confesando nuestra fe,<br \/>\nacojamos el Reino anunciado por Jesucristo,<br \/>\ncon verdadero esp\u00edritu de penitencia<br \/>\ny vivamos como hijos de Dios.<\/p>\n<p>Que nuestros hogares sean verdaderas <em>\u00abIglesias dom\u00e9sticas\u00bb<\/em>,<br \/>\nen donde florezca la santidad, reinen el bienestar, la alegr\u00eda y la paz.<\/p>\n<p>Que en nuestro trabajo reinen la justicia y la concordia.<\/p>\n<p>L\u00edbranos de todo ego\u00edsmo y maldad,<br \/>\npara que fraternalmente unidos vivamos en esta hermosa tierra,<br \/>\nque Dios nos ha dado de acuerdo con los valores del Reino:<br \/>\nespecialmente la verdad, la justicia y el amorIntercede por nuestra Iglesia,<br \/>\npara que bajo la protecci\u00f3n de la Virgen Mar\u00eda, nuestra Madre,<br \/>\nnos lleve siempre a Cristo, fuente de eterna felicidad.<\/p>\n<p>San Sebasti\u00e1n, escucha nuestros ruegos,<br \/>\ndanos fuerza y confianza para que siguiendo tu ejemplo de fe, esperanza y caridad,<br \/>\npodamos alcanzar la vida eterna,<br \/>\nque Jes\u00fas promete a los que perseveran hasta el fin.<\/p>\n","protected":false},"excerpt":{"rendered":"<p>San Sebasti\u00e1n, que alcanzaste de Dios tanta fe y caridad, que llegaste a sacrificar tu vida por obedecer a Dios, y socorrer a tus hermanos cristianos. Ahora que vives junto a Dios, escucha las plegarias y s\u00faplicas que con gratitud, fe y devoci\u00f3n, acuden a t\u00ed desde los campos, pueblos y ciudades M\u00e1rtir de Cristo, &#8230; <a title=\"San Sebasti\u00e1n\" class=\"read-more\" href=\"https:\/\/quechilero.com\/blog\/2012\/01\/20\/san-sebastian\/\" aria-label=\"Leer m\u00e1s sobre San Sebasti\u00e1n\">Leer m\u00e1s<\/a><\/p>\n","protected":false},"author":1,"featured_media":0,"comment_status":"open","ping_status":"open","sticky":false,"template":"","format":"standard","meta":{"advanced_seo_description":"","jetpack_seo_html_title":"","jetpack_seo_noindex":false,"jetpack_seo_schema_type":"","episode_type":"","audio_file":"","podmotor_file_id":"","podmotor_episode_id":"","cover_image":"","cover_image_id":"","duration":"","filesize":"","filesize_raw":"","date_recorded":"","explicit":"","block":"","_jetpack_newsletter_access":"","_jetpack_dont_email_post_to_subs":false,"_jetpack_newsletter_tier_id":0,"_jetpack_memberships_contains_paywalled_content":false,"_jetpack_feature_clip_id":0,"_jetpack_memberships_contains_paid_content":false,"footnotes":"","jetpack_publicize_message":"","jetpack_publicize_feature_enabled":true,"jetpack_social_post_already_shared":false,"jetpack_social_options":{"image_generator_settings":{"template":"highway","default_image_id":0,"font":"","enabled":false},"version":2},"jetpack_post_was_ever_published":false},"categories":[2],"tags":[87,15,38,51,32,74,39,40,36,41,24,80],"series":[],"class_list":["post-12302","post","type-post","status-publish","format-standard","hentry","category-limones","tag-alegria","tag-amor","tag-confianza","tag-dios","tag-especial","tag-jesus","tag-madre","tag-paz","tag-trabajo","tag-verdad","tag-vida","tag-virgen-maria"],"episode_featured_image":false,"episode_player_image":"https:\/\/i0.wp.com\/quechilero.com\/blog\/imagenes\/podcast.png?fit=1831%2C1831&ssl=1","download_link":"","player_link":"","audio_player":false,"episode_data":{"playerMode":"dark","subscribeUrls":{"amazon":{"key":"amazon","url":"","label":"Amazon","class":"amazon","icon":"amazon.png"},"apple_podcasts":{"key":"apple_podcasts","url":"","label":"Apple Podcasts","class":"apple_podcasts","icon":"apple-podcasts.png"},"castbox":{"key":"castbox","url":"","label":"CastBox","class":"castbox","icon":"castbox.png"},"deezer":{"key":"deezer","url":"","label":"Deezer","class":"deezer","icon":"deezer.png"},"google_podcasts":{"key":"google_podcasts","url":"","label":"Google Podcasts","class":"google_podcasts","icon":"google-podcasts.png"},"listen_notes":{"key":"listen_notes","url":"","label":"Listen Notes","class":"listen_notes","icon":"listen-notes.png"},"pandora":{"key":"pandora","url":"","label":"Pandora","class":"pandora","icon":"pandora.png"},"podbean":{"key":"podbean","url":"","label":"Podbean","class":"podbean","icon":"podbean.png"},"podcast_republic":{"key":"podcast_republic","url":"","label":"Podcast Republic","class":"podcast_republic","icon":"podcast-republic.png"},"rss":{"key":"rss","url":"","label":"RSS","class":"rss","icon":"rss.png"},"spotify":{"key":"spotify","url":"","label":"Spotify","class":"spotify","icon":"spotify.png"},"stitcher":{"key":"stitcher","url":"","label":"Stitcher","class":"stitcher","icon":"stitcher.png"},"tunein":{"key":"tunein","url":"","label":"TuneIn","class":"tunein","icon":"tunein.png"},"youtube":{"key":"youtube","url":"","label":"YouTube","class":"youtube","icon":"youtube.png"},"iheartradio":{"key":"iheartradio","url":"","label":"iHeartRadio","class":"iheartradio","icon":"iheartradio.png"},"ivoox":{"key":"ivoox","url":"","label":"iVoox","class":"ivoox","icon":"ivoox.png"}},"rssFeedUrl":"https:\/\/quechilero.com\/blog\/feed\/podcast\/si-la-vida-nos-da-limones","embedCode":"<blockquote class=\"wp-embedded-content\" data-secret=\"76ssxvd5wJ\"><a href=\"https:\/\/quechilero.com\/blog\/2012\/01\/20\/san-sebastian\/\">San Sebasti\u00e1n<\/a><\/blockquote><iframe sandbox=\"allow-scripts\" security=\"restricted\" src=\"https:\/\/quechilero.com\/blog\/2012\/01\/20\/san-sebastian\/embed\/#?secret=76ssxvd5wJ\" width=\"500\" height=\"350\" title=\"\u00abSan Sebasti\u00e1n\u00bb \u2014 Si la Vida nos da Limones...\" data-secret=\"76ssxvd5wJ\" frameborder=\"0\" marginwidth=\"0\" marginheight=\"0\" scrolling=\"no\" class=\"wp-embedded-content\"><\/iframe><script>\n\/*! This file is auto-generated *\/\n!function(d,l){\"use strict\";l.querySelector&&d.addEventListener&&\"undefined\"!=typeof URL&&(d.wp=d.wp||{},d.wp.receiveEmbedMessage||(d.wp.receiveEmbedMessage=function(e){var t=e.data;if((t||t.secret||t.message||t.value)&&!\/[^a-zA-Z0-9]\/.test(t.secret)){for(var s,r,n,a=l.querySelectorAll('iframe[data-secret=\"'+t.secret+'\"]'),o=l.querySelectorAll('blockquote[data-secret=\"'+t.secret+'\"]'),c=new RegExp(\"^https?:$\",\"i\"),i=0;i<o.length;i++)o[i].style.display=\"none\";for(i=0;i<a.length;i++)s=a[i],e.source===s.contentWindow&&(s.removeAttribute(\"style\"),\"height\"===t.message?(1e3<(r=parseInt(t.value,10))?r=1e3:~~r<200&&(r=200),s.height=r):\"link\"===t.message&&(r=new URL(s.getAttribute(\"src\")),n=new URL(t.value),c.test(n.protocol))&&n.host===r.host&&l.activeElement===s&&(d.top.location.href=t.value))}},d.addEventListener(\"message\",d.wp.receiveEmbedMessage,!1),l.addEventListener(\"DOMContentLoaded\",function(){for(var e,t,s=l.querySelectorAll(\"iframe.wp-embedded-content\"),r=0;r<s.length;r++)(t=(e=s[r]).getAttribute(\"data-secret\"))||(t=Math.random().toString(36).substring(2,12),e.src+=\"#?secret=\"+t,e.setAttribute(\"data-secret\",t)),e.contentWindow.postMessage({message:\"ready\",secret:t},\"*\")},!1)))}(window,document);\n\/\/# sourceURL=https:\/\/quechilero.com\/blog\/wp-includes\/js\/wp-embed.min.js\n<\/script>\n"},"jetpack_publicize_connections":[],"jetpack_shortlink":"https:\/\/wp.me\/pDKli-3cq","jetpack_sharing_enabled":true,"jetpack-related-posts":[{"id":19382,"url":"https:\/\/quechilero.com\/blog\/2014\/09\/24\/gozo\/","url_meta":{"origin":12302,"position":0},"title":"Gozo","author":"Pepe Barrascout Ortiz","date":"24 septiembre 2014","format":false,"excerpt":"Los tiempos de bullicio y alegr\u00eda son divertidos, y todos necesitamos esos momentos de risa al punto de hacernos doler la mand\u00edbula. Probablemente no viviremos as\u00ed todos los d\u00edas, pero lo necesitamos. Si no, para qu\u00e9 nos habr\u00eda dado Dios la capacidad de re\u00edr. Como cristianos, deber\u00edamos crecer en nuestra\u2026","rel":"","context":"En \u00abLimones\u00bb","block_context":{"text":"Limones","link":"https:\/\/quechilero.com\/blog\/category\/limones\/"},"img":{"alt_text":"","src":"","width":0,"height":0},"classes":[]},{"id":5995,"url":"https:\/\/quechilero.com\/blog\/2010\/12\/25\/es-navidad\/","url_meta":{"origin":12302,"position":1},"title":"Es Navidad&#8230;","author":"Pepe Barrascout Ortiz","date":"25 diciembre 2010","format":false,"excerpt":"Si en tu coraz\u00f3n hay un poco m\u00e1s de Amor, es Navidad; Si has decidido Perdonar a alguien, es Navidad; Si buscas a Dios de verdad, es Navidad; Si aumenta el gozo de tu Fe Cristiana, es Navidad; Si en tu alma florece la Esperanza, es Navidad; Si trabajas por\u2026","rel":"","context":"En \u00abLimones\u00bb","block_context":{"text":"Limones","link":"https:\/\/quechilero.com\/blog\/category\/limones\/"},"img":{"alt_text":"","src":"","width":0,"height":0},"classes":[]},{"id":17597,"url":"https:\/\/quechilero.com\/blog\/2013\/12\/25\/es-navidad-2\/","url_meta":{"origin":12302,"position":2},"title":"Es Navidad&#8230;","author":"Pepe Barrascout Ortiz","date":"25 diciembre 2013","format":false,"excerpt":"Si en tu coraz\u00f3n hay un poco m\u00e1s de Amor, es Navidad... Si has decidido Perdonar a alguien, es Navidad... Si buscas a Dios de verdad, es Navidad... Si aumenta el gozo de tu Fe Cristiana, es Navidad... Si en tu alma florece la Esperanza, es Navidad... Si trabajas por\u2026","rel":"","context":"En \u00abLimones\u00bb","block_context":{"text":"Limones","link":"https:\/\/quechilero.com\/blog\/category\/limones\/"},"img":{"alt_text":"","src":"","width":0,"height":0},"classes":[]},{"id":3088,"url":"https:\/\/quechilero.com\/blog\/2009\/08\/02\/en-busca-de-ser-feliz\/","url_meta":{"origin":12302,"position":3},"title":"En busca de ser feliz","author":"Pepe Barrascout Ortiz","date":"2 agosto 2009","format":false,"excerpt":"En una f\u00e1brica hab\u00eda un grupo de operarios que eran infelices. Su sueldo era bueno, sus horas de trabajo eran las adecuadas, las condiciones de trabajo eran excelentes. Estos operarios admit\u00edan todo eso; no obstante su descontento era marcado. La gerencia estaba perpleja y preocupada. Finalmente, se llam\u00f3 a un\u2026","rel":"","context":"En \u00abLimones\u00bb","block_context":{"text":"Limones","link":"https:\/\/quechilero.com\/blog\/category\/limones\/"},"img":{"alt_text":"","src":"","width":0,"height":0},"classes":[]},{"id":15359,"url":"https:\/\/quechilero.com\/blog\/2012\/12\/09\/segundo-domingo-de-adviento\/","url_meta":{"origin":12302,"position":4},"title":"Segundo Domingo de Adviento","author":"Pepe Barrascout Ortiz","date":"9 diciembre 2012","format":false,"excerpt":"Segundo Domingo de Adviento (ciclo B) Reunida la familia o el grupo de personas, se encienden: la vela del primer domingo y la que corresponde al segundo domingo. Hermanos: Al introducirnos m\u00e1s de lleno en el tiempo de Adviento, la Palabra de Dios nos urge a una reflexi\u00f3n m\u00e1s profunda.\u2026","rel":"","context":"En \u00abLimones\u00bb","block_context":{"text":"Limones","link":"https:\/\/quechilero.com\/blog\/category\/limones\/"},"img":{"alt_text":"","src":"https:\/\/i0.wp.com\/i392.photobucket.com\/albums\/pp7\/pepejaguar\/blog\/2-domingo-adviento.png?resize=350%2C200","width":350,"height":200,"srcset":"https:\/\/i0.wp.com\/i392.photobucket.com\/albums\/pp7\/pepejaguar\/blog\/2-domingo-adviento.png?resize=350%2C200 1x, https:\/\/i0.wp.com\/i392.photobucket.com\/albums\/pp7\/pepejaguar\/blog\/2-domingo-adviento.png?resize=525%2C300 1.5x"},"classes":[]},{"id":16679,"url":"https:\/\/quechilero.com\/blog\/2013\/04\/30\/mes-de-%ef%bb%bfmaria-madre-de-dios-y-madre-nuestra\/","url_meta":{"origin":12302,"position":5},"title":"Mes de \ufeffMar\u00eda, madre de Dios y madre nuestra","author":"Pepe Barrascout Ortiz","date":"30 abril 2013","format":false,"excerpt":"Mar\u00eda fue sin duda, una mujer llena de profunda alegr\u00eda, una alegr\u00eda interior, que le brotaba por su gran fe, su incondicionalidad a los designios de Dios y por supuesto, a su maternidad. La alegr\u00eda de Mar\u00eda la lleva incluso con las cruces de su vida, ya que sabe que\u2026","rel":"","context":"En \u00abLimones\u00bb","block_context":{"text":"Limones","link":"https:\/\/quechilero.com\/blog\/category\/limones\/"},"img":{"alt_text":"","src":"","width":0,"height":0},"classes":[]}],"jetpack_featured_media_url":"","_links":{"self":[{"href":"https:\/\/quechilero.com\/blog\/wp-json\/wp\/v2\/posts\/12302","targetHints":{"allow":["GET"]}}],"collection":[{"href":"https:\/\/quechilero.com\/blog\/wp-json\/wp\/v2\/posts"}],"about":[{"href":"https:\/\/quechilero.com\/blog\/wp-json\/wp\/v2\/types\/post"}],"author":[{"embeddable":true,"href":"https:\/\/quechilero.com\/blog\/wp-json\/wp\/v2\/users\/1"}],"replies":[{"embeddable":true,"href":"https:\/\/quechilero.com\/blog\/wp-json\/wp\/v2\/comments?post=12302"}],"version-history":[{"count":0,"href":"https:\/\/quechilero.com\/blog\/wp-json\/wp\/v2\/posts\/12302\/revisions"}],"wp:attachment":[{"href":"https:\/\/quechilero.com\/blog\/wp-json\/wp\/v2\/media?parent=12302"}],"wp:term":[{"taxonomy":"category","embeddable":true,"href":"https:\/\/quechilero.com\/blog\/wp-json\/wp\/v2\/categories?post=12302"},{"taxonomy":"post_tag","embeddable":true,"href":"https:\/\/quechilero.com\/blog\/wp-json\/wp\/v2\/tags?post=12302"},{"taxonomy":"series","embeddable":true,"href":"https:\/\/quechilero.com\/blog\/wp-json\/wp\/v2\/series?post=12302"}],"curies":[{"name":"wp","href":"https:\/\/api.w.org\/{rel}","templated":true}]}}