{"id":12297,"date":"2012-01-20T08:00:58","date_gmt":"2012-01-20T14:00:58","guid":{"rendered":"http:\/\/quechilero.com\/blog\/?p=12297"},"modified":"2012-01-20T08:00:58","modified_gmt":"2012-01-20T14:00:58","slug":"ortografia-rapida-con-peras-y-manzanas","status":"publish","type":"post","link":"https:\/\/quechilero.com\/blog\/2012\/01\/20\/ortografia-rapida-con-peras-y-manzanas\/","title":{"rendered":"Ortograf\u00eda r\u00e1pida con Peras y Manzanas"},"content":{"rendered":"<p><img data-recalc-dims=\"1\" loading=\"lazy\" decoding=\"async\" class=\"alignnone\" src=\"https:\/\/i0.wp.com\/i392.photobucket.com\/albums\/pp7\/pepejaguar\/blog\/peras.png?resize=561%2C701\" alt=\"\" width=\"561\" height=\"701\" \/><\/p>\n<p><strong>Ortograf\u00eda r\u00e1pida<\/strong>\u00a0<em>con peras y manzanas<\/em>.<\/p>\n<p><strong>Hay:<\/strong>\u00a0Aqu\u00ed <strong>hay<\/strong>\u00a0tres peras.<\/p>\n<p><strong>Ah\u00ed:\u00a0Ah\u00ed<\/strong>\u00a0sobre la mesa.<\/p>\n<p><strong>\u00a1Ay!: \u00a1Ay!<\/strong>, me com\u00ed una.<\/p>\n","protected":false},"excerpt":{"rendered":"<p>Ortograf\u00eda r\u00e1pida\u00a0con peras y manzanas. Hay:\u00a0Aqu\u00ed hay\u00a0tres peras. Ah\u00ed:\u00a0Ah\u00ed\u00a0sobre la mesa. \u00a1Ay!: \u00a1Ay!, me com\u00ed una.<\/p>\n","protected":false},"author":1,"featured_media":0,"comment_status":"open","ping_status":"open","sticky":false,"template":"","format":"standard","meta":{"advanced_seo_description":"","jetpack_seo_html_title":"","jetpack_seo_noindex":false,"jetpack_seo_schema_type":"","episode_type":"","audio_file":"","podmotor_file_id":"","podmotor_episode_id":"","cover_image":"","cover_image_id":"","duration":"","filesize":"","filesize_raw":"","date_recorded":"","explicit":"","block":"","_jetpack_newsletter_access":"","_jetpack_dont_email_post_to_subs":false,"_jetpack_newsletter_tier_id":0,"_jetpack_memberships_contains_paywalled_content":false,"_jetpack_feature_clip_id":0,"_jetpack_memberships_contains_paid_content":false,"footnotes":"","jetpack_publicize_message":"","jetpack_publicize_feature_enabled":true,"jetpack_social_post_already_shared":false,"jetpack_social_options":{"image_generator_settings":{"template":"highway","default_image_id":0,"font":"","enabled":false},"version":2},"jetpack_post_was_ever_published":false},"categories":[2],"tags":[],"series":[],"class_list":["post-12297","post","type-post","status-publish","format-standard","hentry","category-limones"],"episode_featured_image":false,"episode_player_image":"https:\/\/i0.wp.com\/quechilero.com\/blog\/imagenes\/podcast.png?fit=1831%2C1831&ssl=1","download_link":"","player_link":"","audio_player":false,"episode_data":{"playerMode":"dark","subscribeUrls":{"amazon":{"key":"amazon","url":"","label":"Amazon","class":"amazon","icon":"amazon.png"},"apple_podcasts":{"key":"apple_podcasts","url":"","label":"Apple Podcasts","class":"apple_podcasts","icon":"apple-podcasts.png"},"castbox":{"key":"castbox","url":"","label":"CastBox","class":"castbox","icon":"castbox.png"},"deezer":{"key":"deezer","url":"","label":"Deezer","class":"deezer","icon":"deezer.png"},"google_podcasts":{"key":"google_podcasts","url":"","label":"Google Podcasts","class":"google_podcasts","icon":"google-podcasts.png"},"listen_notes":{"key":"listen_notes","url":"","label":"Listen Notes","class":"listen_notes","icon":"listen-notes.png"},"pandora":{"key":"pandora","url":"","label":"Pandora","class":"pandora","icon":"pandora.png"},"podbean":{"key":"podbean","url":"","label":"Podbean","class":"podbean","icon":"podbean.png"},"podcast_republic":{"key":"podcast_republic","url":"","label":"Podcast Republic","class":"podcast_republic","icon":"podcast-republic.png"},"rss":{"key":"rss","url":"","label":"RSS","class":"rss","icon":"rss.png"},"spotify":{"key":"spotify","url":"","label":"Spotify","class":"spotify","icon":"spotify.png"},"stitcher":{"key":"stitcher","url":"","label":"Stitcher","class":"stitcher","icon":"stitcher.png"},"tunein":{"key":"tunein","url":"","label":"TuneIn","class":"tunein","icon":"tunein.png"},"youtube":{"key":"youtube","url":"","label":"YouTube","class":"youtube","icon":"youtube.png"},"iheartradio":{"key":"iheartradio","url":"","label":"iHeartRadio","class":"iheartradio","icon":"iheartradio.png"},"ivoox":{"key":"ivoox","url":"","label":"iVoox","class":"ivoox","icon":"ivoox.png"}},"rssFeedUrl":"https:\/\/quechilero.com\/blog\/feed\/podcast\/si-la-vida-nos-da-limones","embedCode":"<blockquote class=\"wp-embedded-content\" data-secret=\"tjYhovYP9r\"><a href=\"https:\/\/quechilero.com\/blog\/2012\/01\/20\/ortografia-rapida-con-peras-y-manzanas\/\">Ortograf\u00eda r\u00e1pida con Peras y Manzanas<\/a><\/blockquote><iframe sandbox=\"allow-scripts\" security=\"restricted\" src=\"https:\/\/quechilero.com\/blog\/2012\/01\/20\/ortografia-rapida-con-peras-y-manzanas\/embed\/#?secret=tjYhovYP9r\" width=\"500\" height=\"350\" title=\"\u00abOrtograf\u00eda r\u00e1pida con Peras y Manzanas\u00bb \u2014 Si la Vida nos da Limones...\" data-secret=\"tjYhovYP9r\" frameborder=\"0\" marginwidth=\"0\" marginheight=\"0\" scrolling=\"no\" class=\"wp-embedded-content\"><\/iframe><script>\n\/*! This file is auto-generated *\/\n!function(d,l){\"use strict\";l.querySelector&&d.addEventListener&&\"undefined\"!=typeof URL&&(d.wp=d.wp||{},d.wp.receiveEmbedMessage||(d.wp.receiveEmbedMessage=function(e){var t=e.data;if((t||t.secret||t.message||t.value)&&!\/[^a-zA-Z0-9]\/.test(t.secret)){for(var s,r,n,a=l.querySelectorAll('iframe[data-secret=\"'+t.secret+'\"]'),o=l.querySelectorAll('blockquote[data-secret=\"'+t.secret+'\"]'),c=new RegExp(\"^https?:$\",\"i\"),i=0;i<o.length;i++)o[i].style.display=\"none\";for(i=0;i<a.length;i++)s=a[i],e.source===s.contentWindow&&(s.removeAttribute(\"style\"),\"height\"===t.message?(1e3<(r=parseInt(t.value,10))?r=1e3:~~r<200&&(r=200),s.height=r):\"link\"===t.message&&(r=new URL(s.getAttribute(\"src\")),n=new URL(t.value),c.test(n.protocol))&&n.host===r.host&&l.activeElement===s&&(d.top.location.href=t.value))}},d.addEventListener(\"message\",d.wp.receiveEmbedMessage,!1),l.addEventListener(\"DOMContentLoaded\",function(){for(var e,t,s=l.querySelectorAll(\"iframe.wp-embedded-content\"),r=0;r<s.length;r++)(t=(e=s[r]).getAttribute(\"data-secret\"))||(t=Math.random().toString(36).substring(2,12),e.src+=\"#?secret=\"+t,e.setAttribute(\"data-secret\",t)),e.contentWindow.postMessage({message:\"ready\",secret:t},\"*\")},!1)))}(window,document);\n\/\/# sourceURL=https:\/\/quechilero.com\/blog\/wp-includes\/js\/wp-embed.min.js\n<\/script>\n"},"jetpack_publicize_connections":[],"jetpack_shortlink":"https:\/\/wp.me\/pDKli-3cl","jetpack_sharing_enabled":true,"jetpack-related-posts":[{"id":12298,"url":"https:\/\/quechilero.com\/blog\/2012\/07\/10\/ortografia-rapida-con-manzanas-y-peras\/","url_meta":{"origin":12297,"position":0},"title":"Ortograf\u00eda r\u00e1pida con Manzanas y Peras","author":"Pepe Barrascout Ortiz","date":"10 julio 2012","format":false,"excerpt":"Ortograf\u00eda r\u00e1pida\u00a0con peras y manzanas. Hay:\u00a0Aqu\u00ed hay\u00a0tres manzanas. Ah\u00ed:\u00a0Ah\u00ed\u00a0sobre la mesa. \u00a1Ay!: \u00a1Ay!, me com\u00ed una.","rel":"","context":"En \u00abLimones\u00bb","block_context":{"text":"Limones","link":"https:\/\/quechilero.com\/blog\/category\/limones\/"},"img":{"alt_text":"","src":"https:\/\/i0.wp.com\/i392.photobucket.com\/albums\/pp7\/pepejaguar\/blog\/manzanas.png?resize=350%2C200","width":350,"height":200,"srcset":"https:\/\/i0.wp.com\/i392.photobucket.com\/albums\/pp7\/pepejaguar\/blog\/manzanas.png?resize=350%2C200 1x, https:\/\/i0.wp.com\/i392.photobucket.com\/albums\/pp7\/pepejaguar\/blog\/manzanas.png?resize=525%2C300 1.5x"},"classes":[]},{"id":31074,"url":"https:\/\/quechilero.com\/blog\/2023\/04\/02\/peso-integrado-peso-libre\/","url_meta":{"origin":12297,"position":1},"title":"Peso integrado, peso libre","author":"Pepe Barrascout Ortiz","date":"2 abril 2023","format":false,"excerpt":"Hola amigos, seguimos con un nuevo episodio de\u00a0Daily Gym, cuyo nombre ha sido patrocinado por las\u00a0super chicas de la recepci\u00f3n. Hoy vamos a platicar sobre palabras o m\u00e1s bien conceptos nuevos que se aprenden en el gimnasio, porque s\u00ed amigos, ac\u00e1 no s\u00f3lo venimos a sacarnos el jugo y hacer\u2026","rel":"","context":"En \u00abDaily Gym\u00bb","block_context":{"text":"Daily Gym","link":"https:\/\/quechilero.com\/blog\/category\/podcast\/daily-gym\/"},"img":{"alt_text":"Daily Gym Podcast","src":"https:\/\/i0.wp.com\/quechilero.com\/blog\/imagenes\/DailyGym.jpg?fit=1200%2C675&ssl=1&resize=350%2C200","width":350,"height":200,"srcset":"https:\/\/i0.wp.com\/quechilero.com\/blog\/imagenes\/DailyGym.jpg?fit=1200%2C675&ssl=1&resize=350%2C200 1x, https:\/\/i0.wp.com\/quechilero.com\/blog\/imagenes\/DailyGym.jpg?fit=1200%2C675&ssl=1&resize=525%2C300 1.5x, https:\/\/i0.wp.com\/quechilero.com\/blog\/imagenes\/DailyGym.jpg?fit=1200%2C675&ssl=1&resize=700%2C400 2x, https:\/\/i0.wp.com\/quechilero.com\/blog\/imagenes\/DailyGym.jpg?fit=1200%2C675&ssl=1&resize=1050%2C600 3x"},"classes":[]},{"id":625,"url":"https:\/\/quechilero.com\/blog\/2007\/08\/08\/maraton-de-blogs-word-y-blogs\/","url_meta":{"origin":12297,"position":2},"title":"Marat\u00f3n de Blogs &#8211; Word y Blogs","author":"Pepe Barrascout Ortiz","date":"8 agosto 2007","format":false,"excerpt":"Sigue el Marat\u00f3n de Blogs, con este texto publicado originalmente en el blog De todo un poco en Guate, el art\u00edculo publicado da algunos consejos que facilitan la publicaci\u00f3n en los blogs gestionados por Blogger, utilizando el procesador de palabras Word(c). ********** Pasando de Word a Blogger los posts (entradas).\u2026","rel":"","context":"En \u00abLimones\u00bb","block_context":{"text":"Limones","link":"https:\/\/quechilero.com\/blog\/category\/limones\/"},"img":{"alt_text":"","src":"","width":0,"height":0},"classes":[]},{"id":10615,"url":"https:\/\/quechilero.com\/blog\/2012\/02\/16\/reglas-basicas-de-ortografia\/","url_meta":{"origin":12297,"position":3},"title":"Reglas b\u00e1sicas de ortograf\u00eda","author":"Pepe Barrascout Ortiz","date":"16 febrero 2012","format":false,"excerpt":"Reglas de la\u00a0b\u00a0y la\u00a0v, como por ejemplo: Se escribe con b, el sonido final\u00a0-bir\u00a0de los infinitivos y todas las formas de estos verbos, excepto\u00a0hervir,\u00a0servir\u00a0y\u00a0vivir\u00a0y sus compuestos. Se escriben con v las formas de los verbos que no tienen ni v ni b en su infinitivo:tuve,\u00a0estuve,\u00a0anduvieron,\u00a0vayamos\u00a0(se except\u00faan las terminaciones\u00a0-ba,\u00a0-bas,\u00a0-bamos,\u00a0-bais,\u00a0-ban\u00a0del pret\u00e9rito imperfecto\u2026","rel":"","context":"En \u00abLimones\u00bb","block_context":{"text":"Limones","link":"https:\/\/quechilero.com\/blog\/category\/limones\/"},"img":{"alt_text":"","src":"","width":0,"height":0},"classes":[]},{"id":1226,"url":"https:\/\/quechilero.com\/blog\/2008\/08\/09\/blog-guatemala\/","url_meta":{"origin":12297,"position":4},"title":"Marat\u00f3n &#8211; Blog Guatemala","author":"Pepe Barrascout Ortiz","date":"9 agosto 2008","format":false,"excerpt":"Tremendamente nacionalista, desde la cabecera y llegando hasta el pie, Blog Guatemala, no desperdicia ni un cent\u00edmetro de la pantalla para exponer diversos t\u00f3picos relacionados con Guatemala. Hugo ha publicado desde hace tres a\u00f1os, cientos de art\u00edculos que de una u otra forma dan informaci\u00f3n muy importante sobre Guatemala, que\u2026","rel":"","context":"En \u00abBlogs de Guatemala\u00bb","block_context":{"text":"Blogs de Guatemala","link":"https:\/\/quechilero.com\/blog\/category\/blogs-de-guatemala\/"},"img":{"alt_text":"Blog Guatemala","src":"https:\/\/i0.wp.com\/img132.imageshack.us\/img132\/9485\/maratonfo3.jpg?resize=350%2C200","width":350,"height":200},"classes":[]},{"id":6928,"url":"https:\/\/quechilero.com\/blog\/2011\/06\/02\/fotomanipulacion-creativa-pera-luz\/","url_meta":{"origin":12297,"position":5},"title":"Fotomanipulaci\u00f3n creativa: Pera Luz","author":"Pepe Barrascout Ortiz","date":"2 junio 2011","format":false,"excerpt":"Cuando se trata de crear, la imaginaci\u00f3n es el l\u00edmite, esta es una serie de im\u00e1genes con fotomanipulaci\u00f3n creativa. Para hacer, crear y dise\u00f1ar im\u00e1genes como estas, recomiendo el uso de Gimp, un software de edici\u00f3n gr\u00e1fica. Mas im\u00e1genes de fotomanipulaci\u00f3n creativa aqu\u00ed.","rel":"","context":"En \u00abLimones por mano\u00bb","block_context":{"text":"Limones por mano","link":"https:\/\/quechilero.com\/blog\/category\/limones-por-mano\/"},"img":{"alt_text":"","src":"","width":0,"height":0},"classes":[]}],"jetpack_featured_media_url":"","_links":{"self":[{"href":"https:\/\/quechilero.com\/blog\/wp-json\/wp\/v2\/posts\/12297","targetHints":{"allow":["GET"]}}],"collection":[{"href":"https:\/\/quechilero.com\/blog\/wp-json\/wp\/v2\/posts"}],"about":[{"href":"https:\/\/quechilero.com\/blog\/wp-json\/wp\/v2\/types\/post"}],"author":[{"embeddable":true,"href":"https:\/\/quechilero.com\/blog\/wp-json\/wp\/v2\/users\/1"}],"replies":[{"embeddable":true,"href":"https:\/\/quechilero.com\/blog\/wp-json\/wp\/v2\/comments?post=12297"}],"version-history":[{"count":0,"href":"https:\/\/quechilero.com\/blog\/wp-json\/wp\/v2\/posts\/12297\/revisions"}],"wp:attachment":[{"href":"https:\/\/quechilero.com\/blog\/wp-json\/wp\/v2\/media?parent=12297"}],"wp:term":[{"taxonomy":"category","embeddable":true,"href":"https:\/\/quechilero.com\/blog\/wp-json\/wp\/v2\/categories?post=12297"},{"taxonomy":"post_tag","embeddable":true,"href":"https:\/\/quechilero.com\/blog\/wp-json\/wp\/v2\/tags?post=12297"},{"taxonomy":"series","embeddable":true,"href":"https:\/\/quechilero.com\/blog\/wp-json\/wp\/v2\/series?post=12297"}],"curies":[{"name":"wp","href":"https:\/\/api.w.org\/{rel}","templated":true}]}}