{"id":1228,"date":"2008-08-11T12:00:12","date_gmt":"2008-08-11T18:00:12","guid":{"rendered":"http:\/\/quechilero.com\/blog\/?p=1228"},"modified":"2008-08-11T12:00:12","modified_gmt":"2008-08-11T18:00:12","slug":"simplemente-asi","status":"publish","type":"post","link":"https:\/\/quechilero.com\/blog\/2008\/08\/11\/simplemente-asi\/","title":{"rendered":"Marat\u00f3n &#8211; Simplemente As\u00ed"},"content":{"rendered":"<figure style=\"width: 340px\" class=\"wp-caption alignleft\"><a href=\"http:\/\/lulita201.blogspot.com\/\" target=\"_blank\"><img data-recalc-dims=\"1\" loading=\"lazy\" decoding=\"async\" style=\"margin-right: 5px;\" title=\"Marat\u00f3n de Blogs\" src=\"https:\/\/i0.wp.com\/img227.imageshack.us\/img227\/9089\/maratonek5.jpg?resize=350%2C352\" alt=\"Simplemente as\u00ed\" width=\"350\" height=\"352\" \/><\/a><figcaption class=\"wp-caption-text\">Simplemente as\u00ed<\/figcaption><\/figure>\n<p><em>Objeto de la vida, noci\u00f3n de la palabra, la burla perfecta&#8230;<\/em> es como <strong>Lu!<\/strong> define su blog, <a title=\"Marat\u00f3n de Blogs\" href=\"http:\/\/lulita201.blogspot.com\/\" target=\"_blank\"><strong>Simplemente as\u00ed<\/strong><\/a>, simple en t\u00edtulo mas no en contenido.<\/p>\n<p>Por mas de tres a\u00f1os, he sido seguidor de este blog que de la mano de <strong>Luc\u00eda Reinoso<\/strong> ha proporcionado a sus muchos lectores, momentos de reflexi\u00f3n, inspiraci\u00f3n y expresi\u00f3n en boca ajena.<\/p>\n<p><a title=\"Marat\u00f3n de Blogs\" href=\"http:\/\/lulita201.blogspot.com\/\" target=\"_blank\"><strong>Simplemente as\u00ed<\/strong><\/a>, dice lo que los dem\u00e1s quisi\u00e9ramos decir y que nuestra poca inspiraci\u00f3n no nos permite expresar como tan magistralmente lo dicen las l\u00edneas de <strong>Lu!<\/strong><\/p>\n<p>Es muy grato para mi, ver como ha evolucionado el blog, de usar una de las plantillas estandar de <em>Blogger<\/em>, a una modificada y perfectamente adaptada por la autora del blog, que adem\u00e1s es una joven <em>dise\u00f1adora y emprendedora<\/em> que no le vasta con escribir su blog, ya que adem\u00e1s participa activamente de <a title=\"Los Patojos\" href=\"http:\/\/www.lospatojos.org\/\" target=\"_blank\"><strong>Los Patojos<\/strong><\/a> y de <a title=\"La Ventana del Alma\" href=\"http:\/\/laventanadelalma.blogspot.com\/\" target=\"_blank\"><strong>La Ventana del Alma<\/strong><\/a>, una ONG y su <em>otro blog<\/em>.<\/p>\n<p>Prosa, poes\u00eda, narrativa, ensayo, todos se mezclan y conviven en perfecta armon\u00eda en <a title=\"Marat\u00f3n de Blogs\" href=\"http:\/\/lulita201.blogspot.com\/\" target=\"_blank\"><strong>Simplemente as\u00ed<\/strong><\/a>, donde con un par de l\u00edneas de alguna de sus poes\u00edas, puede tocar la fibra mas sensible de <em>cualquier coraz\u00f3n moribundo y hacerlo revivir<\/em>. <a title=\"Marat\u00f3n de Blogs\" href=\"http:\/\/lulita201.blogspot.com\/\" target=\"_blank\"><strong>As\u00ed de Simple<\/strong><\/a>, puede ser. Con una lectura, r\u00e1pida, \u00e1gil, de p\u00e1rrafos cortos y de l\u00edneas contundentes, cualquiera de los escritos que aqu\u00ed se encuentran, pueden llegar a deleitar las almas de sus lectores, llev\u00e1ndolas al <em>mundo de las ideas<\/em> y de los <em>sentimientos<\/em>, donde las palabras sobran y a su vez faltan.<\/p>\n<p>Por ejemplo en <a title=\"Marat\u00f3n de Blogs\" href=\"http:\/\/lulita201.blogspot.com\/2008\/02\/te-decis-palabra.html\" target=\"_blank\"><strong>Te dec\u00eds palabra<\/strong><\/a>, podemos leer:<\/p>\n<blockquote><p><em>vos palabra<br \/>\nvos palabra y voz<br \/>\nvos palabra, voz y una lengua<br \/>\nla lengua que corromp\u00ed<br \/>\nla lengua que desnud\u00e9<\/em><\/p><\/blockquote>\n<p>Tambi\u00e9n encontramos textos que considero <em>cl\u00e1sicos<\/em>, donde adem\u00e1s hace se\u00f1alamientos de profunda connotaci\u00f3n social y que <em>retan a las tradiciones, a la sociedad y al pensamiento pol\u00edticamente correcto.<\/em> Un ejemplo puede ser <a title=\"Marat\u00f3n de Blogs\" href=\"http:\/\/lulita201.blogspot.com\/2007\/07\/nena.html\" target=\"_blank\"><strong>Nena<\/strong><\/a>, que en uno de sus p\u00e1rrafos dice:<\/p>\n<blockquote><p><em>Nena, hay que ser se\u00f1orita<br \/>\nNo se habla con malas palabras nena, no se dice puta, ni mierda<br \/>\nNo nena, hay que ser se\u00f1orita<br \/>\nNo se cruzan las piernas nena, se juntan las rodillas y tambi\u00e9n los tobillos<br \/>\nHay que ser se\u00f1orita, nena\u2026<\/em><\/p><\/blockquote>\n<p>Para quienes est\u00e9n en busca de <em>su yo interior, de inspiraci\u00f3n, de lectura profunda que haga reflexionar<\/em> los invito a leer\u00a0<a title=\"Marat\u00f3n de Blogs\" href=\"http:\/\/lulita201.blogspot.com\/\" target=\"_blank\"><strong>Simplemente as\u00ed<\/strong><\/a><strong>.<\/strong><\/p>\n<p>Lee m\u00e1s rese\u00f1as de la <a title=\"Marat\u00f3n de Blogs\" href=\"http:\/\/quechilero.com\/blog\/2008\/07\/31\/maraton-de-blogs-2008\/\"><strong>Marat\u00f3n de Blogs 2008<\/strong><\/a><\/p>\n<p>Actualmente en <a title=\"Marat\u00f3n de Blogs\" href=\"http:\/\/lulita201.blogspot.com\/\" target=\"_blank\"><strong>Simplemente as\u00ed<\/strong><\/a> puedes leer:<\/p>\n<p><a href=\"http:\/\/img385.imageshack.us\/my.php?image=palabrasxe4.jpg\"><img data-recalc-dims=\"1\" loading=\"lazy\" decoding=\"async\" class=\"alignnone\" src=\"https:\/\/i0.wp.com\/img385.imageshack.us\/img385\/765\/palabrasxe4.jpg?resize=580%2C239\" alt=\"\" width=\"580\" height=\"239\" \/><\/a><\/p>\n","protected":false},"excerpt":{"rendered":"<p>Objeto de la vida, noci\u00f3n de la palabra, la burla perfecta&#8230; es como Lu! define su blog, Simplemente as\u00ed, simple en t\u00edtulo mas no en contenido. Por mas de tres a\u00f1os, he sido seguidor de este blog que de la mano de Luc\u00eda Reinoso ha proporcionado a sus muchos lectores, momentos de reflexi\u00f3n, inspiraci\u00f3n y &#8230; <a title=\"Marat\u00f3n &#8211; Simplemente As\u00ed\" class=\"read-more\" href=\"https:\/\/quechilero.com\/blog\/2008\/08\/11\/simplemente-asi\/\" aria-label=\"Leer m\u00e1s sobre Marat\u00f3n &#8211; Simplemente As\u00ed\">Leer m\u00e1s<\/a><\/p>\n","protected":false},"author":1,"featured_media":0,"comment_status":"open","ping_status":"open","sticky":false,"template":"","format":"standard","meta":{"advanced_seo_description":"","jetpack_seo_html_title":"","jetpack_seo_noindex":false,"jetpack_seo_schema_type":"","episode_type":"","audio_file":"","podmotor_file_id":"","podmotor_episode_id":"","cover_image":"","cover_image_id":"","duration":"","filesize":"","filesize_raw":"","date_recorded":"","explicit":"","block":"","_jetpack_newsletter_access":"","_jetpack_dont_email_post_to_subs":false,"_jetpack_newsletter_tier_id":0,"_jetpack_memberships_contains_paywalled_content":false,"_jetpack_feature_clip_id":0,"_jetpack_memberships_contains_paid_content":false,"footnotes":"","jetpack_publicize_message":"","jetpack_publicize_feature_enabled":true,"jetpack_social_post_already_shared":false,"jetpack_social_options":{"image_generator_settings":{"template":"highway","default_image_id":0,"font":"","enabled":false},"version":2},"jetpack_post_was_ever_published":false},"categories":[61],"tags":[4,9,81,62,42,82,24],"series":[],"class_list":["post-1228","post","type-post","status-publish","format-standard","hentry","category-blogs-de-guatemala","tag-blog","tag-idea","tag-lectura","tag-maraton","tag-palabra","tag-sentimiento","tag-vida"],"episode_featured_image":false,"episode_player_image":"https:\/\/i0.wp.com\/quechilero.com\/blog\/imagenes\/podcast.png?fit=1831%2C1831&ssl=1","download_link":"","player_link":"","audio_player":false,"episode_data":{"playerMode":"dark","subscribeUrls":{"amazon":{"key":"amazon","url":"","label":"Amazon","class":"amazon","icon":"amazon.png"},"apple_podcasts":{"key":"apple_podcasts","url":"","label":"Apple Podcasts","class":"apple_podcasts","icon":"apple-podcasts.png"},"castbox":{"key":"castbox","url":"","label":"CastBox","class":"castbox","icon":"castbox.png"},"deezer":{"key":"deezer","url":"","label":"Deezer","class":"deezer","icon":"deezer.png"},"google_podcasts":{"key":"google_podcasts","url":"","label":"Google Podcasts","class":"google_podcasts","icon":"google-podcasts.png"},"listen_notes":{"key":"listen_notes","url":"","label":"Listen Notes","class":"listen_notes","icon":"listen-notes.png"},"pandora":{"key":"pandora","url":"","label":"Pandora","class":"pandora","icon":"pandora.png"},"podbean":{"key":"podbean","url":"","label":"Podbean","class":"podbean","icon":"podbean.png"},"podcast_republic":{"key":"podcast_republic","url":"","label":"Podcast Republic","class":"podcast_republic","icon":"podcast-republic.png"},"rss":{"key":"rss","url":"","label":"RSS","class":"rss","icon":"rss.png"},"spotify":{"key":"spotify","url":"","label":"Spotify","class":"spotify","icon":"spotify.png"},"stitcher":{"key":"stitcher","url":"","label":"Stitcher","class":"stitcher","icon":"stitcher.png"},"tunein":{"key":"tunein","url":"","label":"TuneIn","class":"tunein","icon":"tunein.png"},"youtube":{"key":"youtube","url":"","label":"YouTube","class":"youtube","icon":"youtube.png"},"iheartradio":{"key":"iheartradio","url":"","label":"iHeartRadio","class":"iheartradio","icon":"iheartradio.png"},"ivoox":{"key":"ivoox","url":"","label":"iVoox","class":"ivoox","icon":"ivoox.png"}},"rssFeedUrl":"https:\/\/quechilero.com\/blog\/feed\/podcast\/si-la-vida-nos-da-limones","embedCode":"<blockquote class=\"wp-embedded-content\" data-secret=\"ow8g7wroUB\"><a href=\"https:\/\/quechilero.com\/blog\/2008\/08\/11\/simplemente-asi\/\">Marat\u00f3n &#8211; Simplemente As\u00ed<\/a><\/blockquote><iframe sandbox=\"allow-scripts\" security=\"restricted\" src=\"https:\/\/quechilero.com\/blog\/2008\/08\/11\/simplemente-asi\/embed\/#?secret=ow8g7wroUB\" width=\"500\" height=\"350\" title=\"\u00abMarat\u00f3n &#8211; Simplemente As\u00ed\u00bb \u2014 Si la Vida nos da Limones...\" data-secret=\"ow8g7wroUB\" frameborder=\"0\" marginwidth=\"0\" marginheight=\"0\" scrolling=\"no\" class=\"wp-embedded-content\"><\/iframe><script>\n\/*! This file is auto-generated *\/\n!function(d,l){\"use strict\";l.querySelector&&d.addEventListener&&\"undefined\"!=typeof URL&&(d.wp=d.wp||{},d.wp.receiveEmbedMessage||(d.wp.receiveEmbedMessage=function(e){var t=e.data;if((t||t.secret||t.message||t.value)&&!\/[^a-zA-Z0-9]\/.test(t.secret)){for(var s,r,n,a=l.querySelectorAll('iframe[data-secret=\"'+t.secret+'\"]'),o=l.querySelectorAll('blockquote[data-secret=\"'+t.secret+'\"]'),c=new RegExp(\"^https?:$\",\"i\"),i=0;i<o.length;i++)o[i].style.display=\"none\";for(i=0;i<a.length;i++)s=a[i],e.source===s.contentWindow&&(s.removeAttribute(\"style\"),\"height\"===t.message?(1e3<(r=parseInt(t.value,10))?r=1e3:~~r<200&&(r=200),s.height=r):\"link\"===t.message&&(r=new URL(s.getAttribute(\"src\")),n=new URL(t.value),c.test(n.protocol))&&n.host===r.host&&l.activeElement===s&&(d.top.location.href=t.value))}},d.addEventListener(\"message\",d.wp.receiveEmbedMessage,!1),l.addEventListener(\"DOMContentLoaded\",function(){for(var e,t,s=l.querySelectorAll(\"iframe.wp-embedded-content\"),r=0;r<s.length;r++)(t=(e=s[r]).getAttribute(\"data-secret\"))||(t=Math.random().toString(36).substring(2,12),e.src+=\"#?secret=\"+t,e.setAttribute(\"data-secret\",t)),e.contentWindow.postMessage({message:\"ready\",secret:t},\"*\")},!1)))}(window,document);\n\/\/# sourceURL=https:\/\/quechilero.com\/blog\/wp-includes\/js\/wp-embed.min.js\n<\/script>\n"},"jetpack_publicize_connections":[],"jetpack_shortlink":"https:\/\/wp.me\/pDKli-jO","jetpack_sharing_enabled":true,"jetpack-related-posts":[{"id":636,"url":"https:\/\/quechilero.com\/blog\/2007\/08\/20\/maraton-de-blogs-solo-si\/","url_meta":{"origin":1228,"position":0},"title":"Marat\u00f3n de Blogs &#8211; Solo si","author":"Pepe Barrascout Ortiz","date":"20 agosto 2007","format":false,"excerpt":"Sigue el Marat\u00f3n de Blogs, con este texto publicado originalmente en el blog Simplemente As\u00ed, otro excelente texto de Lu!, que no pod\u00eda faltar, motivaci\u00f3n, autoestima, impulso a seguir, es lo que estas palabras nos transmites, tan magistralmente escritas. ********** Solo si Si decido dejar a mi ni\u00f1a atr\u00e1s puede\u2026","rel":"","context":"En \u00abLimones\u00bb","block_context":{"text":"Limones","link":"https:\/\/quechilero.com\/blog\/category\/limones\/"},"img":{"alt_text":"","src":"","width":0,"height":0},"classes":[]},{"id":632,"url":"https:\/\/quechilero.com\/blog\/2007\/08\/16\/maraton-de-blogs-nena\/","url_meta":{"origin":1228,"position":1},"title":"Marat\u00f3n de Blogs &#8211; Nena","author":"Pepe Barrascout Ortiz","date":"16 agosto 2007","format":false,"excerpt":"Sigue el Marat\u00f3n de Blogs, con este texto publicado originalmente en el blog Simplemente Asi, nuestra querida amiga Lu! la autora de estos magn\u00edficos textos, en forma constante nos llena de una sensaci\u00f3n maravillosa que solo las buenas escritoras puede hacer, su blog es un completo y perfecto manojo de\u2026","rel":"","context":"En \u00abLimones\u00bb","block_context":{"text":"Limones","link":"https:\/\/quechilero.com\/blog\/category\/limones\/"},"img":{"alt_text":"","src":"","width":0,"height":0},"classes":[]},{"id":132,"url":"https:\/\/quechilero.com\/blog\/2006\/08\/09\/maraton-de-blogs\/","url_meta":{"origin":1228,"position":2},"title":"Marat\u00f3n de Blogs","author":"Pepe Barrascout Ortiz","date":"9 agosto 2006","format":false,"excerpt":"Durante la semana anterior, Desdeguate organiz\u00f3 un marat\u00f3n de blogs chapines y se cont\u00f3 con la participaci\u00f3n de varios posts de algunos blogs de manufactura guatemalteca, es decir hecho por chapines, aunque no necesariamente ellos se encuentren f\u00edsicamente en el pa\u00eds. Esta iniciativa me pareci\u00f3 muy interesante, tomando en cuenta\u2026","rel":"","context":"En \u00abLimones\u00bb","block_context":{"text":"Limones","link":"https:\/\/quechilero.com\/blog\/category\/limones\/"},"img":{"alt_text":"Blogs Chapines","src":"https:\/\/i0.wp.com\/static.flickr.com\/59\/202075787_c177d7fc9f_o.gif?resize=350%2C200","width":350,"height":200},"classes":[]},{"id":5184,"url":"https:\/\/quechilero.com\/blog\/2010\/08\/01\/maraton-de-blogs-recapitulando-2\/","url_meta":{"origin":1228,"position":3},"title":"Marat\u00f3n de Blogs: Recapitulando","author":"Pepe Barrascout Ortiz","date":"1 agosto 2010","format":false,"excerpt":"Arranca una vez mas, el Marat\u00f3n de Blogs 2010, que tiene como objetivo, dar a conocer y promocionar, los blogs. En lo personal, me gusta promocionar los Blogs de Guatemala, porque hay tantos de tan buena calidad, que merecen ser conocidos y le\u00eddos, seg\u00fan mi criterio personal. La selecci\u00f3n para\u2026","rel":"","context":"En \u00abBlogs de Guatemala\u00bb","block_context":{"text":"Blogs de Guatemala","link":"https:\/\/quechilero.com\/blog\/category\/blogs-de-guatemala\/"},"img":{"alt_text":"","src":"https:\/\/i0.wp.com\/i392.photobucket.com\/albums\/pp7\/pepejaguar\/maraton\/maraton468x602010.jpg?resize=350%2C200","width":350,"height":200},"classes":[]},{"id":9936,"url":"https:\/\/quechilero.com\/blog\/2011\/08\/28\/maraton-de-blogs-evy\/","url_meta":{"origin":1228,"position":4},"title":"Marat\u00f3n de Blogs: Evy","author":"Pepe Barrascout Ortiz","date":"28 agosto 2011","format":false,"excerpt":"Este es un espacio para compartir contigo, donde deseo publicar de todo un poco, perlo lo importante es que te deje algo a ti en el coraz\u00f3n y te haga reflexionar... as\u00ed es como Evelyn\u00a0da la bienvenida a sus lectores en su blog llamado simplemente Evy, que seguro es por\u2026","rel":"","context":"En \u00abBlogs de Guatemala\u00bb","block_context":{"text":"Blogs de Guatemala","link":"https:\/\/quechilero.com\/blog\/category\/blogs-de-guatemala\/"},"img":{"alt_text":"","src":"https:\/\/i0.wp.com\/i392.photobucket.com\/albums\/pp7\/pepejaguar\/maraton\/evy.png?resize=350%2C200","width":350,"height":200,"srcset":"https:\/\/i0.wp.com\/i392.photobucket.com\/albums\/pp7\/pepejaguar\/maraton\/evy.png?resize=350%2C200 1x, https:\/\/i0.wp.com\/i392.photobucket.com\/albums\/pp7\/pepejaguar\/maraton\/evy.png?resize=525%2C300 1.5x"},"classes":[]},{"id":1224,"url":"https:\/\/quechilero.com\/blog\/2008\/08\/08\/obux-hecho-por-jose-kont\/","url_meta":{"origin":1228,"position":5},"title":"Marat\u00f3n &#8211; ObuX hecho por Jose Kont","author":"Pepe Barrascout Ortiz","date":"8 agosto 2008","format":false,"excerpt":"\"Otro blog mas de Ubuntu\" es lo que significa el nombre Obux, pero con muchas cosas mas, hace la salvedad Jos\u00e9 Kont, autor del blog. De un valor incalculable se puede definir a Obux, en cuanto a Linux y software libre se refiere y es que esta es su especialidad.\u2026","rel":"","context":"En \u00abBlogs de Guatemala\u00bb","block_context":{"text":"Blogs de Guatemala","link":"https:\/\/quechilero.com\/blog\/category\/blogs-de-guatemala\/"},"img":{"alt_text":"Obux","src":"https:\/\/i0.wp.com\/img228.imageshack.us\/img228\/8681\/maratonif5.jpg?resize=350%2C200","width":350,"height":200},"classes":[]}],"jetpack_featured_media_url":"","_links":{"self":[{"href":"https:\/\/quechilero.com\/blog\/wp-json\/wp\/v2\/posts\/1228","targetHints":{"allow":["GET"]}}],"collection":[{"href":"https:\/\/quechilero.com\/blog\/wp-json\/wp\/v2\/posts"}],"about":[{"href":"https:\/\/quechilero.com\/blog\/wp-json\/wp\/v2\/types\/post"}],"author":[{"embeddable":true,"href":"https:\/\/quechilero.com\/blog\/wp-json\/wp\/v2\/users\/1"}],"replies":[{"embeddable":true,"href":"https:\/\/quechilero.com\/blog\/wp-json\/wp\/v2\/comments?post=1228"}],"version-history":[{"count":0,"href":"https:\/\/quechilero.com\/blog\/wp-json\/wp\/v2\/posts\/1228\/revisions"}],"wp:attachment":[{"href":"https:\/\/quechilero.com\/blog\/wp-json\/wp\/v2\/media?parent=1228"}],"wp:term":[{"taxonomy":"category","embeddable":true,"href":"https:\/\/quechilero.com\/blog\/wp-json\/wp\/v2\/categories?post=1228"},{"taxonomy":"post_tag","embeddable":true,"href":"https:\/\/quechilero.com\/blog\/wp-json\/wp\/v2\/tags?post=1228"},{"taxonomy":"series","embeddable":true,"href":"https:\/\/quechilero.com\/blog\/wp-json\/wp\/v2\/series?post=1228"}],"curies":[{"name":"wp","href":"https:\/\/api.w.org\/{rel}","templated":true}]}}