{"id":11982,"date":"2012-01-21T08:00:59","date_gmt":"2012-01-21T14:00:59","guid":{"rendered":"http:\/\/quechilero.com\/blog\/?p=11982"},"modified":"2012-01-21T08:00:59","modified_gmt":"2012-01-21T14:00:59","slug":"no-a-la-violencia","status":"publish","type":"post","link":"https:\/\/quechilero.com\/blog\/2012\/01\/21\/no-a-la-violencia\/","title":{"rendered":"No a la violencia"},"content":{"rendered":"<p><span class=\"embed-youtube\" style=\"text-align:center; display: block;\"><iframe loading=\"lazy\" class=\"youtube-player\" width=\"1200\" height=\"675\" src=\"https:\/\/www.youtube.com\/embed\/VHVYDLojcGk?version=3&#038;rel=1&#038;showsearch=0&#038;showinfo=1&#038;iv_load_policy=1&#038;fs=1&#038;hl=es-ES&#038;autohide=2&#038;wmode=transparent\" allowfullscreen=\"true\" style=\"border:0;\" sandbox=\"allow-scripts allow-same-origin allow-popups allow-presentation allow-popups-to-escape-sandbox\"><\/iframe><\/span><\/p>\n<p>Gracias al cada vez mayor clima de inseguridad que vive Guatemala, muchas personas han optado por proveerse a si mismos, la seguridad que el Estado por mandato constitucional debiera proporcionar, pero que por todos es sabido, no es as\u00ed. De tal suerte, un n\u00famero cada vez mayor, opta por adquirir un arma de fuego, de forma legal y en much\u00edsimos casos, de forma ilegal.<\/p>\n<p>Muchos para defensa, otros tanto para <em>sentirse fuertes y superiores<\/em>, el asunto es que cada d\u00eda, miles de armas de fuego, se encuentran en las manos de personas irresponsables, que ni siquiera cuentan con estudios elementales completos y que su nivel cultural es por dem\u00e1s bajo.<\/p>\n<p>Esta irresponsabilidad, de las autoridades tambi\u00e9n por permitirlo, lleva a que estas personas, <em>cuando est\u00e1n euf\u00f3ricas, decidan celebrar disparando \u00abal aire\u00bb<\/em>. A pesar de lo <em>est\u00fapido<\/em>\u00a0que pueda parecer esa afirmaci\u00f3n, tristemente y para verg\u00fcenza nacional, hay personas que as\u00ed lo hacen. Si es peligroso que una persona conduzca un veh\u00edculo en estado de ebriedad, ya no digamos si tiene un arma de fuego en sus manos.<\/p>\n<p>Muchas de las <em>desgracias diarias<\/em>\u00a0que ocurren en nuestro pa\u00eds, son gracias a estas personas que no piensan antes de actuar, que necesitan de un arma, para sentirse importantes y que sus ideas son tan valiosas como las balas que disparan.<\/p>\n<p><em>Aprovechando<\/em>\u00a0ya que tocamos el tema, una breve clase de <em>f\u00edsica b\u00e1sica<\/em>: en nuestro planeta hay una fuerza llamada gravedad, que su caracter\u00edstica es atraer hacia el centro de la tierra, cualquier objeto. Esto es lo que nos mantiene pegados al suelo y lo que hace que cualquier cosa que lancemos al aire, en alg\u00fan momento regrese a la tierra. Si este objeto es una bala, al igual que cualquier otro objeto, tambi\u00e9n caer\u00e1 de vuelta a la tierra y en la mayor\u00eda de los casos a una distancia lejana de donde si lanz\u00f3. Reflexionemos porque posiblemente esa bala que viene de vuelta a la tierra, pueda caer sobre nosotros o nuestros familiares.<\/p>\n<p>A pesar de que la ley lo proh\u00edbe expl\u00edcitamente, como es com\u00fan en nuestro pa\u00eds, nadie respeta la ley y la que se refiere a la tenencia de armas, no es la excepci\u00f3n. Y entonces es com\u00fan ver, como blandiendo pistolas al cinto, caminan por las calles, comercios, restaurantes, supermercados, poniendo en peligro la vida de personas inocentes.<\/p>\n<p>Lamentablemente las personas que as\u00ed se conducen, no usan de forma frecuente el Internet, as\u00ed que es poco posible que lean estas l\u00edneas y vean el video que las preceden, sin embargo, queda la esperanza de que alguien un poco mas culto e ilustrado, lea el texto y que conozca a una de estas personas y la haga entrar en raz\u00f3n.<\/p>\n<p>No a las armas, nunca han tra\u00eddo nada bueno y nunca lo traer\u00e1n.<\/p>\n<p>&nbsp;<\/p>\n","protected":false},"excerpt":{"rendered":"<p>Gracias al cada vez mayor clima de inseguridad que vive Guatemala, muchas personas han optado por proveerse a si mismos, la seguridad que el Estado por mandato constitucional debiera proporcionar, pero que por todos es sabido, no es as\u00ed. De tal suerte, un n\u00famero cada vez mayor, opta por adquirir un arma de fuego, de &#8230; <a title=\"No a la violencia\" class=\"read-more\" href=\"https:\/\/quechilero.com\/blog\/2012\/01\/21\/no-a-la-violencia\/\" aria-label=\"Leer m\u00e1s sobre No a la violencia\">Leer m\u00e1s<\/a><\/p>\n","protected":false},"author":1,"featured_media":0,"comment_status":"open","ping_status":"open","sticky":false,"template":"","format":"standard","meta":{"advanced_seo_description":"","jetpack_seo_html_title":"","jetpack_seo_noindex":false,"jetpack_seo_schema_type":"","episode_type":"","audio_file":"","podmotor_file_id":"","podmotor_episode_id":"","cover_image":"","cover_image_id":"","duration":"","filesize":"","filesize_raw":"","date_recorded":"","explicit":"","block":"","_jetpack_newsletter_access":"","_jetpack_dont_email_post_to_subs":false,"_jetpack_newsletter_tier_id":0,"_jetpack_memberships_contains_paywalled_content":false,"_jetpack_feature_clip_id":0,"_jetpack_memberships_contains_paid_content":false,"footnotes":"","jetpack_publicize_message":"","jetpack_publicize_feature_enabled":true,"jetpack_social_post_already_shared":false,"jetpack_social_options":{"image_generator_settings":{"template":"highway","default_image_id":0,"font":"","enabled":false},"version":2},"jetpack_post_was_ever_published":false},"categories":[2],"tags":[51,10,9,27,24,25,53],"series":[],"class_list":["post-11982","post","type-post","status-publish","format-standard","hentry","category-limones","tag-dios","tag-guatemala","tag-idea","tag-internet","tag-vida","tag-video","tag-youtube"],"episode_featured_image":false,"episode_player_image":"https:\/\/i0.wp.com\/quechilero.com\/blog\/imagenes\/podcast.png?fit=1831%2C1831&ssl=1","download_link":"","player_link":"","audio_player":false,"episode_data":{"playerMode":"dark","subscribeUrls":{"amazon":{"key":"amazon","url":"","label":"Amazon","class":"amazon","icon":"amazon.png"},"apple_podcasts":{"key":"apple_podcasts","url":"","label":"Apple Podcasts","class":"apple_podcasts","icon":"apple-podcasts.png"},"castbox":{"key":"castbox","url":"","label":"CastBox","class":"castbox","icon":"castbox.png"},"deezer":{"key":"deezer","url":"","label":"Deezer","class":"deezer","icon":"deezer.png"},"google_podcasts":{"key":"google_podcasts","url":"","label":"Google Podcasts","class":"google_podcasts","icon":"google-podcasts.png"},"listen_notes":{"key":"listen_notes","url":"","label":"Listen Notes","class":"listen_notes","icon":"listen-notes.png"},"pandora":{"key":"pandora","url":"","label":"Pandora","class":"pandora","icon":"pandora.png"},"podbean":{"key":"podbean","url":"","label":"Podbean","class":"podbean","icon":"podbean.png"},"podcast_republic":{"key":"podcast_republic","url":"","label":"Podcast Republic","class":"podcast_republic","icon":"podcast-republic.png"},"rss":{"key":"rss","url":"","label":"RSS","class":"rss","icon":"rss.png"},"spotify":{"key":"spotify","url":"","label":"Spotify","class":"spotify","icon":"spotify.png"},"stitcher":{"key":"stitcher","url":"","label":"Stitcher","class":"stitcher","icon":"stitcher.png"},"tunein":{"key":"tunein","url":"","label":"TuneIn","class":"tunein","icon":"tunein.png"},"youtube":{"key":"youtube","url":"","label":"YouTube","class":"youtube","icon":"youtube.png"},"iheartradio":{"key":"iheartradio","url":"","label":"iHeartRadio","class":"iheartradio","icon":"iheartradio.png"},"ivoox":{"key":"ivoox","url":"","label":"iVoox","class":"ivoox","icon":"ivoox.png"}},"rssFeedUrl":"https:\/\/quechilero.com\/blog\/feed\/podcast\/si-la-vida-nos-da-limones","embedCode":"<blockquote class=\"wp-embedded-content\" data-secret=\"00HzINYawE\"><a href=\"https:\/\/quechilero.com\/blog\/2012\/01\/21\/no-a-la-violencia\/\">No a la violencia<\/a><\/blockquote><iframe sandbox=\"allow-scripts\" security=\"restricted\" src=\"https:\/\/quechilero.com\/blog\/2012\/01\/21\/no-a-la-violencia\/embed\/#?secret=00HzINYawE\" width=\"500\" height=\"350\" title=\"\u00abNo a la violencia\u00bb \u2014 Si la Vida nos da Limones...\" data-secret=\"00HzINYawE\" frameborder=\"0\" marginwidth=\"0\" marginheight=\"0\" scrolling=\"no\" class=\"wp-embedded-content\"><\/iframe><script>\n\/*! This file is auto-generated *\/\n!function(d,l){\"use strict\";l.querySelector&&d.addEventListener&&\"undefined\"!=typeof URL&&(d.wp=d.wp||{},d.wp.receiveEmbedMessage||(d.wp.receiveEmbedMessage=function(e){var t=e.data;if((t||t.secret||t.message||t.value)&&!\/[^a-zA-Z0-9]\/.test(t.secret)){for(var s,r,n,a=l.querySelectorAll('iframe[data-secret=\"'+t.secret+'\"]'),o=l.querySelectorAll('blockquote[data-secret=\"'+t.secret+'\"]'),c=new RegExp(\"^https?:$\",\"i\"),i=0;i<o.length;i++)o[i].style.display=\"none\";for(i=0;i<a.length;i++)s=a[i],e.source===s.contentWindow&&(s.removeAttribute(\"style\"),\"height\"===t.message?(1e3<(r=parseInt(t.value,10))?r=1e3:~~r<200&&(r=200),s.height=r):\"link\"===t.message&&(r=new URL(s.getAttribute(\"src\")),n=new URL(t.value),c.test(n.protocol))&&n.host===r.host&&l.activeElement===s&&(d.top.location.href=t.value))}},d.addEventListener(\"message\",d.wp.receiveEmbedMessage,!1),l.addEventListener(\"DOMContentLoaded\",function(){for(var e,t,s=l.querySelectorAll(\"iframe.wp-embedded-content\"),r=0;r<s.length;r++)(t=(e=s[r]).getAttribute(\"data-secret\"))||(t=Math.random().toString(36).substring(2,12),e.src+=\"#?secret=\"+t,e.setAttribute(\"data-secret\",t)),e.contentWindow.postMessage({message:\"ready\",secret:t},\"*\")},!1)))}(window,document);\n\/\/# sourceURL=https:\/\/quechilero.com\/blog\/wp-includes\/js\/wp-embed.min.js\n<\/script>\n"},"jetpack_publicize_connections":[],"jetpack_shortlink":"https:\/\/wp.me\/pDKli-37g","jetpack_sharing_enabled":true,"jetpack-related-posts":[{"id":16612,"url":"https:\/\/quechilero.com\/blog\/2013\/05\/07\/videoblog-pilotos-irresponsables-en-las-carreteras-episodio-009\/","url_meta":{"origin":11982,"position":0},"title":"Videoblog: Pilotos irresponsables en las carreteras. Episodio 009","author":"Pepe Barrascout Ortiz","date":"7 mayo 2013","format":false,"excerpt":"https:\/\/youtu.be\/rkB5gpFuTL8 VideoBlog:\u00a0Pilotos irresponsables en las carreteras Viajar por las carreteras del pa\u00eds, puede ser un atentado gracias a la imprudencia de\u00a0pilotos irresponsables, que se desplazan con total impunidad, prepotencia y temeridad, poniendo en peligro sus propias vidas y las de las personas que los acompa\u00f1an e incluso las de inocentes\u2026","rel":"","context":"En \u00abVideoBlog\u00bb","block_context":{"text":"VideoBlog","link":"https:\/\/quechilero.com\/blog\/category\/videoblog\/"},"img":{"alt_text":"","src":"https:\/\/i0.wp.com\/img.youtube.com\/vi\/rkB5gpFuTL8\/0.jpg?resize=350%2C200","width":350,"height":200},"classes":[]},{"id":14922,"url":"https:\/\/quechilero.com\/blog\/2012\/10\/17\/mala-gestion-en-redes-sociales-caso-mcdonalds-guatemala\/","url_meta":{"origin":11982,"position":1},"title":"Mala gesti\u00f3n en redes sociales: Caso McDonald&#8217;s Guatemala","author":"Pepe Barrascout Ortiz","date":"17 octubre 2012","format":false,"excerpt":"En la fan page de McDonald's en Facebook, una usuaria public\u00f3 una denuncia, relacionada con una experiencia que tuvo, a prop\u00f3sito del McD\u00eda Feliz. A los pocos minutos, como tristemente era de esperarse, ya contaba con una serie de comentarios, que en su mayor\u00eda eran insidiosos y mal intencionados. Como\u2026","rel":"","context":"En \u00abLimones\u00bb","block_context":{"text":"Limones","link":"https:\/\/quechilero.com\/blog\/category\/limones\/"},"img":{"alt_text":"","src":"https:\/\/i0.wp.com\/i392.photobucket.com\/albums\/pp7\/pepejaguar\/blog\/mc-donald-s-fail.png?resize=350%2C200","width":350,"height":200},"classes":[]},{"id":27325,"url":"https:\/\/quechilero.com\/blog\/2011\/06\/21\/en-el-momento-justo-con-el-angulo-exacto-156\/","url_meta":{"origin":11982,"position":2},"title":"En el momento justo, con el \u00e1ngulo exacto","author":"Pepe Barrascout Ortiz","date":"21 junio 2011","format":false,"excerpt":"Tercermundismo que le dicen. Gracias a el total e impune irrespeto a las leyes del pa\u00eds, con personas incapaces de cumplirlas y autoridades incapaces de hacerlas cumplir, por eso es que es posible ver esta y muchas otras escenas similares en Guatemala. \u00bfEstas personas ind\u00edgenas, son las mismas que se\u2026","rel":"","context":"En \u00abEn el Momento Justo\u00bb","block_context":{"text":"En el Momento Justo","link":"https:\/\/quechilero.com\/blog\/category\/limones-por-mano\/momento-justo\/"},"img":{"alt_text":"","src":"","width":0,"height":0},"classes":[]},{"id":9805,"url":"https:\/\/quechilero.com\/blog\/2011\/07\/26\/luis-figueroa-consejos-para-las-elecciones\/","url_meta":{"origin":11982,"position":3},"title":"Luis Figueroa: Consejos para las Elecciones","author":"Pepe Barrascout Ortiz","date":"26 julio 2011","format":false,"excerpt":"Nos encontramos a la v\u00edspera de un nuevo\u00a0proceso electoral, este a\u00f1o la participaci\u00f3n ciudadana ha cambiado lo que tradicionalmente mostraban las estad\u00edsticas. Por ejemplo, por primera vez en la historia de Guatemala, hay mas mujeres que hombres en el padr\u00f3n electoral, tambi\u00e9n la participaci\u00f3n de los j\u00f3venes menos de treinta\u2026","rel":"","context":"En \u00abPodcasteando\u00bb","block_context":{"text":"Podcasteando","link":"https:\/\/quechilero.com\/blog\/category\/podcast\/podcasteando\/"},"img":{"alt_text":"","src":"https:\/\/i0.wp.com\/img.youtube.com\/vi\/I7P912Mcues\/0.jpg?resize=350%2C200","width":350,"height":200},"classes":[]},{"id":16590,"url":"https:\/\/quechilero.com\/blog\/2013\/04\/30\/videoblog-carreteras-llenas-de-baches-episodio-008\/","url_meta":{"origin":11982,"position":4},"title":"VideoBlog: Carreteras llenas de baches. Episodio 008","author":"Pepe Barrascout Ortiz","date":"30 abril 2013","format":false,"excerpt":"https:\/\/youtu.be\/BAzwM1TS_qw VideoBlog:\u00a0Carreteras llenas de baches Si tienen que viajar entre Siquinal\u00e1 y Escuintla en cualquier direcci\u00f3n, tengan cuidado porque este tramo de carretera se encuentra en muy malas condiciones. Muchos agujeros en el recorrido, mala se\u00f1alizaci\u00f3n y una gran cantidad de baches que hacen que la superficie sea muy irregular.\u2026","rel":"","context":"En \u00abVideoBlog\u00bb","block_context":{"text":"VideoBlog","link":"https:\/\/quechilero.com\/blog\/category\/videoblog\/"},"img":{"alt_text":"","src":"https:\/\/i0.wp.com\/img.youtube.com\/vi\/BAzwM1TS_qw\/0.jpg?resize=350%2C200","width":350,"height":200},"classes":[]},{"id":4735,"url":"https:\/\/quechilero.com\/blog\/2010\/05\/08\/guatemala-pais-de-volcanes\/","url_meta":{"origin":11982,"position":5},"title":"Guatemala, pa\u00eds de volcanes","author":"Pepe Barrascout Ortiz","date":"8 mayo 2010","format":false,"excerpt":"Guatemala es un pa\u00eds con una orograf\u00eda muy rica, con gran variedad y n\u00famero de monta\u00f1as y volcanes. Contamos con una gran cadena volc\u00e1nica, bastante activa, destacando principalmente el Volc\u00e1n de Fuego y el Volc\u00e1n de Pacaya. Durante mucho tiempo, estos colosos, se mantuvieron totalmente alejados a la mirada indiferente,\u2026","rel":"","context":"En \u00abLimones\u00bb","block_context":{"text":"Limones","link":"https:\/\/quechilero.com\/blog\/category\/limones\/"},"img":{"alt_text":"","src":"","width":0,"height":0},"classes":[]}],"jetpack_featured_media_url":"","_links":{"self":[{"href":"https:\/\/quechilero.com\/blog\/wp-json\/wp\/v2\/posts\/11982","targetHints":{"allow":["GET"]}}],"collection":[{"href":"https:\/\/quechilero.com\/blog\/wp-json\/wp\/v2\/posts"}],"about":[{"href":"https:\/\/quechilero.com\/blog\/wp-json\/wp\/v2\/types\/post"}],"author":[{"embeddable":true,"href":"https:\/\/quechilero.com\/blog\/wp-json\/wp\/v2\/users\/1"}],"replies":[{"embeddable":true,"href":"https:\/\/quechilero.com\/blog\/wp-json\/wp\/v2\/comments?post=11982"}],"version-history":[{"count":0,"href":"https:\/\/quechilero.com\/blog\/wp-json\/wp\/v2\/posts\/11982\/revisions"}],"wp:attachment":[{"href":"https:\/\/quechilero.com\/blog\/wp-json\/wp\/v2\/media?parent=11982"}],"wp:term":[{"taxonomy":"category","embeddable":true,"href":"https:\/\/quechilero.com\/blog\/wp-json\/wp\/v2\/categories?post=11982"},{"taxonomy":"post_tag","embeddable":true,"href":"https:\/\/quechilero.com\/blog\/wp-json\/wp\/v2\/tags?post=11982"},{"taxonomy":"series","embeddable":true,"href":"https:\/\/quechilero.com\/blog\/wp-json\/wp\/v2\/series?post=11982"}],"curies":[{"name":"wp","href":"https:\/\/api.w.org\/{rel}","templated":true}]}}