{"id":11930,"date":"2012-01-13T08:00:41","date_gmt":"2012-01-13T14:00:41","guid":{"rendered":"http:\/\/quechilero.com\/blog\/?p=11930"},"modified":"2012-01-13T08:00:41","modified_gmt":"2012-01-13T14:00:41","slug":"el-aborto","status":"publish","type":"post","link":"https:\/\/quechilero.com\/blog\/2012\/01\/13\/el-aborto\/","title":{"rendered":"El Aborto"},"content":{"rendered":"<p style=\"text-align: center;\">El <strong>Aborto<\/strong>\u00a0no te <em>des-embaraza&#8230;<\/em><\/p>\n<p style=\"text-align: center;\">&#8230;te convierte en la madre de un ni\u00f1o <em>asesinado<\/em>.<\/p>\n<p>Si a la vida, no al <em>aborto<\/em>, en tu vientre tienes el regalo mas grande de Dios, la vida inicia desde el momento de la concepci\u00f3n, busca ayuda, pide consejo, si tu no puedes cuidarlo, alguien seguro podr\u00e1.<\/p>\n<p>Piensa que si tu madre hubiera hecho lo mismo, ahora mismo tu no estar\u00edas aqu\u00ed, el milagro de la vida fue confiado a ti, porque tienes la capacidad y fuerza para asumirlo. Recuerda una vez mas:<\/p>\n<p style=\"text-align: center;\">El <strong>Aborto<\/strong>\u00a0no te <em>des-embaraza&#8230;<\/em><\/p>\n<p style=\"text-align: center;\">&#8230;te convierte en la madre de un ni\u00f1o <em>asesinado<\/em>.<\/p>\n","protected":false},"excerpt":{"rendered":"<p>El Aborto\u00a0no te des-embaraza&#8230; &#8230;te convierte en la madre de un ni\u00f1o asesinado. Si a la vida, no al aborto, en tu vientre tienes el regalo mas grande de Dios, la vida inicia desde el momento de la concepci\u00f3n, busca ayuda, pide consejo, si tu no puedes cuidarlo, alguien seguro podr\u00e1. Piensa que si tu &#8230; <a title=\"El Aborto\" class=\"read-more\" href=\"https:\/\/quechilero.com\/blog\/2012\/01\/13\/el-aborto\/\" aria-label=\"Leer m\u00e1s sobre El Aborto\">Leer m\u00e1s<\/a><\/p>\n","protected":false},"author":1,"featured_media":0,"comment_status":"open","ping_status":"open","sticky":false,"template":"","format":"standard","meta":{"advanced_seo_description":"","jetpack_seo_html_title":"","jetpack_seo_noindex":false,"jetpack_seo_schema_type":"","episode_type":"","audio_file":"","podmotor_file_id":"","podmotor_episode_id":"","cover_image":"","cover_image_id":"","duration":"","filesize":"","filesize_raw":"","date_recorded":"","explicit":"","block":"","_jetpack_newsletter_access":"","_jetpack_dont_email_post_to_subs":false,"_jetpack_newsletter_tier_id":0,"_jetpack_memberships_contains_paywalled_content":false,"_jetpack_feature_clip_id":0,"_jetpack_memberships_contains_paid_content":false,"footnotes":"","jetpack_publicize_message":"","jetpack_publicize_feature_enabled":true,"jetpack_social_post_already_shared":false,"jetpack_social_options":{"image_generator_settings":{"template":"highway","default_image_id":0,"font":"","enabled":false},"version":2},"jetpack_post_was_ever_published":false},"categories":[2],"tags":[37,51,39,24],"series":[],"class_list":["post-11930","post","type-post","status-publish","format-standard","hentry","category-limones","tag-ayuda","tag-dios","tag-madre","tag-vida"],"episode_featured_image":false,"episode_player_image":"https:\/\/i0.wp.com\/quechilero.com\/blog\/imagenes\/podcast.png?fit=1831%2C1831&ssl=1","download_link":"","player_link":"","audio_player":false,"episode_data":{"playerMode":"dark","subscribeUrls":{"amazon":{"key":"amazon","url":"","label":"Amazon","class":"amazon","icon":"amazon.png"},"apple_podcasts":{"key":"apple_podcasts","url":"","label":"Apple Podcasts","class":"apple_podcasts","icon":"apple-podcasts.png"},"castbox":{"key":"castbox","url":"","label":"CastBox","class":"castbox","icon":"castbox.png"},"deezer":{"key":"deezer","url":"","label":"Deezer","class":"deezer","icon":"deezer.png"},"google_podcasts":{"key":"google_podcasts","url":"","label":"Google Podcasts","class":"google_podcasts","icon":"google-podcasts.png"},"listen_notes":{"key":"listen_notes","url":"","label":"Listen Notes","class":"listen_notes","icon":"listen-notes.png"},"pandora":{"key":"pandora","url":"","label":"Pandora","class":"pandora","icon":"pandora.png"},"podbean":{"key":"podbean","url":"","label":"Podbean","class":"podbean","icon":"podbean.png"},"podcast_republic":{"key":"podcast_republic","url":"","label":"Podcast Republic","class":"podcast_republic","icon":"podcast-republic.png"},"rss":{"key":"rss","url":"","label":"RSS","class":"rss","icon":"rss.png"},"spotify":{"key":"spotify","url":"","label":"Spotify","class":"spotify","icon":"spotify.png"},"stitcher":{"key":"stitcher","url":"","label":"Stitcher","class":"stitcher","icon":"stitcher.png"},"tunein":{"key":"tunein","url":"","label":"TuneIn","class":"tunein","icon":"tunein.png"},"youtube":{"key":"youtube","url":"","label":"YouTube","class":"youtube","icon":"youtube.png"},"iheartradio":{"key":"iheartradio","url":"","label":"iHeartRadio","class":"iheartradio","icon":"iheartradio.png"},"ivoox":{"key":"ivoox","url":"","label":"iVoox","class":"ivoox","icon":"ivoox.png"}},"rssFeedUrl":"https:\/\/quechilero.com\/blog\/feed\/podcast\/si-la-vida-nos-da-limones","embedCode":"<blockquote class=\"wp-embedded-content\" data-secret=\"KLUYlnSx6M\"><a href=\"https:\/\/quechilero.com\/blog\/2012\/01\/13\/el-aborto\/\">El Aborto<\/a><\/blockquote><iframe sandbox=\"allow-scripts\" security=\"restricted\" src=\"https:\/\/quechilero.com\/blog\/2012\/01\/13\/el-aborto\/embed\/#?secret=KLUYlnSx6M\" width=\"500\" height=\"350\" title=\"\u00abEl Aborto\u00bb \u2014 Si la Vida nos da Limones...\" data-secret=\"KLUYlnSx6M\" frameborder=\"0\" marginwidth=\"0\" marginheight=\"0\" scrolling=\"no\" class=\"wp-embedded-content\"><\/iframe><script>\n\/*! This file is auto-generated *\/\n!function(d,l){\"use strict\";l.querySelector&&d.addEventListener&&\"undefined\"!=typeof URL&&(d.wp=d.wp||{},d.wp.receiveEmbedMessage||(d.wp.receiveEmbedMessage=function(e){var t=e.data;if((t||t.secret||t.message||t.value)&&!\/[^a-zA-Z0-9]\/.test(t.secret)){for(var s,r,n,a=l.querySelectorAll('iframe[data-secret=\"'+t.secret+'\"]'),o=l.querySelectorAll('blockquote[data-secret=\"'+t.secret+'\"]'),c=new RegExp(\"^https?:$\",\"i\"),i=0;i<o.length;i++)o[i].style.display=\"none\";for(i=0;i<a.length;i++)s=a[i],e.source===s.contentWindow&&(s.removeAttribute(\"style\"),\"height\"===t.message?(1e3<(r=parseInt(t.value,10))?r=1e3:~~r<200&&(r=200),s.height=r):\"link\"===t.message&&(r=new URL(s.getAttribute(\"src\")),n=new URL(t.value),c.test(n.protocol))&&n.host===r.host&&l.activeElement===s&&(d.top.location.href=t.value))}},d.addEventListener(\"message\",d.wp.receiveEmbedMessage,!1),l.addEventListener(\"DOMContentLoaded\",function(){for(var e,t,s=l.querySelectorAll(\"iframe.wp-embedded-content\"),r=0;r<s.length;r++)(t=(e=s[r]).getAttribute(\"data-secret\"))||(t=Math.random().toString(36).substring(2,12),e.src+=\"#?secret=\"+t,e.setAttribute(\"data-secret\",t)),e.contentWindow.postMessage({message:\"ready\",secret:t},\"*\")},!1)))}(window,document);\n\/\/# sourceURL=https:\/\/quechilero.com\/blog\/wp-includes\/js\/wp-embed.min.js\n<\/script>\n"},"jetpack_publicize_connections":[],"jetpack_shortlink":"https:\/\/wp.me\/pDKli-36q","jetpack_sharing_enabled":true,"jetpack-related-posts":[{"id":20077,"url":"https:\/\/quechilero.com\/blog\/2015\/04\/29\/hay-que-mirar-a-las-personas-como-son\/","url_meta":{"origin":11930,"position":0},"title":"Hay que mirar a las personas como son","author":"Pepe Barrascout Ortiz","date":"29 abril 2015","format":false,"excerpt":"Un profesor de la facultad de medicina, hizo una vez esta pregunta a sus estudiantes: - He aqu\u00ed una historia familiar: El padre tiene s\u00edfilis. La madre tuberculosis. Ya tienen cuatro ni\u00f1os: el primero es ciego, el segundo muri\u00f3, el tercero es sordo, el cuarto tiene tuberculosis. Ahora la madre\u2026","rel":"","context":"En \u00abLimones\u00bb","block_context":{"text":"Limones","link":"https:\/\/quechilero.com\/blog\/category\/limones\/"},"img":{"alt_text":"","src":"","width":0,"height":0},"classes":[]},{"id":825,"url":"https:\/\/quechilero.com\/blog\/2007\/12\/28\/los-ninos-inocentes\/","url_meta":{"origin":11930,"position":1},"title":"Los Ni\u00f1os Inocentes","author":"Pepe Barrascout Ortiz","date":"28 diciembre 2007","format":false,"excerpt":"La fiesta de los primeros ni\u00f1os que murieron inocentemente por Dios. Entonces murieron despu\u00e9s de haber nacido. Y eran poquitos. Hoy mueren antes de nacer. Y son millones. Si por cada ni\u00f1o muerto injustamente deposit\u00e1ramos una flor, llenar\u00edamos muchos estadios de flores. Los primeros murieron porque estorbaban a Herodes. Los\u2026","rel":"","context":"En \u00abLimones\u00bb","block_context":{"text":"Limones","link":"https:\/\/quechilero.com\/blog\/category\/limones\/"},"img":{"alt_text":"","src":"","width":0,"height":0},"classes":[]},{"id":21410,"url":"https:\/\/quechilero.com\/blog\/2015\/08\/11\/mi-regalo-de-cumpleanos\/","url_meta":{"origin":11930,"position":2},"title":"Mi regalo de cumplea\u00f1os","author":"Pepe Barrascout Ortiz","date":"11 agosto 2015","format":false,"excerpt":"En septiembre de 2008 un joven, feligr\u00e9s de aproximadamente 20 a\u00f1os, me llam\u00f3 llorando, pidiendo que lo atendiera urgentemente. A pesar de la fatiga de ese d\u00eda, pues ya era de noche, le recib\u00ed en mi casa. Me dijo que su novia qued\u00f3 embarazada de gemelos y que ya hab\u00eda\u2026","rel":"","context":"En \u00abLimones\u00bb","block_context":{"text":"Limones","link":"https:\/\/quechilero.com\/blog\/category\/limones\/"},"img":{"alt_text":"","src":"","width":0,"height":0},"classes":[]},{"id":17723,"url":"https:\/\/quechilero.com\/blog\/2014\/02\/05\/deseo-de-la-leche-espiritual\/","url_meta":{"origin":11930,"position":3},"title":"Deseo de la leche espiritual","author":"Pepe Barrascout Ortiz","date":"5 febrero 2014","format":false,"excerpt":"Desechando, pues, toda malicia, todo enga\u00f1o, hipocres\u00eda, envidias, y todas las detracciones, desead, como ni\u00f1os reci\u00e9n nacidos, la leche espiritual no adulterada, para que por ella crezc\u00e1is para salvaci\u00f3n. (1 Pedro 2:1-2) \u00bfC\u00f3mo crecemos espiritualmente? El ap\u00f3stol Pablo dice que debemos crecer hacia la plena estatura de Cristo mismo (Ef.\u2026","rel":"","context":"En \u00abLimones\u00bb","block_context":{"text":"Limones","link":"https:\/\/quechilero.com\/blog\/category\/limones\/"},"img":{"alt_text":"","src":"","width":0,"height":0},"classes":[]},{"id":337,"url":"https:\/\/quechilero.com\/blog\/2006\/11\/30\/los-caminos-del-senor\/","url_meta":{"origin":11930,"position":4},"title":"Los caminos del Se\u00f1or","author":"Pepe Barrascout Ortiz","date":"30 noviembre 2006","format":false,"excerpt":"Tener la seguridad de que los caminos del Se\u00f1or no son los nuestros, pero s\u00ed que son los mejores, es una afirmaci\u00f3n y una gracia de Dios poder aceptarla. Es confiar abnegadamente en su infinita providencia, pues humanamente hablando, en el momento de dificultad es probable que preguntemos \"\u00bfPor qu\u00e9?\",\u2026","rel":"","context":"En \u00abLimones\u00bb","block_context":{"text":"Limones","link":"https:\/\/quechilero.com\/blog\/category\/limones\/"},"img":{"alt_text":"","src":"","width":0,"height":0},"classes":[]},{"id":14385,"url":"https:\/\/quechilero.com\/blog\/2012\/08\/31\/oracion-de-arrepentimiento\/","url_meta":{"origin":11930,"position":5},"title":"Oraci\u00f3n de arrepentimiento","author":"Pepe Barrascout Ortiz","date":"31 agosto 2012","format":false,"excerpt":"Padre Celestial, venimos ante ti hoy para pedirte perd\u00f3n y buscar la direcci\u00f3n y gu\u00eda. Sabemos que tu Palabra dice: \"\u00a1Ay de aquellos que llaman bueno a lo malo,\" pero eso es exactamente lo que hemos hecho. Hemos perdido nuestro equilibrio espiritual e invertido nuestros valores. Confesamos que hemos ridiculizado\u2026","rel":"","context":"En \u00abLimones\u00bb","block_context":{"text":"Limones","link":"https:\/\/quechilero.com\/blog\/category\/limones\/"},"img":{"alt_text":"","src":"","width":0,"height":0},"classes":[]}],"jetpack_featured_media_url":"","_links":{"self":[{"href":"https:\/\/quechilero.com\/blog\/wp-json\/wp\/v2\/posts\/11930","targetHints":{"allow":["GET"]}}],"collection":[{"href":"https:\/\/quechilero.com\/blog\/wp-json\/wp\/v2\/posts"}],"about":[{"href":"https:\/\/quechilero.com\/blog\/wp-json\/wp\/v2\/types\/post"}],"author":[{"embeddable":true,"href":"https:\/\/quechilero.com\/blog\/wp-json\/wp\/v2\/users\/1"}],"replies":[{"embeddable":true,"href":"https:\/\/quechilero.com\/blog\/wp-json\/wp\/v2\/comments?post=11930"}],"version-history":[{"count":0,"href":"https:\/\/quechilero.com\/blog\/wp-json\/wp\/v2\/posts\/11930\/revisions"}],"wp:attachment":[{"href":"https:\/\/quechilero.com\/blog\/wp-json\/wp\/v2\/media?parent=11930"}],"wp:term":[{"taxonomy":"category","embeddable":true,"href":"https:\/\/quechilero.com\/blog\/wp-json\/wp\/v2\/categories?post=11930"},{"taxonomy":"post_tag","embeddable":true,"href":"https:\/\/quechilero.com\/blog\/wp-json\/wp\/v2\/tags?post=11930"},{"taxonomy":"series","embeddable":true,"href":"https:\/\/quechilero.com\/blog\/wp-json\/wp\/v2\/series?post=11930"}],"curies":[{"name":"wp","href":"https:\/\/api.w.org\/{rel}","templated":true}]}}