{"id":119,"date":"2006-08-07T09:37:42","date_gmt":"2006-08-07T15:37:42","guid":{"rendered":"http:\/\/quechilero.com\/blog\/2006\/08\/07\/frases-inteligentes-sobre-la-guerra\/"},"modified":"2006-08-07T09:37:42","modified_gmt":"2006-08-07T15:37:42","slug":"frases-inteligentes-sobre-la-guerra","status":"publish","type":"post","link":"https:\/\/quechilero.com\/blog\/2006\/08\/07\/frases-inteligentes-sobre-la-guerra\/","title":{"rendered":"Frases Inteligentes sobre la guerra"},"content":{"rendered":"<p>Hace mucho tiempo (18 de abril 2003) escrib\u00ed una recopilaci\u00f3n sobre <a target=\"_blank\" href=\"http:\/\/www.scouts-es.org\/listas\/foro\/mensajes\/2003\/Mayo\/0121.html\">\u00abFrases Inteligentes sobre la guerra\u00bb<\/a>, que en alg\u00fan momento hab\u00edan dicho algunos de los grandes pensadores que hemos tenido en la humanidad. Al ver la fecha (2003) me acuerdo de lo importante que fue ese a\u00f1o para mi en mi vida, dar\u00eda lo que fuera porque volviera otra vez (Kiki).<\/p>\n<p><strong>Frases Inteligentes sobre la guerra<\/strong>:<\/p>\n<p>\u00abCuando dos elefantes se pelean es la hierba la que sufre\u00bb<br \/>\n<em> George Murrel<\/em><\/p>\n<p>\u00abNo se como ser\u00e1 la tercera guerra mundial, s\u00f3lo se que la cuarta ser\u00e1 con  piedras y lanzas\u00bb<br \/>\n<em> Albert Einstein<\/em><\/p>\n<p>\u00ab\u00bfPuede haber algo m\u00e1s rid\u00edculo que la pretensi\u00f3n de que un hombre tenga  derecho a matarme porque habita al otro lado del agua y su pr\u00edncipe tiene  una querella con el m\u00edo aunque yo no la tenga con \u00e9l?\u00bb<br \/>\n<em>Blaise Pascal<\/em><\/p>\n<p>\u00abLo \u00abmaravilloso\u00bb de la guerra es que cada jefe de asesinos hace bendecir sus banderas e invocar solemnemente a Dios antes de lanzarse a exterminar a su pr\u00f3jimo\u00bb<br \/>\n<em> Voltaire<\/em><\/p>\n<p>\u00abLa guerra es una masacre entre gente que no se conoce, para provecho de gente que s\u00ed se conoce pero, que no se masacra\u00bb<br \/>\n<em>Paul Val\u00e8ry<\/em><\/p>\n<p>\u00abInteligencia militar son dos terminos contradictorios\u00bb<br \/>\n<em> Groucho Marx<\/em><\/p>\n<p>\u00abJam\u00e1s hubo una guerra buena o una paz mala\u00bb<br \/>\n<em> Benjam\u00edn Franklin<\/em><\/p>\n<p>\u00abLa paz mas desventajosa es mejor que la guerra m\u00e1s justa\u00bb<br \/>\n<em> Erasmo de Rotterdam<\/em><\/p>\n<p>\u00abLa guerra es un m\u00e9todo de desatar con los dientes un nudo pol\u00edtico que no se puede deshacer con la lengua\u00bb<br \/>\n<em> Ambrose Bierce<\/em><\/p>\n<p>\u00abNo hay camino para la paz, la paz es el camino\u00bb<br \/>\n<em> Gandhi<\/em><\/p>\n","protected":false},"excerpt":{"rendered":"<p>Hace mucho tiempo (18 de abril 2003) escrib\u00ed una recopilaci\u00f3n sobre \u00abFrases Inteligentes sobre la guerra\u00bb, que en alg\u00fan momento hab\u00edan dicho algunos de los grandes pensadores que hemos tenido en la humanidad. Al ver la fecha (2003) me acuerdo de lo importante que fue ese a\u00f1o para mi en mi vida, dar\u00eda lo que &#8230; <a title=\"Frases Inteligentes sobre la guerra\" class=\"read-more\" href=\"https:\/\/quechilero.com\/blog\/2006\/08\/07\/frases-inteligentes-sobre-la-guerra\/\" aria-label=\"Leer m\u00e1s sobre Frases Inteligentes sobre la guerra\">Leer m\u00e1s<\/a><\/p>\n","protected":false},"author":1,"featured_media":0,"comment_status":"open","ping_status":"open","sticky":false,"template":"","format":"standard","meta":{"advanced_seo_description":"","jetpack_seo_html_title":"","jetpack_seo_noindex":false,"jetpack_seo_schema_type":"","episode_type":"","audio_file":"","podmotor_file_id":"","podmotor_episode_id":"","cover_image":"","cover_image_id":"","duration":"","filesize":"","filesize_raw":"","date_recorded":"","explicit":"","block":"","_jetpack_newsletter_access":"","_jetpack_dont_email_post_to_subs":false,"_jetpack_newsletter_tier_id":0,"_jetpack_memberships_contains_paywalled_content":false,"_jetpack_feature_clip_id":0,"_jetpack_memberships_contains_paid_content":false,"footnotes":"","jetpack_publicize_message":"","jetpack_publicize_feature_enabled":true,"jetpack_social_post_already_shared":false,"jetpack_social_options":{"image_generator_settings":{"template":"highway","default_image_id":0,"font":"","enabled":false},"version":2},"jetpack_post_was_ever_published":false},"categories":[2],"tags":[51,18,54,40,5,24],"series":[],"class_list":["post-119","post","type-post","status-publish","format-standard","hentry","category-limones","tag-dios","tag-hombre","tag-kiki","tag-paz","tag-tiempo","tag-vida"],"episode_featured_image":false,"episode_player_image":"https:\/\/i0.wp.com\/quechilero.com\/blog\/imagenes\/podcast.png?fit=1831%2C1831&ssl=1","download_link":"","player_link":"","audio_player":false,"episode_data":{"playerMode":"dark","subscribeUrls":{"amazon":{"key":"amazon","url":"","label":"Amazon","class":"amazon","icon":"amazon.png"},"apple_podcasts":{"key":"apple_podcasts","url":"","label":"Apple Podcasts","class":"apple_podcasts","icon":"apple-podcasts.png"},"castbox":{"key":"castbox","url":"","label":"CastBox","class":"castbox","icon":"castbox.png"},"deezer":{"key":"deezer","url":"","label":"Deezer","class":"deezer","icon":"deezer.png"},"google_podcasts":{"key":"google_podcasts","url":"","label":"Google Podcasts","class":"google_podcasts","icon":"google-podcasts.png"},"listen_notes":{"key":"listen_notes","url":"","label":"Listen Notes","class":"listen_notes","icon":"listen-notes.png"},"pandora":{"key":"pandora","url":"","label":"Pandora","class":"pandora","icon":"pandora.png"},"podbean":{"key":"podbean","url":"","label":"Podbean","class":"podbean","icon":"podbean.png"},"podcast_republic":{"key":"podcast_republic","url":"","label":"Podcast Republic","class":"podcast_republic","icon":"podcast-republic.png"},"rss":{"key":"rss","url":"","label":"RSS","class":"rss","icon":"rss.png"},"spotify":{"key":"spotify","url":"","label":"Spotify","class":"spotify","icon":"spotify.png"},"stitcher":{"key":"stitcher","url":"","label":"Stitcher","class":"stitcher","icon":"stitcher.png"},"tunein":{"key":"tunein","url":"","label":"TuneIn","class":"tunein","icon":"tunein.png"},"youtube":{"key":"youtube","url":"","label":"YouTube","class":"youtube","icon":"youtube.png"},"iheartradio":{"key":"iheartradio","url":"","label":"iHeartRadio","class":"iheartradio","icon":"iheartradio.png"},"ivoox":{"key":"ivoox","url":"","label":"iVoox","class":"ivoox","icon":"ivoox.png"}},"rssFeedUrl":"https:\/\/quechilero.com\/blog\/feed\/podcast\/si-la-vida-nos-da-limones","embedCode":"<blockquote class=\"wp-embedded-content\" data-secret=\"JpkVoUPaXh\"><a href=\"https:\/\/quechilero.com\/blog\/2006\/08\/07\/frases-inteligentes-sobre-la-guerra\/\">Frases Inteligentes sobre la guerra<\/a><\/blockquote><iframe sandbox=\"allow-scripts\" security=\"restricted\" src=\"https:\/\/quechilero.com\/blog\/2006\/08\/07\/frases-inteligentes-sobre-la-guerra\/embed\/#?secret=JpkVoUPaXh\" width=\"500\" height=\"350\" title=\"\u00abFrases Inteligentes sobre la guerra\u00bb \u2014 Si la Vida nos da Limones...\" data-secret=\"JpkVoUPaXh\" frameborder=\"0\" marginwidth=\"0\" marginheight=\"0\" scrolling=\"no\" class=\"wp-embedded-content\"><\/iframe><script>\n\/*! This file is auto-generated *\/\n!function(d,l){\"use strict\";l.querySelector&&d.addEventListener&&\"undefined\"!=typeof URL&&(d.wp=d.wp||{},d.wp.receiveEmbedMessage||(d.wp.receiveEmbedMessage=function(e){var t=e.data;if((t||t.secret||t.message||t.value)&&!\/[^a-zA-Z0-9]\/.test(t.secret)){for(var s,r,n,a=l.querySelectorAll('iframe[data-secret=\"'+t.secret+'\"]'),o=l.querySelectorAll('blockquote[data-secret=\"'+t.secret+'\"]'),c=new RegExp(\"^https?:$\",\"i\"),i=0;i<o.length;i++)o[i].style.display=\"none\";for(i=0;i<a.length;i++)s=a[i],e.source===s.contentWindow&&(s.removeAttribute(\"style\"),\"height\"===t.message?(1e3<(r=parseInt(t.value,10))?r=1e3:~~r<200&&(r=200),s.height=r):\"link\"===t.message&&(r=new URL(s.getAttribute(\"src\")),n=new URL(t.value),c.test(n.protocol))&&n.host===r.host&&l.activeElement===s&&(d.top.location.href=t.value))}},d.addEventListener(\"message\",d.wp.receiveEmbedMessage,!1),l.addEventListener(\"DOMContentLoaded\",function(){for(var e,t,s=l.querySelectorAll(\"iframe.wp-embedded-content\"),r=0;r<s.length;r++)(t=(e=s[r]).getAttribute(\"data-secret\"))||(t=Math.random().toString(36).substring(2,12),e.src+=\"#?secret=\"+t,e.setAttribute(\"data-secret\",t)),e.contentWindow.postMessage({message:\"ready\",secret:t},\"*\")},!1)))}(window,document);\n\/\/# sourceURL=https:\/\/quechilero.com\/blog\/wp-includes\/js\/wp-embed.min.js\n<\/script>\n"},"jetpack_publicize_connections":[],"jetpack_shortlink":"https:\/\/wp.me\/pDKli-1V","jetpack_sharing_enabled":true,"jetpack-related-posts":[{"id":131,"url":"https:\/\/quechilero.com\/blog\/2006\/08\/14\/frases-celebres\/","url_meta":{"origin":119,"position":0},"title":"Frases c\u00e9lebres","author":"Pepe Barrascout Ortiz","date":"14 agosto 2006","format":false,"excerpt":"Peque\u00f1o recopilatorio de frases que podr\u00edamos clasificar como c\u00e9lebres, solo porque se les ha atribu\u00eddo a alg\u00fan personaje c\u00e9lebre. Otro grupo de frases c\u00e9lebres, dichas por un personaje igual de c\u00e9lebre, las podemos ver haciendo click ac\u00e1. Tambi\u00e9n se puede leer un listado de frases inteligentes sobre la guerra, aqui.\u2026","rel":"","context":"En \u00abLimones\u00bb","block_context":{"text":"Limones","link":"https:\/\/quechilero.com\/blog\/category\/limones\/"},"img":{"alt_text":"","src":"","width":0,"height":0},"classes":[]},{"id":125,"url":"https:\/\/quechilero.com\/blog\/2006\/08\/10\/dia-noj\/","url_meta":{"origin":119,"position":1},"title":"D\u00eda No&#039;j","author":"Pepe Barrascout Ortiz","date":"10 agosto 2006","format":false,"excerpt":"Hoy es mi cumplea\u00f1os, as\u00ed que quiero escribir este post basado en la cosmovisi\u00f3n maya. Seg\u00fan ellos, a mi fecha de nacimiento corresponde el No'j y su glifo es el que se encuentra representado arriba. Aunque el dise\u00f1o del glifo me parece como que muy moderno que digamos, realmente no\u2026","rel":"","context":"En \u00abLimones\u00bb","block_context":{"text":"Limones","link":"https:\/\/quechilero.com\/blog\/category\/limones\/"},"img":{"alt_text":"Glifo Noj","src":"https:\/\/i0.wp.com\/static.flickr.com\/78\/209174230_d2f05be3cf_o.gif?resize=350%2C200","width":350,"height":200},"classes":[]},{"id":389,"url":"https:\/\/quechilero.com\/blog\/2006\/12\/31\/una-flor-entre-las-piedras\/","url_meta":{"origin":119,"position":2},"title":"Una flor entre las piedras","author":"Pepe Barrascout Ortiz","date":"31 diciembre 2006","format":false,"excerpt":"Era una vez una flor que naci\u00f3 en medio de piedras. Qui\u00e9n sabe como, consigui\u00f3 crecer y ser una se\u00f1al de vida en medio de tanta tristeza. Pas\u00f3 una joven y qued\u00f3 admirada con la flor. Luego pens\u00f3 en Dios. Cort\u00f3 la flor y la llev\u00f3 a la iglesia. Una\u2026","rel":"","context":"En \u00abLimones\u00bb","block_context":{"text":"Limones","link":"https:\/\/quechilero.com\/blog\/category\/limones\/"},"img":{"alt_text":"","src":"","width":0,"height":0},"classes":[]},{"id":3136,"url":"https:\/\/quechilero.com\/blog\/2009\/10\/14\/feliz-cumpleanos-kiki\/","url_meta":{"origin":119,"position":3},"title":"Feliz cumplea\u00f1os Kiki","author":"Pepe Barrascout Ortiz","date":"14 octubre 2009","format":false,"excerpt":"Kiki, que Dios te bendiga hoy y siempre, gracias chinita por todo :-D","rel":"","context":"En \u00abLimones\u00bb","block_context":{"text":"Limones","link":"https:\/\/quechilero.com\/blog\/category\/limones\/"},"img":{"alt_text":"","src":"https:\/\/i0.wp.com\/i392.photobucket.com\/albums\/pp7\/pepejaguar\/blog\/01.jpg?resize=350%2C200","width":350,"height":200,"srcset":"https:\/\/i0.wp.com\/i392.photobucket.com\/albums\/pp7\/pepejaguar\/blog\/01.jpg?resize=350%2C200 1x, https:\/\/i0.wp.com\/i392.photobucket.com\/albums\/pp7\/pepejaguar\/blog\/01.jpg?resize=525%2C300 1.5x"},"classes":[]},{"id":2562,"url":"https:\/\/quechilero.com\/blog\/2009\/05\/28\/amigos-reais\/","url_meta":{"origin":119,"position":4},"title":"Amigos Reais","author":"Pepe Barrascout Ortiz","date":"28 mayo 2009","format":false,"excerpt":"Por tr\u00e1s de uma tela fria Aquecida por sonhos Deixo os anseios flu\u00edrem Atrav\u00e9s de uma mensagem virtual. Voc\u00ea responde a mensagem E frases s\u00e3o digitadas Fazendo-me crer, que o mundo virtual Pode ser t\u00e3o verdadeiro e \"real\". Por tr\u00e1s de uma tela fria O envolvimento virtual O controle das\u2026","rel":"","context":"En \u00abLimones\u00bb","block_context":{"text":"Limones","link":"https:\/\/quechilero.com\/blog\/category\/limones\/"},"img":{"alt_text":"","src":"","width":0,"height":0},"classes":[]},{"id":1411,"url":"https:\/\/quechilero.com\/blog\/2008\/10\/14\/solo-tu\/","url_meta":{"origin":119,"position":5},"title":"Solo tu","author":"Pepe Barrascout Ortiz","date":"14 octubre 2008","format":false,"excerpt":"Solo tu me haces sentir lo que siento, solo tu puedes hacer que mi vida de un giro completo, solo tu puedes hacer que me sienta vivo. Feliz Cumplea\u00f1os Kiki, Only You","rel":"","context":"En \u00abLimones\u00bb","block_context":{"text":"Limones","link":"https:\/\/quechilero.com\/blog\/category\/limones\/"},"img":{"alt_text":"","src":"","width":0,"height":0},"classes":[]}],"jetpack_featured_media_url":"","_links":{"self":[{"href":"https:\/\/quechilero.com\/blog\/wp-json\/wp\/v2\/posts\/119","targetHints":{"allow":["GET"]}}],"collection":[{"href":"https:\/\/quechilero.com\/blog\/wp-json\/wp\/v2\/posts"}],"about":[{"href":"https:\/\/quechilero.com\/blog\/wp-json\/wp\/v2\/types\/post"}],"author":[{"embeddable":true,"href":"https:\/\/quechilero.com\/blog\/wp-json\/wp\/v2\/users\/1"}],"replies":[{"embeddable":true,"href":"https:\/\/quechilero.com\/blog\/wp-json\/wp\/v2\/comments?post=119"}],"version-history":[{"count":0,"href":"https:\/\/quechilero.com\/blog\/wp-json\/wp\/v2\/posts\/119\/revisions"}],"wp:attachment":[{"href":"https:\/\/quechilero.com\/blog\/wp-json\/wp\/v2\/media?parent=119"}],"wp:term":[{"taxonomy":"category","embeddable":true,"href":"https:\/\/quechilero.com\/blog\/wp-json\/wp\/v2\/categories?post=119"},{"taxonomy":"post_tag","embeddable":true,"href":"https:\/\/quechilero.com\/blog\/wp-json\/wp\/v2\/tags?post=119"},{"taxonomy":"series","embeddable":true,"href":"https:\/\/quechilero.com\/blog\/wp-json\/wp\/v2\/series?post=119"}],"curies":[{"name":"wp","href":"https:\/\/api.w.org\/{rel}","templated":true}]}}