{"id":117,"date":"2006-08-04T19:06:44","date_gmt":"2006-08-05T01:06:44","guid":{"rendered":"http:\/\/quechilero.com\/blog\/2006\/08\/04\/amor-de-madre\/"},"modified":"2006-08-04T19:06:44","modified_gmt":"2006-08-05T01:06:44","slug":"amor-de-madre","status":"publish","type":"post","link":"https:\/\/quechilero.com\/blog\/2006\/08\/04\/amor-de-madre\/","title":{"rendered":"Amor de Madre"},"content":{"rendered":"<p>Leyendo un post en TecnoChica, le\u00ed una nota que me dej\u00f3 helado y que espero que nunca, nunca, nunca, lo lleguemos a vivir ac\u00e1 en Guatemala, espero que la empresa que lo produce entre en raz\u00f3n y que jam\u00e1s llegue a comercializarse masivamente.<\/p>\n<p>Se ha creado un artilugio que se coloca en las bases de las patas de una cuna y su funci\u00f3n es mecerla, pero eso no es lo peor. Seg\u00fan la nota, simula los latidos del coraz\u00f3n de la madre. Pero que fregados estar\u00edan pensando. Con la excusa de mecer al ni\u00f1o, pero si lo m\u00e1s importante en esa etapa de la vida de cualquiera es sentir la protecci\u00f3n del ser que lo trajo a la vida a uno, sentir su calor, la seguridad que genera y el amor que irradia nunca podr\u00e1 ser sustitu\u00eddo por un <span style=\"font-style: italic\">\u00absimulador de latidos del coraz\u00f3n\u00bb<\/span>. Simplemente no hay sustituto para la compa\u00f1\u00eda materna. Nunca, jam\u00e1s.<\/p>\n<p>Lo que me consuela es que en nuestra amada tierra va a ser casi imposible que los ni\u00f1os bajen del mecapal que los lleva para ubicarse en un artilugio de estos, si hasta un control remoto tiene la fregadera esta, as\u00ed que ni siquiera para encenderlo o apagarlo va a ser necesario que la persona se acerque :(.<\/p>\n<p><a title=\"Photo Sharing\" target=\"new\" href=\"http:\/\/www.flickr.com\/photos\/pepejaguar\/206115037\/\"><img data-recalc-dims=\"1\" loading=\"lazy\" decoding=\"async\" width=\"443\" height=\"161\" border=\"0\" alt=\"Cuna\" src=\"https:\/\/i0.wp.com\/static.flickr.com\/67\/206115037_eab7cbfb96_o.jpg?resize=443%2C161\" \/><\/a><\/p>\n<p>Visto <a target=\"_blank\" href=\"http:\/\/tecnochica.com\/2006\/08\/durmiendo-al-bebe\/\">aqui<\/a><\/p>\n","protected":false},"excerpt":{"rendered":"<p>Leyendo un post en TecnoChica, le\u00ed una nota que me dej\u00f3 helado y que espero que nunca, nunca, nunca, lo lleguemos a vivir ac\u00e1 en Guatemala, espero que la empresa que lo produce entre en raz\u00f3n y que jam\u00e1s llegue a comercializarse masivamente. Se ha creado un artilugio que se coloca en las bases de &#8230; <a title=\"Amor de Madre\" class=\"read-more\" href=\"https:\/\/quechilero.com\/blog\/2006\/08\/04\/amor-de-madre\/\" aria-label=\"Leer m\u00e1s sobre Amor de Madre\">Leer m\u00e1s<\/a><\/p>\n","protected":false},"author":1,"featured_media":0,"comment_status":"open","ping_status":"open","sticky":false,"template":"","format":"standard","meta":{"advanced_seo_description":"","jetpack_seo_html_title":"","jetpack_seo_noindex":false,"jetpack_seo_schema_type":"","episode_type":"","audio_file":"","podmotor_file_id":"","podmotor_episode_id":"","cover_image":"","cover_image_id":"","duration":"","filesize":"","filesize_raw":"","date_recorded":"","explicit":"","block":"","_jetpack_newsletter_access":"","_jetpack_dont_email_post_to_subs":false,"_jetpack_newsletter_tier_id":0,"_jetpack_memberships_contains_paywalled_content":false,"_jetpack_feature_clip_id":0,"_jetpack_memberships_contains_paid_content":false,"footnotes":"","jetpack_publicize_message":"","jetpack_publicize_feature_enabled":true,"jetpack_social_post_already_shared":false,"jetpack_social_options":{"image_generator_settings":{"template":"highway","default_image_id":0,"font":"","enabled":false},"version":2},"jetpack_post_was_ever_published":false},"categories":[2],"tags":[15,10,39,24],"series":[],"class_list":["post-117","post","type-post","status-publish","format-standard","hentry","category-limones","tag-amor","tag-guatemala","tag-madre","tag-vida"],"episode_featured_image":false,"episode_player_image":"https:\/\/i0.wp.com\/quechilero.com\/blog\/imagenes\/podcast.png?fit=1831%2C1831&ssl=1","download_link":"","player_link":"","audio_player":false,"episode_data":{"playerMode":"dark","subscribeUrls":{"amazon":{"key":"amazon","url":"","label":"Amazon","class":"amazon","icon":"amazon.png"},"apple_podcasts":{"key":"apple_podcasts","url":"","label":"Apple Podcasts","class":"apple_podcasts","icon":"apple-podcasts.png"},"castbox":{"key":"castbox","url":"","label":"CastBox","class":"castbox","icon":"castbox.png"},"deezer":{"key":"deezer","url":"","label":"Deezer","class":"deezer","icon":"deezer.png"},"google_podcasts":{"key":"google_podcasts","url":"","label":"Google Podcasts","class":"google_podcasts","icon":"google-podcasts.png"},"listen_notes":{"key":"listen_notes","url":"","label":"Listen Notes","class":"listen_notes","icon":"listen-notes.png"},"pandora":{"key":"pandora","url":"","label":"Pandora","class":"pandora","icon":"pandora.png"},"podbean":{"key":"podbean","url":"","label":"Podbean","class":"podbean","icon":"podbean.png"},"podcast_republic":{"key":"podcast_republic","url":"","label":"Podcast Republic","class":"podcast_republic","icon":"podcast-republic.png"},"rss":{"key":"rss","url":"","label":"RSS","class":"rss","icon":"rss.png"},"spotify":{"key":"spotify","url":"","label":"Spotify","class":"spotify","icon":"spotify.png"},"stitcher":{"key":"stitcher","url":"","label":"Stitcher","class":"stitcher","icon":"stitcher.png"},"tunein":{"key":"tunein","url":"","label":"TuneIn","class":"tunein","icon":"tunein.png"},"youtube":{"key":"youtube","url":"","label":"YouTube","class":"youtube","icon":"youtube.png"},"iheartradio":{"key":"iheartradio","url":"","label":"iHeartRadio","class":"iheartradio","icon":"iheartradio.png"},"ivoox":{"key":"ivoox","url":"","label":"iVoox","class":"ivoox","icon":"ivoox.png"}},"rssFeedUrl":"https:\/\/quechilero.com\/blog\/feed\/podcast\/si-la-vida-nos-da-limones","embedCode":"<blockquote class=\"wp-embedded-content\" data-secret=\"xOkiKNk0Ix\"><a href=\"https:\/\/quechilero.com\/blog\/2006\/08\/04\/amor-de-madre\/\">Amor de Madre<\/a><\/blockquote><iframe sandbox=\"allow-scripts\" security=\"restricted\" src=\"https:\/\/quechilero.com\/blog\/2006\/08\/04\/amor-de-madre\/embed\/#?secret=xOkiKNk0Ix\" width=\"500\" height=\"350\" title=\"\u00abAmor de Madre\u00bb \u2014 Si la Vida nos da Limones...\" data-secret=\"xOkiKNk0Ix\" frameborder=\"0\" marginwidth=\"0\" marginheight=\"0\" scrolling=\"no\" class=\"wp-embedded-content\"><\/iframe><script>\n\/*! This file is auto-generated *\/\n!function(d,l){\"use strict\";l.querySelector&&d.addEventListener&&\"undefined\"!=typeof URL&&(d.wp=d.wp||{},d.wp.receiveEmbedMessage||(d.wp.receiveEmbedMessage=function(e){var t=e.data;if((t||t.secret||t.message||t.value)&&!\/[^a-zA-Z0-9]\/.test(t.secret)){for(var s,r,n,a=l.querySelectorAll('iframe[data-secret=\"'+t.secret+'\"]'),o=l.querySelectorAll('blockquote[data-secret=\"'+t.secret+'\"]'),c=new RegExp(\"^https?:$\",\"i\"),i=0;i<o.length;i++)o[i].style.display=\"none\";for(i=0;i<a.length;i++)s=a[i],e.source===s.contentWindow&&(s.removeAttribute(\"style\"),\"height\"===t.message?(1e3<(r=parseInt(t.value,10))?r=1e3:~~r<200&&(r=200),s.height=r):\"link\"===t.message&&(r=new URL(s.getAttribute(\"src\")),n=new URL(t.value),c.test(n.protocol))&&n.host===r.host&&l.activeElement===s&&(d.top.location.href=t.value))}},d.addEventListener(\"message\",d.wp.receiveEmbedMessage,!1),l.addEventListener(\"DOMContentLoaded\",function(){for(var e,t,s=l.querySelectorAll(\"iframe.wp-embedded-content\"),r=0;r<s.length;r++)(t=(e=s[r]).getAttribute(\"data-secret\"))||(t=Math.random().toString(36).substring(2,12),e.src+=\"#?secret=\"+t,e.setAttribute(\"data-secret\",t)),e.contentWindow.postMessage({message:\"ready\",secret:t},\"*\")},!1)))}(window,document);\n\/\/# sourceURL=https:\/\/quechilero.com\/blog\/wp-includes\/js\/wp-embed.min.js\n<\/script>\n"},"jetpack_publicize_connections":[],"jetpack_shortlink":"https:\/\/wp.me\/pDKli-1T","jetpack_sharing_enabled":true,"jetpack-related-posts":[{"id":3569,"url":"https:\/\/quechilero.com\/blog\/2009\/08\/15\/virgen-de-la-asuncion\/","url_meta":{"origin":117,"position":0},"title":"Virgen de la Asunci\u00f3n","author":"Pepe Barrascout Ortiz","date":"15 agosto 2009","format":false,"excerpt":"Explicaci\u00f3n de la fiesta La Asunci\u00f3n es un mensaje de esperanza que nos hace pensar en la dicha de alcanzar el Cielo, la gloria de Dios y en la alegr\u00eda de tener una madre que ha alcanzado la meta a la que nosotros caminamos. Este d\u00eda, recordamos que Mar\u00eda es\u2026","rel":"","context":"En \u00abLimones\u00bb","block_context":{"text":"Limones","link":"https:\/\/quechilero.com\/blog\/category\/limones\/"},"img":{"alt_text":"","src":"","width":0,"height":0},"classes":[]},{"id":6360,"url":"https:\/\/quechilero.com\/blog\/2010\/11\/14\/a-mi-madre\/","url_meta":{"origin":117,"position":1},"title":"A mi madre","author":"Pepe Barrascout Ortiz","date":"14 noviembre 2010","format":false,"excerpt":"A mi madre Te fuiste de mi lado. En silencio fue tu partida. Mi coraz\u00f3n se ha desangrado por tan s\u00fabita despedida. Tu esp\u00edritu luchador a la vida se aferraba. M\u00e1s Dios, desesperado, a su lado te llamaba. En \u00e1ngel te has convertido. Velando por nosotros est\u00e1s. Aguardando que se\u2026","rel":"","context":"En \u00abLimones\u00bb","block_context":{"text":"Limones","link":"https:\/\/quechilero.com\/blog\/category\/limones\/"},"img":{"alt_text":"","src":"","width":0,"height":0},"classes":[]},{"id":495,"url":"https:\/\/quechilero.com\/blog\/2007\/04\/01\/honestidad\/","url_meta":{"origin":117,"position":2},"title":"Honestidad","author":"Pepe Barrascout Ortiz","date":"1 abril 2007","format":false,"excerpt":"A veces debi\u00e9ramos concedernos un permiso fundamental: el permiso de ser nosotros mismos. No todos tienen este problema; pero hay quienes tienen una imagen de s\u00ed tan idealizada, elevada e irreal, que nunca pueden alcanzarla. Otros malgastan toda una vida esforz\u00e1ndose por llegar a ser lo que otras personas esperan\u2026","rel":"","context":"En \u00abLimones\u00bb","block_context":{"text":"Limones","link":"https:\/\/quechilero.com\/blog\/category\/limones\/"},"img":{"alt_text":"","src":"","width":0,"height":0},"classes":[]},{"id":1057,"url":"https:\/\/quechilero.com\/blog\/2008\/09\/15\/la-nina-de-guatemala\/","url_meta":{"origin":117,"position":3},"title":"La Ni\u00f1a de Guatemala","author":"Pepe Barrascout Ortiz","date":"15 septiembre 2008","format":false,"excerpt":"Quiero, a la sombra de un ala, Contar este cuento en flor: La ni\u00f1a de Guatemala, La que se muri\u00f3 de amor. Eran de lirios los ramos, Y las orlas de reseda Y de jazm\u00edn: la enterramos En una caja de seda. ...Ella dio al desmemoriado Una almohadilla de olor:\u2026","rel":"","context":"En \u00abLimones\u00bb","block_context":{"text":"Limones","link":"https:\/\/quechilero.com\/blog\/category\/limones\/"},"img":{"alt_text":"","src":"","width":0,"height":0},"classes":[]},{"id":14521,"url":"https:\/\/quechilero.com\/blog\/2012\/09\/14\/libre\/","url_meta":{"origin":117,"position":4},"title":"Libre","author":"Pepe Barrascout Ortiz","date":"14 septiembre 2012","format":false,"excerpt":"Hubo un tiempo en mi vida en que si me preguntabas: \"\u00bfQu\u00e9 fue lo \u00faltimo que hiciste mal?\", pod\u00eda haberte detallado el preciso instante en que lo hab\u00eda hecho y cu\u00e1nto tiempo estuve pagando por ello. Me apenaba por cada m\u00ednimo error que comet\u00eda y con gran desesperaci\u00f3n intentaba no\u2026","rel":"","context":"En \u00abLimones\u00bb","block_context":{"text":"Limones","link":"https:\/\/quechilero.com\/blog\/category\/limones\/"},"img":{"alt_text":"","src":"","width":0,"height":0},"classes":[]},{"id":19974,"url":"https:\/\/quechilero.com\/blog\/2015\/03\/26\/no-estamos-lejos-de-aprender\/","url_meta":{"origin":117,"position":5},"title":"No estamos lejos de aprender","author":"Pepe Barrascout Ortiz","date":"26 marzo 2015","format":false,"excerpt":"Un ni\u00f1o parcialmente sordo volvi\u00f3 a su casa despu\u00e9s de la escuela. En sus manos tra\u00eda una nota. Era una nota de las autoridades de la escuela, sugiri\u00e9ndoles a sus padres que lo sacaran de la misma. De acuerdo con estas sabias autoridades, este ni\u00f1o era \"demasiado est\u00e9ril e improductivo\u2026","rel":"","context":"En \u00abLimones\u00bb","block_context":{"text":"Limones","link":"https:\/\/quechilero.com\/blog\/category\/limones\/"},"img":{"alt_text":"","src":"","width":0,"height":0},"classes":[]}],"jetpack_featured_media_url":"","_links":{"self":[{"href":"https:\/\/quechilero.com\/blog\/wp-json\/wp\/v2\/posts\/117","targetHints":{"allow":["GET"]}}],"collection":[{"href":"https:\/\/quechilero.com\/blog\/wp-json\/wp\/v2\/posts"}],"about":[{"href":"https:\/\/quechilero.com\/blog\/wp-json\/wp\/v2\/types\/post"}],"author":[{"embeddable":true,"href":"https:\/\/quechilero.com\/blog\/wp-json\/wp\/v2\/users\/1"}],"replies":[{"embeddable":true,"href":"https:\/\/quechilero.com\/blog\/wp-json\/wp\/v2\/comments?post=117"}],"version-history":[{"count":0,"href":"https:\/\/quechilero.com\/blog\/wp-json\/wp\/v2\/posts\/117\/revisions"}],"wp:attachment":[{"href":"https:\/\/quechilero.com\/blog\/wp-json\/wp\/v2\/media?parent=117"}],"wp:term":[{"taxonomy":"category","embeddable":true,"href":"https:\/\/quechilero.com\/blog\/wp-json\/wp\/v2\/categories?post=117"},{"taxonomy":"post_tag","embeddable":true,"href":"https:\/\/quechilero.com\/blog\/wp-json\/wp\/v2\/tags?post=117"},{"taxonomy":"series","embeddable":true,"href":"https:\/\/quechilero.com\/blog\/wp-json\/wp\/v2\/series?post=117"}],"curies":[{"name":"wp","href":"https:\/\/api.w.org\/{rel}","templated":true}]}}