{"id":11670,"date":"2012-01-11T08:00:43","date_gmt":"2012-01-11T14:00:43","guid":{"rendered":"http:\/\/quechilero.com\/blog\/?p=11670"},"modified":"2012-01-11T08:00:43","modified_gmt":"2012-01-11T14:00:43","slug":"entre-el-primer-y-el-tercer-mundo","status":"publish","type":"post","link":"https:\/\/quechilero.com\/blog\/2012\/01\/11\/entre-el-primer-y-el-tercer-mundo\/","title":{"rendered":"Entre el \u00abprimer\u00bb y el \u00abtercer\u00bb mundo"},"content":{"rendered":"<p>Muchas cosas, son las que definen el concepto de <em>primer mundo y tercer mundo<\/em>, que tanto se repite y se menciona en diferentes contextos y tonalidades, desde los que le dan un <em>tono econ\u00f3mico<\/em>, hasta quienes lo hacen como una <em>forma elegante de ofensa<\/em>\u00a0y menosprecio hacia otras personas.<\/p>\n<p>La idea general, surgi\u00f3 del \u00e1rea econ\u00f3mica, para decir <em>los que tienen poder econ\u00f3mico y los que no<\/em>. Tuve la suerte de nacer en un pa\u00eds denominado por otros y lamentablemente por nosotros mismos, como <em>tercermundista, en v\u00edas de desarrollo<\/em>\u00a0lo llaman otros.<\/p>\n<p>Lo \u00fanico es que esas <em>\u00abv\u00edas\u00bb<\/em>\u00a0no llevan a ning\u00fan lado y menos al desarrollo, al menos en nuestro caso y en nuestro futuro a corto y mediano plazo, aunque siempre queda la esperanza, de que alg\u00fan d\u00eda no sea as\u00ed. Por momentos, al igual que muchos <em>guatemaltecos<\/em>\u00a0que d\u00eda a d\u00eda trabajan, no vemos que ese <em>estatus<\/em>\u00a0de <em>tercermundista<\/em>\u00a0llegue a cambiar nunca y hay quienes piensan que eso <em>tiene<\/em>\u00a0que ser as\u00ed para siempre y que simplemente estamos condenados a ser del <em>tercer mundo<\/em>.<\/p>\n<p><a href=\"http:\/\/s392.photobucket.com\/albums\/pp7\/pepejaguar\/blog\/?action=view&amp;current=encuentra-las-10-diferencias.jpg\"><img data-recalc-dims=\"1\" decoding=\"async\" class=\"alignnone\" src=\"https:\/\/i0.wp.com\/i392.photobucket.com\/albums\/pp7\/pepejaguar\/blog\/encuentra-las-10-diferencias.jpg?w=560\" alt=\"\"  \/><\/a><\/p>\n<p>Esta es una de las tantas razones, por las que algunos <em>emigran<\/em>\u00a0hacia otros pa\u00edses, en especial hacia los Estados Unidos, porque creen que sus esfuerzos en Guatemala, no lo est\u00e1n llevando hacia ning\u00fan lado, ni a la prosperidad ni al tan anhelado <em>primer mundo<\/em>. La forma mas r\u00e1pida y f\u00e1cil es emigrar. En parte talvez tengan raz\u00f3n, en parte talvez est\u00e1n cansados ya, en parte quiz\u00e1 no quieran esperar a ver si alg\u00fan d\u00eda llega a pasar.<\/p>\n<p>De cualquier forma, no es el tema de la <em>emigraci\u00f3n<\/em>\u00a0sino el del <em>subdesarrollo y corrupci\u00f3n sobre todo<\/em>\u00a0el que mantiene a nuestro pa\u00eds, en ese <em>estatus permanente<\/em>. Sin embargo, para <em>sorpresa de muchos<\/em>, en especial de los <em>primermundistas<\/em>, hay pa\u00edses, que por sus propios medios, est\u00e1n haciendo esfuerzos, traz\u00e1ndose planes, alcanzando metas y haciendo lo necesario, para demostrar que se puede salir de este <em>sopor<\/em>, en el que por much\u00edsimas generaciones, hemos estado.<\/p>\n<p>Y no me refiero a los pa\u00edses del <em>pac\u00edfico asi\u00e1tico<\/em>, como\u00a0Corea\u00a0del Sur, Indonesia y otros llamados los <em>tigres asi\u00e1ticos<\/em>, que incluso tienen un mayor ingreso <em>per c\u00e1pita<\/em>, que en los Estados Unidos, para no ir muy lejos, ac\u00e1 en <em>latinoam\u00e9rica<\/em>, se destaca principalmente <em>Brasil<\/em>, un pa\u00eds de muchos contrastes y que se ha logrado meter entre el principal grupo de pa\u00edses econ\u00f3micos a nivel mundial, poniendo su nombre en el listado de las econom\u00edas mas fuertes, le sigue los pasos <em>Chile<\/em>, que a pesar de ser un pa\u00eds eminentemente s\u00edsmico, sabe como organizarse para no sucumbir a la primera, como de forma recurrente ocurre en Guatemala.<\/p>\n<p>Pero estos pa\u00edses y otros mas que est\u00e1n cambiando su <em>estatus econ\u00f3mico<\/em>, no lo han hecho haciendo las mismas cosas y esperando resultados diferentes, se han sentado a planear y mas importante a\u00fan, a ejecutar ese plan y a alcanzar los objetivos y metas propuestas, a eliminar la corrupci\u00f3n y a tener la visi\u00f3n de querer cambiar y mejorar su nivel de vida.<\/p>\n<p>Hasta que en Guatemala no se piense de esa forma, seguiremos siendo <em>un paisito tropical, tercermundista, donde la gente muere por un tel\u00e9fono celular y a veces por menos<\/em>. A prop\u00f3sito de tel\u00e9fonos celulares, no puedo quitar de mi mente, la m\u00e1quina expendedora de celulares de primera generaci\u00f3n (similar a la de gaseosas) que vi en <em>Las Vegas<\/em>, que entre otros, permit\u00eda comprar desde celulares hasta computadoras. Por cierto la m\u00e1quina expendedora de tecnolog\u00eda, estaba en la calle, donde la gente no mata por un celular, sino que va y lo compra en cualquier esquina.<\/p>\n<p>Por el momento, <em>Guatemala estado civil: tercermundista<\/em>.<\/p>\n","protected":false},"excerpt":{"rendered":"<p>Muchas cosas, son las que definen el concepto de primer mundo y tercer mundo, que tanto se repite y se menciona en diferentes contextos y tonalidades, desde los que le dan un tono econ\u00f3mico, hasta quienes lo hacen como una forma elegante de ofensa\u00a0y menosprecio hacia otras personas. La idea general, surgi\u00f3 del \u00e1rea econ\u00f3mica, &#8230; <a title=\"Entre el \u00abprimer\u00bb y el \u00abtercer\u00bb mundo\" class=\"read-more\" href=\"https:\/\/quechilero.com\/blog\/2012\/01\/11\/entre-el-primer-y-el-tercer-mundo\/\" aria-label=\"Leer m\u00e1s sobre Entre el \u00abprimer\u00bb y el \u00abtercer\u00bb mundo\">Leer m\u00e1s<\/a><\/p>\n","protected":false},"author":1,"featured_media":0,"comment_status":"open","ping_status":"open","sticky":false,"template":"","format":"standard","meta":{"advanced_seo_description":"","jetpack_seo_html_title":"","jetpack_seo_noindex":false,"jetpack_seo_schema_type":"","episode_type":"","audio_file":"","podmotor_file_id":"","podmotor_episode_id":"","cover_image":"","cover_image_id":"","duration":"","filesize":"","filesize_raw":"","date_recorded":"","explicit":"","block":"","_jetpack_newsletter_access":"","_jetpack_dont_email_post_to_subs":false,"_jetpack_newsletter_tier_id":0,"_jetpack_memberships_contains_paywalled_content":false,"_jetpack_feature_clip_id":0,"_jetpack_memberships_contains_paid_content":false,"footnotes":"","jetpack_publicize_message":"","jetpack_publicize_feature_enabled":true,"jetpack_social_post_already_shared":false,"jetpack_social_options":{"image_generator_settings":{"template":"highway","default_image_id":0,"font":"","enabled":false},"version":2},"jetpack_post_was_ever_published":false},"categories":[2],"tags":[12,51,49,32,10,9,3,55,24],"series":[],"class_list":["post-11670","post","type-post","status-publish","format-standard","hentry","category-limones","tag-cosas","tag-dios","tag-esfuerzo","tag-especial","tag-guatemala","tag-idea","tag-resultados","tag-tecnologia","tag-vida"],"episode_featured_image":false,"episode_player_image":"https:\/\/i0.wp.com\/quechilero.com\/blog\/imagenes\/podcast.png?fit=1831%2C1831&ssl=1","download_link":"","player_link":"","audio_player":false,"episode_data":{"playerMode":"dark","subscribeUrls":{"amazon":{"key":"amazon","url":"","label":"Amazon","class":"amazon","icon":"amazon.png"},"apple_podcasts":{"key":"apple_podcasts","url":"","label":"Apple Podcasts","class":"apple_podcasts","icon":"apple-podcasts.png"},"castbox":{"key":"castbox","url":"","label":"CastBox","class":"castbox","icon":"castbox.png"},"deezer":{"key":"deezer","url":"","label":"Deezer","class":"deezer","icon":"deezer.png"},"google_podcasts":{"key":"google_podcasts","url":"","label":"Google Podcasts","class":"google_podcasts","icon":"google-podcasts.png"},"listen_notes":{"key":"listen_notes","url":"","label":"Listen Notes","class":"listen_notes","icon":"listen-notes.png"},"pandora":{"key":"pandora","url":"","label":"Pandora","class":"pandora","icon":"pandora.png"},"podbean":{"key":"podbean","url":"","label":"Podbean","class":"podbean","icon":"podbean.png"},"podcast_republic":{"key":"podcast_republic","url":"","label":"Podcast Republic","class":"podcast_republic","icon":"podcast-republic.png"},"rss":{"key":"rss","url":"","label":"RSS","class":"rss","icon":"rss.png"},"spotify":{"key":"spotify","url":"","label":"Spotify","class":"spotify","icon":"spotify.png"},"stitcher":{"key":"stitcher","url":"","label":"Stitcher","class":"stitcher","icon":"stitcher.png"},"tunein":{"key":"tunein","url":"","label":"TuneIn","class":"tunein","icon":"tunein.png"},"youtube":{"key":"youtube","url":"","label":"YouTube","class":"youtube","icon":"youtube.png"},"iheartradio":{"key":"iheartradio","url":"","label":"iHeartRadio","class":"iheartradio","icon":"iheartradio.png"},"ivoox":{"key":"ivoox","url":"","label":"iVoox","class":"ivoox","icon":"ivoox.png"}},"rssFeedUrl":"https:\/\/quechilero.com\/blog\/feed\/podcast\/si-la-vida-nos-da-limones","embedCode":"<blockquote class=\"wp-embedded-content\" data-secret=\"NAZMgFfMfr\"><a href=\"https:\/\/quechilero.com\/blog\/2012\/01\/11\/entre-el-primer-y-el-tercer-mundo\/\">Entre el \u00abprimer\u00bb y el \u00abtercer\u00bb mundo<\/a><\/blockquote><iframe sandbox=\"allow-scripts\" security=\"restricted\" src=\"https:\/\/quechilero.com\/blog\/2012\/01\/11\/entre-el-primer-y-el-tercer-mundo\/embed\/#?secret=NAZMgFfMfr\" width=\"500\" height=\"350\" title=\"\u00abEntre el \u00abprimer\u00bb y el \u00abtercer\u00bb mundo\u00bb \u2014 Si la Vida nos da Limones...\" data-secret=\"NAZMgFfMfr\" frameborder=\"0\" marginwidth=\"0\" marginheight=\"0\" scrolling=\"no\" class=\"wp-embedded-content\"><\/iframe><script>\n\/*! This file is auto-generated *\/\n!function(d,l){\"use strict\";l.querySelector&&d.addEventListener&&\"undefined\"!=typeof URL&&(d.wp=d.wp||{},d.wp.receiveEmbedMessage||(d.wp.receiveEmbedMessage=function(e){var t=e.data;if((t||t.secret||t.message||t.value)&&!\/[^a-zA-Z0-9]\/.test(t.secret)){for(var s,r,n,a=l.querySelectorAll('iframe[data-secret=\"'+t.secret+'\"]'),o=l.querySelectorAll('blockquote[data-secret=\"'+t.secret+'\"]'),c=new RegExp(\"^https?:$\",\"i\"),i=0;i<o.length;i++)o[i].style.display=\"none\";for(i=0;i<a.length;i++)s=a[i],e.source===s.contentWindow&&(s.removeAttribute(\"style\"),\"height\"===t.message?(1e3<(r=parseInt(t.value,10))?r=1e3:~~r<200&&(r=200),s.height=r):\"link\"===t.message&&(r=new URL(s.getAttribute(\"src\")),n=new URL(t.value),c.test(n.protocol))&&n.host===r.host&&l.activeElement===s&&(d.top.location.href=t.value))}},d.addEventListener(\"message\",d.wp.receiveEmbedMessage,!1),l.addEventListener(\"DOMContentLoaded\",function(){for(var e,t,s=l.querySelectorAll(\"iframe.wp-embedded-content\"),r=0;r<s.length;r++)(t=(e=s[r]).getAttribute(\"data-secret\"))||(t=Math.random().toString(36).substring(2,12),e.src+=\"#?secret=\"+t,e.setAttribute(\"data-secret\",t)),e.contentWindow.postMessage({message:\"ready\",secret:t},\"*\")},!1)))}(window,document);\n\/\/# sourceURL=https:\/\/quechilero.com\/blog\/wp-includes\/js\/wp-embed.min.js\n<\/script>\n"},"jetpack_publicize_connections":[],"jetpack_shortlink":"https:\/\/wp.me\/pDKli-32e","jetpack_sharing_enabled":true,"jetpack-related-posts":[{"id":3001,"url":"https:\/\/quechilero.com\/blog\/2009\/06\/30\/panico-en-la-blogosfera\/","url_meta":{"origin":11670,"position":0},"title":"P\u00e1nico en la blog\u00f3sfera","author":"Pepe Barrascout Ortiz","date":"30 junio 2009","format":false,"excerpt":"Desde el viernes 27 de junio, Guatemala se ha visto negada, de la posibilidad de acceso a la informaci\u00f3n, espec\u00edficamente el acceso a todos aquellos blogs que se encuentran bajo el dominio de wordpress.com, el bloqueo ha sido ejecutado por los ISP's de mayores usuarios en el pa\u00eds: Tigo, Turbonett\u2026","rel":"","context":"En \u00abLimones\u00bb","block_context":{"text":"Limones","link":"https:\/\/quechilero.com\/blog\/category\/limones\/"},"img":{"alt_text":"","src":"https:\/\/i0.wp.com\/i392.photobucket.com\/albums\/pp7\/pepejaguar\/blog\/telefonica2.png?resize=350%2C200","width":350,"height":200,"srcset":"https:\/\/i0.wp.com\/i392.photobucket.com\/albums\/pp7\/pepejaguar\/blog\/telefonica2.png?resize=350%2C200 1x, https:\/\/i0.wp.com\/i392.photobucket.com\/albums\/pp7\/pepejaguar\/blog\/telefonica2.png?resize=525%2C300 1.5x"},"classes":[]},{"id":5184,"url":"https:\/\/quechilero.com\/blog\/2010\/08\/01\/maraton-de-blogs-recapitulando-2\/","url_meta":{"origin":11670,"position":1},"title":"Marat\u00f3n de Blogs: Recapitulando","author":"Pepe Barrascout Ortiz","date":"1 agosto 2010","format":false,"excerpt":"Arranca una vez mas, el Marat\u00f3n de Blogs 2010, que tiene como objetivo, dar a conocer y promocionar, los blogs. En lo personal, me gusta promocionar los Blogs de Guatemala, porque hay tantos de tan buena calidad, que merecen ser conocidos y le\u00eddos, seg\u00fan mi criterio personal. La selecci\u00f3n para\u2026","rel":"","context":"En \u00abBlogs de Guatemala\u00bb","block_context":{"text":"Blogs de Guatemala","link":"https:\/\/quechilero.com\/blog\/category\/blogs-de-guatemala\/"},"img":{"alt_text":"","src":"https:\/\/i0.wp.com\/i392.photobucket.com\/albums\/pp7\/pepejaguar\/maraton\/maraton468x602010.jpg?resize=350%2C200","width":350,"height":200},"classes":[]},{"id":661,"url":"https:\/\/quechilero.com\/blog\/2007\/08\/20\/maraton-de-blogs-octava-maravilla\/","url_meta":{"origin":11670,"position":2},"title":"Marat\u00f3n de Blogs &#8211; Octava Maravilla","author":"Pepe Barrascout Ortiz","date":"20 agosto 2007","format":false,"excerpt":"Sigue el Marat\u00f3n de Blogs, con este texto publicado originalmente en el blog Voces Equilibradas, a prop\u00f3sito de la elecci\u00f3n de las nuevas siete maravillas del mundo, Voces Equilibradas nos propone a la octava maravilla, la cual comparto y para secundar la propuesta, reproduzco el texto publicado. ********** La Octava\u2026","rel":"","context":"En \u00abLimones\u00bb","block_context":{"text":"Limones","link":"https:\/\/quechilero.com\/blog\/category\/limones\/"},"img":{"alt_text":"","src":"","width":0,"height":0},"classes":[]},{"id":8702,"url":"https:\/\/quechilero.com\/blog\/2011\/06\/20\/viajando-por-el-mundo-texas\/","url_meta":{"origin":11670,"position":3},"title":"Viajando por el Mundo: Texas","author":"Pepe Barrascout Ortiz","date":"20 junio 2011","format":false,"excerpt":"Viajando por el Mundo, hoy vamos a\u00a0Texas. Es un estado situado en la regi\u00f3n Sur de Estados Unidos. Tanto en extensi\u00f3n como en poblaci\u00f3n es el segundo de los estados de Estados Unidos; abarca 696.241 km\u00b2 y posee una poblaci\u00f3n de 24,7 millones, en constante aumento. Limita al sur con\u2026","rel":"","context":"En \u00abLimones por mano\u00bb","block_context":{"text":"Limones por mano","link":"https:\/\/quechilero.com\/blog\/category\/limones-por-mano\/"},"img":{"alt_text":"","src":"","width":0,"height":0},"classes":[]},{"id":12782,"url":"https:\/\/quechilero.com\/blog\/2012\/03\/05\/el-exito-es-accion\/","url_meta":{"origin":11670,"position":4},"title":"El \u00e9xito es acci\u00f3n","author":"Pepe Barrascout Ortiz","date":"5 marzo 2012","format":false,"excerpt":"Los necios, con todos sus otros pensamientos, tambi\u00e9n tienen este: siempre se est\u00e1n preparando para vivir, pero nunca viven. Nuestro \u00e9xito comenzar\u00e1 cuando comencemos a trabajar por \u00e9l. Para alcanzar nuestras metas o lograr el \u00e9xito, no necesitamos tener todas las respuestas por adelantado. S\u00f3lo necesitamos tener una idea clara\u2026","rel":"","context":"En \u00abLimones\u00bb","block_context":{"text":"Limones","link":"https:\/\/quechilero.com\/blog\/category\/limones\/"},"img":{"alt_text":"","src":"","width":0,"height":0},"classes":[]},{"id":11437,"url":"https:\/\/quechilero.com\/blog\/2011\/12\/17\/donde-esta-tu-tesoro\/","url_meta":{"origin":11670,"position":5},"title":"\u00bfD\u00f3nde est\u00e1 t\u00fa tesoro?","author":"Pepe Barrascout Ortiz","date":"17 diciembre 2011","format":false,"excerpt":"\u00bfPiensas mucho en dinero? Pues all\u00ed est\u00e1 tu tesoro. \u00bfTus pensamientos est\u00e1n en el amor? All\u00ed est\u00e1 tu tesoro. \u00bfTe absorbe tu trabajo? Ah\u00ed est\u00e1 tu principal valor. \u00bfQu\u00e9 te ocupa? \u00bfQu\u00e9 te preocupa? \u00bfCu\u00e1les ideas est\u00e1n contigo casi siempre? \u00bfQu\u00e9 es lo que m\u00e1s valoras? Si tienes signo de\u2026","rel":"","context":"En \u00abLimones\u00bb","block_context":{"text":"Limones","link":"https:\/\/quechilero.com\/blog\/category\/limones\/"},"img":{"alt_text":"","src":"","width":0,"height":0},"classes":[]}],"jetpack_featured_media_url":"","_links":{"self":[{"href":"https:\/\/quechilero.com\/blog\/wp-json\/wp\/v2\/posts\/11670","targetHints":{"allow":["GET"]}}],"collection":[{"href":"https:\/\/quechilero.com\/blog\/wp-json\/wp\/v2\/posts"}],"about":[{"href":"https:\/\/quechilero.com\/blog\/wp-json\/wp\/v2\/types\/post"}],"author":[{"embeddable":true,"href":"https:\/\/quechilero.com\/blog\/wp-json\/wp\/v2\/users\/1"}],"replies":[{"embeddable":true,"href":"https:\/\/quechilero.com\/blog\/wp-json\/wp\/v2\/comments?post=11670"}],"version-history":[{"count":0,"href":"https:\/\/quechilero.com\/blog\/wp-json\/wp\/v2\/posts\/11670\/revisions"}],"wp:attachment":[{"href":"https:\/\/quechilero.com\/blog\/wp-json\/wp\/v2\/media?parent=11670"}],"wp:term":[{"taxonomy":"category","embeddable":true,"href":"https:\/\/quechilero.com\/blog\/wp-json\/wp\/v2\/categories?post=11670"},{"taxonomy":"post_tag","embeddable":true,"href":"https:\/\/quechilero.com\/blog\/wp-json\/wp\/v2\/tags?post=11670"},{"taxonomy":"series","embeddable":true,"href":"https:\/\/quechilero.com\/blog\/wp-json\/wp\/v2\/series?post=11670"}],"curies":[{"name":"wp","href":"https:\/\/api.w.org\/{rel}","templated":true}]}}