{"id":11492,"date":"2012-01-06T08:00:32","date_gmt":"2012-01-06T14:00:32","guid":{"rendered":"http:\/\/quechilero.com\/blog\/?p=11492"},"modified":"2012-01-06T08:00:32","modified_gmt":"2012-01-06T14:00:32","slug":"a-expensas-del-tronco","status":"publish","type":"post","link":"https:\/\/quechilero.com\/blog\/2012\/01\/06\/a-expensas-del-tronco\/","title":{"rendered":"A expensas del Tronco"},"content":{"rendered":"<p>En el sur de los Estados Unidos existe un tipo de vid que es par\u00e1sita, sube por los troncos y se adhiere a \u00e1rboles saludables y fuertes. Esta uva oscura del tama\u00f1o de una nuez se usa para hacer dulces y jaleas, y algunos sure\u00f1os usan la piel para hacer pastel de fruta. El fruto que produce este tipo de vid les ha servido a muchas familias pobres durante muchos a\u00f1os. En a\u00f1os recientes, esta clase de vid se ha hecho m\u00e1s popular y este tipo de uva se puede comprar casi en todas partes en el sur del pa\u00eds.<\/p>\n<p>A pesar de lo gustosa, variada y rica que es, esta clase de vid no puede existir por s\u00ed misma. Necesita el soporte de \u00e1rboles bien firmes y arraigados a los cuales adherirse para sustentarse. Si esta vid se le separa del \u00e1rbol que le sirve de sost\u00e9n, se seca y deja de dar fruto.<\/p>\n<p>Como la vid, no podemos sobrevivir sin una total dependencia de Dios. Sin \u00c9l no tenemos una verdadera, gu\u00eda o alimento, y no podemos dar fruto.<\/p>\n<p>Sin embargo, podemos aprender a adherirnos al Se\u00f1or rindiendo nuestras vidas a \u00c9l. Podemos alimentarnos estudiando la Biblia, orando, adorando a Dios, sirvi\u00e9ndole y obedeci\u00e9ndole de todo coraz\u00f3n. Como la vid, al adherirnos a nuestra Fuente podremos crecer saludablemente y dar mucho fruto bueno.<\/p>\n","protected":false},"excerpt":{"rendered":"<p>En el sur de los Estados Unidos existe un tipo de vid que es par\u00e1sita, sube por los troncos y se adhiere a \u00e1rboles saludables y fuertes. Esta uva oscura del tama\u00f1o de una nuez se usa para hacer dulces y jaleas, y algunos sure\u00f1os usan la piel para hacer pastel de fruta. El fruto &#8230; <a title=\"A expensas del Tronco\" class=\"read-more\" href=\"https:\/\/quechilero.com\/blog\/2012\/01\/06\/a-expensas-del-tronco\/\" aria-label=\"Leer m\u00e1s sobre A expensas del Tronco\">Leer m\u00e1s<\/a><\/p>\n","protected":false},"author":1,"featured_media":0,"comment_status":"open","ping_status":"open","sticky":false,"template":"","format":"standard","meta":{"advanced_seo_description":"","jetpack_seo_html_title":"","jetpack_seo_noindex":false,"jetpack_seo_schema_type":"","episode_type":"","audio_file":"","podmotor_file_id":"","podmotor_episode_id":"","cover_image":"","cover_image_id":"","duration":"","filesize":"","filesize_raw":"","date_recorded":"","explicit":"","block":"","_jetpack_newsletter_access":"","_jetpack_dont_email_post_to_subs":false,"_jetpack_newsletter_tier_id":0,"_jetpack_memberships_contains_paywalled_content":false,"_jetpack_feature_clip_id":0,"_jetpack_memberships_contains_paid_content":false,"footnotes":"","jetpack_publicize_message":"","jetpack_publicize_feature_enabled":true,"jetpack_social_post_already_shared":false,"jetpack_social_options":{"image_generator_settings":{"template":"highway","default_image_id":0,"font":"","enabled":false},"version":2},"jetpack_post_was_ever_published":false},"categories":[2],"tags":[29,67,51,41,24],"series":[],"class_list":["post-11492","post","type-post","status-publish","format-standard","hentry","category-limones","tag-aprender","tag-crecer","tag-dios","tag-verdad","tag-vida"],"episode_featured_image":false,"episode_player_image":"https:\/\/i0.wp.com\/quechilero.com\/blog\/imagenes\/podcast.png?fit=1831%2C1831&ssl=1","download_link":"","player_link":"","audio_player":false,"episode_data":{"playerMode":"dark","subscribeUrls":{"amazon":{"key":"amazon","url":"","label":"Amazon","class":"amazon","icon":"amazon.png"},"apple_podcasts":{"key":"apple_podcasts","url":"","label":"Apple Podcasts","class":"apple_podcasts","icon":"apple-podcasts.png"},"castbox":{"key":"castbox","url":"","label":"CastBox","class":"castbox","icon":"castbox.png"},"deezer":{"key":"deezer","url":"","label":"Deezer","class":"deezer","icon":"deezer.png"},"google_podcasts":{"key":"google_podcasts","url":"","label":"Google Podcasts","class":"google_podcasts","icon":"google-podcasts.png"},"listen_notes":{"key":"listen_notes","url":"","label":"Listen Notes","class":"listen_notes","icon":"listen-notes.png"},"pandora":{"key":"pandora","url":"","label":"Pandora","class":"pandora","icon":"pandora.png"},"podbean":{"key":"podbean","url":"","label":"Podbean","class":"podbean","icon":"podbean.png"},"podcast_republic":{"key":"podcast_republic","url":"","label":"Podcast Republic","class":"podcast_republic","icon":"podcast-republic.png"},"rss":{"key":"rss","url":"","label":"RSS","class":"rss","icon":"rss.png"},"spotify":{"key":"spotify","url":"","label":"Spotify","class":"spotify","icon":"spotify.png"},"stitcher":{"key":"stitcher","url":"","label":"Stitcher","class":"stitcher","icon":"stitcher.png"},"tunein":{"key":"tunein","url":"","label":"TuneIn","class":"tunein","icon":"tunein.png"},"youtube":{"key":"youtube","url":"","label":"YouTube","class":"youtube","icon":"youtube.png"},"iheartradio":{"key":"iheartradio","url":"","label":"iHeartRadio","class":"iheartradio","icon":"iheartradio.png"},"ivoox":{"key":"ivoox","url":"","label":"iVoox","class":"ivoox","icon":"ivoox.png"}},"rssFeedUrl":"https:\/\/quechilero.com\/blog\/feed\/podcast\/si-la-vida-nos-da-limones","embedCode":"<blockquote class=\"wp-embedded-content\" data-secret=\"TCjnzbxVTE\"><a href=\"https:\/\/quechilero.com\/blog\/2012\/01\/06\/a-expensas-del-tronco\/\">A expensas del Tronco<\/a><\/blockquote><iframe sandbox=\"allow-scripts\" security=\"restricted\" src=\"https:\/\/quechilero.com\/blog\/2012\/01\/06\/a-expensas-del-tronco\/embed\/#?secret=TCjnzbxVTE\" width=\"500\" height=\"350\" title=\"\u00abA expensas del Tronco\u00bb \u2014 Si la Vida nos da Limones...\" data-secret=\"TCjnzbxVTE\" frameborder=\"0\" marginwidth=\"0\" marginheight=\"0\" scrolling=\"no\" class=\"wp-embedded-content\"><\/iframe><script>\n\/*! This file is auto-generated *\/\n!function(d,l){\"use strict\";l.querySelector&&d.addEventListener&&\"undefined\"!=typeof URL&&(d.wp=d.wp||{},d.wp.receiveEmbedMessage||(d.wp.receiveEmbedMessage=function(e){var t=e.data;if((t||t.secret||t.message||t.value)&&!\/[^a-zA-Z0-9]\/.test(t.secret)){for(var s,r,n,a=l.querySelectorAll('iframe[data-secret=\"'+t.secret+'\"]'),o=l.querySelectorAll('blockquote[data-secret=\"'+t.secret+'\"]'),c=new RegExp(\"^https?:$\",\"i\"),i=0;i<o.length;i++)o[i].style.display=\"none\";for(i=0;i<a.length;i++)s=a[i],e.source===s.contentWindow&&(s.removeAttribute(\"style\"),\"height\"===t.message?(1e3<(r=parseInt(t.value,10))?r=1e3:~~r<200&&(r=200),s.height=r):\"link\"===t.message&&(r=new URL(s.getAttribute(\"src\")),n=new URL(t.value),c.test(n.protocol))&&n.host===r.host&&l.activeElement===s&&(d.top.location.href=t.value))}},d.addEventListener(\"message\",d.wp.receiveEmbedMessage,!1),l.addEventListener(\"DOMContentLoaded\",function(){for(var e,t,s=l.querySelectorAll(\"iframe.wp-embedded-content\"),r=0;r<s.length;r++)(t=(e=s[r]).getAttribute(\"data-secret\"))||(t=Math.random().toString(36).substring(2,12),e.src+=\"#?secret=\"+t,e.setAttribute(\"data-secret\",t)),e.contentWindow.postMessage({message:\"ready\",secret:t},\"*\")},!1)))}(window,document);\n\/\/# sourceURL=https:\/\/quechilero.com\/blog\/wp-includes\/js\/wp-embed.min.js\n<\/script>\n"},"jetpack_publicize_connections":[],"jetpack_shortlink":"https:\/\/wp.me\/pDKli-2Zm","jetpack_sharing_enabled":true,"jetpack-related-posts":[{"id":17727,"url":"https:\/\/quechilero.com\/blog\/2014\/02\/09\/invierno\/","url_meta":{"origin":11492,"position":0},"title":"Invierno","author":"Pepe Barrascout Ortiz","date":"9 febrero 2014","format":false,"excerpt":"Recuerdo que un invierno mi padre necesitaba le\u00f1a, as\u00ed que busc\u00f3 un \u00e1rbol muerto y lo cort\u00f3. Pero luego, en la primavera, vio desolado que al tronco marchito de ese \u00e1rbol le brotaron renuevos. Mi padre dijo: \"Yo estaba seguro de que ese \u00e1rbol estaba muerto. Hab\u00eda perdido todas las\u2026","rel":"","context":"En \u00abLimones\u00bb","block_context":{"text":"Limones","link":"https:\/\/quechilero.com\/blog\/category\/limones\/"},"img":{"alt_text":"","src":"","width":0,"height":0},"classes":[]},{"id":14064,"url":"https:\/\/quechilero.com\/blog\/2012\/07\/26\/corre-el-riesgo\/","url_meta":{"origin":11492,"position":1},"title":"Corre el riesgo","author":"Pepe Barrascout Ortiz","date":"26 julio 2012","format":false,"excerpt":"Re\u00edr es correr el riesgo de parecer tonto. Llorar es correr el riesgo de parecer sentimental. Acercarse a otro es correr el riesgo de involucrarse. Demostrar sus sentimientos es correr el riesgo de demostrar su verdadero yo. Poner sus ideas, sus sue\u00f1os, delante de la gente es correr el riesgo\u2026","rel":"","context":"En \u00abLimones\u00bb","block_context":{"text":"Limones","link":"https:\/\/quechilero.com\/blog\/category\/limones\/"},"img":{"alt_text":"","src":"","width":0,"height":0},"classes":[]},{"id":2640,"url":"https:\/\/quechilero.com\/blog\/2009\/04\/12\/la-hoja-que-no-queria-agua\/","url_meta":{"origin":11492,"position":2},"title":"La hoja que no quer\u00eda agua","author":"Pepe Barrascout Ortiz","date":"12 abril 2009","format":false,"excerpt":"\u00c9rase una vez un \u00e1rbol muy joven, del que se esperaba que, cuando fuera mayor, diera hermosos y buenos frutos. Este \u00e1rbol ten\u00eda cuatro hojas, cuatro bonitas hojas, verdes y resplandecientes. Un d\u00eda, las cuatro hojas tuvieron una reuni\u00f3n de grupo. Una de ellas, la que estaba m\u00e1s arriba en\u2026","rel":"","context":"En \u00abLimones\u00bb","block_context":{"text":"Limones","link":"https:\/\/quechilero.com\/blog\/category\/limones\/"},"img":{"alt_text":"","src":"","width":0,"height":0},"classes":[]},{"id":527,"url":"https:\/\/quechilero.com\/blog\/2007\/04\/22\/como-los-arboles\/","url_meta":{"origin":11492,"position":3},"title":"Como los \u00e1rboles","author":"Pepe Barrascout Ortiz","date":"22 abril 2007","format":false,"excerpt":"\u00bfSabes por qu\u00e9 un \u00e1rbol es perfecto? Porque se limita a obedecer al Se\u00f1or... Crece s\u00f3lo para Su gloria y seg\u00fan Su voluntad, y produce exactamente lo que se le ha ordenado. Da frutos y flores; es fuerte y bello, cumple su misi\u00f3n en la vida. Jam\u00e1s se rebela; se\u2026","rel":"","context":"En \u00abLimones\u00bb","block_context":{"text":"Limones","link":"https:\/\/quechilero.com\/blog\/category\/limones\/"},"img":{"alt_text":"","src":"","width":0,"height":0},"classes":[]},{"id":17720,"url":"https:\/\/quechilero.com\/blog\/2014\/02\/02\/frutos-limpios\/","url_meta":{"origin":11492,"position":4},"title":"Frutos limpios","author":"Pepe Barrascout Ortiz","date":"2 febrero 2014","format":false,"excerpt":"\"Porque as\u00ed como por la desobediencia de un hombre los muchos fueron constituidos pecadores, as\u00ed tambi\u00e9n por la obediencia de uno, los muchos ser\u00e1n constituidos justos.\" (Romanos 5:19) El enojo en sus ojos era atemorizante. Mirando fijamente al horizonte, trataba de encontrar palabras que no lo lastimasen tanto, pero no\u2026","rel":"","context":"En \u00abLimones\u00bb","block_context":{"text":"Limones","link":"https:\/\/quechilero.com\/blog\/category\/limones\/"},"img":{"alt_text":"","src":"","width":0,"height":0},"classes":[]},{"id":16735,"url":"https:\/\/quechilero.com\/blog\/2013\/05\/31\/el-%ef%bb%bfarbol-de-manzanas\/","url_meta":{"origin":11492,"position":5},"title":"El \ufeff\u00e1rbol de manzanas","author":"Pepe Barrascout Ortiz","date":"31 mayo 2013","format":false,"excerpt":"Hace mucho tiempo, exist\u00eda un enorme \u00e1rbol de manzanas. Un peque\u00f1o ni\u00f1o lo amaba mucho y todos los d\u00edas jugaba alrededor de \u00e9l. Trepaba al \u00e1rbol hasta el tope, com\u00eda sus manzanas y tomaba una siesta bajo su sombra. \u00c9l amaba al \u00e1rbol y el \u00e1rbol amaba al ni\u00f1o. Pas\u00f3\u2026","rel":"","context":"En \u00abLimones\u00bb","block_context":{"text":"Limones","link":"https:\/\/quechilero.com\/blog\/category\/limones\/"},"img":{"alt_text":"","src":"","width":0,"height":0},"classes":[]}],"jetpack_featured_media_url":"","_links":{"self":[{"href":"https:\/\/quechilero.com\/blog\/wp-json\/wp\/v2\/posts\/11492","targetHints":{"allow":["GET"]}}],"collection":[{"href":"https:\/\/quechilero.com\/blog\/wp-json\/wp\/v2\/posts"}],"about":[{"href":"https:\/\/quechilero.com\/blog\/wp-json\/wp\/v2\/types\/post"}],"author":[{"embeddable":true,"href":"https:\/\/quechilero.com\/blog\/wp-json\/wp\/v2\/users\/1"}],"replies":[{"embeddable":true,"href":"https:\/\/quechilero.com\/blog\/wp-json\/wp\/v2\/comments?post=11492"}],"version-history":[{"count":0,"href":"https:\/\/quechilero.com\/blog\/wp-json\/wp\/v2\/posts\/11492\/revisions"}],"wp:attachment":[{"href":"https:\/\/quechilero.com\/blog\/wp-json\/wp\/v2\/media?parent=11492"}],"wp:term":[{"taxonomy":"category","embeddable":true,"href":"https:\/\/quechilero.com\/blog\/wp-json\/wp\/v2\/categories?post=11492"},{"taxonomy":"post_tag","embeddable":true,"href":"https:\/\/quechilero.com\/blog\/wp-json\/wp\/v2\/tags?post=11492"},{"taxonomy":"series","embeddable":true,"href":"https:\/\/quechilero.com\/blog\/wp-json\/wp\/v2\/series?post=11492"}],"curies":[{"name":"wp","href":"https:\/\/api.w.org\/{rel}","templated":true}]}}