{"id":11474,"date":"2011-12-31T08:00:25","date_gmt":"2011-12-31T14:00:25","guid":{"rendered":"http:\/\/quechilero.com\/blog\/?p=11474"},"modified":"2011-12-31T08:00:25","modified_gmt":"2011-12-31T14:00:25","slug":"oracion-de-fin-de-ano","status":"publish","type":"post","link":"https:\/\/quechilero.com\/blog\/2011\/12\/31\/oracion-de-fin-de-ano\/","title":{"rendered":"Oraci\u00f3n de Fin de A\u00f1o"},"content":{"rendered":"<p>Se\u00f1or, al terminar este a\u00f1o quiero darte gracias por todo aquello que recib\u00ed de ti. Gracias por la vida y el amor, por las flores, el aire y el sol, por la alegr\u00eda y el dolor por lo que fue posible y por lo que no pudo ser. Te ofrezco cuanto hice en este a\u00f1o: el trabajo que pude realizar y las cosas que pasaron por mis manos y lo que con ellas pude construir. Te presento las personas que a lo largo de estos meses ame, las amistades nuevas y los antiguos amores, los mas cercanos a mi y los que est\u00e1n mas lejos, los que me dieron la mano y aquellos a los que pude ayudar, con los que compart\u00ed la vida, el trabajo, el dolor y la alegr\u00eda.<\/p>\n<p>Pero tambi\u00e9n, Se\u00f1or, hoy quiero pedir perd\u00f3n por el tiempo perdido, por el dinero malgastado, por la palabra in\u00fatil y el amor desperdiciado. Perd\u00f3n por las obras vac\u00edas, y el trabajo mal hecho, por vivir sin entusiasmo. Por la Oraci\u00f3n que fui aplazando y que hasta ahora vengo a presentarte. Por todos mis olvidos, descuidos y silencios, nuevamente te pido perd\u00f3n.<\/p>\n","protected":false},"excerpt":{"rendered":"<p>Se\u00f1or, al terminar este a\u00f1o quiero darte gracias por todo aquello que recib\u00ed de ti. Gracias por la vida y el amor, por las flores, el aire y el sol, por la alegr\u00eda y el dolor por lo que fue posible y por lo que no pudo ser. Te ofrezco cuanto hice en este a\u00f1o: &#8230; <a title=\"Oraci\u00f3n de Fin de A\u00f1o\" class=\"read-more\" href=\"https:\/\/quechilero.com\/blog\/2011\/12\/31\/oracion-de-fin-de-ano\/\" aria-label=\"Leer m\u00e1s sobre Oraci\u00f3n de Fin de A\u00f1o\">Leer m\u00e1s<\/a><\/p>\n","protected":false},"author":1,"featured_media":0,"comment_status":"open","ping_status":"open","sticky":false,"template":"","format":"standard","meta":{"advanced_seo_description":"","jetpack_seo_html_title":"","jetpack_seo_noindex":false,"jetpack_seo_schema_type":"","episode_type":"","audio_file":"","podmotor_file_id":"","podmotor_episode_id":"","cover_image":"","cover_image_id":"","duration":"","filesize":"","filesize_raw":"","date_recorded":"","explicit":"","block":"","_jetpack_newsletter_access":"","_jetpack_dont_email_post_to_subs":false,"_jetpack_newsletter_tier_id":0,"_jetpack_memberships_contains_paywalled_content":false,"_jetpack_feature_clip_id":0,"_jetpack_memberships_contains_paid_content":false,"footnotes":"","jetpack_publicize_message":"","jetpack_publicize_feature_enabled":true,"jetpack_social_post_already_shared":false,"jetpack_social_options":{"image_generator_settings":{"template":"highway","default_image_id":0,"font":"","enabled":false},"version":2},"jetpack_post_was_ever_published":false},"categories":[2],"tags":[87,84,15,37,12,26,88,86,42,5,36,24],"series":[],"class_list":["post-11474","post","type-post","status-publish","format-standard","hentry","category-limones","tag-alegria","tag-amistad","tag-amor","tag-ayuda","tag-cosas","tag-dinero","tag-flores","tag-oracion","tag-palabra","tag-tiempo","tag-trabajo","tag-vida"],"episode_featured_image":false,"episode_player_image":"https:\/\/i0.wp.com\/quechilero.com\/blog\/imagenes\/podcast.png?fit=1831%2C1831&ssl=1","download_link":"","player_link":"","audio_player":false,"episode_data":{"playerMode":"dark","subscribeUrls":{"amazon":{"key":"amazon","url":"","label":"Amazon","class":"amazon","icon":"amazon.png"},"apple_podcasts":{"key":"apple_podcasts","url":"","label":"Apple Podcasts","class":"apple_podcasts","icon":"apple-podcasts.png"},"castbox":{"key":"castbox","url":"","label":"CastBox","class":"castbox","icon":"castbox.png"},"deezer":{"key":"deezer","url":"","label":"Deezer","class":"deezer","icon":"deezer.png"},"google_podcasts":{"key":"google_podcasts","url":"","label":"Google Podcasts","class":"google_podcasts","icon":"google-podcasts.png"},"listen_notes":{"key":"listen_notes","url":"","label":"Listen Notes","class":"listen_notes","icon":"listen-notes.png"},"pandora":{"key":"pandora","url":"","label":"Pandora","class":"pandora","icon":"pandora.png"},"podbean":{"key":"podbean","url":"","label":"Podbean","class":"podbean","icon":"podbean.png"},"podcast_republic":{"key":"podcast_republic","url":"","label":"Podcast Republic","class":"podcast_republic","icon":"podcast-republic.png"},"rss":{"key":"rss","url":"","label":"RSS","class":"rss","icon":"rss.png"},"spotify":{"key":"spotify","url":"","label":"Spotify","class":"spotify","icon":"spotify.png"},"stitcher":{"key":"stitcher","url":"","label":"Stitcher","class":"stitcher","icon":"stitcher.png"},"tunein":{"key":"tunein","url":"","label":"TuneIn","class":"tunein","icon":"tunein.png"},"youtube":{"key":"youtube","url":"","label":"YouTube","class":"youtube","icon":"youtube.png"},"iheartradio":{"key":"iheartradio","url":"","label":"iHeartRadio","class":"iheartradio","icon":"iheartradio.png"},"ivoox":{"key":"ivoox","url":"","label":"iVoox","class":"ivoox","icon":"ivoox.png"}},"rssFeedUrl":"https:\/\/quechilero.com\/blog\/feed\/podcast\/si-la-vida-nos-da-limones","embedCode":"<blockquote class=\"wp-embedded-content\" data-secret=\"Oz7jV5dFbA\"><a href=\"https:\/\/quechilero.com\/blog\/2011\/12\/31\/oracion-de-fin-de-ano\/\">Oraci\u00f3n de Fin de A\u00f1o<\/a><\/blockquote><iframe sandbox=\"allow-scripts\" security=\"restricted\" src=\"https:\/\/quechilero.com\/blog\/2011\/12\/31\/oracion-de-fin-de-ano\/embed\/#?secret=Oz7jV5dFbA\" width=\"500\" height=\"350\" title=\"\u00abOraci\u00f3n de Fin de A\u00f1o\u00bb \u2014 Si la Vida nos da Limones...\" data-secret=\"Oz7jV5dFbA\" frameborder=\"0\" marginwidth=\"0\" marginheight=\"0\" scrolling=\"no\" class=\"wp-embedded-content\"><\/iframe><script>\n\/*! This file is auto-generated *\/\n!function(d,l){\"use strict\";l.querySelector&&d.addEventListener&&\"undefined\"!=typeof URL&&(d.wp=d.wp||{},d.wp.receiveEmbedMessage||(d.wp.receiveEmbedMessage=function(e){var t=e.data;if((t||t.secret||t.message||t.value)&&!\/[^a-zA-Z0-9]\/.test(t.secret)){for(var s,r,n,a=l.querySelectorAll('iframe[data-secret=\"'+t.secret+'\"]'),o=l.querySelectorAll('blockquote[data-secret=\"'+t.secret+'\"]'),c=new RegExp(\"^https?:$\",\"i\"),i=0;i<o.length;i++)o[i].style.display=\"none\";for(i=0;i<a.length;i++)s=a[i],e.source===s.contentWindow&&(s.removeAttribute(\"style\"),\"height\"===t.message?(1e3<(r=parseInt(t.value,10))?r=1e3:~~r<200&&(r=200),s.height=r):\"link\"===t.message&&(r=new URL(s.getAttribute(\"src\")),n=new URL(t.value),c.test(n.protocol))&&n.host===r.host&&l.activeElement===s&&(d.top.location.href=t.value))}},d.addEventListener(\"message\",d.wp.receiveEmbedMessage,!1),l.addEventListener(\"DOMContentLoaded\",function(){for(var e,t,s=l.querySelectorAll(\"iframe.wp-embedded-content\"),r=0;r<s.length;r++)(t=(e=s[r]).getAttribute(\"data-secret\"))||(t=Math.random().toString(36).substring(2,12),e.src+=\"#?secret=\"+t,e.setAttribute(\"data-secret\",t)),e.contentWindow.postMessage({message:\"ready\",secret:t},\"*\")},!1)))}(window,document);\n\/\/# sourceURL=https:\/\/quechilero.com\/blog\/wp-includes\/js\/wp-embed.min.js\n<\/script>\n"},"jetpack_publicize_connections":[],"jetpack_shortlink":"https:\/\/wp.me\/pDKli-2Z4","jetpack_sharing_enabled":true,"jetpack-related-posts":[{"id":11472,"url":"https:\/\/quechilero.com\/blog\/2011\/12\/30\/oracion-de-fin-y-principio-de-ano\/","url_meta":{"origin":11474,"position":0},"title":"Oraci\u00f3n de fin y principio de a\u00f1o","author":"Pepe Barrascout Ortiz","date":"30 diciembre 2011","format":false,"excerpt":"Se\u00f1or, Dios, due\u00f1o del tiempo y de la eternidad, tuyo es el hoy y el ma\u00f1ana, el pasado y el futuro. Al terminar este a\u00f1o quiero darte gracias por todo aquello que recib\u00ed de TI. Gracias por la vida y el amor, por las flores, el aire y el sol,\u2026","rel":"","context":"En \u00abLimones\u00bb","block_context":{"text":"Limones","link":"https:\/\/quechilero.com\/blog\/category\/limones\/"},"img":{"alt_text":"","src":"","width":0,"height":0},"classes":[]},{"id":7600,"url":"https:\/\/quechilero.com\/blog\/2011\/04\/01\/reflexiones-de-cuaresma-dia-24\/","url_meta":{"origin":11474,"position":1},"title":"Reflexiones de Cuaresma d\u00eda 24","author":"Pepe Barrascout Ortiz","date":"1 abril 2011","format":false,"excerpt":"Oraci\u00f3n inicial Se\u00f1or m\u00edo, Jesucristo, creo firmemente que est\u00e1s aqu\u00ed; en estos pocos minutos de oraci\u00f3n que empiezo ahora quiero pedirte y agradecerte. Pedirte\u00a0la gracia de darme m\u00e1s cuenta de que T\u00fa vives, me escuchas y me amas; tanto, que has querido morir libremente por m\u00ed en la cruz y\u2026","rel":"","context":"En \u00abLimones por mano\u00bb","block_context":{"text":"Limones por mano","link":"https:\/\/quechilero.com\/blog\/category\/limones-por-mano\/"},"img":{"alt_text":"","src":"","width":0,"height":0},"classes":[]},{"id":7610,"url":"https:\/\/quechilero.com\/blog\/2011\/04\/11\/reflexiones-de-cuaresma-dia-34\/","url_meta":{"origin":11474,"position":2},"title":"Reflexiones de Cuaresma d\u00eda 34","author":"Pepe Barrascout Ortiz","date":"11 abril 2011","format":false,"excerpt":"Oraci\u00f3n inicial Se\u00f1or m\u00edo, Jesucristo, creo firmemente que est\u00e1s aqu\u00ed; en estos pocos minutos de oraci\u00f3n que empiezo ahora quiero pedirte y agradecerte. Pedirte\u00a0la gracia de darme m\u00e1s cuenta de que T\u00fa vives, me escuchas y me amas; tanto, que has querido morir libremente por m\u00ed en la cruz y\u2026","rel":"","context":"En \u00abLimones por mano\u00bb","block_context":{"text":"Limones por mano","link":"https:\/\/quechilero.com\/blog\/category\/limones-por-mano\/"},"img":{"alt_text":"","src":"","width":0,"height":0},"classes":[]},{"id":7138,"url":"https:\/\/quechilero.com\/blog\/2011\/03\/09\/reflexiones-de-cuaresma-miercoles-de-ceniza\/","url_meta":{"origin":11474,"position":3},"title":"Reflexiones de Cuaresma: Mi\u00e9rcoles de Ceniza","author":"Pepe Barrascout Ortiz","date":"9 marzo 2011","format":false,"excerpt":"Oraci\u00f3n inicial Se\u00f1or m\u00edo, Jesucristo, creo firmemente que est\u00e1s aqu\u00ed; en estos pocos minutos de oraci\u00f3n que empiezo ahora quiero pedirte y agradecerte. Pedirte\u00a0la gracia de darme m\u00e1s cuenta de que T\u00fa vives, me escuchas y me amas; tanto, que has querido morir libremente por m\u00ed en la cruz y\u2026","rel":"","context":"En \u00abLimones por mano\u00bb","block_context":{"text":"Limones por mano","link":"https:\/\/quechilero.com\/blog\/category\/limones-por-mano\/"},"img":{"alt_text":"","src":"","width":0,"height":0},"classes":[]},{"id":7582,"url":"https:\/\/quechilero.com\/blog\/2011\/03\/14\/reflexiones-de-cuaresma-dia-6\/","url_meta":{"origin":11474,"position":4},"title":"Reflexiones de Cuaresma d\u00eda 6","author":"Pepe Barrascout Ortiz","date":"14 marzo 2011","format":false,"excerpt":"Oraci\u00f3n inicial Se\u00f1or m\u00edo, Jesucristo, creo firmemente que est\u00e1s aqu\u00ed; en estos pocos minutos de oraci\u00f3n que empiezo ahora quiero pedirte y agradecerte. Pedirte\u00a0la gracia de darme m\u00e1s cuenta de que T\u00fa vives, me escuchas y me amas; tanto, que has querido morir libremente por m\u00ed en la cruz y\u2026","rel":"","context":"En \u00abLimones por mano\u00bb","block_context":{"text":"Limones por mano","link":"https:\/\/quechilero.com\/blog\/category\/limones-por-mano\/"},"img":{"alt_text":"","src":"","width":0,"height":0},"classes":[]},{"id":15358,"url":"https:\/\/quechilero.com\/blog\/2012\/12\/02\/primer-domingo-de-adviento\/","url_meta":{"origin":11474,"position":5},"title":"Primer Domingo de Adviento","author":"Pepe Barrascout Ortiz","date":"2 diciembre 2012","format":false,"excerpt":"Primer Domingo de Adviento (ciclo B) Cabeza de Familia: Hermanos: Al iniciar hoy el Adviento, comenzamos el A\u00f1o Lit\u00fargico, s\u00edmbolo de nuestra larga traves\u00eda por la vida. Vamos caminando por el desierto, atravesando unas veces, bellos oasis; otras sofocantes desiertos. Lo hacemos con alegr\u00eda y con miedo, con fe y\u2026","rel":"","context":"En \u00abLimones\u00bb","block_context":{"text":"Limones","link":"https:\/\/quechilero.com\/blog\/category\/limones\/"},"img":{"alt_text":"","src":"https:\/\/i0.wp.com\/i392.photobucket.com\/albums\/pp7\/pepejaguar\/blog\/1-domingo-adviento.png?resize=350%2C200","width":350,"height":200,"srcset":"https:\/\/i0.wp.com\/i392.photobucket.com\/albums\/pp7\/pepejaguar\/blog\/1-domingo-adviento.png?resize=350%2C200 1x, https:\/\/i0.wp.com\/i392.photobucket.com\/albums\/pp7\/pepejaguar\/blog\/1-domingo-adviento.png?resize=525%2C300 1.5x"},"classes":[]}],"jetpack_featured_media_url":"","_links":{"self":[{"href":"https:\/\/quechilero.com\/blog\/wp-json\/wp\/v2\/posts\/11474","targetHints":{"allow":["GET"]}}],"collection":[{"href":"https:\/\/quechilero.com\/blog\/wp-json\/wp\/v2\/posts"}],"about":[{"href":"https:\/\/quechilero.com\/blog\/wp-json\/wp\/v2\/types\/post"}],"author":[{"embeddable":true,"href":"https:\/\/quechilero.com\/blog\/wp-json\/wp\/v2\/users\/1"}],"replies":[{"embeddable":true,"href":"https:\/\/quechilero.com\/blog\/wp-json\/wp\/v2\/comments?post=11474"}],"version-history":[{"count":0,"href":"https:\/\/quechilero.com\/blog\/wp-json\/wp\/v2\/posts\/11474\/revisions"}],"wp:attachment":[{"href":"https:\/\/quechilero.com\/blog\/wp-json\/wp\/v2\/media?parent=11474"}],"wp:term":[{"taxonomy":"category","embeddable":true,"href":"https:\/\/quechilero.com\/blog\/wp-json\/wp\/v2\/categories?post=11474"},{"taxonomy":"post_tag","embeddable":true,"href":"https:\/\/quechilero.com\/blog\/wp-json\/wp\/v2\/tags?post=11474"},{"taxonomy":"series","embeddable":true,"href":"https:\/\/quechilero.com\/blog\/wp-json\/wp\/v2\/series?post=11474"}],"curies":[{"name":"wp","href":"https:\/\/api.w.org\/{rel}","templated":true}]}}