{"id":11472,"date":"2011-12-30T08:00:39","date_gmt":"2011-12-30T14:00:39","guid":{"rendered":"http:\/\/quechilero.com\/blog\/?p=11472"},"modified":"2011-12-30T08:00:39","modified_gmt":"2011-12-30T14:00:39","slug":"oracion-de-fin-y-principio-de-ano","status":"publish","type":"post","link":"https:\/\/quechilero.com\/blog\/2011\/12\/30\/oracion-de-fin-y-principio-de-ano\/","title":{"rendered":"Oraci\u00f3n de fin y principio de a\u00f1o"},"content":{"rendered":"<p>Se\u00f1or, Dios, due\u00f1o del tiempo y de la eternidad,<br \/>\ntuyo es el hoy y el ma\u00f1ana, el pasado y el futuro.<br \/>\nAl terminar este a\u00f1o quiero darte gracias<br \/>\npor todo aquello que recib\u00ed de TI.<\/p>\n<p>Gracias por la vida y el amor, por las flores,<br \/>\nel aire y el sol, por la alegr\u00eda y el dolor, por cuanto<br \/>\nfue posible y por lo que no pudo ser.<br \/>\nTe ofrezco cuanto hice en este a\u00f1o, el trabajo que<br \/>\npude realizar y las cosas que pasaron por mis manos<br \/>\ny lo que con ellas pude construir.<\/p>\n<p>Te presento a las personas que a lo largo de estos meses am\u00e9,<br \/>\nlas amistades nuevas y los antiguos amores,<br \/>\nlos m\u00e1s cercanos a m\u00ed y los que est\u00e9n m\u00e1s lejos,<br \/>\nlos que me dieron su mano y aquellos a los que pude ayudar,<br \/>\ncon los que compart\u00ed la vida, el trabajo,<br \/>\nel dolor y la alegr\u00eda.<\/p>\n<p>Pero tambi\u00e9n, Se\u00f1or hoy quiero pedirte perd\u00f3n,<br \/>\nperd\u00f3n por el tiempo perdido, por el dinero mal gastado,<br \/>\npor la palabra in\u00fatil y el amor desperdiciado.<br \/>\nPerd\u00f3n por las obras vac\u00edas y por el trabajo mal hecho,<br \/>\ny perd\u00f3n por vivir sin entusiasmo.<\/p>\n<p>Tambi\u00e9n por la oraci\u00f3n que poco a poco fui aplazando<br \/>\ny que hasta ahora vengo a presentarte.<br \/>\nPor todos mis olvidos, descuidos y silencios<br \/>\nnuevamente te pido perd\u00f3n.<\/p>\n<p>En los pr\u00f3ximos d\u00edas iniciaremos un nuevo a\u00f1o<br \/>\ny detengo mi vida ante el nuevo calendario<br \/>\na\u00fan sin estrenar y te presento estos d\u00edas<br \/>\nque s\u00f3lo T\u00da sabes si llegar\u00e9 a vivirlos.<\/p>\n<p>Hoy te pido para m\u00ed y los m\u00edos la paz y la alegr\u00eda,<br \/>\nla fuerza y la prudencia, la claridad y la sabidur\u00eda.<\/p>\n<p>Quiero vivir cada d\u00eda con optimismo y bondad<br \/>\nllevando a todas partes un coraz\u00f3n lleno<br \/>\nde comprensi\u00f3n y paz.<\/p>\n<p>Cierra T\u00fa mis o\u00eddos a toda falsedad y mis labios<br \/>\na palabras mentirosas, ego\u00edstas, mordaces o hirientes.<\/p>\n<p>Abre en cambio mi ser a todo lo que es bueno<br \/>\nque mi esp\u00edritu se llene s\u00f3lo de bendiciones<br \/>\ny las derrame a mi paso.<\/p>\n<p>C\u00f3lmame de bondad y de alegr\u00eda para que,<br \/>\ncuantos conviven conmigo o se acerquen a m\u00ed<br \/>\nencuentren en mi vida un poquito de TI.<\/p>\n<p>Danos un a\u00f1o feliz y ens\u00e9\u00f1anos<br \/>\na repartir felicidad.<\/p>\n","protected":false},"excerpt":{"rendered":"<p>Se\u00f1or, Dios, due\u00f1o del tiempo y de la eternidad, tuyo es el hoy y el ma\u00f1ana, el pasado y el futuro. Al terminar este a\u00f1o quiero darte gracias por todo aquello que recib\u00ed de TI. Gracias por la vida y el amor, por las flores, el aire y el sol, por la alegr\u00eda y el &#8230; <a title=\"Oraci\u00f3n de fin y principio de a\u00f1o\" class=\"read-more\" href=\"https:\/\/quechilero.com\/blog\/2011\/12\/30\/oracion-de-fin-y-principio-de-ano\/\" aria-label=\"Leer m\u00e1s sobre Oraci\u00f3n de fin y principio de a\u00f1o\">Leer m\u00e1s<\/a><\/p>\n","protected":false},"author":1,"featured_media":0,"comment_status":"open","ping_status":"open","sticky":false,"template":"","format":"standard","meta":{"advanced_seo_description":"","jetpack_seo_html_title":"","jetpack_seo_noindex":false,"jetpack_seo_schema_type":"","episode_type":"","audio_file":"","podmotor_file_id":"","podmotor_episode_id":"","cover_image":"","cover_image_id":"","duration":"","filesize":"","filesize_raw":"","date_recorded":"","explicit":"","block":"","_jetpack_newsletter_access":"","_jetpack_dont_email_post_to_subs":false,"_jetpack_newsletter_tier_id":0,"_jetpack_memberships_contains_paywalled_content":false,"_jetpack_feature_clip_id":0,"_jetpack_memberships_contains_paid_content":false,"footnotes":"","jetpack_publicize_message":"","jetpack_publicize_feature_enabled":true,"jetpack_social_post_already_shared":false,"jetpack_social_options":{"image_generator_settings":{"template":"highway","default_image_id":0,"font":"","enabled":false},"version":2},"jetpack_post_was_ever_published":false},"categories":[2],"tags":[87,84,15,37,12,26,51,46,88,86,42,40,5,36,24],"series":[],"class_list":["post-11472","post","type-post","status-publish","format-standard","hentry","category-limones","tag-alegria","tag-amistad","tag-amor","tag-ayuda","tag-cosas","tag-dinero","tag-dios","tag-feliz","tag-flores","tag-oracion","tag-palabra","tag-paz","tag-tiempo","tag-trabajo","tag-vida"],"episode_featured_image":false,"episode_player_image":"https:\/\/i0.wp.com\/quechilero.com\/blog\/imagenes\/podcast.png?fit=1831%2C1831&ssl=1","download_link":"","player_link":"","audio_player":false,"episode_data":{"playerMode":"dark","subscribeUrls":{"amazon":{"key":"amazon","url":"","label":"Amazon","class":"amazon","icon":"amazon.png"},"apple_podcasts":{"key":"apple_podcasts","url":"","label":"Apple Podcasts","class":"apple_podcasts","icon":"apple-podcasts.png"},"castbox":{"key":"castbox","url":"","label":"CastBox","class":"castbox","icon":"castbox.png"},"deezer":{"key":"deezer","url":"","label":"Deezer","class":"deezer","icon":"deezer.png"},"google_podcasts":{"key":"google_podcasts","url":"","label":"Google Podcasts","class":"google_podcasts","icon":"google-podcasts.png"},"listen_notes":{"key":"listen_notes","url":"","label":"Listen Notes","class":"listen_notes","icon":"listen-notes.png"},"pandora":{"key":"pandora","url":"","label":"Pandora","class":"pandora","icon":"pandora.png"},"podbean":{"key":"podbean","url":"","label":"Podbean","class":"podbean","icon":"podbean.png"},"podcast_republic":{"key":"podcast_republic","url":"","label":"Podcast Republic","class":"podcast_republic","icon":"podcast-republic.png"},"rss":{"key":"rss","url":"","label":"RSS","class":"rss","icon":"rss.png"},"spotify":{"key":"spotify","url":"","label":"Spotify","class":"spotify","icon":"spotify.png"},"stitcher":{"key":"stitcher","url":"","label":"Stitcher","class":"stitcher","icon":"stitcher.png"},"tunein":{"key":"tunein","url":"","label":"TuneIn","class":"tunein","icon":"tunein.png"},"youtube":{"key":"youtube","url":"","label":"YouTube","class":"youtube","icon":"youtube.png"},"iheartradio":{"key":"iheartradio","url":"","label":"iHeartRadio","class":"iheartradio","icon":"iheartradio.png"},"ivoox":{"key":"ivoox","url":"","label":"iVoox","class":"ivoox","icon":"ivoox.png"}},"rssFeedUrl":"https:\/\/quechilero.com\/blog\/feed\/podcast\/si-la-vida-nos-da-limones","embedCode":"<blockquote class=\"wp-embedded-content\" data-secret=\"UZJDHbKFLL\"><a href=\"https:\/\/quechilero.com\/blog\/2011\/12\/30\/oracion-de-fin-y-principio-de-ano\/\">Oraci\u00f3n de fin y principio de a\u00f1o<\/a><\/blockquote><iframe sandbox=\"allow-scripts\" security=\"restricted\" src=\"https:\/\/quechilero.com\/blog\/2011\/12\/30\/oracion-de-fin-y-principio-de-ano\/embed\/#?secret=UZJDHbKFLL\" width=\"500\" height=\"350\" title=\"\u00abOraci\u00f3n de fin y principio de a\u00f1o\u00bb \u2014 Si la Vida nos da Limones...\" data-secret=\"UZJDHbKFLL\" frameborder=\"0\" marginwidth=\"0\" marginheight=\"0\" scrolling=\"no\" class=\"wp-embedded-content\"><\/iframe><script>\n\/*! This file is auto-generated *\/\n!function(d,l){\"use strict\";l.querySelector&&d.addEventListener&&\"undefined\"!=typeof URL&&(d.wp=d.wp||{},d.wp.receiveEmbedMessage||(d.wp.receiveEmbedMessage=function(e){var t=e.data;if((t||t.secret||t.message||t.value)&&!\/[^a-zA-Z0-9]\/.test(t.secret)){for(var s,r,n,a=l.querySelectorAll('iframe[data-secret=\"'+t.secret+'\"]'),o=l.querySelectorAll('blockquote[data-secret=\"'+t.secret+'\"]'),c=new RegExp(\"^https?:$\",\"i\"),i=0;i<o.length;i++)o[i].style.display=\"none\";for(i=0;i<a.length;i++)s=a[i],e.source===s.contentWindow&&(s.removeAttribute(\"style\"),\"height\"===t.message?(1e3<(r=parseInt(t.value,10))?r=1e3:~~r<200&&(r=200),s.height=r):\"link\"===t.message&&(r=new URL(s.getAttribute(\"src\")),n=new URL(t.value),c.test(n.protocol))&&n.host===r.host&&l.activeElement===s&&(d.top.location.href=t.value))}},d.addEventListener(\"message\",d.wp.receiveEmbedMessage,!1),l.addEventListener(\"DOMContentLoaded\",function(){for(var e,t,s=l.querySelectorAll(\"iframe.wp-embedded-content\"),r=0;r<s.length;r++)(t=(e=s[r]).getAttribute(\"data-secret\"))||(t=Math.random().toString(36).substring(2,12),e.src+=\"#?secret=\"+t,e.setAttribute(\"data-secret\",t)),e.contentWindow.postMessage({message:\"ready\",secret:t},\"*\")},!1)))}(window,document);\n\/\/# sourceURL=https:\/\/quechilero.com\/blog\/wp-includes\/js\/wp-embed.min.js\n<\/script>\n"},"jetpack_publicize_connections":[],"jetpack_shortlink":"https:\/\/wp.me\/pDKli-2Z2","jetpack_sharing_enabled":true,"jetpack-related-posts":[{"id":11474,"url":"https:\/\/quechilero.com\/blog\/2011\/12\/31\/oracion-de-fin-de-ano\/","url_meta":{"origin":11472,"position":0},"title":"Oraci\u00f3n de Fin de A\u00f1o","author":"Pepe Barrascout Ortiz","date":"31 diciembre 2011","format":false,"excerpt":"Se\u00f1or, al terminar este a\u00f1o quiero darte gracias por todo aquello que recib\u00ed de ti. Gracias por la vida y el amor, por las flores, el aire y el sol, por la alegr\u00eda y el dolor por lo que fue posible y por lo que no pudo ser. Te ofrezco\u2026","rel":"","context":"En \u00abLimones\u00bb","block_context":{"text":"Limones","link":"https:\/\/quechilero.com\/blog\/category\/limones\/"},"img":{"alt_text":"","src":"","width":0,"height":0},"classes":[]},{"id":7582,"url":"https:\/\/quechilero.com\/blog\/2011\/03\/14\/reflexiones-de-cuaresma-dia-6\/","url_meta":{"origin":11472,"position":1},"title":"Reflexiones de Cuaresma d\u00eda 6","author":"Pepe Barrascout Ortiz","date":"14 marzo 2011","format":false,"excerpt":"Oraci\u00f3n inicial Se\u00f1or m\u00edo, Jesucristo, creo firmemente que est\u00e1s aqu\u00ed; en estos pocos minutos de oraci\u00f3n que empiezo ahora quiero pedirte y agradecerte. Pedirte\u00a0la gracia de darme m\u00e1s cuenta de que T\u00fa vives, me escuchas y me amas; tanto, que has querido morir libremente por m\u00ed en la cruz y\u2026","rel":"","context":"En \u00abLimones por mano\u00bb","block_context":{"text":"Limones por mano","link":"https:\/\/quechilero.com\/blog\/category\/limones-por-mano\/"},"img":{"alt_text":"","src":"","width":0,"height":0},"classes":[]},{"id":2069,"url":"https:\/\/quechilero.com\/blog\/2008\/12\/12\/virgen-de-guadalupe-2\/","url_meta":{"origin":11472,"position":2},"title":"Virgen de Guadalupe","author":"Pepe Barrascout Ortiz","date":"12 diciembre 2008","format":false,"excerpt":"Hoy celebramos la fiesta en honor de nuestra Santa Madre la Virgen de Guadalupe, en este d\u00eda de fiesta deseo compartir una oraci\u00f3n para la reflexi\u00f3n personal, para que nuestra Virgencita de Guadalupe interceda por nosotros, nos cuide y proteja de todo mal. \u00a1Oh Virgen Inmaculada, Madre del verdadero Dios\u2026","rel":"","context":"En \u00abLimones\u00bb","block_context":{"text":"Limones","link":"https:\/\/quechilero.com\/blog\/category\/limones\/"},"img":{"alt_text":"Retablo de la Virgen de Guadalupe, La Merced de la Ciudad de Guatemala","src":"https:\/\/i0.wp.com\/img514.imageshack.us\/img514\/4899\/120105430865b7c46728xv3.jpg?resize=350%2C200","width":350,"height":200},"classes":[]},{"id":16737,"url":"https:\/\/quechilero.com\/blog\/2013\/06\/01\/hoy-%ef%bb%bfdire-gracias-por-todo-papa\/","url_meta":{"origin":11472,"position":3},"title":"Hoy&#8230; \ufeffDir\u00e9 gracias por todo Pap\u00e1","author":"Pepe Barrascout Ortiz","date":"1 junio 2013","format":false,"excerpt":"En medio de fuerzas y acontecimientos demasiado grandes para que nosotros solos forcejeemos con ellos, se nos presenta un mensaje intimidante de aislamiento. Empeque\u00f1ecidos frente al tama\u00f1o del universo, la incertidumbre del futuro, las necesidades de comida y amistad, somos como ese estudiante de primer a\u00f1o de bachillerato que acaba\u2026","rel":"","context":"En \u00abLimones\u00bb","block_context":{"text":"Limones","link":"https:\/\/quechilero.com\/blog\/category\/limones\/"},"img":{"alt_text":"","src":"","width":0,"height":0},"classes":[]},{"id":11476,"url":"https:\/\/quechilero.com\/blog\/2012\/01\/01\/oracion-de-ano-nuevo\/","url_meta":{"origin":11472,"position":4},"title":"Oraci\u00f3n de A\u00f1o Nuevo","author":"Pepe Barrascout Ortiz","date":"1 enero 2012","format":false,"excerpt":"Se\u00f1or Dios, due\u00f1o del tiempo y de la eternidad. Tuyo es el hoy y el ma\u00f1ana, el pasado y el futuro. Al empezar un a\u00f1o mas, detengo mi vida ante el nuevo calendario, aun sin estrenar, y te presento estos d\u00edas que solo Tu sabes si llegare a vivirlos. Hoy\u2026","rel":"","context":"En \u00abLimones\u00bb","block_context":{"text":"Limones","link":"https:\/\/quechilero.com\/blog\/category\/limones\/"},"img":{"alt_text":"","src":"","width":0,"height":0},"classes":[]},{"id":18113,"url":"https:\/\/quechilero.com\/blog\/2014\/08\/02\/nuestra-senora-de-los-angeles\/","url_meta":{"origin":11472,"position":5},"title":"Nuestra Se\u00f1ora de los \u00c1ngeles","author":"Pepe Barrascout Ortiz","date":"2 agosto 2014","format":false,"excerpt":"Nuestra Se\u00f1ora de los \u00c1ngeles, es la advocaci\u00f3n\u00a0que recibe la Virgen Mar\u00eda, como Reina de todos los \u00e1ngeles. Los franciscanos lo celebran el 2 de agosto. En Cartago (Costa Rica), existe una Bas\u00edlica Menor, en su honor, es la patrona de Costa Rica y es venerada por muchas personas que\u2026","rel":"","context":"En \u00abLimones\u00bb","block_context":{"text":"Limones","link":"https:\/\/quechilero.com\/blog\/category\/limones\/"},"img":{"alt_text":"","src":"","width":0,"height":0},"classes":[]}],"jetpack_featured_media_url":"","_links":{"self":[{"href":"https:\/\/quechilero.com\/blog\/wp-json\/wp\/v2\/posts\/11472","targetHints":{"allow":["GET"]}}],"collection":[{"href":"https:\/\/quechilero.com\/blog\/wp-json\/wp\/v2\/posts"}],"about":[{"href":"https:\/\/quechilero.com\/blog\/wp-json\/wp\/v2\/types\/post"}],"author":[{"embeddable":true,"href":"https:\/\/quechilero.com\/blog\/wp-json\/wp\/v2\/users\/1"}],"replies":[{"embeddable":true,"href":"https:\/\/quechilero.com\/blog\/wp-json\/wp\/v2\/comments?post=11472"}],"version-history":[{"count":0,"href":"https:\/\/quechilero.com\/blog\/wp-json\/wp\/v2\/posts\/11472\/revisions"}],"wp:attachment":[{"href":"https:\/\/quechilero.com\/blog\/wp-json\/wp\/v2\/media?parent=11472"}],"wp:term":[{"taxonomy":"category","embeddable":true,"href":"https:\/\/quechilero.com\/blog\/wp-json\/wp\/v2\/categories?post=11472"},{"taxonomy":"post_tag","embeddable":true,"href":"https:\/\/quechilero.com\/blog\/wp-json\/wp\/v2\/tags?post=11472"},{"taxonomy":"series","embeddable":true,"href":"https:\/\/quechilero.com\/blog\/wp-json\/wp\/v2\/series?post=11472"}],"curies":[{"name":"wp","href":"https:\/\/api.w.org\/{rel}","templated":true}]}}