{"id":11468,"date":"2011-12-29T08:00:07","date_gmt":"2011-12-29T14:00:07","guid":{"rendered":"http:\/\/quechilero.com\/blog\/?p=11468"},"modified":"2011-12-29T08:00:07","modified_gmt":"2011-12-29T14:00:07","slug":"quiero-ser-esa-humilde-morada","status":"publish","type":"post","link":"https:\/\/quechilero.com\/blog\/2011\/12\/29\/quiero-ser-esa-humilde-morada\/","title":{"rendered":"Quiero ser esa humilde morada"},"content":{"rendered":"<p>Esta tienda de campa\u00f1a que es nuestra vida, la m\u00e1s de las veces nos olvidamos de su temporalidad, actuando como si fuera \u00e9sta, algo definitivo. Nos empe\u00f1amos equivocadamente, por hacer del aqu\u00ed y ahora lo trascendente y esencial. As\u00ed es como nos disipamos perdiendo la noci\u00f3n de qui\u00e9n es la \u00fanica autoridad, el \u00fanico Se\u00f1or de nuestras vidas y fin \u00faltimo; dejamos libres nuestras rebeld\u00edas y somos superados por el amor propio, principio de nuestra debilidad y pecado.<\/p>\n<p>Quiera Dios que en esta Navidad, podamos tener presente que: \u00abDonde est\u00e9 nuestro tesoro, estar\u00e1 nuestro coraz\u00f3n\u00bb y que si preparamos ese pesebre en nuestro interior, despoj\u00e1ndonos de los apegos terrenales, Jes\u00fas renacer\u00e1 colm\u00e1ndonos con los tesoros de su infinita Gracia.<\/p>\n<p>Quiero recibir a Jes\u00fas en mi coraz\u00f3n.<\/p>\n<p><em><strong>Alicia Beatriz Ang\u00e9lica Araujo<\/strong><\/em><\/p>\n","protected":false},"excerpt":{"rendered":"<p>Esta tienda de campa\u00f1a que es nuestra vida, la m\u00e1s de las veces nos olvidamos de su temporalidad, actuando como si fuera \u00e9sta, algo definitivo. Nos empe\u00f1amos equivocadamente, por hacer del aqu\u00ed y ahora lo trascendente y esencial. As\u00ed es como nos disipamos perdiendo la noci\u00f3n de qui\u00e9n es la \u00fanica autoridad, el \u00fanico Se\u00f1or &#8230; <a title=\"Quiero ser esa humilde morada\" class=\"read-more\" href=\"https:\/\/quechilero.com\/blog\/2011\/12\/29\/quiero-ser-esa-humilde-morada\/\" aria-label=\"Leer m\u00e1s sobre Quiero ser esa humilde morada\">Leer m\u00e1s<\/a><\/p>\n","protected":false},"author":1,"featured_media":0,"comment_status":"open","ping_status":"open","sticky":false,"template":"","format":"standard","meta":{"advanced_seo_description":"","jetpack_seo_html_title":"","jetpack_seo_noindex":false,"jetpack_seo_schema_type":"","episode_type":"","audio_file":"","podmotor_file_id":"","podmotor_episode_id":"","cover_image":"","cover_image_id":"","duration":"","filesize":"","filesize_raw":"","date_recorded":"","explicit":"","block":"","_jetpack_newsletter_access":"","_jetpack_dont_email_post_to_subs":false,"_jetpack_newsletter_tier_id":0,"_jetpack_memberships_contains_paywalled_content":false,"_jetpack_feature_clip_id":0,"_jetpack_memberships_contains_paid_content":false,"footnotes":"","jetpack_publicize_message":"","jetpack_publicize_feature_enabled":true,"jetpack_social_post_already_shared":false,"jetpack_social_options":{"image_generator_settings":{"template":"highway","default_image_id":0,"font":"","enabled":false},"version":2},"jetpack_post_was_ever_published":false},"categories":[2],"tags":[15,51,74,24],"series":[],"class_list":["post-11468","post","type-post","status-publish","format-standard","hentry","category-limones","tag-amor","tag-dios","tag-jesus","tag-vida"],"episode_featured_image":false,"episode_player_image":"https:\/\/i0.wp.com\/quechilero.com\/blog\/imagenes\/podcast.png?fit=1831%2C1831&ssl=1","download_link":"","player_link":"","audio_player":false,"episode_data":{"playerMode":"dark","subscribeUrls":{"amazon":{"key":"amazon","url":"","label":"Amazon","class":"amazon","icon":"amazon.png"},"apple_podcasts":{"key":"apple_podcasts","url":"","label":"Apple Podcasts","class":"apple_podcasts","icon":"apple-podcasts.png"},"castbox":{"key":"castbox","url":"","label":"CastBox","class":"castbox","icon":"castbox.png"},"deezer":{"key":"deezer","url":"","label":"Deezer","class":"deezer","icon":"deezer.png"},"google_podcasts":{"key":"google_podcasts","url":"","label":"Google Podcasts","class":"google_podcasts","icon":"google-podcasts.png"},"listen_notes":{"key":"listen_notes","url":"","label":"Listen Notes","class":"listen_notes","icon":"listen-notes.png"},"pandora":{"key":"pandora","url":"","label":"Pandora","class":"pandora","icon":"pandora.png"},"podbean":{"key":"podbean","url":"","label":"Podbean","class":"podbean","icon":"podbean.png"},"podcast_republic":{"key":"podcast_republic","url":"","label":"Podcast Republic","class":"podcast_republic","icon":"podcast-republic.png"},"rss":{"key":"rss","url":"","label":"RSS","class":"rss","icon":"rss.png"},"spotify":{"key":"spotify","url":"","label":"Spotify","class":"spotify","icon":"spotify.png"},"stitcher":{"key":"stitcher","url":"","label":"Stitcher","class":"stitcher","icon":"stitcher.png"},"tunein":{"key":"tunein","url":"","label":"TuneIn","class":"tunein","icon":"tunein.png"},"youtube":{"key":"youtube","url":"","label":"YouTube","class":"youtube","icon":"youtube.png"},"iheartradio":{"key":"iheartradio","url":"","label":"iHeartRadio","class":"iheartradio","icon":"iheartradio.png"},"ivoox":{"key":"ivoox","url":"","label":"iVoox","class":"ivoox","icon":"ivoox.png"}},"rssFeedUrl":"https:\/\/quechilero.com\/blog\/feed\/podcast\/si-la-vida-nos-da-limones","embedCode":"<blockquote class=\"wp-embedded-content\" data-secret=\"sQr5jZgc0I\"><a href=\"https:\/\/quechilero.com\/blog\/2011\/12\/29\/quiero-ser-esa-humilde-morada\/\">Quiero ser esa humilde morada<\/a><\/blockquote><iframe sandbox=\"allow-scripts\" security=\"restricted\" src=\"https:\/\/quechilero.com\/blog\/2011\/12\/29\/quiero-ser-esa-humilde-morada\/embed\/#?secret=sQr5jZgc0I\" width=\"500\" height=\"350\" title=\"\u00abQuiero ser esa humilde morada\u00bb \u2014 Si la Vida nos da Limones...\" data-secret=\"sQr5jZgc0I\" frameborder=\"0\" marginwidth=\"0\" marginheight=\"0\" scrolling=\"no\" class=\"wp-embedded-content\"><\/iframe><script>\n\/*! This file is auto-generated *\/\n!function(d,l){\"use strict\";l.querySelector&&d.addEventListener&&\"undefined\"!=typeof URL&&(d.wp=d.wp||{},d.wp.receiveEmbedMessage||(d.wp.receiveEmbedMessage=function(e){var t=e.data;if((t||t.secret||t.message||t.value)&&!\/[^a-zA-Z0-9]\/.test(t.secret)){for(var s,r,n,a=l.querySelectorAll('iframe[data-secret=\"'+t.secret+'\"]'),o=l.querySelectorAll('blockquote[data-secret=\"'+t.secret+'\"]'),c=new RegExp(\"^https?:$\",\"i\"),i=0;i<o.length;i++)o[i].style.display=\"none\";for(i=0;i<a.length;i++)s=a[i],e.source===s.contentWindow&&(s.removeAttribute(\"style\"),\"height\"===t.message?(1e3<(r=parseInt(t.value,10))?r=1e3:~~r<200&&(r=200),s.height=r):\"link\"===t.message&&(r=new URL(s.getAttribute(\"src\")),n=new URL(t.value),c.test(n.protocol))&&n.host===r.host&&l.activeElement===s&&(d.top.location.href=t.value))}},d.addEventListener(\"message\",d.wp.receiveEmbedMessage,!1),l.addEventListener(\"DOMContentLoaded\",function(){for(var e,t,s=l.querySelectorAll(\"iframe.wp-embedded-content\"),r=0;r<s.length;r++)(t=(e=s[r]).getAttribute(\"data-secret\"))||(t=Math.random().toString(36).substring(2,12),e.src+=\"#?secret=\"+t,e.setAttribute(\"data-secret\",t)),e.contentWindow.postMessage({message:\"ready\",secret:t},\"*\")},!1)))}(window,document);\n\/\/# sourceURL=https:\/\/quechilero.com\/blog\/wp-includes\/js\/wp-embed.min.js\n<\/script>\n"},"jetpack_publicize_connections":[],"jetpack_shortlink":"https:\/\/wp.me\/pDKli-2YY","jetpack_sharing_enabled":true,"jetpack-related-posts":[{"id":19814,"url":"https:\/\/quechilero.com\/blog\/2015\/02\/07\/maria-eres-mi-madre-y-mi-maestra\/","url_meta":{"origin":11468,"position":0},"title":"Mar\u00eda, eres mi madre y mi maestra","author":"Pepe Barrascout Ortiz","date":"7 febrero 2015","format":false,"excerpt":"\u00a1Oh, Mar\u00eda, no s\u00f3lo eres mi madre, sino tambi\u00e9n mi maestra, y quiero ser una obra maestra en tus manos! Alfarera divina, estoy ante ti como un cantarillo roto, pero con mi mismo barro puedes hacer otro a tu gusto. \u00a1Hazlo! Toma mi barro, el barro de mis dificultades, de\u2026","rel":"","context":"En \u00abLimones\u00bb","block_context":{"text":"Limones","link":"https:\/\/quechilero.com\/blog\/category\/limones\/"},"img":{"alt_text":"","src":"","width":0,"height":0},"classes":[]},{"id":16719,"url":"https:\/\/quechilero.com\/blog\/2013\/05\/22\/junio-mes-del-sagrado-%ef%bb%bfcorazon-de-jesus\/","url_meta":{"origin":11468,"position":1},"title":"Junio: Mes del Sagrado \ufeffCoraz\u00f3n de Jes\u00fas","author":"Pepe Barrascout Ortiz","date":"22 mayo 2013","format":false,"excerpt":"La imagen del Sagrado Coraz\u00f3n de Jes\u00fas nos recuerda el n\u00facleo central de nuestra fe: todo lo que Dios nos ama con su Coraz\u00f3n y todo lo que nosotros, por tanto, le debemos amar. Jes\u00fas tiene un Coraz\u00f3n que ama sin medida. Y tanto nos ama, que sufre cuando su\u2026","rel":"","context":"En \u00abLimones\u00bb","block_context":{"text":"Limones","link":"https:\/\/quechilero.com\/blog\/category\/limones\/"},"img":{"alt_text":"","src":"","width":0,"height":0},"classes":[]},{"id":17573,"url":"https:\/\/quechilero.com\/blog\/2013\/12\/10\/el-senor-vino-viene-y-vendra\/","url_meta":{"origin":11468,"position":2},"title":"El Se\u00f1or vino, viene y vendr\u00e1","author":"Pepe Barrascout Ortiz","date":"10 diciembre 2013","format":false,"excerpt":"En el Adviento celebramos el misterio de la venida del Se\u00f1or en una actitud gozosa, de vigilancia, de espera y de acogida. Nuestra vida se presenta, con asombro siempre nuevo, ante el misterio entra\u00f1able de un Dios que se ha hecho hombre. Con el Adviento se nos convoca a preparar\u2026","rel":"","context":"En \u00abLimones\u00bb","block_context":{"text":"Limones","link":"https:\/\/quechilero.com\/blog\/category\/limones\/"},"img":{"alt_text":"","src":"","width":0,"height":0},"classes":[]},{"id":17357,"url":"https:\/\/quechilero.com\/blog\/2013\/10\/27\/una-figura-sencilla-y-humilde\/","url_meta":{"origin":11468,"position":3},"title":"Una figura sencilla y humilde","author":"Pepe Barrascout Ortiz","date":"27 octubre 2013","format":false,"excerpt":"San Jos\u00e9 era una figura sencilla y humilde, silenciosa y pobre en apariencia, pero Dios le ha encomendado una misi\u00f3n \u00fanica y maravillosa. Este hombre del silencio es un hombre aparte, a\u00fan en medio de los bienaventurados. Era de estirpe real, de la familia de David. Dios le muestra un\u2026","rel":"","context":"En \u00abLimones\u00bb","block_context":{"text":"Limones","link":"https:\/\/quechilero.com\/blog\/category\/limones\/"},"img":{"alt_text":"","src":"","width":0,"height":0},"classes":[]},{"id":22551,"url":"https:\/\/quechilero.com\/blog\/2017\/05\/08\/es-posible-alcanzar-la-santidad\/","url_meta":{"origin":11468,"position":4},"title":"Es posible alcanzar la santidad","author":"Pepe Barrascout Ortiz","date":"8 mayo 2017","format":false,"excerpt":"Hoy, confiando en Jes\u00fas resucitado, hemos de redescubrir el Evangelio como una \u201cbuena nueva\u201d. El Evangelio no es una ley que nos oprime. Alguna vez hemos podido caer en la tentaci\u00f3n de pensar que los que no son cristianos est\u00e1n m\u00e1s tranquilos que nosotros y hacen lo que quieren, mientras\u2026","rel":"","context":"En \u00abLimones\u00bb","block_context":{"text":"Limones","link":"https:\/\/quechilero.com\/blog\/category\/limones\/"},"img":{"alt_text":"","src":"","width":0,"height":0},"classes":[]},{"id":7585,"url":"https:\/\/quechilero.com\/blog\/2011\/03\/17\/reflexiones-de-cuaresma-dia-9\/","url_meta":{"origin":11468,"position":5},"title":"Reflexiones de Cuaresma d\u00eda 9","author":"Pepe Barrascout Ortiz","date":"17 marzo 2011","format":false,"excerpt":"Oraci\u00f3n inicial Se\u00f1or m\u00edo, Jesucristo, creo firmemente que est\u00e1s aqu\u00ed; en estos pocos minutos de oraci\u00f3n que empiezo ahora quiero pedirte y agradecerte. Pedirte\u00a0la gracia de darme m\u00e1s cuenta de que T\u00fa vives, me escuchas y me amas; tanto, que has querido morir libremente por m\u00ed en la cruz y\u2026","rel":"","context":"En \u00abLimones por mano\u00bb","block_context":{"text":"Limones por mano","link":"https:\/\/quechilero.com\/blog\/category\/limones-por-mano\/"},"img":{"alt_text":"","src":"","width":0,"height":0},"classes":[]}],"jetpack_featured_media_url":"","_links":{"self":[{"href":"https:\/\/quechilero.com\/blog\/wp-json\/wp\/v2\/posts\/11468","targetHints":{"allow":["GET"]}}],"collection":[{"href":"https:\/\/quechilero.com\/blog\/wp-json\/wp\/v2\/posts"}],"about":[{"href":"https:\/\/quechilero.com\/blog\/wp-json\/wp\/v2\/types\/post"}],"author":[{"embeddable":true,"href":"https:\/\/quechilero.com\/blog\/wp-json\/wp\/v2\/users\/1"}],"replies":[{"embeddable":true,"href":"https:\/\/quechilero.com\/blog\/wp-json\/wp\/v2\/comments?post=11468"}],"version-history":[{"count":0,"href":"https:\/\/quechilero.com\/blog\/wp-json\/wp\/v2\/posts\/11468\/revisions"}],"wp:attachment":[{"href":"https:\/\/quechilero.com\/blog\/wp-json\/wp\/v2\/media?parent=11468"}],"wp:term":[{"taxonomy":"category","embeddable":true,"href":"https:\/\/quechilero.com\/blog\/wp-json\/wp\/v2\/categories?post=11468"},{"taxonomy":"post_tag","embeddable":true,"href":"https:\/\/quechilero.com\/blog\/wp-json\/wp\/v2\/tags?post=11468"},{"taxonomy":"series","embeddable":true,"href":"https:\/\/quechilero.com\/blog\/wp-json\/wp\/v2\/series?post=11468"}],"curies":[{"name":"wp","href":"https:\/\/api.w.org\/{rel}","templated":true}]}}