{"id":11459,"date":"2011-12-24T18:00:44","date_gmt":"2011-12-25T00:00:44","guid":{"rendered":"http:\/\/quechilero.com\/blog\/?p=11459"},"modified":"2011-12-24T18:00:44","modified_gmt":"2011-12-25T00:00:44","slug":"oracion-de-bendicion-para-la-cena-de-navidad","status":"publish","type":"post","link":"https:\/\/quechilero.com\/blog\/2011\/12\/24\/oracion-de-bendicion-para-la-cena-de-navidad\/","title":{"rendered":"Oraci\u00f3n de Bendici\u00f3n para la Cena de Navidad"},"content":{"rendered":"<p>Bendice, Se\u00f1or, nuestra mesa.\u00a0Bendice la fraternidad y la armon\u00eda que hay\u00a0entre nosotros.<\/p>\n<p>Danos alegr\u00eda, paz, salud, pan\u2026 durante\u00a0toda nuestra vida.<\/p>\n<p>Danos fuerza y ternura para ser hombres y\u00a0mujeres justos donde haya buenos d\u00edas y muchas noches-buenas, como \u00e9sta y la que celebraremos con nuestras familias el 24 de diciembre.<\/p>\n<p>Queremos decirte una vez m\u00e1s, Se\u00f1or, que creemos en ti desde nuestro coraz\u00f3n de ni\u00f1os, creemos en ti desde nuestra fe de adultos.<\/p>\n<p>Act\u00faa en medio de nosotros, hombres y mujeres en la Historia, para hacerla tu Reino; para que vivamos reconciliados en la bondad, el amor, la sensibilidad, la\u00a0justicia\u2026 Signos reales de que nuestro coraz\u00f3n ser\u00e1 el pesebre donde T\u00fa vas ha nacer una vez m\u00e1s.<\/p>\n<p>Am\u00e9n.<\/p>\n","protected":false},"excerpt":{"rendered":"<p>Bendice, Se\u00f1or, nuestra mesa.\u00a0Bendice la fraternidad y la armon\u00eda que hay\u00a0entre nosotros. Danos alegr\u00eda, paz, salud, pan\u2026 durante\u00a0toda nuestra vida. Danos fuerza y ternura para ser hombres y\u00a0mujeres justos donde haya buenos d\u00edas y muchas noches-buenas, como \u00e9sta y la que celebraremos con nuestras familias el 24 de diciembre. Queremos decirte una vez m\u00e1s, Se\u00f1or, &#8230; <a title=\"Oraci\u00f3n de Bendici\u00f3n para la Cena de Navidad\" class=\"read-more\" href=\"https:\/\/quechilero.com\/blog\/2011\/12\/24\/oracion-de-bendicion-para-la-cena-de-navidad\/\" aria-label=\"Leer m\u00e1s sobre Oraci\u00f3n de Bendici\u00f3n para la Cena de Navidad\">Leer m\u00e1s<\/a><\/p>\n","protected":false},"author":1,"featured_media":0,"comment_status":"open","ping_status":"open","sticky":false,"template":"","format":"standard","meta":{"advanced_seo_description":"","jetpack_seo_html_title":"","jetpack_seo_noindex":false,"jetpack_seo_schema_type":"","episode_type":"","audio_file":"","podmotor_file_id":"","podmotor_episode_id":"","cover_image":"","cover_image_id":"","duration":"","filesize":"","filesize_raw":"","date_recorded":"","explicit":"","block":"","_jetpack_newsletter_access":"","_jetpack_dont_email_post_to_subs":false,"_jetpack_newsletter_tier_id":0,"_jetpack_memberships_contains_paywalled_content":false,"_jetpack_feature_clip_id":0,"_jetpack_memberships_contains_paid_content":false,"footnotes":"","jetpack_publicize_message":"","jetpack_publicize_feature_enabled":true,"jetpack_social_post_already_shared":false,"jetpack_social_options":{"image_generator_settings":{"template":"highway","default_image_id":0,"font":"","enabled":false},"version":2},"jetpack_post_was_ever_published":false},"categories":[2],"tags":[87,15,17,18,20,86,40,24],"series":[],"class_list":["post-11459","post","type-post","status-publish","format-standard","hentry","category-limones","tag-alegria","tag-amor","tag-historia","tag-hombre","tag-mujer","tag-oracion","tag-paz","tag-vida"],"episode_featured_image":false,"episode_player_image":"https:\/\/i0.wp.com\/quechilero.com\/blog\/imagenes\/podcast.png?fit=1831%2C1831&ssl=1","download_link":"","player_link":"","audio_player":false,"episode_data":{"playerMode":"dark","subscribeUrls":{"amazon":{"key":"amazon","url":"","label":"Amazon","class":"amazon","icon":"amazon.png"},"apple_podcasts":{"key":"apple_podcasts","url":"","label":"Apple Podcasts","class":"apple_podcasts","icon":"apple-podcasts.png"},"castbox":{"key":"castbox","url":"","label":"CastBox","class":"castbox","icon":"castbox.png"},"deezer":{"key":"deezer","url":"","label":"Deezer","class":"deezer","icon":"deezer.png"},"google_podcasts":{"key":"google_podcasts","url":"","label":"Google Podcasts","class":"google_podcasts","icon":"google-podcasts.png"},"listen_notes":{"key":"listen_notes","url":"","label":"Listen Notes","class":"listen_notes","icon":"listen-notes.png"},"pandora":{"key":"pandora","url":"","label":"Pandora","class":"pandora","icon":"pandora.png"},"podbean":{"key":"podbean","url":"","label":"Podbean","class":"podbean","icon":"podbean.png"},"podcast_republic":{"key":"podcast_republic","url":"","label":"Podcast Republic","class":"podcast_republic","icon":"podcast-republic.png"},"rss":{"key":"rss","url":"","label":"RSS","class":"rss","icon":"rss.png"},"spotify":{"key":"spotify","url":"","label":"Spotify","class":"spotify","icon":"spotify.png"},"stitcher":{"key":"stitcher","url":"","label":"Stitcher","class":"stitcher","icon":"stitcher.png"},"tunein":{"key":"tunein","url":"","label":"TuneIn","class":"tunein","icon":"tunein.png"},"youtube":{"key":"youtube","url":"","label":"YouTube","class":"youtube","icon":"youtube.png"},"iheartradio":{"key":"iheartradio","url":"","label":"iHeartRadio","class":"iheartradio","icon":"iheartradio.png"},"ivoox":{"key":"ivoox","url":"","label":"iVoox","class":"ivoox","icon":"ivoox.png"}},"rssFeedUrl":"https:\/\/quechilero.com\/blog\/feed\/podcast\/si-la-vida-nos-da-limones","embedCode":"<blockquote class=\"wp-embedded-content\" data-secret=\"ehK4NNC0aj\"><a href=\"https:\/\/quechilero.com\/blog\/2011\/12\/24\/oracion-de-bendicion-para-la-cena-de-navidad\/\">Oraci\u00f3n de Bendici\u00f3n para la Cena de Navidad<\/a><\/blockquote><iframe sandbox=\"allow-scripts\" security=\"restricted\" src=\"https:\/\/quechilero.com\/blog\/2011\/12\/24\/oracion-de-bendicion-para-la-cena-de-navidad\/embed\/#?secret=ehK4NNC0aj\" width=\"500\" height=\"350\" title=\"\u00abOraci\u00f3n de Bendici\u00f3n para la Cena de Navidad\u00bb \u2014 Si la Vida nos da Limones...\" data-secret=\"ehK4NNC0aj\" frameborder=\"0\" marginwidth=\"0\" marginheight=\"0\" scrolling=\"no\" class=\"wp-embedded-content\"><\/iframe><script>\n\/*! This file is auto-generated *\/\n!function(d,l){\"use strict\";l.querySelector&&d.addEventListener&&\"undefined\"!=typeof URL&&(d.wp=d.wp||{},d.wp.receiveEmbedMessage||(d.wp.receiveEmbedMessage=function(e){var t=e.data;if((t||t.secret||t.message||t.value)&&!\/[^a-zA-Z0-9]\/.test(t.secret)){for(var s,r,n,a=l.querySelectorAll('iframe[data-secret=\"'+t.secret+'\"]'),o=l.querySelectorAll('blockquote[data-secret=\"'+t.secret+'\"]'),c=new RegExp(\"^https?:$\",\"i\"),i=0;i<o.length;i++)o[i].style.display=\"none\";for(i=0;i<a.length;i++)s=a[i],e.source===s.contentWindow&&(s.removeAttribute(\"style\"),\"height\"===t.message?(1e3<(r=parseInt(t.value,10))?r=1e3:~~r<200&&(r=200),s.height=r):\"link\"===t.message&&(r=new URL(s.getAttribute(\"src\")),n=new URL(t.value),c.test(n.protocol))&&n.host===r.host&&l.activeElement===s&&(d.top.location.href=t.value))}},d.addEventListener(\"message\",d.wp.receiveEmbedMessage,!1),l.addEventListener(\"DOMContentLoaded\",function(){for(var e,t,s=l.querySelectorAll(\"iframe.wp-embedded-content\"),r=0;r<s.length;r++)(t=(e=s[r]).getAttribute(\"data-secret\"))||(t=Math.random().toString(36).substring(2,12),e.src+=\"#?secret=\"+t,e.setAttribute(\"data-secret\",t)),e.contentWindow.postMessage({message:\"ready\",secret:t},\"*\")},!1)))}(window,document);\n\/\/# sourceURL=https:\/\/quechilero.com\/blog\/wp-includes\/js\/wp-embed.min.js\n<\/script>\n"},"jetpack_publicize_connections":[],"jetpack_shortlink":"https:\/\/wp.me\/pDKli-2YP","jetpack_sharing_enabled":true,"jetpack-related-posts":[{"id":4853,"url":"https:\/\/quechilero.com\/blog\/2010\/06\/04\/oracion-2\/","url_meta":{"origin":11459,"position":0},"title":"Oraci\u00f3n","author":"Pepe Barrascout Ortiz","date":"4 junio 2010","format":false,"excerpt":"T\u00fa sabes, Se\u00f1or, que la persona que est\u00e1 leyendo esto es muy especial para m\u00ed. Por eso, mi Se\u00f1or, te pido para ella que derrames Tu gran Misericordia en su vida. Llena su coraz\u00f3n de Amor, de Paz y de Alegr\u00eda. Toca su mente, sus emociones, sus recuerdos... Elimina sus\u2026","rel":"","context":"En \u00abLimones\u00bb","block_context":{"text":"Limones","link":"https:\/\/quechilero.com\/blog\/category\/limones\/"},"img":{"alt_text":"","src":"","width":0,"height":0},"classes":[]},{"id":15358,"url":"https:\/\/quechilero.com\/blog\/2012\/12\/02\/primer-domingo-de-adviento\/","url_meta":{"origin":11459,"position":1},"title":"Primer Domingo de Adviento","author":"Pepe Barrascout Ortiz","date":"2 diciembre 2012","format":false,"excerpt":"Primer Domingo de Adviento (ciclo B) Cabeza de Familia: Hermanos: Al iniciar hoy el Adviento, comenzamos el A\u00f1o Lit\u00fargico, s\u00edmbolo de nuestra larga traves\u00eda por la vida. Vamos caminando por el desierto, atravesando unas veces, bellos oasis; otras sofocantes desiertos. Lo hacemos con alegr\u00eda y con miedo, con fe y\u2026","rel":"","context":"En \u00abLimones\u00bb","block_context":{"text":"Limones","link":"https:\/\/quechilero.com\/blog\/category\/limones\/"},"img":{"alt_text":"","src":"https:\/\/i0.wp.com\/i392.photobucket.com\/albums\/pp7\/pepejaguar\/blog\/1-domingo-adviento.png?resize=350%2C200","width":350,"height":200,"srcset":"https:\/\/i0.wp.com\/i392.photobucket.com\/albums\/pp7\/pepejaguar\/blog\/1-domingo-adviento.png?resize=350%2C200 1x, https:\/\/i0.wp.com\/i392.photobucket.com\/albums\/pp7\/pepejaguar\/blog\/1-domingo-adviento.png?resize=525%2C300 1.5x"},"classes":[]},{"id":11472,"url":"https:\/\/quechilero.com\/blog\/2011\/12\/30\/oracion-de-fin-y-principio-de-ano\/","url_meta":{"origin":11459,"position":2},"title":"Oraci\u00f3n de fin y principio de a\u00f1o","author":"Pepe Barrascout Ortiz","date":"30 diciembre 2011","format":false,"excerpt":"Se\u00f1or, Dios, due\u00f1o del tiempo y de la eternidad, tuyo es el hoy y el ma\u00f1ana, el pasado y el futuro. Al terminar este a\u00f1o quiero darte gracias por todo aquello que recib\u00ed de TI. Gracias por la vida y el amor, por las flores, el aire y el sol,\u2026","rel":"","context":"En \u00abLimones\u00bb","block_context":{"text":"Limones","link":"https:\/\/quechilero.com\/blog\/category\/limones\/"},"img":{"alt_text":"","src":"","width":0,"height":0},"classes":[]},{"id":17148,"url":"https:\/\/quechilero.com\/blog\/2013\/09\/26\/senor-bendice-mis-sentidos\/","url_meta":{"origin":11459,"position":3},"title":"Se\u00f1or, bendice mis sentidos","author":"Pepe Barrascout Ortiz","date":"26 septiembre 2013","format":false,"excerpt":"Se\u00f1or, bendice mis manos para que sean delicadas y sepan tomar sin jam\u00e1s aprisionar, que sepan dar sin calcular y tengan la fuerza de bendecir y consolar. Se\u00f1or, bendice mis ojos para que sepan ver la necesidad y no olviden nunca lo que a nadie deslumbra; que vean detr\u00e1s de\u2026","rel":"","context":"En \u00abLimones\u00bb","block_context":{"text":"Limones","link":"https:\/\/quechilero.com\/blog\/category\/limones\/"},"img":{"alt_text":"","src":"","width":0,"height":0},"classes":[]},{"id":418,"url":"https:\/\/quechilero.com\/blog\/2007\/01\/23\/companero-de-oracion\/","url_meta":{"origin":11459,"position":4},"title":"Compa\u00f1ero de oraci\u00f3n","author":"Pepe Barrascout Ortiz","date":"23 enero 2007","format":false,"excerpt":"Mi hijo Brian hab\u00eda estado luchando durante varias horas para reparar las ca\u00f1er\u00edas en su ba\u00f1o. Por mucho que lo intentaba, nada le daba resultado. Su hijo de cuatro a\u00f1os lo hab\u00eda estado observando pues quer\u00eda ayudar, pero no sab\u00eda qu\u00e9 hacer. Brian estaba a punto de probar una cosa\u2026","rel":"","context":"En \u00abLimones\u00bb","block_context":{"text":"Limones","link":"https:\/\/quechilero.com\/blog\/category\/limones\/"},"img":{"alt_text":"","src":"","width":0,"height":0},"classes":[]},{"id":17802,"url":"https:\/\/quechilero.com\/blog\/2014\/04\/27\/oracion-oficial-a-san-juan-pablo-ii\/","url_meta":{"origin":11459,"position":5},"title":"Oraci\u00f3n Oficial a San Juan Pablo II","author":"Pepe Barrascout Ortiz","date":"27 abril 2014","format":false,"excerpt":"\u00a1Oh San Juan Pablo, desde la ventana del Cielo d\u00f3nanos tu bendici\u00f3n! Bendice a la Iglesia, que t\u00fa has amado, servido, y guiado, anim\u00e1ndola a caminar con coraje por los senderos del mundo para llevar a Jes\u00fas a todos y a todos a Jes\u00fas. Bendice a los j\u00f3venes, que han\u2026","rel":"","context":"En \u00abLimones\u00bb","block_context":{"text":"Limones","link":"https:\/\/quechilero.com\/blog\/category\/limones\/"},"img":{"alt_text":"","src":"https:\/\/i0.wp.com\/lh6.googleusercontent.com\/-2B9-CvruU-A\/U2Aomq64tyI\/AAAAAAAACcc\/SQtxp0pHbW8\/w500-h375-no\/sanjuanpablooracion.jpg?resize=350%2C200&ssl=1","width":350,"height":200},"classes":[]}],"jetpack_featured_media_url":"","_links":{"self":[{"href":"https:\/\/quechilero.com\/blog\/wp-json\/wp\/v2\/posts\/11459","targetHints":{"allow":["GET"]}}],"collection":[{"href":"https:\/\/quechilero.com\/blog\/wp-json\/wp\/v2\/posts"}],"about":[{"href":"https:\/\/quechilero.com\/blog\/wp-json\/wp\/v2\/types\/post"}],"author":[{"embeddable":true,"href":"https:\/\/quechilero.com\/blog\/wp-json\/wp\/v2\/users\/1"}],"replies":[{"embeddable":true,"href":"https:\/\/quechilero.com\/blog\/wp-json\/wp\/v2\/comments?post=11459"}],"version-history":[{"count":0,"href":"https:\/\/quechilero.com\/blog\/wp-json\/wp\/v2\/posts\/11459\/revisions"}],"wp:attachment":[{"href":"https:\/\/quechilero.com\/blog\/wp-json\/wp\/v2\/media?parent=11459"}],"wp:term":[{"taxonomy":"category","embeddable":true,"href":"https:\/\/quechilero.com\/blog\/wp-json\/wp\/v2\/categories?post=11459"},{"taxonomy":"post_tag","embeddable":true,"href":"https:\/\/quechilero.com\/blog\/wp-json\/wp\/v2\/tags?post=11459"},{"taxonomy":"series","embeddable":true,"href":"https:\/\/quechilero.com\/blog\/wp-json\/wp\/v2\/series?post=11459"}],"curies":[{"name":"wp","href":"https:\/\/api.w.org\/{rel}","templated":true}]}}