{"id":11451,"date":"2011-12-23T08:00:33","date_gmt":"2011-12-23T14:00:33","guid":{"rendered":"http:\/\/quechilero.com\/blog\/?p=11451"},"modified":"2011-12-23T08:00:33","modified_gmt":"2011-12-23T14:00:33","slug":"tolerancia-como-dijo","status":"publish","type":"post","link":"https:\/\/quechilero.com\/blog\/2011\/12\/23\/tolerancia-como-dijo\/","title":{"rendered":"\u00bfTolerancia? \u00bfC\u00f3mo dijo?"},"content":{"rendered":"<p>En el Primer Mundo la tolerancia se ha convertido en un tema muy importante. Pero claro, tolerancia de los cristianos para con los no cristianos, nunca al rev\u00e9s. Porque, cr\u00e9ase o no, hay personas que afirman sentirse ofendidas cuando en un pa\u00eds de mayor\u00eda cristiana, se les dice Feliz Navidad. Entonces se cambia el Feliz Navidad por Felices Fiestas. Pero en realidad, se piensa en Feliz Navidad, porque todos saben que es LA fiesta. Como dice el ingl\u00e9s: Jesus is the reason for the Season. Como algunas tarjetas dicen \u00abSeason&#8217;s greetings\u00bb -felices fiestas-, el dicho afirma: \u00abJes\u00fas es la raz\u00f3n de las fiestas\u00bb.<\/p>\n<p>La idea es quitar a Dios del medio. Del gobierno, de la vida p\u00fablica, de la vida privada&#8230; \u00a1Que Dios no interfiera con nosotros! Y despu\u00e9s nos preguntamos por qu\u00e9 estamos como estamos&#8230;<\/p>\n<p>A veces la lucha contra Navidad es bastante agresiva en el Primer Mundo. Yo defiendo a los jud\u00edos en muchas de sus luchas. Pero hay una en la que no cuentan con mi apoyo. Es que aqu\u00ed, si pones un \u00e1rbol de Navidad en un lugar p\u00fablico, te exigen muchas veces que agregues una Menorah, el candelabro jud\u00edo, expresando la tolerancia hacia otras religiones. Pero hete aqu\u00ed que no se preocupan de que haya tambi\u00e9n s\u00edmbolos musulmanes, budistas, hind\u00faes u otros&#8230; s\u00f3lo el jud\u00edo.<\/p>\n<p>En Estados Unidos hay 80% de cristianos y 1% de jud\u00edos. En Israel hay 80% de jud\u00edos y 2,3 % de cristianos. Si yo voy a Israel y me dicen Feliz Hanukka, yo les responder\u00e9 Feliz Hanukka. No se me ocurrir\u00eda decirles que me ofenden, porque no soy jud\u00edo. Al contrario, me sentir\u00eda aut\u00e9nticamente feliz de compartir la alegr\u00eda de los jud\u00edos. Pero si en Estados Unidos le dices Feliz Navidad a un jud\u00edo, muy probablemente \u00e9ste afirme que se siente ofendido, o no te responda, o quiz\u00e1s te diga con cara de \u00abNo me moleste: Yo no festejo Navidad\u00bb. Y me pregunto: \u00bfpor qu\u00e9 tanta intolerancia en el pa\u00eds \u00abde la Libertad\u00bb? \u00bfQui\u00e9n ofende en realidad?<\/p>\n<p>Aqu\u00ed el \u00e1rbol de Navidad se est\u00e1 transformando en Holiday Tree. Los regalos de Navidad, en Holiday presents. Las galletas de Navidad, en Holiday cookies. Los adornos de Navidad, en Holiday decoration.<\/p>\n<p>Se trata literalmente de una guerra contra la Navidad. Pero esto es s\u00f3lo una expresi\u00f3n de la guerra contra los valores cristianos. Quien no est\u00e1 atento a los signos de los tiempos, no lo puede percibir. Quien s\u00f3lo tiene acceso a los medios de comunicaci\u00f3n generales, muy dif\u00edcilmente lo pueda ver.<\/p>\n<p><em><strong>Enrique Soros<\/strong><\/em><\/p>\n","protected":false},"excerpt":{"rendered":"<p>En el Primer Mundo la tolerancia se ha convertido en un tema muy importante. Pero claro, tolerancia de los cristianos para con los no cristianos, nunca al rev\u00e9s. Porque, cr\u00e9ase o no, hay personas que afirman sentirse ofendidas cuando en un pa\u00eds de mayor\u00eda cristiana, se les dice Feliz Navidad. Entonces se cambia el Feliz &#8230; <a title=\"\u00bfTolerancia? \u00bfC\u00f3mo dijo?\" class=\"read-more\" href=\"https:\/\/quechilero.com\/blog\/2011\/12\/23\/tolerancia-como-dijo\/\" aria-label=\"Leer m\u00e1s sobre \u00bfTolerancia? \u00bfC\u00f3mo dijo?\">Leer m\u00e1s<\/a><\/p>\n","protected":false},"author":1,"featured_media":0,"comment_status":"open","ping_status":"open","sticky":false,"template":"","format":"standard","meta":{"advanced_seo_description":"","jetpack_seo_html_title":"","jetpack_seo_noindex":false,"jetpack_seo_schema_type":"","episode_type":"","audio_file":"","podmotor_file_id":"","podmotor_episode_id":"","cover_image":"","cover_image_id":"","duration":"","filesize":"","filesize_raw":"","date_recorded":"","explicit":"","block":"","_jetpack_newsletter_access":"","_jetpack_dont_email_post_to_subs":false,"_jetpack_newsletter_tier_id":0,"_jetpack_memberships_contains_paywalled_content":false,"_jetpack_feature_clip_id":0,"_jetpack_memberships_contains_paid_content":false,"footnotes":"","jetpack_publicize_message":"","jetpack_publicize_feature_enabled":true,"jetpack_social_post_already_shared":false,"jetpack_social_options":{"image_generator_settings":{"template":"highway","default_image_id":0,"font":"","enabled":false},"version":2},"jetpack_post_was_ever_published":false},"categories":[2],"tags":[87,44,51,46,9,74,5,24],"series":[],"class_list":["post-11451","post","type-post","status-publish","format-standard","hentry","category-limones","tag-alegria","tag-apoyo","tag-dios","tag-feliz","tag-idea","tag-jesus","tag-tiempo","tag-vida"],"episode_featured_image":false,"episode_player_image":"https:\/\/i0.wp.com\/quechilero.com\/blog\/imagenes\/podcast.png?fit=1831%2C1831&ssl=1","download_link":"","player_link":"","audio_player":false,"episode_data":{"playerMode":"dark","subscribeUrls":{"amazon":{"key":"amazon","url":"","label":"Amazon","class":"amazon","icon":"amazon.png"},"apple_podcasts":{"key":"apple_podcasts","url":"","label":"Apple Podcasts","class":"apple_podcasts","icon":"apple-podcasts.png"},"castbox":{"key":"castbox","url":"","label":"CastBox","class":"castbox","icon":"castbox.png"},"deezer":{"key":"deezer","url":"","label":"Deezer","class":"deezer","icon":"deezer.png"},"google_podcasts":{"key":"google_podcasts","url":"","label":"Google Podcasts","class":"google_podcasts","icon":"google-podcasts.png"},"listen_notes":{"key":"listen_notes","url":"","label":"Listen Notes","class":"listen_notes","icon":"listen-notes.png"},"pandora":{"key":"pandora","url":"","label":"Pandora","class":"pandora","icon":"pandora.png"},"podbean":{"key":"podbean","url":"","label":"Podbean","class":"podbean","icon":"podbean.png"},"podcast_republic":{"key":"podcast_republic","url":"","label":"Podcast Republic","class":"podcast_republic","icon":"podcast-republic.png"},"rss":{"key":"rss","url":"","label":"RSS","class":"rss","icon":"rss.png"},"spotify":{"key":"spotify","url":"","label":"Spotify","class":"spotify","icon":"spotify.png"},"stitcher":{"key":"stitcher","url":"","label":"Stitcher","class":"stitcher","icon":"stitcher.png"},"tunein":{"key":"tunein","url":"","label":"TuneIn","class":"tunein","icon":"tunein.png"},"youtube":{"key":"youtube","url":"","label":"YouTube","class":"youtube","icon":"youtube.png"},"iheartradio":{"key":"iheartradio","url":"","label":"iHeartRadio","class":"iheartradio","icon":"iheartradio.png"},"ivoox":{"key":"ivoox","url":"","label":"iVoox","class":"ivoox","icon":"ivoox.png"}},"rssFeedUrl":"https:\/\/quechilero.com\/blog\/feed\/podcast\/si-la-vida-nos-da-limones","embedCode":"<blockquote class=\"wp-embedded-content\" data-secret=\"1pGX0VGLSM\"><a href=\"https:\/\/quechilero.com\/blog\/2011\/12\/23\/tolerancia-como-dijo\/\">\u00bfTolerancia? \u00bfC\u00f3mo dijo?<\/a><\/blockquote><iframe sandbox=\"allow-scripts\" security=\"restricted\" src=\"https:\/\/quechilero.com\/blog\/2011\/12\/23\/tolerancia-como-dijo\/embed\/#?secret=1pGX0VGLSM\" width=\"500\" height=\"350\" title=\"\u00ab\u00bfTolerancia? \u00bfC\u00f3mo dijo?\u00bb \u2014 Si la Vida nos da Limones...\" data-secret=\"1pGX0VGLSM\" frameborder=\"0\" marginwidth=\"0\" marginheight=\"0\" scrolling=\"no\" class=\"wp-embedded-content\"><\/iframe><script>\n\/*! This file is auto-generated *\/\n!function(d,l){\"use strict\";l.querySelector&&d.addEventListener&&\"undefined\"!=typeof URL&&(d.wp=d.wp||{},d.wp.receiveEmbedMessage||(d.wp.receiveEmbedMessage=function(e){var t=e.data;if((t||t.secret||t.message||t.value)&&!\/[^a-zA-Z0-9]\/.test(t.secret)){for(var s,r,n,a=l.querySelectorAll('iframe[data-secret=\"'+t.secret+'\"]'),o=l.querySelectorAll('blockquote[data-secret=\"'+t.secret+'\"]'),c=new RegExp(\"^https?:$\",\"i\"),i=0;i<o.length;i++)o[i].style.display=\"none\";for(i=0;i<a.length;i++)s=a[i],e.source===s.contentWindow&&(s.removeAttribute(\"style\"),\"height\"===t.message?(1e3<(r=parseInt(t.value,10))?r=1e3:~~r<200&&(r=200),s.height=r):\"link\"===t.message&&(r=new URL(s.getAttribute(\"src\")),n=new URL(t.value),c.test(n.protocol))&&n.host===r.host&&l.activeElement===s&&(d.top.location.href=t.value))}},d.addEventListener(\"message\",d.wp.receiveEmbedMessage,!1),l.addEventListener(\"DOMContentLoaded\",function(){for(var e,t,s=l.querySelectorAll(\"iframe.wp-embedded-content\"),r=0;r<s.length;r++)(t=(e=s[r]).getAttribute(\"data-secret\"))||(t=Math.random().toString(36).substring(2,12),e.src+=\"#?secret=\"+t,e.setAttribute(\"data-secret\",t)),e.contentWindow.postMessage({message:\"ready\",secret:t},\"*\")},!1)))}(window,document);\n\/\/# sourceURL=https:\/\/quechilero.com\/blog\/wp-includes\/js\/wp-embed.min.js\n<\/script>\n"},"jetpack_publicize_connections":[],"jetpack_shortlink":"https:\/\/wp.me\/pDKli-2YH","jetpack_sharing_enabled":true,"jetpack-related-posts":[{"id":11463,"url":"https:\/\/quechilero.com\/blog\/2011\/12\/25\/todos-los-dias-puede-ser-navidad\/","url_meta":{"origin":11451,"position":0},"title":"Todos los d\u00edas puede ser Navidad","author":"Pepe Barrascout Ortiz","date":"25 diciembre 2011","format":false,"excerpt":"El optimismo es la tarjeta de identificaci\u00f3n del cristiano. Este optimismo nace de la certeza de que Dios naci\u00f3 y puso su morada entre nosotros. En esta Navidad Cristo quiere nacer de nuevo en el coraz\u00f3n de los hombres con una condici\u00f3n: dejarlo entrar. A veces somos medio miopes y\u2026","rel":"","context":"En \u00abLimones\u00bb","block_context":{"text":"Limones","link":"https:\/\/quechilero.com\/blog\/category\/limones\/"},"img":{"alt_text":"","src":"","width":0,"height":0},"classes":[]},{"id":2119,"url":"https:\/\/quechilero.com\/blog\/2008\/12\/24\/feliz-navidad\/","url_meta":{"origin":11451,"position":1},"title":"Feliz Navidad","author":"Pepe Barrascout Ortiz","date":"24 diciembre 2008","format":false,"excerpt":"En estas fechas tan especiales para nosotros, en que celebramos la fiesta del Nacimiento del Hijo de Dios, quiero desear a todos los que leen los textos que publico en Si la vida nos da limones..., mucha paz, dicha, felicidad y bendiciones de Nuestro Se\u00f1or, que nuestras familias sean alcanzadas\u2026","rel":"","context":"En \u00abLimones\u00bb","block_context":{"text":"Limones","link":"https:\/\/quechilero.com\/blog\/category\/limones\/"},"img":{"alt_text":"","src":"https:\/\/i0.wp.com\/img186.imageshack.us\/img186\/4236\/navidadhc6.jpg?resize=350%2C200","width":350,"height":200,"srcset":"https:\/\/i0.wp.com\/img186.imageshack.us\/img186\/4236\/navidadhc6.jpg?resize=350%2C200 1x, https:\/\/i0.wp.com\/img186.imageshack.us\/img186\/4236\/navidadhc6.jpg?resize=525%2C300 1.5x"},"classes":[]},{"id":819,"url":"https:\/\/quechilero.com\/blog\/2007\/12\/24\/como-comenzo-a-celebrarse-la-navidad\/","url_meta":{"origin":11451,"position":2},"title":"\u00bfC\u00f3mo comenz\u00f3 a celebrarse la Navidad?","author":"Pepe Barrascout Ortiz","date":"24 diciembre 2007","format":false,"excerpt":"Uno podr\u00eda pensar que si el nacimiento de alguien debiera haber quedado registrado, sin duda ser\u00eda el nacimiento de Nuestro Salvador. Sin embargo, la verdad es que no es as\u00ed. Los Evangelios no registran la fecha exacta del nacimiento de Nuestro Se\u00f1or. La raz\u00f3n probable de por qu\u00e9 los evangelios\u2026","rel":"","context":"En \u00abLimones\u00bb","block_context":{"text":"Limones","link":"https:\/\/quechilero.com\/blog\/category\/limones\/"},"img":{"alt_text":"","src":"","width":0,"height":0},"classes":[]},{"id":22551,"url":"https:\/\/quechilero.com\/blog\/2017\/05\/08\/es-posible-alcanzar-la-santidad\/","url_meta":{"origin":11451,"position":3},"title":"Es posible alcanzar la santidad","author":"Pepe Barrascout Ortiz","date":"8 mayo 2017","format":false,"excerpt":"Hoy, confiando en Jes\u00fas resucitado, hemos de redescubrir el Evangelio como una \u201cbuena nueva\u201d. El Evangelio no es una ley que nos oprime. Alguna vez hemos podido caer en la tentaci\u00f3n de pensar que los que no son cristianos est\u00e1n m\u00e1s tranquilos que nosotros y hacen lo que quieren, mientras\u2026","rel":"","context":"En \u00abLimones\u00bb","block_context":{"text":"Limones","link":"https:\/\/quechilero.com\/blog\/category\/limones\/"},"img":{"alt_text":"","src":"","width":0,"height":0},"classes":[]},{"id":16309,"url":"https:\/\/quechilero.com\/blog\/2013\/03\/08\/sentido-de-la-cuaresma\/","url_meta":{"origin":11451,"position":4},"title":"Sentido de la Cuaresma","author":"Pepe Barrascout Ortiz","date":"8 marzo 2013","format":false,"excerpt":"A lo largo de este tiempo, sobre todo en la liturgia del domingo, hacemos un esfuerzo por recuperar el ritmo y estilo de verdaderos creyentes que debemos vivir como hijos de Dios. La cuaresma es un gran ejercicio espiritual para ponernos en forma para festejar los 50 d\u00edas pascuales. La\u2026","rel":"","context":"En \u00abLimones\u00bb","block_context":{"text":"Limones","link":"https:\/\/quechilero.com\/blog\/category\/limones\/"},"img":{"alt_text":"","src":"","width":0,"height":0},"classes":[]},{"id":212,"url":"https:\/\/quechilero.com\/blog\/2006\/09\/08\/feliz-cumpleanos-virgen-maria\/","url_meta":{"origin":11451,"position":5},"title":"Feliz Cumplea\u00f1os Virgen Mar\u00eda","author":"Pepe Barrascout Ortiz","date":"8 septiembre 2006","format":false,"excerpt":"La Virgen Mar\u00eda fue la Madre de Jes\u00fas y, con este hecho, se cumplieron las Escrituras y todo lo dicho por los profetas. Dios escogi\u00f3 a esta mujer para ser la Madre de su Hijo. Con ella se aproxim\u00f3 la hora de la salvaci\u00f3n. Por esta raz\u00f3n la Iglesia celebra\u2026","rel":"","context":"En \u00abLimones\u00bb","block_context":{"text":"Limones","link":"https:\/\/quechilero.com\/blog\/category\/limones\/"},"img":{"alt_text":"Virgen Mar\u00eda y Jes\u00fas","src":"https:\/\/i0.wp.com\/static.flickr.com\/80\/237816042_af63aaefeb.jpg?resize=350%2C200","width":350,"height":200},"classes":[]}],"jetpack_featured_media_url":"","_links":{"self":[{"href":"https:\/\/quechilero.com\/blog\/wp-json\/wp\/v2\/posts\/11451","targetHints":{"allow":["GET"]}}],"collection":[{"href":"https:\/\/quechilero.com\/blog\/wp-json\/wp\/v2\/posts"}],"about":[{"href":"https:\/\/quechilero.com\/blog\/wp-json\/wp\/v2\/types\/post"}],"author":[{"embeddable":true,"href":"https:\/\/quechilero.com\/blog\/wp-json\/wp\/v2\/users\/1"}],"replies":[{"embeddable":true,"href":"https:\/\/quechilero.com\/blog\/wp-json\/wp\/v2\/comments?post=11451"}],"version-history":[{"count":0,"href":"https:\/\/quechilero.com\/blog\/wp-json\/wp\/v2\/posts\/11451\/revisions"}],"wp:attachment":[{"href":"https:\/\/quechilero.com\/blog\/wp-json\/wp\/v2\/media?parent=11451"}],"wp:term":[{"taxonomy":"category","embeddable":true,"href":"https:\/\/quechilero.com\/blog\/wp-json\/wp\/v2\/categories?post=11451"},{"taxonomy":"post_tag","embeddable":true,"href":"https:\/\/quechilero.com\/blog\/wp-json\/wp\/v2\/tags?post=11451"},{"taxonomy":"series","embeddable":true,"href":"https:\/\/quechilero.com\/blog\/wp-json\/wp\/v2\/series?post=11451"}],"curies":[{"name":"wp","href":"https:\/\/api.w.org\/{rel}","templated":true}]}}