{"id":11428,"date":"2011-12-13T08:00:13","date_gmt":"2011-12-13T14:00:13","guid":{"rendered":"http:\/\/quechilero.com\/blog\/?p=11428"},"modified":"2011-12-13T08:00:13","modified_gmt":"2011-12-13T14:00:13","slug":"el-sapo-de-la-santa-cruz","status":"publish","type":"post","link":"https:\/\/quechilero.com\/blog\/2011\/12\/13\/el-sapo-de-la-santa-cruz\/","title":{"rendered":"El Sapo de la Santa Cruz"},"content":{"rendered":"<p>Los sapos se encuentran en todas partes del mundo y, debido a que consumen enormes cantidades de insectos da\u00f1inos, son amigos del hombre.<\/p>\n<p>Tal vez el sapo m\u00e1s \u00fatil que se conozca es el que vive en las regiones semi\u00e1ridas del centro de Australia. Se lo conoce con el nombre de Sapo de la Santa Cruz, debido a las manchas de su lomo, que asumen esa forma.<\/p>\n<p>Este sapo es una cantimplora viviente. En las pocas ocasiones en que llueve, bebe el precioso fluido vital hasta hincharse. Durante las sequ\u00edas que siguen a las lluvias, el batracio se esconde por meses en el barro, y sobrevive gracias al agua que ha bebido.<\/p>\n<p>Cuando los abor\u00edgenes de Australia se encuentran perdidos en medio del desierto durante la \u00e9poca de sequ\u00eda, todo lo que necesitan hacer es buscar al sapo de la santa cruz para sobrevivir. Al extraer el agua de estas ins\u00f3litas cantimploras, han logrado evitar las consecuencias fatales de la sequ\u00eda, que hubieran sido catastr\u00f3ficas para todos los que desconocieran los h\u00e1bitos de este sapo.<\/p>\n<p>Tal como los abor\u00edgenes de Australia emplean el sapo de la santa cruz cuando necesitan del agua que da vida, las personas perdidas en el desierto de este mundo pueden ser liberadas milagrosamente de la muerte al beber del agua de la vida que brota del manantial de la cruz.<\/p>\n<p><strong><em>Santiago A. Tucker. Tomado de \u00abMaravillas de La Creaci\u00f3n\u00bb<\/em><\/strong><\/p>\n","protected":false},"excerpt":{"rendered":"<p>Los sapos se encuentran en todas partes del mundo y, debido a que consumen enormes cantidades de insectos da\u00f1inos, son amigos del hombre. Tal vez el sapo m\u00e1s \u00fatil que se conozca es el que vive en las regiones semi\u00e1ridas del centro de Australia. Se lo conoce con el nombre de Sapo de la Santa &#8230; <a title=\"El Sapo de la Santa Cruz\" class=\"read-more\" href=\"https:\/\/quechilero.com\/blog\/2011\/12\/13\/el-sapo-de-la-santa-cruz\/\" aria-label=\"Leer m\u00e1s sobre El Sapo de la Santa Cruz\">Leer m\u00e1s<\/a><\/p>\n","protected":false},"author":1,"featured_media":0,"comment_status":"open","ping_status":"open","sticky":false,"template":"","format":"standard","meta":{"advanced_seo_description":"","jetpack_seo_html_title":"","jetpack_seo_noindex":false,"jetpack_seo_schema_type":"","episode_type":"","audio_file":"","podmotor_file_id":"","podmotor_episode_id":"","cover_image":"","cover_image_id":"","duration":"","filesize":"","filesize_raw":"","date_recorded":"","explicit":"","block":"","_jetpack_newsletter_access":"","_jetpack_dont_email_post_to_subs":false,"_jetpack_newsletter_tier_id":0,"_jetpack_memberships_contains_paywalled_content":false,"_jetpack_feature_clip_id":0,"_jetpack_memberships_contains_paid_content":false,"footnotes":"","jetpack_publicize_message":"","jetpack_publicize_feature_enabled":true,"jetpack_social_post_already_shared":false,"jetpack_social_options":{"image_generator_settings":{"template":"highway","default_image_id":0,"font":"","enabled":false},"version":2},"jetpack_post_was_ever_published":false},"categories":[2],"tags":[11,18,50,24],"series":[],"class_list":["post-11428","post","type-post","status-publish","format-standard","hentry","category-limones","tag-amigo","tag-hombre","tag-muerte","tag-vida"],"episode_featured_image":false,"episode_player_image":"https:\/\/i0.wp.com\/quechilero.com\/blog\/imagenes\/podcast.png?fit=1831%2C1831&ssl=1","download_link":"","player_link":"","audio_player":false,"episode_data":{"playerMode":"dark","subscribeUrls":{"amazon":{"key":"amazon","url":"","label":"Amazon","class":"amazon","icon":"amazon.png"},"apple_podcasts":{"key":"apple_podcasts","url":"","label":"Apple Podcasts","class":"apple_podcasts","icon":"apple-podcasts.png"},"castbox":{"key":"castbox","url":"","label":"CastBox","class":"castbox","icon":"castbox.png"},"deezer":{"key":"deezer","url":"","label":"Deezer","class":"deezer","icon":"deezer.png"},"google_podcasts":{"key":"google_podcasts","url":"","label":"Google Podcasts","class":"google_podcasts","icon":"google-podcasts.png"},"listen_notes":{"key":"listen_notes","url":"","label":"Listen Notes","class":"listen_notes","icon":"listen-notes.png"},"pandora":{"key":"pandora","url":"","label":"Pandora","class":"pandora","icon":"pandora.png"},"podbean":{"key":"podbean","url":"","label":"Podbean","class":"podbean","icon":"podbean.png"},"podcast_republic":{"key":"podcast_republic","url":"","label":"Podcast Republic","class":"podcast_republic","icon":"podcast-republic.png"},"rss":{"key":"rss","url":"","label":"RSS","class":"rss","icon":"rss.png"},"spotify":{"key":"spotify","url":"","label":"Spotify","class":"spotify","icon":"spotify.png"},"stitcher":{"key":"stitcher","url":"","label":"Stitcher","class":"stitcher","icon":"stitcher.png"},"tunein":{"key":"tunein","url":"","label":"TuneIn","class":"tunein","icon":"tunein.png"},"youtube":{"key":"youtube","url":"","label":"YouTube","class":"youtube","icon":"youtube.png"},"iheartradio":{"key":"iheartradio","url":"","label":"iHeartRadio","class":"iheartradio","icon":"iheartradio.png"},"ivoox":{"key":"ivoox","url":"","label":"iVoox","class":"ivoox","icon":"ivoox.png"}},"rssFeedUrl":"https:\/\/quechilero.com\/blog\/feed\/podcast\/si-la-vida-nos-da-limones","embedCode":"<blockquote class=\"wp-embedded-content\" data-secret=\"HZf32lDciR\"><a href=\"https:\/\/quechilero.com\/blog\/2011\/12\/13\/el-sapo-de-la-santa-cruz\/\">El Sapo de la Santa Cruz<\/a><\/blockquote><iframe sandbox=\"allow-scripts\" security=\"restricted\" src=\"https:\/\/quechilero.com\/blog\/2011\/12\/13\/el-sapo-de-la-santa-cruz\/embed\/#?secret=HZf32lDciR\" width=\"500\" height=\"350\" title=\"\u00abEl Sapo de la Santa Cruz\u00bb \u2014 Si la Vida nos da Limones...\" data-secret=\"HZf32lDciR\" frameborder=\"0\" marginwidth=\"0\" marginheight=\"0\" scrolling=\"no\" class=\"wp-embedded-content\"><\/iframe><script>\n\/*! This file is auto-generated *\/\n!function(d,l){\"use strict\";l.querySelector&&d.addEventListener&&\"undefined\"!=typeof URL&&(d.wp=d.wp||{},d.wp.receiveEmbedMessage||(d.wp.receiveEmbedMessage=function(e){var t=e.data;if((t||t.secret||t.message||t.value)&&!\/[^a-zA-Z0-9]\/.test(t.secret)){for(var s,r,n,a=l.querySelectorAll('iframe[data-secret=\"'+t.secret+'\"]'),o=l.querySelectorAll('blockquote[data-secret=\"'+t.secret+'\"]'),c=new RegExp(\"^https?:$\",\"i\"),i=0;i<o.length;i++)o[i].style.display=\"none\";for(i=0;i<a.length;i++)s=a[i],e.source===s.contentWindow&&(s.removeAttribute(\"style\"),\"height\"===t.message?(1e3<(r=parseInt(t.value,10))?r=1e3:~~r<200&&(r=200),s.height=r):\"link\"===t.message&&(r=new URL(s.getAttribute(\"src\")),n=new URL(t.value),c.test(n.protocol))&&n.host===r.host&&l.activeElement===s&&(d.top.location.href=t.value))}},d.addEventListener(\"message\",d.wp.receiveEmbedMessage,!1),l.addEventListener(\"DOMContentLoaded\",function(){for(var e,t,s=l.querySelectorAll(\"iframe.wp-embedded-content\"),r=0;r<s.length;r++)(t=(e=s[r]).getAttribute(\"data-secret\"))||(t=Math.random().toString(36).substring(2,12),e.src+=\"#?secret=\"+t,e.setAttribute(\"data-secret\",t)),e.contentWindow.postMessage({message:\"ready\",secret:t},\"*\")},!1)))}(window,document);\n\/\/# sourceURL=https:\/\/quechilero.com\/blog\/wp-includes\/js\/wp-embed.min.js\n<\/script>\n"},"jetpack_publicize_connections":[],"jetpack_shortlink":"https:\/\/wp.me\/pDKli-2Yk","jetpack_sharing_enabled":true,"jetpack-related-posts":[{"id":16790,"url":"https:\/\/quechilero.com\/blog\/2013\/06\/27\/un-%ef%bb%bfmillon-de-sapos\/","url_meta":{"origin":11428,"position":0},"title":"Un \ufeffmill\u00f3n de sapos","author":"Pepe Barrascout Ortiz","date":"27 junio 2013","format":false,"excerpt":"Un hacendado fue a la ciudad y le pregunt\u00f3 al due\u00f1o de un restaurante si pod\u00eda utilizar un mill\u00f3n de piernas de sapos. El due\u00f1o del restaurante qued\u00f3 asustado y quiso saber d\u00f3nde pretend\u00eda el hacendado conseguir tantas piernas de sapos. El hacendado le respondi\u00f3: \"Cerca de mi casa hay\u2026","rel":"","context":"En \u00abLimones\u00bb","block_context":{"text":"Limones","link":"https:\/\/quechilero.com\/blog\/category\/limones\/"},"img":{"alt_text":"","src":"","width":0,"height":0},"classes":[]},{"id":24026,"url":"https:\/\/quechilero.com\/blog\/2012\/08\/12\/podcast-las-6-de-la-manana-episodio-669\/","url_meta":{"origin":11428,"position":1},"title":"Podcast: Las 6 de la ma\u00f1ana, episodio 669","author":"Pepe Barrascout Ortiz","date":"12 agosto 2012","format":false,"excerpt":"Bienvenidos al sexcent\u00e9simo sexag\u00e9simo episodio de\u00a0\u201cLas \u00a06 de la ma\u00f1ana\u201d, un podcast que trae 6 canciones, para que iniciemos el d\u00eda, de forma positiva y con \u00e1nimo. El listado para hoy es: Artista \/ Tema 01 - Ki Sap - SAUDADE 02 - Contratempo - Go To Kingston 03 -\u2026","rel":"","context":"En \u00abLas 6 de la ma\u00f1ana\u00bb","block_context":{"text":"Las 6 de la ma\u00f1ana","link":"https:\/\/quechilero.com\/blog\/category\/podcast\/las-6-de-la-manana\/"},"img":{"alt_text":"","src":"https:\/\/i0.wp.com\/quechilero.com\/blog\/imagenes\/las6am.jpg?fit=620%2C350&ssl=1&resize=350%2C200","width":350,"height":200,"srcset":"https:\/\/i0.wp.com\/quechilero.com\/blog\/imagenes\/las6am.jpg?fit=620%2C350&ssl=1&resize=350%2C200 1x, https:\/\/i0.wp.com\/quechilero.com\/blog\/imagenes\/las6am.jpg?fit=620%2C350&ssl=1&resize=525%2C300 1.5x"},"classes":[]},{"id":24020,"url":"https:\/\/quechilero.com\/blog\/2012\/08\/18\/podcast-las-6-de-la-manana-episodio-675\/","url_meta":{"origin":11428,"position":2},"title":"Podcast: Las 6 de la ma\u00f1ana, episodio 675","author":"Pepe Barrascout Ortiz","date":"18 agosto 2012","format":false,"excerpt":"Bienvenidos al sexcent\u00e9simo septuag\u00e9simo quinto episodio de \u201cLas 6 de la ma\u00f1ana\u201d, un podcast que trae 6 canciones, para que iniciemos el d\u00eda, de forma positiva y con \u00e1nimo. El listado para hoy es: Artista \/ Tema 01 - Ki Sap - SKA4FRIENDS 02 - Ki Sap - L_horta free\u2026","rel":"","context":"En \u00abLas 6 de la ma\u00f1ana\u00bb","block_context":{"text":"Las 6 de la ma\u00f1ana","link":"https:\/\/quechilero.com\/blog\/category\/podcast\/las-6-de-la-manana\/"},"img":{"alt_text":"","src":"https:\/\/i0.wp.com\/quechilero.com\/blog\/imagenes\/las6am.jpg?fit=620%2C350&ssl=1&resize=350%2C200","width":350,"height":200,"srcset":"https:\/\/i0.wp.com\/quechilero.com\/blog\/imagenes\/las6am.jpg?fit=620%2C350&ssl=1&resize=350%2C200 1x, https:\/\/i0.wp.com\/quechilero.com\/blog\/imagenes\/las6am.jpg?fit=620%2C350&ssl=1&resize=525%2C300 1.5x"},"classes":[]},{"id":24022,"url":"https:\/\/quechilero.com\/blog\/2012\/08\/16\/podcast-las-6-de-la-manana-episodio-673\/","url_meta":{"origin":11428,"position":3},"title":"Podcast: Las 6 de la ma\u00f1ana, episodio 673","author":"Pepe Barrascout Ortiz","date":"16 agosto 2012","format":false,"excerpt":"Bienvenidos al sexcent\u00e9simo septuag\u00e9simo tercer episodio de \u201cLas 6 de la ma\u00f1ana\u201d, un podcast que trae 6 canciones, para que iniciemos el d\u00eda, de forma positiva y con \u00e1nimo. El listado para hoy es: Artista \/ Tema 01 - Ki Sap - AUTOBEAT 02 - Ki Sap - Stepping Out\u2026","rel":"","context":"En \u00abLas 6 de la ma\u00f1ana\u00bb","block_context":{"text":"Las 6 de la ma\u00f1ana","link":"https:\/\/quechilero.com\/blog\/category\/podcast\/las-6-de-la-manana\/"},"img":{"alt_text":"","src":"https:\/\/i0.wp.com\/quechilero.com\/blog\/imagenes\/las6am.jpg?fit=620%2C350&ssl=1&resize=350%2C200","width":350,"height":200,"srcset":"https:\/\/i0.wp.com\/quechilero.com\/blog\/imagenes\/las6am.jpg?fit=620%2C350&ssl=1&resize=350%2C200 1x, https:\/\/i0.wp.com\/quechilero.com\/blog\/imagenes\/las6am.jpg?fit=620%2C350&ssl=1&resize=525%2C300 1.5x"},"classes":[]},{"id":24023,"url":"https:\/\/quechilero.com\/blog\/2012\/08\/15\/podcast-las-6-de-la-manana-episodio-672\/","url_meta":{"origin":11428,"position":4},"title":"Podcast: Las 6 de la ma\u00f1ana, episodio 672","author":"Pepe Barrascout Ortiz","date":"15 agosto 2012","format":false,"excerpt":"Bienvenidos al sexcent\u00e9simo septuag\u00e9simo segundo episodio de \u201cLas 6 de la ma\u00f1ana\u201d, un podcast que trae 6 canciones, para que iniciemos el d\u00eda, de forma positiva y con \u00e1nimo. El listado para hoy es: Artista \/ Tema 01 - Ki Sap - SHAKE IT UP 02 - Ki Sap -\u2026","rel":"","context":"En \u00abLas 6 de la ma\u00f1ana\u00bb","block_context":{"text":"Las 6 de la ma\u00f1ana","link":"https:\/\/quechilero.com\/blog\/category\/podcast\/las-6-de-la-manana\/"},"img":{"alt_text":"","src":"https:\/\/i0.wp.com\/quechilero.com\/blog\/imagenes\/las6am.jpg?fit=620%2C350&ssl=1&resize=350%2C200","width":350,"height":200,"srcset":"https:\/\/i0.wp.com\/quechilero.com\/blog\/imagenes\/las6am.jpg?fit=620%2C350&ssl=1&resize=350%2C200 1x, https:\/\/i0.wp.com\/quechilero.com\/blog\/imagenes\/las6am.jpg?fit=620%2C350&ssl=1&resize=525%2C300 1.5x"},"classes":[]},{"id":24024,"url":"https:\/\/quechilero.com\/blog\/2012\/08\/14\/podcast-las-6-de-la-manana-episodio-671\/","url_meta":{"origin":11428,"position":5},"title":"Podcast: Las 6 de la ma\u00f1ana, episodio 671","author":"Pepe Barrascout Ortiz","date":"14 agosto 2012","format":false,"excerpt":"Bienvenidos al sexcent\u00e9simo septuag\u00e9simo primer episodio de \u201cLas 6 de la ma\u00f1ana\u201d, un podcast que trae 6 canciones, para que iniciemos el d\u00eda, de forma positiva y con \u00e1nimo. El listado para hoy es: Artista \/ Tema 01 - Ki Sap - RUN FOR COVER 02 - Contratempo - Drinking\u2026","rel":"","context":"En \u00abLas 6 de la ma\u00f1ana\u00bb","block_context":{"text":"Las 6 de la ma\u00f1ana","link":"https:\/\/quechilero.com\/blog\/category\/podcast\/las-6-de-la-manana\/"},"img":{"alt_text":"","src":"https:\/\/i0.wp.com\/quechilero.com\/blog\/imagenes\/las6am.jpg?fit=620%2C350&ssl=1&resize=350%2C200","width":350,"height":200,"srcset":"https:\/\/i0.wp.com\/quechilero.com\/blog\/imagenes\/las6am.jpg?fit=620%2C350&ssl=1&resize=350%2C200 1x, https:\/\/i0.wp.com\/quechilero.com\/blog\/imagenes\/las6am.jpg?fit=620%2C350&ssl=1&resize=525%2C300 1.5x"},"classes":[]}],"jetpack_featured_media_url":"","_links":{"self":[{"href":"https:\/\/quechilero.com\/blog\/wp-json\/wp\/v2\/posts\/11428","targetHints":{"allow":["GET"]}}],"collection":[{"href":"https:\/\/quechilero.com\/blog\/wp-json\/wp\/v2\/posts"}],"about":[{"href":"https:\/\/quechilero.com\/blog\/wp-json\/wp\/v2\/types\/post"}],"author":[{"embeddable":true,"href":"https:\/\/quechilero.com\/blog\/wp-json\/wp\/v2\/users\/1"}],"replies":[{"embeddable":true,"href":"https:\/\/quechilero.com\/blog\/wp-json\/wp\/v2\/comments?post=11428"}],"version-history":[{"count":0,"href":"https:\/\/quechilero.com\/blog\/wp-json\/wp\/v2\/posts\/11428\/revisions"}],"wp:attachment":[{"href":"https:\/\/quechilero.com\/blog\/wp-json\/wp\/v2\/media?parent=11428"}],"wp:term":[{"taxonomy":"category","embeddable":true,"href":"https:\/\/quechilero.com\/blog\/wp-json\/wp\/v2\/categories?post=11428"},{"taxonomy":"post_tag","embeddable":true,"href":"https:\/\/quechilero.com\/blog\/wp-json\/wp\/v2\/tags?post=11428"},{"taxonomy":"series","embeddable":true,"href":"https:\/\/quechilero.com\/blog\/wp-json\/wp\/v2\/series?post=11428"}],"curies":[{"name":"wp","href":"https:\/\/api.w.org\/{rel}","templated":true}]}}