{"id":11415,"date":"2011-12-07T08:00:20","date_gmt":"2011-12-07T14:00:20","guid":{"rendered":"http:\/\/quechilero.com\/blog\/?p=11415"},"modified":"2011-12-07T08:00:20","modified_gmt":"2011-12-07T14:00:20","slug":"el-cangrejo-violinista","status":"publish","type":"post","link":"https:\/\/quechilero.com\/blog\/2011\/12\/07\/el-cangrejo-violinista\/","title":{"rendered":"El cangrejo violinista"},"content":{"rendered":"<p>Tito Rodr\u00edguez, Director del Instituto Argentino de Buceo, nos cuenta sobre esta especie:<\/p>\n<blockquote><p><em>El cangrejo violinista vive en las playas tropicales llenas de barro. Cava peque\u00f1as madrigueras en la parte de la playa que quedar\u00e1 en seco durante la marea baja y al llegar \u00e9sta, sale para reparar su guarida y sacar las algas del barro.<\/em><\/p>\n<p><em>Cada miembro de la colonia defiende su propio sector de terreno. Despu\u00e9s de haber reparado su escondite y haberse procurado una buena comida, el macho se sit\u00faa a la boca de la madriguera y cimbrea su enorme pinza que tiene un color m\u00e1s claro que el resto del cuerpo.<\/em><\/p>\n<p><em>Esta es una clara se\u00f1al para los otros machos que deber\u00e1n mantenerse alejados y para las hembras que les indica que ser\u00e1n bien recibidas.<\/em><\/p><\/blockquote>\n<p>Este cangrejo sabe dar una se\u00f1al clara a sus rivales y a sus futuras compa\u00f1eras. Podemos sacar un provecho de esto. Nuestra vida diaria debe dar se\u00f1ales claras de aquello que no queremos compartir y de lo que s\u00ed queremos compartir.<\/p>\n<p>Muchas veces, por no ser claros en nuestra vida, aceptamos cualquier amistad, cualquier conversaci\u00f3n, cualquier pel\u00edcula o libro sin trasmitir cuales con nuestros valores y principios. Nuestra vida no puede ser confusa y sin claridad. La gente que tiene claros sus valores y principios, sin mucho esfuerzo repeler\u00e1n lo que da\u00f1a y atraer\u00e1 lo que edifica.<\/p>\n","protected":false},"excerpt":{"rendered":"<p>Tito Rodr\u00edguez, Director del Instituto Argentino de Buceo, nos cuenta sobre esta especie: El cangrejo violinista vive en las playas tropicales llenas de barro. Cava peque\u00f1as madrigueras en la parte de la playa que quedar\u00e1 en seco durante la marea baja y al llegar \u00e9sta, sale para reparar su guarida y sacar las algas del &#8230; <a title=\"El cangrejo violinista\" class=\"read-more\" href=\"https:\/\/quechilero.com\/blog\/2011\/12\/07\/el-cangrejo-violinista\/\" aria-label=\"Leer m\u00e1s sobre El cangrejo violinista\">Leer m\u00e1s<\/a><\/p>\n","protected":false},"author":1,"featured_media":0,"comment_status":"open","ping_status":"open","sticky":false,"template":"","format":"standard","meta":{"advanced_seo_description":"","jetpack_seo_html_title":"","jetpack_seo_noindex":false,"jetpack_seo_schema_type":"","episode_type":"","audio_file":"","podmotor_file_id":"","podmotor_episode_id":"","cover_image":"","cover_image_id":"","duration":"","filesize":"","filesize_raw":"","date_recorded":"","explicit":"","block":"","_jetpack_newsletter_access":"","_jetpack_dont_email_post_to_subs":false,"_jetpack_newsletter_tier_id":0,"_jetpack_memberships_contains_paywalled_content":false,"_jetpack_feature_clip_id":0,"_jetpack_memberships_contains_paid_content":false,"footnotes":"","jetpack_publicize_message":"","jetpack_publicize_feature_enabled":true,"jetpack_social_post_already_shared":false,"jetpack_social_options":{"image_generator_settings":{"template":"highway","default_image_id":0,"font":"","enabled":false},"version":2},"jetpack_post_was_ever_published":false},"categories":[2],"tags":[84,49,72,24],"series":[],"class_list":["post-11415","post","type-post","status-publish","format-standard","hentry","category-limones","tag-amistad","tag-esfuerzo","tag-libro","tag-vida"],"episode_featured_image":false,"episode_player_image":"https:\/\/i0.wp.com\/quechilero.com\/blog\/imagenes\/podcast.png?fit=1831%2C1831&ssl=1","download_link":"","player_link":"","audio_player":false,"episode_data":{"playerMode":"dark","subscribeUrls":{"amazon":{"key":"amazon","url":"","label":"Amazon","class":"amazon","icon":"amazon.png"},"apple_podcasts":{"key":"apple_podcasts","url":"","label":"Apple Podcasts","class":"apple_podcasts","icon":"apple-podcasts.png"},"castbox":{"key":"castbox","url":"","label":"CastBox","class":"castbox","icon":"castbox.png"},"deezer":{"key":"deezer","url":"","label":"Deezer","class":"deezer","icon":"deezer.png"},"google_podcasts":{"key":"google_podcasts","url":"","label":"Google Podcasts","class":"google_podcasts","icon":"google-podcasts.png"},"listen_notes":{"key":"listen_notes","url":"","label":"Listen Notes","class":"listen_notes","icon":"listen-notes.png"},"pandora":{"key":"pandora","url":"","label":"Pandora","class":"pandora","icon":"pandora.png"},"podbean":{"key":"podbean","url":"","label":"Podbean","class":"podbean","icon":"podbean.png"},"podcast_republic":{"key":"podcast_republic","url":"","label":"Podcast Republic","class":"podcast_republic","icon":"podcast-republic.png"},"rss":{"key":"rss","url":"","label":"RSS","class":"rss","icon":"rss.png"},"spotify":{"key":"spotify","url":"","label":"Spotify","class":"spotify","icon":"spotify.png"},"stitcher":{"key":"stitcher","url":"","label":"Stitcher","class":"stitcher","icon":"stitcher.png"},"tunein":{"key":"tunein","url":"","label":"TuneIn","class":"tunein","icon":"tunein.png"},"youtube":{"key":"youtube","url":"","label":"YouTube","class":"youtube","icon":"youtube.png"},"iheartradio":{"key":"iheartradio","url":"","label":"iHeartRadio","class":"iheartradio","icon":"iheartradio.png"},"ivoox":{"key":"ivoox","url":"","label":"iVoox","class":"ivoox","icon":"ivoox.png"}},"rssFeedUrl":"https:\/\/quechilero.com\/blog\/feed\/podcast\/si-la-vida-nos-da-limones","embedCode":"<blockquote class=\"wp-embedded-content\" data-secret=\"R40SjuBWRs\"><a href=\"https:\/\/quechilero.com\/blog\/2011\/12\/07\/el-cangrejo-violinista\/\">El cangrejo violinista<\/a><\/blockquote><iframe sandbox=\"allow-scripts\" security=\"restricted\" src=\"https:\/\/quechilero.com\/blog\/2011\/12\/07\/el-cangrejo-violinista\/embed\/#?secret=R40SjuBWRs\" width=\"500\" height=\"350\" title=\"\u00abEl cangrejo violinista\u00bb \u2014 Si la Vida nos da Limones...\" data-secret=\"R40SjuBWRs\" frameborder=\"0\" marginwidth=\"0\" marginheight=\"0\" scrolling=\"no\" class=\"wp-embedded-content\"><\/iframe><script>\n\/*! This file is auto-generated *\/\n!function(d,l){\"use strict\";l.querySelector&&d.addEventListener&&\"undefined\"!=typeof URL&&(d.wp=d.wp||{},d.wp.receiveEmbedMessage||(d.wp.receiveEmbedMessage=function(e){var t=e.data;if((t||t.secret||t.message||t.value)&&!\/[^a-zA-Z0-9]\/.test(t.secret)){for(var s,r,n,a=l.querySelectorAll('iframe[data-secret=\"'+t.secret+'\"]'),o=l.querySelectorAll('blockquote[data-secret=\"'+t.secret+'\"]'),c=new RegExp(\"^https?:$\",\"i\"),i=0;i<o.length;i++)o[i].style.display=\"none\";for(i=0;i<a.length;i++)s=a[i],e.source===s.contentWindow&&(s.removeAttribute(\"style\"),\"height\"===t.message?(1e3<(r=parseInt(t.value,10))?r=1e3:~~r<200&&(r=200),s.height=r):\"link\"===t.message&&(r=new URL(s.getAttribute(\"src\")),n=new URL(t.value),c.test(n.protocol))&&n.host===r.host&&l.activeElement===s&&(d.top.location.href=t.value))}},d.addEventListener(\"message\",d.wp.receiveEmbedMessage,!1),l.addEventListener(\"DOMContentLoaded\",function(){for(var e,t,s=l.querySelectorAll(\"iframe.wp-embedded-content\"),r=0;r<s.length;r++)(t=(e=s[r]).getAttribute(\"data-secret\"))||(t=Math.random().toString(36).substring(2,12),e.src+=\"#?secret=\"+t,e.setAttribute(\"data-secret\",t)),e.contentWindow.postMessage({message:\"ready\",secret:t},\"*\")},!1)))}(window,document);\n\/\/# sourceURL=https:\/\/quechilero.com\/blog\/wp-includes\/js\/wp-embed.min.js\n<\/script>\n"},"jetpack_publicize_connections":[],"jetpack_shortlink":"https:\/\/wp.me\/pDKli-2Y7","jetpack_sharing_enabled":true,"jetpack-related-posts":[{"id":7455,"url":"https:\/\/quechilero.com\/blog\/2011\/03\/07\/papiroflexia-como-hacer-un-cangrejo\/","url_meta":{"origin":11415,"position":0},"title":"Papiroflexia: Como hacer un Cangrejo","author":"Pepe Barrascout Ortiz","date":"7 marzo 2011","format":false,"excerpt":"El origami (\u6298\u308a\u7d19) es el arte de origen japon\u00e9s del plegado de papel, para obtener figuras de formas variadas. En espa\u00f1ol tambi\u00e9n se conoce como papiroflexia o cocotolog\u00eda. En el origami no se utilizan tijeras ni pegamento o grapas, tan s\u00f3lo el papel y las manos. Por lo tanto, con\u2026","rel":"","context":"En \u00abLimones por mano\u00bb","block_context":{"text":"Limones por mano","link":"https:\/\/quechilero.com\/blog\/category\/limones-por-mano\/"},"img":{"alt_text":"","src":"https:\/\/i0.wp.com\/img.youtube.com\/vi\/Mt-nCMbl_Wk\/0.jpg?resize=350%2C200","width":350,"height":200},"classes":[]},{"id":17452,"url":"https:\/\/quechilero.com\/blog\/2013\/11\/20\/la-rana-en-el-pozo\/","url_meta":{"origin":11415,"position":1},"title":"La rana en el pozo","author":"Pepe Barrascout Ortiz","date":"20 noviembre 2013","format":false,"excerpt":"En un pozo poco profundo viv\u00eda una rana. - \u00a1Mira qu\u00e9 bien estoy aqu\u00ed! -le dec\u00eda a una gran tortuga del Mar del Este-. Cuando salgo puedo saltar alrededor, sobre el brocal, y cuando regreso puedo descansar en las hendiduras de los ladrillos. Puedo chapalear, sacando s\u00f3lo la cabeza fuera\u2026","rel":"","context":"En \u00abLimones\u00bb","block_context":{"text":"Limones","link":"https:\/\/quechilero.com\/blog\/category\/limones\/"},"img":{"alt_text":"","src":"","width":0,"height":0},"classes":[]},{"id":14889,"url":"https:\/\/quechilero.com\/blog\/2012\/10\/24\/el-violin-de-1000-dolares\/","url_meta":{"origin":11415,"position":2},"title":"El viol\u00edn de 1,000 d\u00f3lares","author":"Pepe Barrascout Ortiz","date":"24 octubre 2012","format":false,"excerpt":"Se anunci\u00f3 en cierta ciudad de Am\u00e9rica que un gran violinista tocar\u00eda un viol\u00edn que costaba 1,000 d\u00f3lares. Se llen\u00f3 el teatro, pues muchos ten\u00edan curiosidad de o\u00edr un viol\u00edn de tan alto precio. (El d\u00f3lar ten\u00eda en aquellos tiempos mucho m\u00e1s valor que hoy). El violinista dio en efecto,\u2026","rel":"","context":"En \u00abLimones\u00bb","block_context":{"text":"Limones","link":"https:\/\/quechilero.com\/blog\/category\/limones\/"},"img":{"alt_text":"","src":"","width":0,"height":0},"classes":[]},{"id":16860,"url":"https:\/\/quechilero.com\/blog\/2013\/08\/01\/a-quien-intentas-agradar-hoy\/","url_meta":{"origin":11415,"position":3},"title":"\u00bfA qui\u00e9n intentas agradar hoy?","author":"Pepe Barrascout Ortiz","date":"1 agosto 2013","format":false,"excerpt":"Una vez, un joven estudi\u00f3 viol\u00edn con un maestro de renombre mundial. Trabaj\u00f3 arduo durante varios a\u00f1os para perfeccionar su talento y al fin lleg\u00f3 el d\u00eda cuando se le pidi\u00f3 que diera su primer importante recital en p\u00fablico, en la gran ciudad donde viv\u00edan ambos, \u00e9l y su maestro.\u2026","rel":"","context":"En \u00abLimones\u00bb","block_context":{"text":"Limones","link":"https:\/\/quechilero.com\/blog\/category\/limones\/"},"img":{"alt_text":"","src":"","width":0,"height":0},"classes":[]},{"id":335,"url":"https:\/\/quechilero.com\/blog\/2006\/12\/02\/la-conviccion-de-antonio-stradivari\/","url_meta":{"origin":11415,"position":4},"title":"La convicci\u00f3n de Antonio Stradivari","author":"Pepe Barrascout Ortiz","date":"2 diciembre 2006","format":false,"excerpt":"Antonio Stradivari fue un fabricante de violines del siglo diecisiete, cuyo nombre en su forma latina, Stradivarius, se ha convertido en sin\u00f3nimo de excelencia. \u00c9l dijo una vez que hacer un viol\u00edn que no alcanzara su m\u00e1s alto nivel ser\u00eda perjudicar a Dios, quien no podr\u00eda hacer los violines de\u2026","rel":"","context":"En \u00abLimones\u00bb","block_context":{"text":"Limones","link":"https:\/\/quechilero.com\/blog\/category\/limones\/"},"img":{"alt_text":"","src":"","width":0,"height":0},"classes":[]},{"id":4514,"url":"https:\/\/quechilero.com\/blog\/2010\/04\/07\/los-males-de-un-sordo\/","url_meta":{"origin":11415,"position":5},"title":"Los males de un sordo","author":"Pepe Barrascout Ortiz","date":"7 abril 2010","format":false,"excerpt":"Un sordo asiste a un recital de Kreisler en el Carnegie, y sucede que ese sordo es un hombre muy tonto. Se sienta en medio de la platea y, por supuesto, no escucha un solo sonido. Como eso le molesta, cambia su entrada por una butaca en el primer palco.\u2026","rel":"","context":"En \u00abLimones\u00bb","block_context":{"text":"Limones","link":"https:\/\/quechilero.com\/blog\/category\/limones\/"},"img":{"alt_text":"","src":"","width":0,"height":0},"classes":[]}],"jetpack_featured_media_url":"","_links":{"self":[{"href":"https:\/\/quechilero.com\/blog\/wp-json\/wp\/v2\/posts\/11415","targetHints":{"allow":["GET"]}}],"collection":[{"href":"https:\/\/quechilero.com\/blog\/wp-json\/wp\/v2\/posts"}],"about":[{"href":"https:\/\/quechilero.com\/blog\/wp-json\/wp\/v2\/types\/post"}],"author":[{"embeddable":true,"href":"https:\/\/quechilero.com\/blog\/wp-json\/wp\/v2\/users\/1"}],"replies":[{"embeddable":true,"href":"https:\/\/quechilero.com\/blog\/wp-json\/wp\/v2\/comments?post=11415"}],"version-history":[{"count":0,"href":"https:\/\/quechilero.com\/blog\/wp-json\/wp\/v2\/posts\/11415\/revisions"}],"wp:attachment":[{"href":"https:\/\/quechilero.com\/blog\/wp-json\/wp\/v2\/media?parent=11415"}],"wp:term":[{"taxonomy":"category","embeddable":true,"href":"https:\/\/quechilero.com\/blog\/wp-json\/wp\/v2\/categories?post=11415"},{"taxonomy":"post_tag","embeddable":true,"href":"https:\/\/quechilero.com\/blog\/wp-json\/wp\/v2\/tags?post=11415"},{"taxonomy":"series","embeddable":true,"href":"https:\/\/quechilero.com\/blog\/wp-json\/wp\/v2\/series?post=11415"}],"curies":[{"name":"wp","href":"https:\/\/api.w.org\/{rel}","templated":true}]}}