{"id":11414,"date":"2011-12-06T08:00:14","date_gmt":"2011-12-06T14:00:14","guid":{"rendered":"http:\/\/quechilero.com\/blog\/?p=11414"},"modified":"2011-12-06T08:00:14","modified_gmt":"2011-12-06T14:00:14","slug":"esta-dios-encendiendo-sus-lamparas","status":"publish","type":"post","link":"https:\/\/quechilero.com\/blog\/2011\/12\/06\/esta-dios-encendiendo-sus-lamparas\/","title":{"rendered":"\u00bfEst\u00e1 Dios encendiendo sus l\u00e1mparas?"},"content":{"rendered":"<p>Una calurosa tarde de verano, se cubri\u00f3 el cielo repentinamente de negras nubes y pronto el v\u00edvido resplandor de los rel\u00e1mpagos anunciaba una tempestad que se aproximaba. Retumb\u00f3 el trueno en las alturas y el rel\u00e1mpago en zigzag resplandec\u00eda con siniestro brillo.<\/p>\n<p>La se\u00f1ora Moreno estaba en pie al lado de la cama de su ni\u00f1ito de cinco a\u00f1os, que estaba observando c\u00f3mo los rel\u00e1mpagos jugueteaban alrededor de su cama.<\/p>\n<p>Como los rel\u00e1mpagos se suced\u00edan uno tras otro, la se\u00f1ora se puso temerosa; entonces su ni\u00f1ito se volvi\u00f3 a ella, y mir\u00e1ndola con sus grandes ojos azules, le dijo: \u00ab\u00bfVerdad que es brillante, mam\u00e1? \u00bfEst\u00e1 Dios encendiendo sus l\u00e1mparas?\u00bb<\/p>\n<p>El coraz\u00f3n de la madre se enterneci\u00f3 con la pregunta del ni\u00f1o, y todo temor la abandon\u00f3; reconoci\u00f3 que era Dios en verdad el que permit\u00eda la tempestad, y que \u00e9l pod\u00eda proteger a sus hijos en medio de ella. La confianza de su hijito hab\u00eda reprendido sus temores.<\/p>\n<p>La fe de un ni\u00f1o puede ense\u00f1arnos que realmente Dios nos cuida. Los adultos somos propensos al temor mientras un ni\u00f1o puede descansar tomado de la mano con Dios.<\/p>\n<p>Que hoy podamos confiar en Dios como un ni\u00f1o.<\/p>\n","protected":false},"excerpt":{"rendered":"<p>Una calurosa tarde de verano, se cubri\u00f3 el cielo repentinamente de negras nubes y pronto el v\u00edvido resplandor de los rel\u00e1mpagos anunciaba una tempestad que se aproximaba. Retumb\u00f3 el trueno en las alturas y el rel\u00e1mpago en zigzag resplandec\u00eda con siniestro brillo. La se\u00f1ora Moreno estaba en pie al lado de la cama de su &#8230; <a title=\"\u00bfEst\u00e1 Dios encendiendo sus l\u00e1mparas?\" class=\"read-more\" href=\"https:\/\/quechilero.com\/blog\/2011\/12\/06\/esta-dios-encendiendo-sus-lamparas\/\" aria-label=\"Leer m\u00e1s sobre \u00bfEst\u00e1 Dios encendiendo sus l\u00e1mparas?\">Leer m\u00e1s<\/a><\/p>\n","protected":false},"author":1,"featured_media":0,"comment_status":"open","ping_status":"open","sticky":false,"template":"","format":"standard","meta":{"advanced_seo_description":"","jetpack_seo_html_title":"","jetpack_seo_noindex":false,"jetpack_seo_schema_type":"","episode_type":"","audio_file":"","podmotor_file_id":"","podmotor_episode_id":"","cover_image":"","cover_image_id":"","duration":"","filesize":"","filesize_raw":"","date_recorded":"","explicit":"","block":"","_jetpack_newsletter_access":"","_jetpack_dont_email_post_to_subs":false,"_jetpack_newsletter_tier_id":0,"_jetpack_memberships_contains_paywalled_content":false,"_jetpack_feature_clip_id":0,"_jetpack_memberships_contains_paid_content":false,"footnotes":"","jetpack_publicize_message":"","jetpack_publicize_feature_enabled":true,"jetpack_social_post_already_shared":false,"jetpack_social_options":{"image_generator_settings":{"template":"highway","default_image_id":0,"font":"","enabled":false},"version":2},"jetpack_post_was_ever_published":false},"categories":[2],"tags":[38,51,39,41],"series":[],"class_list":["post-11414","post","type-post","status-publish","format-standard","hentry","category-limones","tag-confianza","tag-dios","tag-madre","tag-verdad"],"episode_featured_image":false,"episode_player_image":"https:\/\/i0.wp.com\/quechilero.com\/blog\/imagenes\/podcast.png?fit=1831%2C1831&ssl=1","download_link":"","player_link":"","audio_player":false,"episode_data":{"playerMode":"dark","subscribeUrls":{"amazon":{"key":"amazon","url":"","label":"Amazon","class":"amazon","icon":"amazon.png"},"apple_podcasts":{"key":"apple_podcasts","url":"","label":"Apple Podcasts","class":"apple_podcasts","icon":"apple-podcasts.png"},"castbox":{"key":"castbox","url":"","label":"CastBox","class":"castbox","icon":"castbox.png"},"deezer":{"key":"deezer","url":"","label":"Deezer","class":"deezer","icon":"deezer.png"},"google_podcasts":{"key":"google_podcasts","url":"","label":"Google Podcasts","class":"google_podcasts","icon":"google-podcasts.png"},"listen_notes":{"key":"listen_notes","url":"","label":"Listen Notes","class":"listen_notes","icon":"listen-notes.png"},"pandora":{"key":"pandora","url":"","label":"Pandora","class":"pandora","icon":"pandora.png"},"podbean":{"key":"podbean","url":"","label":"Podbean","class":"podbean","icon":"podbean.png"},"podcast_republic":{"key":"podcast_republic","url":"","label":"Podcast Republic","class":"podcast_republic","icon":"podcast-republic.png"},"rss":{"key":"rss","url":"","label":"RSS","class":"rss","icon":"rss.png"},"spotify":{"key":"spotify","url":"","label":"Spotify","class":"spotify","icon":"spotify.png"},"stitcher":{"key":"stitcher","url":"","label":"Stitcher","class":"stitcher","icon":"stitcher.png"},"tunein":{"key":"tunein","url":"","label":"TuneIn","class":"tunein","icon":"tunein.png"},"youtube":{"key":"youtube","url":"","label":"YouTube","class":"youtube","icon":"youtube.png"},"iheartradio":{"key":"iheartradio","url":"","label":"iHeartRadio","class":"iheartradio","icon":"iheartradio.png"},"ivoox":{"key":"ivoox","url":"","label":"iVoox","class":"ivoox","icon":"ivoox.png"}},"rssFeedUrl":"https:\/\/quechilero.com\/blog\/feed\/podcast\/si-la-vida-nos-da-limones","embedCode":"<blockquote class=\"wp-embedded-content\" data-secret=\"ZaKQuNEkz5\"><a href=\"https:\/\/quechilero.com\/blog\/2011\/12\/06\/esta-dios-encendiendo-sus-lamparas\/\">\u00bfEst\u00e1 Dios encendiendo sus l\u00e1mparas?<\/a><\/blockquote><iframe sandbox=\"allow-scripts\" security=\"restricted\" src=\"https:\/\/quechilero.com\/blog\/2011\/12\/06\/esta-dios-encendiendo-sus-lamparas\/embed\/#?secret=ZaKQuNEkz5\" width=\"500\" height=\"350\" title=\"\u00ab\u00bfEst\u00e1 Dios encendiendo sus l\u00e1mparas?\u00bb \u2014 Si la Vida nos da Limones...\" data-secret=\"ZaKQuNEkz5\" frameborder=\"0\" marginwidth=\"0\" marginheight=\"0\" scrolling=\"no\" class=\"wp-embedded-content\"><\/iframe><script>\n\/*! This file is auto-generated *\/\n!function(d,l){\"use strict\";l.querySelector&&d.addEventListener&&\"undefined\"!=typeof URL&&(d.wp=d.wp||{},d.wp.receiveEmbedMessage||(d.wp.receiveEmbedMessage=function(e){var t=e.data;if((t||t.secret||t.message||t.value)&&!\/[^a-zA-Z0-9]\/.test(t.secret)){for(var s,r,n,a=l.querySelectorAll('iframe[data-secret=\"'+t.secret+'\"]'),o=l.querySelectorAll('blockquote[data-secret=\"'+t.secret+'\"]'),c=new RegExp(\"^https?:$\",\"i\"),i=0;i<o.length;i++)o[i].style.display=\"none\";for(i=0;i<a.length;i++)s=a[i],e.source===s.contentWindow&&(s.removeAttribute(\"style\"),\"height\"===t.message?(1e3<(r=parseInt(t.value,10))?r=1e3:~~r<200&&(r=200),s.height=r):\"link\"===t.message&&(r=new URL(s.getAttribute(\"src\")),n=new URL(t.value),c.test(n.protocol))&&n.host===r.host&&l.activeElement===s&&(d.top.location.href=t.value))}},d.addEventListener(\"message\",d.wp.receiveEmbedMessage,!1),l.addEventListener(\"DOMContentLoaded\",function(){for(var e,t,s=l.querySelectorAll(\"iframe.wp-embedded-content\"),r=0;r<s.length;r++)(t=(e=s[r]).getAttribute(\"data-secret\"))||(t=Math.random().toString(36).substring(2,12),e.src+=\"#?secret=\"+t,e.setAttribute(\"data-secret\",t)),e.contentWindow.postMessage({message:\"ready\",secret:t},\"*\")},!1)))}(window,document);\n\/\/# sourceURL=https:\/\/quechilero.com\/blog\/wp-includes\/js\/wp-embed.min.js\n<\/script>\n"},"jetpack_publicize_connections":[],"jetpack_shortlink":"https:\/\/wp.me\/pDKli-2Y6","jetpack_sharing_enabled":true,"jetpack-related-posts":[{"id":17741,"url":"https:\/\/quechilero.com\/blog\/2014\/02\/16\/momentos-felices\/","url_meta":{"origin":11414,"position":0},"title":"Momentos Felices","author":"Pepe Barrascout Ortiz","date":"16 febrero 2014","format":false,"excerpt":"Una vez una familia plane\u00f3 unas vacaciones a la costa oeste durante meses. A \u00faltimo momento, el padre no pudo ir por responsabilidades de trabajo. La madre insisti\u00f3 en que ella era capaz de manejar, as\u00ed que ella y los ni\u00f1os avanzaron con el viaje. El padre ayud\u00f3 a planear\u2026","rel":"","context":"En \u00abLimones\u00bb","block_context":{"text":"Limones","link":"https:\/\/quechilero.com\/blog\/category\/limones\/"},"img":{"alt_text":"","src":"","width":0,"height":0},"classes":[]},{"id":19248,"url":"https:\/\/quechilero.com\/blog\/2014\/08\/22\/mira-el-faro\/","url_meta":{"origin":11414,"position":1},"title":"Mira el Faro","author":"Pepe Barrascout Ortiz","date":"22 agosto 2014","format":false,"excerpt":"Luego de varios d\u00edas en alta mar, un capit\u00e1n y su tripulaci\u00f3n viajaban en medio de una terrible tormenta durante una oscura noche. El peque\u00f1o barco era golpeado insistentemente por las olas y el viento, y se mec\u00eda casi hasta volcarse mientras toda la estructura cruj\u00eda y se retorc\u00eda hasta\u2026","rel":"","context":"En \u00abLimones\u00bb","block_context":{"text":"Limones","link":"https:\/\/quechilero.com\/blog\/category\/limones\/"},"img":{"alt_text":"","src":"","width":0,"height":0},"classes":[]},{"id":20057,"url":"https:\/\/quechilero.com\/blog\/2015\/04\/19\/mira-el-faro-2\/","url_meta":{"origin":11414,"position":2},"title":"Mira el Faro","author":"Pepe Barrascout Ortiz","date":"19 abril 2015","format":false,"excerpt":"Un capit\u00e1n y su tripulaci\u00f3n viajaban en medio de una terrible tormenta durante una oscura noche, luego de varios d\u00edas en alta mar. El peque\u00f1o barco era golpeado insistentemente por las olas y el viento, y se mec\u00eda casi hasta volcarse mientras toda la estructura cruj\u00eda y se retorc\u00eda hasta\u2026","rel":"","context":"En \u00abLimones\u00bb","block_context":{"text":"Limones","link":"https:\/\/quechilero.com\/blog\/category\/limones\/"},"img":{"alt_text":"","src":"","width":0,"height":0},"classes":[]},{"id":5807,"url":"https:\/\/quechilero.com\/blog\/2010\/10\/27\/la-lampara-y-el-aceite\/","url_meta":{"origin":11414,"position":3},"title":"La l\u00e1mpara y el aceite","author":"Pepe Barrascout Ortiz","date":"27 octubre 2010","format":false,"excerpt":"Dios hizo al hombre de tal manera que Su presencia en el hombre es un imperativo para su humanidad. Una l\u00e1mpara de aceite fue concebida de tal suerte que s\u00f3lo produce luz en virtud del hecho de que haya aceite en su interior para sustentar la luz. Supongamos que pregunto:\u2026","rel":"","context":"En \u00abLimones\u00bb","block_context":{"text":"Limones","link":"https:\/\/quechilero.com\/blog\/category\/limones\/"},"img":{"alt_text":"","src":"","width":0,"height":0},"classes":[]},{"id":2478,"url":"https:\/\/quechilero.com\/blog\/2009\/05\/04\/dois-mundos\/","url_meta":{"origin":11414,"position":4},"title":"Dois Mundos","author":"Pepe Barrascout Ortiz","date":"4 mayo 2009","format":false,"excerpt":"Ando pelas ruas Em busca do meu caminho. Meus olhos se surpreendem Quando descobre Duas dire\u00e7\u00f5es... Uma o c\u00e9u est\u00e1 claro O sol est\u00e1 presente, O calor \u00e9 constante... A outra Est\u00e1 escuro, Rel\u00e2mpagos assustam E o vento traz o frio... Duas dire\u00e7\u00f5es Em uma \u00fanica vida. Um desejo Dois\u2026","rel":"","context":"En \u00abLimones\u00bb","block_context":{"text":"Limones","link":"https:\/\/quechilero.com\/blog\/category\/limones\/"},"img":{"alt_text":"","src":"","width":0,"height":0},"classes":[]},{"id":11450,"url":"https:\/\/quechilero.com\/blog\/2011\/12\/22\/la-ventana-de-la-oportunidad\/","url_meta":{"origin":11414,"position":5},"title":"La ventana de la oportunidad","author":"Pepe Barrascout Ortiz","date":"22 diciembre 2011","format":false,"excerpt":"Son muy pocas las personas u organizaciones que desean cambiar cuando hay prosperidad y paz. A menudo es la necesidad la que precipita los cambios significativos. Petronio, ten\u00eda una perspectiva muy diferente sobre los resultados del cambio. \u00c9l dijo: Nos entrenamos arduamente.. . pero cada vez que comenz\u00e1bamos a formarnos\u2026","rel":"","context":"En \u00abLimones\u00bb","block_context":{"text":"Limones","link":"https:\/\/quechilero.com\/blog\/category\/limones\/"},"img":{"alt_text":"","src":"","width":0,"height":0},"classes":[]}],"jetpack_featured_media_url":"","_links":{"self":[{"href":"https:\/\/quechilero.com\/blog\/wp-json\/wp\/v2\/posts\/11414","targetHints":{"allow":["GET"]}}],"collection":[{"href":"https:\/\/quechilero.com\/blog\/wp-json\/wp\/v2\/posts"}],"about":[{"href":"https:\/\/quechilero.com\/blog\/wp-json\/wp\/v2\/types\/post"}],"author":[{"embeddable":true,"href":"https:\/\/quechilero.com\/blog\/wp-json\/wp\/v2\/users\/1"}],"replies":[{"embeddable":true,"href":"https:\/\/quechilero.com\/blog\/wp-json\/wp\/v2\/comments?post=11414"}],"version-history":[{"count":0,"href":"https:\/\/quechilero.com\/blog\/wp-json\/wp\/v2\/posts\/11414\/revisions"}],"wp:attachment":[{"href":"https:\/\/quechilero.com\/blog\/wp-json\/wp\/v2\/media?parent=11414"}],"wp:term":[{"taxonomy":"category","embeddable":true,"href":"https:\/\/quechilero.com\/blog\/wp-json\/wp\/v2\/categories?post=11414"},{"taxonomy":"post_tag","embeddable":true,"href":"https:\/\/quechilero.com\/blog\/wp-json\/wp\/v2\/tags?post=11414"},{"taxonomy":"series","embeddable":true,"href":"https:\/\/quechilero.com\/blog\/wp-json\/wp\/v2\/series?post=11414"}],"curies":[{"name":"wp","href":"https:\/\/api.w.org\/{rel}","templated":true}]}}