{"id":11293,"date":"2011-10-31T08:00:17","date_gmt":"2011-10-31T14:00:17","guid":{"rendered":"http:\/\/quechilero.com\/blog\/?p=11293"},"modified":"2011-10-31T08:00:17","modified_gmt":"2011-10-31T14:00:17","slug":"no-hay-que-preocuparse-unicamente-por-el-principio-y-el-fin","status":"publish","type":"post","link":"https:\/\/quechilero.com\/blog\/2011\/10\/31\/no-hay-que-preocuparse-unicamente-por-el-principio-y-el-fin\/","title":{"rendered":"No hay que preocuparse \u00fanicamente por el principio y el fin"},"content":{"rendered":"<p>Roberto pregunt\u00f3 un d\u00eda a su mam\u00e1 si es cierto que antes de nacer fuimos polvo.<\/p>\n<p><em>\u00abPues yo creo que s\u00ed\u00bb<\/em>, le respondi\u00f3 ella.<\/p>\n<p><em>\u00ab\u00bfY es cierto que nos convertimos en polvo despu\u00e9s de morir?\u00bb<\/em><\/p>\n<p><em>\u00abS\u00ed, mi vida\u00bb<\/em>, le dijo su mam\u00e1.<\/p>\n<p><em>\u00abEntonces\u00bb<\/em>, dijo Roberto,<em> \u00abdebajo de mi cama hay alguien que bien va a nacer o ya se muri\u00f3.\u00bb<\/em><\/p>\n<p>La vida est\u00e1 comprendida entre nacer y morir.<\/p>\n<p>Vivir no significa \u00fanicamente alimentarse y cuidar nuestro organismo para que nos sostenga desde la cuna hasta la tumba, sino sobre todo cuidar nuestras almas.<\/p>\n<p id=\"yui_3_2_0_1_132007589860675\">Dios espera que cuidemos de nuestro cuerpo que es la casa del alma. Pero el sentido com\u00fan nos obliga a prestar mayor atenci\u00f3n a esa parte de nosotros que vivir\u00e1 eternamente, mucho despu\u00e9s de que el cuerpo se haya convertido en polvo.<\/p>\n","protected":false},"excerpt":{"rendered":"<p>Roberto pregunt\u00f3 un d\u00eda a su mam\u00e1 si es cierto que antes de nacer fuimos polvo. \u00abPues yo creo que s\u00ed\u00bb, le respondi\u00f3 ella. \u00ab\u00bfY es cierto que nos convertimos en polvo despu\u00e9s de morir?\u00bb \u00abS\u00ed, mi vida\u00bb, le dijo su mam\u00e1. \u00abEntonces\u00bb, dijo Roberto, \u00abdebajo de mi cama hay alguien que bien va a &#8230; <a title=\"No hay que preocuparse \u00fanicamente por el principio y el fin\" class=\"read-more\" href=\"https:\/\/quechilero.com\/blog\/2011\/10\/31\/no-hay-que-preocuparse-unicamente-por-el-principio-y-el-fin\/\" aria-label=\"Leer m\u00e1s sobre No hay que preocuparse \u00fanicamente por el principio y el fin\">Leer m\u00e1s<\/a><\/p>\n","protected":false},"author":1,"featured_media":0,"comment_status":"open","ping_status":"open","sticky":false,"template":"","format":"standard","meta":{"advanced_seo_description":"","jetpack_seo_html_title":"","jetpack_seo_noindex":false,"jetpack_seo_schema_type":"","episode_type":"","audio_file":"","podmotor_file_id":"","podmotor_episode_id":"","cover_image":"","cover_image_id":"","duration":"","filesize":"","filesize_raw":"","date_recorded":"","explicit":"","block":"","_jetpack_newsletter_access":"","_jetpack_dont_email_post_to_subs":false,"_jetpack_newsletter_tier_id":0,"_jetpack_memberships_contains_paywalled_content":false,"_jetpack_feature_clip_id":0,"_jetpack_memberships_contains_paid_content":false,"footnotes":"","jetpack_publicize_message":"","jetpack_publicize_feature_enabled":true,"jetpack_social_post_already_shared":false,"jetpack_social_options":{"image_generator_settings":{"template":"highway","default_image_id":0,"font":"","enabled":false},"version":2},"jetpack_post_was_ever_published":false},"categories":[2],"tags":[51,24],"series":[],"class_list":["post-11293","post","type-post","status-publish","format-standard","hentry","category-limones","tag-dios","tag-vida"],"episode_featured_image":false,"episode_player_image":"https:\/\/i0.wp.com\/quechilero.com\/blog\/imagenes\/podcast.png?fit=1831%2C1831&ssl=1","download_link":"","player_link":"","audio_player":false,"episode_data":{"playerMode":"dark","subscribeUrls":{"amazon":{"key":"amazon","url":"","label":"Amazon","class":"amazon","icon":"amazon.png"},"apple_podcasts":{"key":"apple_podcasts","url":"","label":"Apple Podcasts","class":"apple_podcasts","icon":"apple-podcasts.png"},"castbox":{"key":"castbox","url":"","label":"CastBox","class":"castbox","icon":"castbox.png"},"deezer":{"key":"deezer","url":"","label":"Deezer","class":"deezer","icon":"deezer.png"},"google_podcasts":{"key":"google_podcasts","url":"","label":"Google Podcasts","class":"google_podcasts","icon":"google-podcasts.png"},"listen_notes":{"key":"listen_notes","url":"","label":"Listen Notes","class":"listen_notes","icon":"listen-notes.png"},"pandora":{"key":"pandora","url":"","label":"Pandora","class":"pandora","icon":"pandora.png"},"podbean":{"key":"podbean","url":"","label":"Podbean","class":"podbean","icon":"podbean.png"},"podcast_republic":{"key":"podcast_republic","url":"","label":"Podcast Republic","class":"podcast_republic","icon":"podcast-republic.png"},"rss":{"key":"rss","url":"","label":"RSS","class":"rss","icon":"rss.png"},"spotify":{"key":"spotify","url":"","label":"Spotify","class":"spotify","icon":"spotify.png"},"stitcher":{"key":"stitcher","url":"","label":"Stitcher","class":"stitcher","icon":"stitcher.png"},"tunein":{"key":"tunein","url":"","label":"TuneIn","class":"tunein","icon":"tunein.png"},"youtube":{"key":"youtube","url":"","label":"YouTube","class":"youtube","icon":"youtube.png"},"iheartradio":{"key":"iheartradio","url":"","label":"iHeartRadio","class":"iheartradio","icon":"iheartradio.png"},"ivoox":{"key":"ivoox","url":"","label":"iVoox","class":"ivoox","icon":"ivoox.png"}},"rssFeedUrl":"https:\/\/quechilero.com\/blog\/feed\/podcast\/si-la-vida-nos-da-limones","embedCode":"<blockquote class=\"wp-embedded-content\" data-secret=\"SVEQi0bcyf\"><a href=\"https:\/\/quechilero.com\/blog\/2011\/10\/31\/no-hay-que-preocuparse-unicamente-por-el-principio-y-el-fin\/\">No hay que preocuparse \u00fanicamente por el principio y el fin<\/a><\/blockquote><iframe sandbox=\"allow-scripts\" security=\"restricted\" src=\"https:\/\/quechilero.com\/blog\/2011\/10\/31\/no-hay-que-preocuparse-unicamente-por-el-principio-y-el-fin\/embed\/#?secret=SVEQi0bcyf\" width=\"500\" height=\"350\" title=\"\u00abNo hay que preocuparse \u00fanicamente por el principio y el fin\u00bb \u2014 Si la Vida nos da Limones...\" data-secret=\"SVEQi0bcyf\" frameborder=\"0\" marginwidth=\"0\" marginheight=\"0\" scrolling=\"no\" class=\"wp-embedded-content\"><\/iframe><script>\n\/*! This file is auto-generated *\/\n!function(d,l){\"use strict\";l.querySelector&&d.addEventListener&&\"undefined\"!=typeof URL&&(d.wp=d.wp||{},d.wp.receiveEmbedMessage||(d.wp.receiveEmbedMessage=function(e){var t=e.data;if((t||t.secret||t.message||t.value)&&!\/[^a-zA-Z0-9]\/.test(t.secret)){for(var s,r,n,a=l.querySelectorAll('iframe[data-secret=\"'+t.secret+'\"]'),o=l.querySelectorAll('blockquote[data-secret=\"'+t.secret+'\"]'),c=new RegExp(\"^https?:$\",\"i\"),i=0;i<o.length;i++)o[i].style.display=\"none\";for(i=0;i<a.length;i++)s=a[i],e.source===s.contentWindow&&(s.removeAttribute(\"style\"),\"height\"===t.message?(1e3<(r=parseInt(t.value,10))?r=1e3:~~r<200&&(r=200),s.height=r):\"link\"===t.message&&(r=new URL(s.getAttribute(\"src\")),n=new URL(t.value),c.test(n.protocol))&&n.host===r.host&&l.activeElement===s&&(d.top.location.href=t.value))}},d.addEventListener(\"message\",d.wp.receiveEmbedMessage,!1),l.addEventListener(\"DOMContentLoaded\",function(){for(var e,t,s=l.querySelectorAll(\"iframe.wp-embedded-content\"),r=0;r<s.length;r++)(t=(e=s[r]).getAttribute(\"data-secret\"))||(t=Math.random().toString(36).substring(2,12),e.src+=\"#?secret=\"+t,e.setAttribute(\"data-secret\",t)),e.contentWindow.postMessage({message:\"ready\",secret:t},\"*\")},!1)))}(window,document);\n\/\/# sourceURL=https:\/\/quechilero.com\/blog\/wp-includes\/js\/wp-embed.min.js\n<\/script>\n"},"jetpack_publicize_connections":[],"jetpack_shortlink":"https:\/\/wp.me\/pDKli-2W9","jetpack_sharing_enabled":true,"jetpack-related-posts":[{"id":7138,"url":"https:\/\/quechilero.com\/blog\/2011\/03\/09\/reflexiones-de-cuaresma-miercoles-de-ceniza\/","url_meta":{"origin":11293,"position":0},"title":"Reflexiones de Cuaresma: Mi\u00e9rcoles de Ceniza","author":"Pepe Barrascout Ortiz","date":"9 marzo 2011","format":false,"excerpt":"Oraci\u00f3n inicial Se\u00f1or m\u00edo, Jesucristo, creo firmemente que est\u00e1s aqu\u00ed; en estos pocos minutos de oraci\u00f3n que empiezo ahora quiero pedirte y agradecerte. Pedirte\u00a0la gracia de darme m\u00e1s cuenta de que T\u00fa vives, me escuchas y me amas; tanto, que has querido morir libremente por m\u00ed en la cruz y\u2026","rel":"","context":"En \u00abLimones por mano\u00bb","block_context":{"text":"Limones por mano","link":"https:\/\/quechilero.com\/blog\/category\/limones-por-mano\/"},"img":{"alt_text":"","src":"","width":0,"height":0},"classes":[]},{"id":11436,"url":"https:\/\/quechilero.com\/blog\/2011\/12\/16\/mas-que-atomos\/","url_meta":{"origin":11293,"position":1},"title":"M\u00e1s que \u00e1tomos","author":"Pepe Barrascout Ortiz","date":"16 diciembre 2011","format":false,"excerpt":"Dos j\u00f3venes hermanos se involucraron en una competencia continua por la superioridad. Allan de nueve a\u00f1os, explicaba a Roberto, de cuatro, la ciencia de la materia viva, muy complacido de su ventaja por estar en tercer grado. Pronto, se desat\u00f3 una algarab\u00eda, con gritos de \"\u00a1Yo no!\" y \"\u00a1T\u00fa tambi\u00e9n!\",\u2026","rel":"","context":"En \u00abLimones\u00bb","block_context":{"text":"Limones","link":"https:\/\/quechilero.com\/blog\/category\/limones\/"},"img":{"alt_text":"","src":"","width":0,"height":0},"classes":[]},{"id":5301,"url":"https:\/\/quechilero.com\/blog\/2010\/08\/11\/integridad\/","url_meta":{"origin":11293,"position":2},"title":"Integridad","author":"Pepe Barrascout Ortiz","date":"11 agosto 2010","format":false,"excerpt":"Cierto mandar\u00edn lleno de codicia deseaba hacerse una fama de funcionario incorruptible. Cuando lo nombraron en su primer cargo, hizo juramento ante los dioses de no dejarse engatusar. - Si mi mano izquierda llegara a aceptar dinero, que caiga convertida en polvo. Y si mi mano derecha lo hace, \u00a1que\u2026","rel":"","context":"En \u00abLimones\u00bb","block_context":{"text":"Limones","link":"https:\/\/quechilero.com\/blog\/category\/limones\/"},"img":{"alt_text":"","src":"","width":0,"height":0},"classes":[]},{"id":11463,"url":"https:\/\/quechilero.com\/blog\/2011\/12\/25\/todos-los-dias-puede-ser-navidad\/","url_meta":{"origin":11293,"position":3},"title":"Todos los d\u00edas puede ser Navidad","author":"Pepe Barrascout Ortiz","date":"25 diciembre 2011","format":false,"excerpt":"El optimismo es la tarjeta de identificaci\u00f3n del cristiano. Este optimismo nace de la certeza de que Dios naci\u00f3 y puso su morada entre nosotros. En esta Navidad Cristo quiere nacer de nuevo en el coraz\u00f3n de los hombres con una condici\u00f3n: dejarlo entrar. A veces somos medio miopes y\u2026","rel":"","context":"En \u00abLimones\u00bb","block_context":{"text":"Limones","link":"https:\/\/quechilero.com\/blog\/category\/limones\/"},"img":{"alt_text":"","src":"","width":0,"height":0},"classes":[]},{"id":5953,"url":"https:\/\/quechilero.com\/blog\/2010\/11\/07\/nacido-para-morir\/","url_meta":{"origin":11293,"position":4},"title":"Nacido para Morir","author":"Pepe Barrascout Ortiz","date":"7 noviembre 2010","format":false,"excerpt":"Aunque millones de personas celebran el nacimiento de Cristo, pocas parecen ser conscientes de su verdadero significado. Reconocemos que su nacimiento fue inusitado porque naci\u00f3 de una Virgen. Su vida tambi\u00e9n fue singular porque fue el \u00fanico que vivi\u00f3 sin pecar. Su muerte tambi\u00e9n fue inusual. Jes\u00fas no fue un\u2026","rel":"","context":"En \u00abLimones\u00bb","block_context":{"text":"Limones","link":"https:\/\/quechilero.com\/blog\/category\/limones\/"},"img":{"alt_text":"","src":"","width":0,"height":0},"classes":[]},{"id":561,"url":"https:\/\/quechilero.com\/blog\/2007\/05\/28\/para-que-has-nacido\/","url_meta":{"origin":11293,"position":5},"title":"\u00bfPara qu\u00e9 has nacido?","author":"Pepe Barrascout Ortiz","date":"28 mayo 2007","format":false,"excerpt":"Es cierto que nacimos sin haberlo pedido; no elegimos c\u00f3mo, cu\u00e1ndo ni d\u00f3nde, lo \u00fanico que sabemos es que estamos vivos. Pero alguna vez te has preguntado, \u00bfPor qu\u00e9 o para qu\u00e9 has nacido? Hay quienes creen que su vida es un error, muchos no encuentran en s\u00ed mismo ning\u00fan\u2026","rel":"","context":"En \u00abLimones\u00bb","block_context":{"text":"Limones","link":"https:\/\/quechilero.com\/blog\/category\/limones\/"},"img":{"alt_text":"","src":"","width":0,"height":0},"classes":[]}],"jetpack_featured_media_url":"","_links":{"self":[{"href":"https:\/\/quechilero.com\/blog\/wp-json\/wp\/v2\/posts\/11293","targetHints":{"allow":["GET"]}}],"collection":[{"href":"https:\/\/quechilero.com\/blog\/wp-json\/wp\/v2\/posts"}],"about":[{"href":"https:\/\/quechilero.com\/blog\/wp-json\/wp\/v2\/types\/post"}],"author":[{"embeddable":true,"href":"https:\/\/quechilero.com\/blog\/wp-json\/wp\/v2\/users\/1"}],"replies":[{"embeddable":true,"href":"https:\/\/quechilero.com\/blog\/wp-json\/wp\/v2\/comments?post=11293"}],"version-history":[{"count":0,"href":"https:\/\/quechilero.com\/blog\/wp-json\/wp\/v2\/posts\/11293\/revisions"}],"wp:attachment":[{"href":"https:\/\/quechilero.com\/blog\/wp-json\/wp\/v2\/media?parent=11293"}],"wp:term":[{"taxonomy":"category","embeddable":true,"href":"https:\/\/quechilero.com\/blog\/wp-json\/wp\/v2\/categories?post=11293"},{"taxonomy":"post_tag","embeddable":true,"href":"https:\/\/quechilero.com\/blog\/wp-json\/wp\/v2\/tags?post=11293"},{"taxonomy":"series","embeddable":true,"href":"https:\/\/quechilero.com\/blog\/wp-json\/wp\/v2\/series?post=11293"}],"curies":[{"name":"wp","href":"https:\/\/api.w.org\/{rel}","templated":true}]}}