{"id":1120,"date":"2008-10-27T09:04:46","date_gmt":"2008-10-27T15:04:46","guid":{"rendered":"http:\/\/quechilero.com\/blog\/?p=1120"},"modified":"2008-10-27T09:04:46","modified_gmt":"2008-10-27T15:04:46","slug":"el-anciano-y-la-vela","status":"publish","type":"post","link":"https:\/\/quechilero.com\/blog\/2008\/10\/27\/el-anciano-y-la-vela\/","title":{"rendered":"El anciano y la vela"},"content":{"rendered":"<p>Un anciano encend\u00eda una peque\u00f1a vela y la manten\u00eda alumbrando durante unos  diez minutos, aunque luciese un espl\u00e9ndido sol.<\/p>\n<p>Extra\u00f1ado, un vecino le pidi\u00f3 que le explicase las razones de tan ins\u00f3lita  costumbre. He aqu\u00ed su atinada y \u00fatil respuesta:<\/p>\n<p><em>\u00abLa peque\u00f1a vela encendida me recuerda mi deber de mostrar a otros, hasta el  \u00faltimo de mis d\u00edas, las peque\u00f1as gotas de sabidur\u00eda, los diminutos rayos de luz,  que he adquirido en las m\u00faltiples y enriquecedoras experiencias de mi ya larga  vida\u00bb<\/em><\/p>\n","protected":false},"excerpt":{"rendered":"<p>Un anciano encend\u00eda una peque\u00f1a vela y la manten\u00eda alumbrando durante unos diez minutos, aunque luciese un espl\u00e9ndido sol. Extra\u00f1ado, un vecino le pidi\u00f3 que le explicase las razones de tan ins\u00f3lita costumbre. He aqu\u00ed su atinada y \u00fatil respuesta: \u00abLa peque\u00f1a vela encendida me recuerda mi deber de mostrar a otros, hasta el \u00faltimo &#8230; <a title=\"El anciano y la vela\" class=\"read-more\" href=\"https:\/\/quechilero.com\/blog\/2008\/10\/27\/el-anciano-y-la-vela\/\" aria-label=\"Leer m\u00e1s sobre El anciano y la vela\">Leer m\u00e1s<\/a><\/p>\n","protected":false},"author":1,"featured_media":0,"comment_status":"open","ping_status":"open","sticky":false,"template":"","format":"standard","meta":{"advanced_seo_description":"","jetpack_seo_html_title":"","jetpack_seo_noindex":false,"jetpack_seo_schema_type":"","episode_type":"","audio_file":"","podmotor_file_id":"","podmotor_episode_id":"","cover_image":"","cover_image_id":"","duration":"","filesize":"","filesize_raw":"","date_recorded":"","explicit":"","block":"","_jetpack_newsletter_access":"","_jetpack_dont_email_post_to_subs":false,"_jetpack_newsletter_tier_id":0,"_jetpack_memberships_contains_paywalled_content":false,"_jetpack_feature_clip_id":0,"_jetpack_memberships_contains_paid_content":false,"footnotes":"","jetpack_publicize_message":"","jetpack_publicize_feature_enabled":true,"jetpack_social_post_already_shared":false,"jetpack_social_options":{"image_generator_settings":{"template":"highway","default_image_id":0,"font":"","enabled":false},"version":2},"jetpack_post_was_ever_published":false},"categories":[2],"tags":[22,24],"series":[],"class_list":["post-1120","post","type-post","status-publish","format-standard","hentry","category-limones","tag-respuesta","tag-vida"],"episode_featured_image":false,"episode_player_image":"https:\/\/i0.wp.com\/quechilero.com\/blog\/imagenes\/podcast.png?fit=1831%2C1831&ssl=1","download_link":"","player_link":"","audio_player":false,"episode_data":{"playerMode":"dark","subscribeUrls":{"amazon":{"key":"amazon","url":"","label":"Amazon","class":"amazon","icon":"amazon.png"},"apple_podcasts":{"key":"apple_podcasts","url":"","label":"Apple Podcasts","class":"apple_podcasts","icon":"apple-podcasts.png"},"castbox":{"key":"castbox","url":"","label":"CastBox","class":"castbox","icon":"castbox.png"},"deezer":{"key":"deezer","url":"","label":"Deezer","class":"deezer","icon":"deezer.png"},"google_podcasts":{"key":"google_podcasts","url":"","label":"Google Podcasts","class":"google_podcasts","icon":"google-podcasts.png"},"listen_notes":{"key":"listen_notes","url":"","label":"Listen Notes","class":"listen_notes","icon":"listen-notes.png"},"pandora":{"key":"pandora","url":"","label":"Pandora","class":"pandora","icon":"pandora.png"},"podbean":{"key":"podbean","url":"","label":"Podbean","class":"podbean","icon":"podbean.png"},"podcast_republic":{"key":"podcast_republic","url":"","label":"Podcast Republic","class":"podcast_republic","icon":"podcast-republic.png"},"rss":{"key":"rss","url":"","label":"RSS","class":"rss","icon":"rss.png"},"spotify":{"key":"spotify","url":"","label":"Spotify","class":"spotify","icon":"spotify.png"},"stitcher":{"key":"stitcher","url":"","label":"Stitcher","class":"stitcher","icon":"stitcher.png"},"tunein":{"key":"tunein","url":"","label":"TuneIn","class":"tunein","icon":"tunein.png"},"youtube":{"key":"youtube","url":"","label":"YouTube","class":"youtube","icon":"youtube.png"},"iheartradio":{"key":"iheartradio","url":"","label":"iHeartRadio","class":"iheartradio","icon":"iheartradio.png"},"ivoox":{"key":"ivoox","url":"","label":"iVoox","class":"ivoox","icon":"ivoox.png"}},"rssFeedUrl":"https:\/\/quechilero.com\/blog\/feed\/podcast\/si-la-vida-nos-da-limones","embedCode":"<blockquote class=\"wp-embedded-content\" data-secret=\"oYdmTvdBgi\"><a href=\"https:\/\/quechilero.com\/blog\/2008\/10\/27\/el-anciano-y-la-vela\/\">El anciano y la vela<\/a><\/blockquote><iframe sandbox=\"allow-scripts\" security=\"restricted\" src=\"https:\/\/quechilero.com\/blog\/2008\/10\/27\/el-anciano-y-la-vela\/embed\/#?secret=oYdmTvdBgi\" width=\"500\" height=\"350\" title=\"\u00abEl anciano y la vela\u00bb \u2014 Si la Vida nos da Limones...\" data-secret=\"oYdmTvdBgi\" frameborder=\"0\" marginwidth=\"0\" marginheight=\"0\" scrolling=\"no\" class=\"wp-embedded-content\"><\/iframe><script>\n\/*! This file is auto-generated *\/\n!function(d,l){\"use strict\";l.querySelector&&d.addEventListener&&\"undefined\"!=typeof URL&&(d.wp=d.wp||{},d.wp.receiveEmbedMessage||(d.wp.receiveEmbedMessage=function(e){var t=e.data;if((t||t.secret||t.message||t.value)&&!\/[^a-zA-Z0-9]\/.test(t.secret)){for(var s,r,n,a=l.querySelectorAll('iframe[data-secret=\"'+t.secret+'\"]'),o=l.querySelectorAll('blockquote[data-secret=\"'+t.secret+'\"]'),c=new RegExp(\"^https?:$\",\"i\"),i=0;i<o.length;i++)o[i].style.display=\"none\";for(i=0;i<a.length;i++)s=a[i],e.source===s.contentWindow&&(s.removeAttribute(\"style\"),\"height\"===t.message?(1e3<(r=parseInt(t.value,10))?r=1e3:~~r<200&&(r=200),s.height=r):\"link\"===t.message&&(r=new URL(s.getAttribute(\"src\")),n=new URL(t.value),c.test(n.protocol))&&n.host===r.host&&l.activeElement===s&&(d.top.location.href=t.value))}},d.addEventListener(\"message\",d.wp.receiveEmbedMessage,!1),l.addEventListener(\"DOMContentLoaded\",function(){for(var e,t,s=l.querySelectorAll(\"iframe.wp-embedded-content\"),r=0;r<s.length;r++)(t=(e=s[r]).getAttribute(\"data-secret\"))||(t=Math.random().toString(36).substring(2,12),e.src+=\"#?secret=\"+t,e.setAttribute(\"data-secret\",t)),e.contentWindow.postMessage({message:\"ready\",secret:t},\"*\")},!1)))}(window,document);\n\/\/# sourceURL=https:\/\/quechilero.com\/blog\/wp-includes\/js\/wp-embed.min.js\n<\/script>\n"},"jetpack_publicize_connections":[],"jetpack_shortlink":"https:\/\/wp.me\/pDKli-i4","jetpack_sharing_enabled":true,"jetpack-related-posts":[{"id":13457,"url":"https:\/\/quechilero.com\/blog\/2012\/05\/19\/el-hombre-que-velaba-por-su-asno\/","url_meta":{"origin":1120,"position":0},"title":"El hombre que velaba por su asno","author":"Pepe Barrascout Ortiz","date":"19 mayo 2012","format":false,"excerpt":"Un hombre viejo, rico y avaro, prestaba dinero a intereses usurarios; no dejaba pasar un d\u00eda sin que fuera a recaudar sus intereses. Pero estas cotidianas salidas lo cansaban sobremanera. Compr\u00f3 un asno y lo cuidaba tanto que s\u00f3lo lo montaba cuando se sent\u00eda verdaderamente extenuado. En realidad, el hombre,\u2026","rel":"","context":"En \u00abLimones\u00bb","block_context":{"text":"Limones","link":"https:\/\/quechilero.com\/blog\/category\/limones\/"},"img":{"alt_text":"","src":"","width":0,"height":0},"classes":[]},{"id":16307,"url":"https:\/\/quechilero.com\/blog\/2013\/03\/06\/vale-la-pena\/","url_meta":{"origin":1120,"position":1},"title":"Vale la pena","author":"Pepe Barrascout Ortiz","date":"6 marzo 2013","format":false,"excerpt":"Cuentan que una vez, un anciano caminaba por la playa al amanecer, cuando vio que un joven, unos pasos adelante, iba recogiendo de la arena estrellas de mar, que luego arrojaba mar adentro tan fuerte como pod\u00eda. Al llegar hasta el joven, el viejo le pregunt\u00f3 por qu\u00e9 hac\u00eda eso.\u2026","rel":"","context":"En \u00abLimones\u00bb","block_context":{"text":"Limones","link":"https:\/\/quechilero.com\/blog\/category\/limones\/"},"img":{"alt_text":"","src":"","width":0,"height":0},"classes":[]},{"id":19923,"url":"https:\/\/quechilero.com\/blog\/2015\/03\/15\/senor-hoy-he-buscado-tu-rostro\/","url_meta":{"origin":1120,"position":2},"title":"Se\u00f1or, hoy he buscado Tu Rostro","author":"Pepe Barrascout Ortiz","date":"15 marzo 2015","format":false,"excerpt":"En una ocasi\u00f3n un joven tuvo el deseo de subir a la cumbre de una monta\u00f1a pues pensaba que ah\u00ed podr\u00eda ver el rostro del Se\u00f1or. Prepar\u00f3 todo lo necesario, y un d\u00eda al amanecer empez\u00f3 su gran aventura; al llegar a las faldas de la inmensa monta\u00f1a se top\u00f3\u2026","rel":"","context":"En \u00abLimones\u00bb","block_context":{"text":"Limones","link":"https:\/\/quechilero.com\/blog\/category\/limones\/"},"img":{"alt_text":"","src":"","width":0,"height":0},"classes":[]},{"id":5808,"url":"https:\/\/quechilero.com\/blog\/2010\/10\/28\/la-anciana-y-el-cocodrilo\/","url_meta":{"origin":1120,"position":3},"title":"La anciana y el cocodrilo","author":"Pepe Barrascout Ortiz","date":"28 octubre 2010","format":false,"excerpt":"Hace varios a\u00f1os, los peri\u00f3dicos contaron la historia de una anciana que viv\u00eda en el sur del Estado de la Florida. Su hogar era una casucha ubicada junto a un peque\u00f1o lago. Todos los d\u00edas iba a sacar agua del lago. All\u00ed, viv\u00eda un cocodrilo. Aunque era un animal peligroso,\u2026","rel":"","context":"En \u00abLimones\u00bb","block_context":{"text":"Limones","link":"https:\/\/quechilero.com\/blog\/category\/limones\/"},"img":{"alt_text":"","src":"","width":0,"height":0},"classes":[]},{"id":19657,"url":"https:\/\/quechilero.com\/blog\/2015\/01\/16\/un-cuento-arabe\/","url_meta":{"origin":1120,"position":4},"title":"Un cuento \u00e1rabe","author":"Pepe Barrascout Ortiz","date":"16 enero 2015","format":false,"excerpt":"A un oasis llega un joven, toma agua, se asea y pregunta a un viejecito que se encuentra descansando: \"\u00bfQu\u00e9 clase de personas hay aqu\u00ed?\" El anciano le pregunta: \"\u00bfQu\u00e9 clase de gente hab\u00eda en el lugar de donde t\u00fa vienes?\" \"Oh, un grupo de ego\u00edstas y malvados.\" -replic\u00f3 el\u2026","rel":"","context":"En \u00abLimones\u00bb","block_context":{"text":"Limones","link":"https:\/\/quechilero.com\/blog\/category\/limones\/"},"img":{"alt_text":"","src":"","width":0,"height":0},"classes":[]},{"id":342,"url":"https:\/\/quechilero.com\/blog\/2006\/12\/12\/la-varita-de-aire\/","url_meta":{"origin":1120,"position":5},"title":"La varita de aire","author":"Pepe Barrascout Ortiz","date":"12 diciembre 2006","format":false,"excerpt":"Hab\u00eda una vez una mujer escocesa que modestamente se ganaba la vida con art\u00edculos de cer\u00e1mica que vend\u00eda por los caminos de su pa\u00eds. Cada d\u00eda viajaba por los alrededores y cuando llegaba a una intersecci\u00f3n tiraba una varita al aire. Del lado que cayera la varita le indicaba qu\u00e9\u2026","rel":"","context":"En \u00abLimones\u00bb","block_context":{"text":"Limones","link":"https:\/\/quechilero.com\/blog\/category\/limones\/"},"img":{"alt_text":"","src":"","width":0,"height":0},"classes":[]}],"jetpack_featured_media_url":"","_links":{"self":[{"href":"https:\/\/quechilero.com\/blog\/wp-json\/wp\/v2\/posts\/1120","targetHints":{"allow":["GET"]}}],"collection":[{"href":"https:\/\/quechilero.com\/blog\/wp-json\/wp\/v2\/posts"}],"about":[{"href":"https:\/\/quechilero.com\/blog\/wp-json\/wp\/v2\/types\/post"}],"author":[{"embeddable":true,"href":"https:\/\/quechilero.com\/blog\/wp-json\/wp\/v2\/users\/1"}],"replies":[{"embeddable":true,"href":"https:\/\/quechilero.com\/blog\/wp-json\/wp\/v2\/comments?post=1120"}],"version-history":[{"count":0,"href":"https:\/\/quechilero.com\/blog\/wp-json\/wp\/v2\/posts\/1120\/revisions"}],"wp:attachment":[{"href":"https:\/\/quechilero.com\/blog\/wp-json\/wp\/v2\/media?parent=1120"}],"wp:term":[{"taxonomy":"category","embeddable":true,"href":"https:\/\/quechilero.com\/blog\/wp-json\/wp\/v2\/categories?post=1120"},{"taxonomy":"post_tag","embeddable":true,"href":"https:\/\/quechilero.com\/blog\/wp-json\/wp\/v2\/tags?post=1120"},{"taxonomy":"series","embeddable":true,"href":"https:\/\/quechilero.com\/blog\/wp-json\/wp\/v2\/series?post=1120"}],"curies":[{"name":"wp","href":"https:\/\/api.w.org\/{rel}","templated":true}]}}