{"id":10960,"date":"2012-01-25T08:00:16","date_gmt":"2012-01-25T14:00:16","guid":{"rendered":"http:\/\/quechilero.com\/blog\/?p=10960"},"modified":"2012-01-25T08:00:16","modified_gmt":"2012-01-25T14:00:16","slug":"cambiando-los-paradigmas","status":"publish","type":"post","link":"https:\/\/quechilero.com\/blog\/2012\/01\/25\/cambiando-los-paradigmas\/","title":{"rendered":"Cambiando los paradigmas"},"content":{"rendered":"<p><span class=\"embed-youtube\" style=\"text-align:center; display: block;\"><iframe loading=\"lazy\" class=\"youtube-player\" width=\"1200\" height=\"675\" src=\"https:\/\/www.youtube.com\/embed\/Z78aaeJR8no?version=3&#038;rel=1&#038;showsearch=0&#038;showinfo=1&#038;iv_load_policy=1&#038;fs=1&#038;hl=es-ES&#038;autohide=2&#038;wmode=transparent\" allowfullscreen=\"true\" style=\"border:0;\" sandbox=\"allow-scripts allow-same-origin allow-popups allow-presentation allow-popups-to-escape-sandbox\"><\/iframe><\/span><\/p>\n<p><em>\u00abHay 3 tipos de personas en el mundo: los inamovibles, los movibles y los que se mueven\u00bb<\/em>.\u00a0Estas son palabras de Benjamin Franklin, recitadas por Ken Robinson, al finalizar su exposici\u00f3n dada en uno de los eventos organizados por RSA, donde desarrolla algunas de las ideas que luego profundizar\u00eda en su charla de mayo en TED <em>\u00abBring on the Learning Revolution\u00bb<\/em>. Learning Cognitive <em>\u00abtradujo\u00bb<\/em> en un formato de animaci\u00f3n Scribing, las principales ideas de la charla en RSA.<\/p>\n","protected":false},"excerpt":{"rendered":"<p>\u00abHay 3 tipos de personas en el mundo: los inamovibles, los movibles y los que se mueven\u00bb.\u00a0Estas son palabras de Benjamin Franklin, recitadas por Ken Robinson, al finalizar su exposici\u00f3n dada en uno de los eventos organizados por RSA, donde desarrolla algunas de las ideas que luego profundizar\u00eda en su charla de mayo en TED &#8230; <a title=\"Cambiando los paradigmas\" class=\"read-more\" href=\"https:\/\/quechilero.com\/blog\/2012\/01\/25\/cambiando-los-paradigmas\/\" aria-label=\"Leer m\u00e1s sobre Cambiando los paradigmas\">Leer m\u00e1s<\/a><\/p>\n","protected":false},"author":1,"featured_media":0,"comment_status":"open","ping_status":"open","sticky":false,"template":"","format":"standard","meta":{"advanced_seo_description":"","jetpack_seo_html_title":"","jetpack_seo_noindex":false,"jetpack_seo_schema_type":"","episode_type":"","audio_file":"","podmotor_file_id":"","podmotor_episode_id":"","cover_image":"","cover_image_id":"","duration":"","filesize":"","filesize_raw":"","date_recorded":"","explicit":"","block":"","_jetpack_newsletter_access":"","_jetpack_dont_email_post_to_subs":false,"_jetpack_newsletter_tier_id":0,"_jetpack_memberships_contains_paywalled_content":false,"_jetpack_feature_clip_id":0,"_jetpack_memberships_contains_paid_content":false,"footnotes":"","jetpack_publicize_message":"","jetpack_publicize_feature_enabled":true,"jetpack_social_post_already_shared":false,"jetpack_social_options":{"image_generator_settings":{"template":"highway","default_image_id":0,"font":"","enabled":false},"version":2},"jetpack_post_was_ever_published":false},"categories":[2],"tags":[9,42,53],"series":[],"class_list":["post-10960","post","type-post","status-publish","format-standard","hentry","category-limones","tag-idea","tag-palabra","tag-youtube"],"episode_featured_image":false,"episode_player_image":"https:\/\/i0.wp.com\/quechilero.com\/blog\/imagenes\/podcast.png?fit=1831%2C1831&ssl=1","download_link":"","player_link":"","audio_player":false,"episode_data":{"playerMode":"dark","subscribeUrls":{"amazon":{"key":"amazon","url":"","label":"Amazon","class":"amazon","icon":"amazon.png"},"apple_podcasts":{"key":"apple_podcasts","url":"","label":"Apple Podcasts","class":"apple_podcasts","icon":"apple-podcasts.png"},"castbox":{"key":"castbox","url":"","label":"CastBox","class":"castbox","icon":"castbox.png"},"deezer":{"key":"deezer","url":"","label":"Deezer","class":"deezer","icon":"deezer.png"},"google_podcasts":{"key":"google_podcasts","url":"","label":"Google Podcasts","class":"google_podcasts","icon":"google-podcasts.png"},"listen_notes":{"key":"listen_notes","url":"","label":"Listen Notes","class":"listen_notes","icon":"listen-notes.png"},"pandora":{"key":"pandora","url":"","label":"Pandora","class":"pandora","icon":"pandora.png"},"podbean":{"key":"podbean","url":"","label":"Podbean","class":"podbean","icon":"podbean.png"},"podcast_republic":{"key":"podcast_republic","url":"","label":"Podcast Republic","class":"podcast_republic","icon":"podcast-republic.png"},"rss":{"key":"rss","url":"","label":"RSS","class":"rss","icon":"rss.png"},"spotify":{"key":"spotify","url":"","label":"Spotify","class":"spotify","icon":"spotify.png"},"stitcher":{"key":"stitcher","url":"","label":"Stitcher","class":"stitcher","icon":"stitcher.png"},"tunein":{"key":"tunein","url":"","label":"TuneIn","class":"tunein","icon":"tunein.png"},"youtube":{"key":"youtube","url":"","label":"YouTube","class":"youtube","icon":"youtube.png"},"iheartradio":{"key":"iheartradio","url":"","label":"iHeartRadio","class":"iheartradio","icon":"iheartradio.png"},"ivoox":{"key":"ivoox","url":"","label":"iVoox","class":"ivoox","icon":"ivoox.png"}},"rssFeedUrl":"https:\/\/quechilero.com\/blog\/feed\/podcast\/si-la-vida-nos-da-limones","embedCode":"<blockquote class=\"wp-embedded-content\" data-secret=\"QPCoar7rKc\"><a href=\"https:\/\/quechilero.com\/blog\/2012\/01\/25\/cambiando-los-paradigmas\/\">Cambiando los paradigmas<\/a><\/blockquote><iframe sandbox=\"allow-scripts\" security=\"restricted\" src=\"https:\/\/quechilero.com\/blog\/2012\/01\/25\/cambiando-los-paradigmas\/embed\/#?secret=QPCoar7rKc\" width=\"500\" height=\"350\" title=\"\u00abCambiando los paradigmas\u00bb \u2014 Si la Vida nos da Limones...\" data-secret=\"QPCoar7rKc\" frameborder=\"0\" marginwidth=\"0\" marginheight=\"0\" scrolling=\"no\" class=\"wp-embedded-content\"><\/iframe><script>\n\/*! This file is auto-generated *\/\n!function(d,l){\"use strict\";l.querySelector&&d.addEventListener&&\"undefined\"!=typeof URL&&(d.wp=d.wp||{},d.wp.receiveEmbedMessage||(d.wp.receiveEmbedMessage=function(e){var t=e.data;if((t||t.secret||t.message||t.value)&&!\/[^a-zA-Z0-9]\/.test(t.secret)){for(var s,r,n,a=l.querySelectorAll('iframe[data-secret=\"'+t.secret+'\"]'),o=l.querySelectorAll('blockquote[data-secret=\"'+t.secret+'\"]'),c=new RegExp(\"^https?:$\",\"i\"),i=0;i<o.length;i++)o[i].style.display=\"none\";for(i=0;i<a.length;i++)s=a[i],e.source===s.contentWindow&&(s.removeAttribute(\"style\"),\"height\"===t.message?(1e3<(r=parseInt(t.value,10))?r=1e3:~~r<200&&(r=200),s.height=r):\"link\"===t.message&&(r=new URL(s.getAttribute(\"src\")),n=new URL(t.value),c.test(n.protocol))&&n.host===r.host&&l.activeElement===s&&(d.top.location.href=t.value))}},d.addEventListener(\"message\",d.wp.receiveEmbedMessage,!1),l.addEventListener(\"DOMContentLoaded\",function(){for(var e,t,s=l.querySelectorAll(\"iframe.wp-embedded-content\"),r=0;r<s.length;r++)(t=(e=s[r]).getAttribute(\"data-secret\"))||(t=Math.random().toString(36).substring(2,12),e.src+=\"#?secret=\"+t,e.setAttribute(\"data-secret\",t)),e.contentWindow.postMessage({message:\"ready\",secret:t},\"*\")},!1)))}(window,document);\n\/\/# sourceURL=https:\/\/quechilero.com\/blog\/wp-includes\/js\/wp-embed.min.js\n<\/script>\n"},"jetpack_publicize_connections":[],"jetpack_shortlink":"https:\/\/wp.me\/pDKli-2QM","jetpack_sharing_enabled":true,"jetpack-related-posts":[{"id":455,"url":"https:\/\/quechilero.com\/blog\/2007\/03\/01\/el-padre-solitario\/","url_meta":{"origin":10960,"position":0},"title":"El padre solitario","author":"Pepe Barrascout Ortiz","date":"1 marzo 2007","format":false,"excerpt":"La rebeld\u00eda atac\u00f3 el mundo de Joe como una ventisca a Minnesota. Cuando ya ten\u00eda edad suficiente como para conducir un autom\u00f3vil, Madeline decidi\u00f3 que era suficiente mayor como para dirigir su propia vida. Y esa vida no inclu\u00eda a su padre. \"Deb\u00ed hab\u00e9rmelo imaginado\", dir\u00eda Joe m\u00e1s tarde, \"pero\u2026","rel":"","context":"En \u00abLimones\u00bb","block_context":{"text":"Limones","link":"https:\/\/quechilero.com\/blog\/category\/limones\/"},"img":{"alt_text":"","src":"","width":0,"height":0},"classes":[]},{"id":3948,"url":"https:\/\/quechilero.com\/blog\/2009\/11\/28\/como-perder-el-miedo-a-hablar-en-publico\/","url_meta":{"origin":10960,"position":1},"title":"C\u00f3mo perder el miedo a hablar en p\u00fablico","author":"Pepe Barrascout Ortiz","date":"28 noviembre 2009","format":false,"excerpt":"Es normal que en m\u00e1s de una ocasi\u00f3n se nos d\u00e9 la circunstancia en la que nos debamos dirigir a un p\u00fablico. En esas ocasiones tememos hacer el rid\u00edculo, no encontrar la palabra adecuada o quedarnos sin palabras. Todo esto es bastante habitual. Y realmente lo peor de todo, es\u2026","rel":"","context":"En \u00abLimones\u00bb","block_context":{"text":"Limones","link":"https:\/\/quechilero.com\/blog\/category\/limones\/"},"img":{"alt_text":"","src":"","width":0,"height":0},"classes":[]},{"id":5977,"url":"https:\/\/quechilero.com\/blog\/2010\/12\/19\/la-amabilidad-no-puede-esperar\/","url_meta":{"origin":10960,"position":2},"title":"La Amabilidad no puede esperar","author":"Pepe Barrascout Ortiz","date":"19 diciembre 2010","format":false,"excerpt":"Piensa por un momento en aquellas especiales palabras que deseas expresar a alguien que ha sido particularmente amable contigo, o esa nota de est\u00edmulo que quieres escribir a un amigo que parece estar un poco desanimado. Tal vez debas realizar esos actos de amabilidad ahora mismo, porque nunca sabes cu\u00e1ndo\u2026","rel":"","context":"En \u00abLimones\u00bb","block_context":{"text":"Limones","link":"https:\/\/quechilero.com\/blog\/category\/limones\/"},"img":{"alt_text":"","src":"","width":0,"height":0},"classes":[]},{"id":11543,"url":"https:\/\/quechilero.com\/blog\/2012\/06\/15\/fotografia-conceptual-sick\/","url_meta":{"origin":10960,"position":3},"title":"Fotograf\u00eda Conceptual: Sick","author":"Pepe Barrascout Ortiz","date":"15 junio 2012","format":false,"excerpt":"Como alguien ha dicho con raz\u00f3n, las im\u00e1genes hablan m\u00e1s que mil palabras. La fotograf\u00eda conceptual es un g\u00e9nero de fotograf\u00eda en la que los artistas hacen una fotograf\u00eda de un concepto o idea. Por lo general, la concepci\u00f3n de la idea precede a la realizaci\u00f3n de la fotograf\u00eda. Fotograf\u00eda\u2026","rel":"","context":"En \u00abLimones por mano\u00bb","block_context":{"text":"Limones por mano","link":"https:\/\/quechilero.com\/blog\/category\/limones-por-mano\/"},"img":{"alt_text":"","src":"","width":0,"height":0},"classes":[]},{"id":11553,"url":"https:\/\/quechilero.com\/blog\/2012\/08\/31\/fotografia-conceptual-fake\/","url_meta":{"origin":10960,"position":4},"title":"Fotograf\u00eda Conceptual: Fake","author":"Pepe Barrascout Ortiz","date":"31 agosto 2012","format":false,"excerpt":"Como alguien ha dicho con raz\u00f3n, las im\u00e1genes hablan m\u00e1s que mil palabras. La fotograf\u00eda conceptual es un g\u00e9nero de fotograf\u00eda en la que los artistas hacen una fotograf\u00eda de un concepto o idea. Por lo general, la concepci\u00f3n de la idea precede a la realizaci\u00f3n de la fotograf\u00eda. Fotograf\u00eda\u2026","rel":"","context":"En \u00abLimones por mano\u00bb","block_context":{"text":"Limones por mano","link":"https:\/\/quechilero.com\/blog\/category\/limones-por-mano\/"},"img":{"alt_text":"","src":"","width":0,"height":0},"classes":[]},{"id":11557,"url":"https:\/\/quechilero.com\/blog\/2012\/09\/28\/fotografia-conceptual-a-conversation\/","url_meta":{"origin":10960,"position":5},"title":"Fotograf\u00eda Conceptual: A Conversation","author":"Pepe Barrascout Ortiz","date":"28 septiembre 2012","format":false,"excerpt":"Como alguien ha dicho con raz\u00f3n, las im\u00e1genes hablan m\u00e1s que mil palabras. La fotograf\u00eda conceptual es un g\u00e9nero de fotograf\u00eda en la que los artistas hacen una fotograf\u00eda de un concepto o idea. Por lo general, la concepci\u00f3n de la idea precede a la realizaci\u00f3n de la fotograf\u00eda. Fotograf\u00eda\u2026","rel":"","context":"En \u00abLimones por mano\u00bb","block_context":{"text":"Limones por mano","link":"https:\/\/quechilero.com\/blog\/category\/limones-por-mano\/"},"img":{"alt_text":"","src":"","width":0,"height":0},"classes":[]}],"jetpack_featured_media_url":"","_links":{"self":[{"href":"https:\/\/quechilero.com\/blog\/wp-json\/wp\/v2\/posts\/10960","targetHints":{"allow":["GET"]}}],"collection":[{"href":"https:\/\/quechilero.com\/blog\/wp-json\/wp\/v2\/posts"}],"about":[{"href":"https:\/\/quechilero.com\/blog\/wp-json\/wp\/v2\/types\/post"}],"author":[{"embeddable":true,"href":"https:\/\/quechilero.com\/blog\/wp-json\/wp\/v2\/users\/1"}],"replies":[{"embeddable":true,"href":"https:\/\/quechilero.com\/blog\/wp-json\/wp\/v2\/comments?post=10960"}],"version-history":[{"count":0,"href":"https:\/\/quechilero.com\/blog\/wp-json\/wp\/v2\/posts\/10960\/revisions"}],"wp:attachment":[{"href":"https:\/\/quechilero.com\/blog\/wp-json\/wp\/v2\/media?parent=10960"}],"wp:term":[{"taxonomy":"category","embeddable":true,"href":"https:\/\/quechilero.com\/blog\/wp-json\/wp\/v2\/categories?post=10960"},{"taxonomy":"post_tag","embeddable":true,"href":"https:\/\/quechilero.com\/blog\/wp-json\/wp\/v2\/tags?post=10960"},{"taxonomy":"series","embeddable":true,"href":"https:\/\/quechilero.com\/blog\/wp-json\/wp\/v2\/series?post=10960"}],"curies":[{"name":"wp","href":"https:\/\/api.w.org\/{rel}","templated":true}]}}