{"id":10649,"date":"2011-09-19T17:00:38","date_gmt":"2011-09-19T23:00:38","guid":{"rendered":"http:\/\/quechilero.com\/blog\/?p=10649"},"modified":"2011-09-19T17:00:38","modified_gmt":"2011-09-19T23:00:38","slug":"disena-el-futuro-de-las-noticias","status":"publish","type":"post","link":"https:\/\/quechilero.com\/blog\/2011\/09\/19\/disena-el-futuro-de-las-noticias\/","title":{"rendered":"Dise\u00f1a el futuro de las noticias"},"content":{"rendered":"<!-- vimeo error: not a vimeo video -->\n<p>Sourcefabric invita a dise\u00f1adores y desarrolladores de todo el mundo a inventar nuevas formas de desplegar contenido period\u00edstico.<\/p>\n<p>El primer lugar se har\u00e1 acreedor de un viaje al ciclo de conferencias Mediafabric Praga 2011 donde podr\u00e1 presentar su dise\u00f1o a expertos en periodismo digital.<\/p>\n<p>La mec\u00e1nica para participar no podr\u00eda ser m\u00e1s f\u00e1cil: los interesados deben dirigirse <a title=\"Dise\u00f1a el futuro de las noticias\" href=\"http:\/\/www.sourcefabric.org\/es\/comunidad\/concurso\" target=\"_blank\">a la web del concurso<\/a>, descargar una plantilla base, resise\u00f1arla y prepararse para viajar a Praga.<\/p>\n<p>El concurso est\u00e1 dirigido a dise\u00f1adores y desarrolladores. Se busca gente talentosa que se atreva a inventar nuevas formas de desplegar contenido period\u00edstico, integrar comentarios, incorporar redes sociales y adaptar sus dise\u00f1os a plataformas m\u00f3viles y tabletas. Premiaremos a quien explote el potencial de los titulares, fotograf\u00edas, videos, audios, widgets, banners, la interacci\u00f3n con los lectores y m\u00e1s.<\/p>\n<p>Por un lado, <strong>Sourcefabric premiar\u00e1 el mejor dise\u00f1o gr\u00e1fico<\/strong> que pueda convertise en un tema real para su CMS (administrador de contenido) Newscoop. Por el otro, premiar\u00e1 el mejor tema completo (dise\u00f1o y plantillas) que incluya estructura, c\u00f3digo y dise\u00f1o de un tema para Newscoop.<\/p>\n<p><!--more--><\/p>\n<p><strong>El premio consiste<\/strong> en un viaje con gastos pagados a Praga, Rep\u00fablica Checa donde se realizar\u00e1 el ciclo de conferencias Mediafabric. Algunos expertos relevantes de la regi\u00f3n latinoamericana que dictar\u00e1n conferencias en este evento incluyen a Leo Prieto (Betazeta) y Mariano Blejman (Hacks\/Hackers Argentina), entre otros.<\/p>\n<p>El dise\u00f1o ganador se presentar\u00e1 en el Mediafabric y en l\u00ednea. Adem\u00e1s, podr\u00e1 acceder a dos d\u00edas extra para participar en la Mediathon, tres d\u00edas de hackeo y discusi\u00f3n donde se tendr\u00e1 la oportunidad de discutir ideas con editores reales, escuchar<br \/>\nconsejos de expertos con miras a empezar a construir sitios reales para peri\u00f3dicos reales.<\/p>\n<p><strong>Las reglas<\/strong><\/p>\n<ul>\n<li>Las propuestas deben enviarse no m\u00e1s tarde de las 1000 GMT del 1 de octubre de 2011.<\/li>\n<li>El ganador debe estar libre para asistir a Sourcecamp del 21 al 23 de octubre 2011.<\/li>\n<li>Los premios a los ganadores incluyen boletos de ida y vuelta hacia Praga y de vuelta al pa\u00eds de residencia del participante, alojamiento durante su estad\u00eda en la capital de la Rep\u00fablica Checa y entrada gratis a eventos espec\u00edficos en Sourcecamp 2011. Las visas y documentos para viajar son entera responsabilidad del ganador.<\/li>\n<li>Todo el material premiado se agregar\u00e1 a nuestra biblioteca de temas para descargar gratuita.<\/li>\n<li>Newscoop y sus temas son de contenido abierto y y cuentan con la licencia GPLv3. Los usuarios deben aceptar que su material est\u00e9 bajo la licencia GPLv3 y sus dise\u00f1os no pueden incluir materiales que invaliden esta licencia (por ejemplo,<\/li>\n<li>im\u00e1genes con derechos de autor).<\/li>\n<\/ul>\n<p><strong>Mayor informaci\u00f3n<\/strong><\/p>\n<p>Para obtener mayor informaci\u00f3n, se puede contactar directamente con la Representante para Am\u00e9rica Latina: Claudia L. Cruz, al correo:\u00a0claudia.cruz@sourcefabric.org en <a title=\"Dise\u00f1a el futuro de las noticias\" href=\"http:\/\/twitter.com\/ccruz\" target=\"_blank\">Twitter @ccruz<\/a> o al tel\u00e9fono en Guatemala (+502) 5990.6466<\/p>\n<p><a href=\"http:\/\/www.sourcefabric.org\/es\/comunidad\/concurso\"><img data-recalc-dims=\"1\" decoding=\"async\" class=\"alignnone\" src=\"https:\/\/i0.wp.com\/i392.photobucket.com\/albums\/pp7\/pepejaguar\/blog\/concurso.jpg?w=560\" alt=\"\"  \/><\/a><\/p>\n","protected":false},"excerpt":{"rendered":"<p>Sourcefabric invita a dise\u00f1adores y desarrolladores de todo el mundo a inventar nuevas formas de desplegar contenido period\u00edstico. El primer lugar se har\u00e1 acreedor de un viaje al ciclo de conferencias Mediafabric Praga 2011 donde podr\u00e1 presentar su dise\u00f1o a expertos en periodismo digital. La mec\u00e1nica para participar no podr\u00eda ser m\u00e1s f\u00e1cil: los interesados &#8230; <a title=\"Dise\u00f1a el futuro de las noticias\" class=\"read-more\" href=\"https:\/\/quechilero.com\/blog\/2011\/09\/19\/disena-el-futuro-de-las-noticias\/\" aria-label=\"Leer m\u00e1s sobre Dise\u00f1a el futuro de las noticias\">Leer m\u00e1s<\/a><\/p>\n","protected":false},"author":1,"featured_media":0,"comment_status":"open","ping_status":"open","sticky":false,"template":"","format":"standard","meta":{"advanced_seo_description":"","jetpack_seo_html_title":"","jetpack_seo_noindex":false,"jetpack_seo_schema_type":"","episode_type":"","audio_file":"","podmotor_file_id":"","podmotor_episode_id":"","cover_image":"","cover_image_id":"","duration":"","filesize":"","filesize_raw":"","date_recorded":"","explicit":"","block":"","_jetpack_newsletter_access":"","_jetpack_dont_email_post_to_subs":false,"_jetpack_newsletter_tier_id":0,"_jetpack_memberships_contains_paywalled_content":false,"_jetpack_feature_clip_id":0,"_jetpack_memberships_contains_paid_content":false,"footnotes":"","jetpack_publicize_message":"","jetpack_publicize_feature_enabled":true,"jetpack_social_post_already_shared":false,"jetpack_social_options":{"image_generator_settings":{"template":"highway","default_image_id":0,"font":"","enabled":false},"version":2},"jetpack_post_was_ever_published":false},"categories":[2],"tags":[14,70,51,7,8,10,9,58,25],"series":[],"class_list":["post-10649","post","type-post","status-publish","format-standard","hentry","category-limones","tag-accion","tag-descarga","tag-dios","tag-diseno","tag-fotografia","tag-guatemala","tag-idea","tag-regla","tag-video"],"episode_featured_image":false,"episode_player_image":"https:\/\/i0.wp.com\/quechilero.com\/blog\/imagenes\/podcast.png?fit=1831%2C1831&ssl=1","download_link":"","player_link":"","audio_player":false,"episode_data":{"playerMode":"dark","subscribeUrls":{"amazon":{"key":"amazon","url":"","label":"Amazon","class":"amazon","icon":"amazon.png"},"apple_podcasts":{"key":"apple_podcasts","url":"","label":"Apple Podcasts","class":"apple_podcasts","icon":"apple-podcasts.png"},"castbox":{"key":"castbox","url":"","label":"CastBox","class":"castbox","icon":"castbox.png"},"deezer":{"key":"deezer","url":"","label":"Deezer","class":"deezer","icon":"deezer.png"},"google_podcasts":{"key":"google_podcasts","url":"","label":"Google Podcasts","class":"google_podcasts","icon":"google-podcasts.png"},"listen_notes":{"key":"listen_notes","url":"","label":"Listen Notes","class":"listen_notes","icon":"listen-notes.png"},"pandora":{"key":"pandora","url":"","label":"Pandora","class":"pandora","icon":"pandora.png"},"podbean":{"key":"podbean","url":"","label":"Podbean","class":"podbean","icon":"podbean.png"},"podcast_republic":{"key":"podcast_republic","url":"","label":"Podcast Republic","class":"podcast_republic","icon":"podcast-republic.png"},"rss":{"key":"rss","url":"","label":"RSS","class":"rss","icon":"rss.png"},"spotify":{"key":"spotify","url":"","label":"Spotify","class":"spotify","icon":"spotify.png"},"stitcher":{"key":"stitcher","url":"","label":"Stitcher","class":"stitcher","icon":"stitcher.png"},"tunein":{"key":"tunein","url":"","label":"TuneIn","class":"tunein","icon":"tunein.png"},"youtube":{"key":"youtube","url":"","label":"YouTube","class":"youtube","icon":"youtube.png"},"iheartradio":{"key":"iheartradio","url":"","label":"iHeartRadio","class":"iheartradio","icon":"iheartradio.png"},"ivoox":{"key":"ivoox","url":"","label":"iVoox","class":"ivoox","icon":"ivoox.png"}},"rssFeedUrl":"https:\/\/quechilero.com\/blog\/feed\/podcast\/si-la-vida-nos-da-limones","embedCode":"<blockquote class=\"wp-embedded-content\" data-secret=\"OuTwPjNeiI\"><a href=\"https:\/\/quechilero.com\/blog\/2011\/09\/19\/disena-el-futuro-de-las-noticias\/\">Dise\u00f1a el futuro de las noticias<\/a><\/blockquote><iframe sandbox=\"allow-scripts\" security=\"restricted\" src=\"https:\/\/quechilero.com\/blog\/2011\/09\/19\/disena-el-futuro-de-las-noticias\/embed\/#?secret=OuTwPjNeiI\" width=\"500\" height=\"350\" title=\"\u00abDise\u00f1a el futuro de las noticias\u00bb \u2014 Si la Vida nos da Limones...\" data-secret=\"OuTwPjNeiI\" frameborder=\"0\" marginwidth=\"0\" marginheight=\"0\" scrolling=\"no\" class=\"wp-embedded-content\"><\/iframe><script>\n\/*! This file is auto-generated *\/\n!function(d,l){\"use strict\";l.querySelector&&d.addEventListener&&\"undefined\"!=typeof URL&&(d.wp=d.wp||{},d.wp.receiveEmbedMessage||(d.wp.receiveEmbedMessage=function(e){var t=e.data;if((t||t.secret||t.message||t.value)&&!\/[^a-zA-Z0-9]\/.test(t.secret)){for(var s,r,n,a=l.querySelectorAll('iframe[data-secret=\"'+t.secret+'\"]'),o=l.querySelectorAll('blockquote[data-secret=\"'+t.secret+'\"]'),c=new RegExp(\"^https?:$\",\"i\"),i=0;i<o.length;i++)o[i].style.display=\"none\";for(i=0;i<a.length;i++)s=a[i],e.source===s.contentWindow&&(s.removeAttribute(\"style\"),\"height\"===t.message?(1e3<(r=parseInt(t.value,10))?r=1e3:~~r<200&&(r=200),s.height=r):\"link\"===t.message&&(r=new URL(s.getAttribute(\"src\")),n=new URL(t.value),c.test(n.protocol))&&n.host===r.host&&l.activeElement===s&&(d.top.location.href=t.value))}},d.addEventListener(\"message\",d.wp.receiveEmbedMessage,!1),l.addEventListener(\"DOMContentLoaded\",function(){for(var e,t,s=l.querySelectorAll(\"iframe.wp-embedded-content\"),r=0;r<s.length;r++)(t=(e=s[r]).getAttribute(\"data-secret\"))||(t=Math.random().toString(36).substring(2,12),e.src+=\"#?secret=\"+t,e.setAttribute(\"data-secret\",t)),e.contentWindow.postMessage({message:\"ready\",secret:t},\"*\")},!1)))}(window,document);\n\/\/# sourceURL=https:\/\/quechilero.com\/blog\/wp-includes\/js\/wp-embed.min.js\n<\/script>\n"},"jetpack_publicize_connections":[],"jetpack_shortlink":"https:\/\/wp.me\/pDKli-2LL","jetpack_sharing_enabled":true,"jetpack-related-posts":[{"id":3261,"url":"https:\/\/quechilero.com\/blog\/2009\/08\/20\/maraton-de-blogs-magacin\/","url_meta":{"origin":10649,"position":0},"title":"Marat\u00f3n de Blogs: Magac\u00edn","author":"Pepe Barrascout Ortiz","date":"20 agosto 2009","format":false,"excerpt":"Es muy dificil encontrar, dentro del medio period\u00edstico escrito guatemalteco, un uso moderno de las tecnolog\u00edas basadas en internet, pero afortunadamente, este no es el caso de Magac\u00edn, la revista dominical de uno de los peri\u00f3dicos que se publican en Guatemala. Dentro de los responsables de la edici\u00f3n de Magac\u00edn,\u2026","rel":"","context":"En \u00abBlogs de Guatemala\u00bb","block_context":{"text":"Blogs de Guatemala","link":"https:\/\/quechilero.com\/blog\/category\/blogs-de-guatemala\/"},"img":{"alt_text":"Marat\u00f3n de Blogs 2009","src":"https:\/\/i0.wp.com\/i392.photobucket.com\/albums\/pp7\/pepejaguar\/maraton2009\/maraton2009.jpg?resize=350%2C200","width":350,"height":200,"srcset":"https:\/\/i0.wp.com\/i392.photobucket.com\/albums\/pp7\/pepejaguar\/maraton2009\/maraton2009.jpg?resize=350%2C200 1x, https:\/\/i0.wp.com\/i392.photobucket.com\/albums\/pp7\/pepejaguar\/maraton2009\/maraton2009.jpg?resize=525%2C300 1.5x"},"classes":[]},{"id":3253,"url":"https:\/\/quechilero.com\/blog\/2009\/08\/16\/maraton-de-blogs-el-chiltepe\/","url_meta":{"origin":10649,"position":1},"title":"Marat\u00f3n de Blogs: El Chiltepe","author":"Pepe Barrascout Ortiz","date":"16 agosto 2009","format":false,"excerpt":"Me gusta mucho leer blogs relacionados con el dise\u00f1o gr\u00e1fico o industrial y entre estos destaca definitivamente El Chiltepe, que es dirigido por Alejandra Barahona, una gran dise\u00f1adora guatemalteca que ha destacado enormemente en el extranjero, exponiendo muchas de sus ilustraciones, en importantes galer\u00edas de Estados Unidos y Europa. Desde\u2026","rel":"","context":"En \u00abBlogs de Guatemala\u00bb","block_context":{"text":"Blogs de Guatemala","link":"https:\/\/quechilero.com\/blog\/category\/blogs-de-guatemala\/"},"img":{"alt_text":"Marat\u00f3n de Blogs 2009","src":"https:\/\/i0.wp.com\/i392.photobucket.com\/albums\/pp7\/pepejaguar\/maraton2009\/maraton2009.jpg?resize=350%2C200","width":350,"height":200,"srcset":"https:\/\/i0.wp.com\/i392.photobucket.com\/albums\/pp7\/pepejaguar\/maraton2009\/maraton2009.jpg?resize=350%2C200 1x, https:\/\/i0.wp.com\/i392.photobucket.com\/albums\/pp7\/pepejaguar\/maraton2009\/maraton2009.jpg?resize=525%2C300 1.5x"},"classes":[]},{"id":3217,"url":"https:\/\/quechilero.com\/blog\/2009\/08\/01\/maraton-de-blogs-recapitulando\/","url_meta":{"origin":10649,"position":2},"title":"Marat\u00f3n de Blogs: Recapitulando","author":"Pepe Barrascout Ortiz","date":"1 agosto 2009","format":false,"excerpt":"Ha pasado un a\u00f1o, desde del anterior Marat\u00f3n de Blogs y han sido muchos los Blogs de Guatemala que se han ido sumando, en parte por la relativa facilidad de acceso a internet, que hay en nuestro pa\u00eds, aunque a\u00fan estamos muy lejos, de lo que realmente deber\u00edamos de estar\u2026","rel":"","context":"En \u00abBlogs de Guatemala\u00bb","block_context":{"text":"Blogs de Guatemala","link":"https:\/\/quechilero.com\/blog\/category\/blogs-de-guatemala\/"},"img":{"alt_text":"","src":"","width":0,"height":0},"classes":[]},{"id":589,"url":"https:\/\/quechilero.com\/blog\/2007\/07\/18\/10-cosas-que-todo-disenador-debe-saber-primera-parte\/","url_meta":{"origin":10649,"position":3},"title":"10 cosas que todo dise\u00f1ador debe saber (Primera Parte)","author":"Pepe Barrascout Ortiz","date":"18 julio 2007","format":false,"excerpt":"1. Busca buenos clientes. Aquellos que pagan. Buenos proyectos vendr\u00e1n de buenos clientes. Buenos clientes son aquellos que aprecian lo que haces y si, apreciar quiere decir pagar lo que uno se merece. Puede ser que el buen cliente seas t\u00fa mismo y que tu futuro est\u00e9 en crear tus\u2026","rel":"","context":"En \u00abLimones\u00bb","block_context":{"text":"Limones","link":"https:\/\/quechilero.com\/blog\/category\/limones\/"},"img":{"alt_text":"","src":"","width":0,"height":0},"classes":[]},{"id":1234,"url":"https:\/\/quechilero.com\/blog\/2008\/08\/14\/black-creative-box\/","url_meta":{"origin":10649,"position":4},"title":"Marat\u00f3n &#8211; Black Creative Box","author":"Pepe Barrascout Ortiz","date":"14 agosto 2008","format":false,"excerpt":"Ayudas, tips y trucos para el dise\u00f1o web, es algo de lo mucho que podemos encontrar en la \"caja negra creativa\". Black Creative Box es un blog de consulta obligada, para todos aquellos dise\u00f1adores web que desean encontrar informaci\u00f3n de \u00faltimo momento, relacionada con el mundo que se desarrolla detras\u2026","rel":"","context":"En \u00abBlogs de Guatemala\u00bb","block_context":{"text":"Blogs de Guatemala","link":"https:\/\/quechilero.com\/blog\/category\/blogs-de-guatemala\/"},"img":{"alt_text":"Black Creative Box","src":"https:\/\/i0.wp.com\/img359.imageshack.us\/img359\/3946\/maratonoo5.jpg?resize=350%2C200","width":350,"height":200},"classes":[]},{"id":9920,"url":"https:\/\/quechilero.com\/blog\/2011\/08\/09\/maraton-de-blogs-ateneu-popular\/","url_meta":{"origin":10649,"position":5},"title":"Marat\u00f3n de Blogs: Ateneu Popular","author":"Pepe Barrascout Ortiz","date":"9 agosto 2011","format":false,"excerpt":"Ateneu Popular es un blog invitado escrito en Espa\u00f1a\u00a0y que principalmente trata temas de dise\u00f1o, publicidad, tecnolog\u00eda, mundo Apple y curiosidades, desde gadgets a inventos locos, seg\u00fan se definen ellos mismos. Jordi Soro es el entusiasta que ha dado inicio a\u00a0Ateneu Popular\u00a0desde el a\u00f1o 2001, que fue cuando vio su\u2026","rel":"","context":"En \u00abBlogs de Guatemala\u00bb","block_context":{"text":"Blogs de Guatemala","link":"https:\/\/quechilero.com\/blog\/category\/blogs-de-guatemala\/"},"img":{"alt_text":"","src":"https:\/\/i0.wp.com\/i392.photobucket.com\/albums\/pp7\/pepejaguar\/maraton\/ateneu-popular.png?resize=350%2C200","width":350,"height":200,"srcset":"https:\/\/i0.wp.com\/i392.photobucket.com\/albums\/pp7\/pepejaguar\/maraton\/ateneu-popular.png?resize=350%2C200 1x, https:\/\/i0.wp.com\/i392.photobucket.com\/albums\/pp7\/pepejaguar\/maraton\/ateneu-popular.png?resize=525%2C300 1.5x"},"classes":[]}],"jetpack_featured_media_url":"","_links":{"self":[{"href":"https:\/\/quechilero.com\/blog\/wp-json\/wp\/v2\/posts\/10649","targetHints":{"allow":["GET"]}}],"collection":[{"href":"https:\/\/quechilero.com\/blog\/wp-json\/wp\/v2\/posts"}],"about":[{"href":"https:\/\/quechilero.com\/blog\/wp-json\/wp\/v2\/types\/post"}],"author":[{"embeddable":true,"href":"https:\/\/quechilero.com\/blog\/wp-json\/wp\/v2\/users\/1"}],"replies":[{"embeddable":true,"href":"https:\/\/quechilero.com\/blog\/wp-json\/wp\/v2\/comments?post=10649"}],"version-history":[{"count":0,"href":"https:\/\/quechilero.com\/blog\/wp-json\/wp\/v2\/posts\/10649\/revisions"}],"wp:attachment":[{"href":"https:\/\/quechilero.com\/blog\/wp-json\/wp\/v2\/media?parent=10649"}],"wp:term":[{"taxonomy":"category","embeddable":true,"href":"https:\/\/quechilero.com\/blog\/wp-json\/wp\/v2\/categories?post=10649"},{"taxonomy":"post_tag","embeddable":true,"href":"https:\/\/quechilero.com\/blog\/wp-json\/wp\/v2\/tags?post=10649"},{"taxonomy":"series","embeddable":true,"href":"https:\/\/quechilero.com\/blog\/wp-json\/wp\/v2\/series?post=10649"}],"curies":[{"name":"wp","href":"https:\/\/api.w.org\/{rel}","templated":true}]}}