{"id":1055,"date":"2008-08-18T08:58:21","date_gmt":"2008-08-18T14:58:21","guid":{"rendered":"http:\/\/quechilero.com\/blog\/?p=1055"},"modified":"2008-08-18T08:58:21","modified_gmt":"2008-08-18T14:58:21","slug":"comunion-en-la-luna","status":"publish","type":"post","link":"https:\/\/quechilero.com\/blog\/2008\/08\/18\/comunion-en-la-luna\/","title":{"rendered":"Comuni\u00f3n en la luna"},"content":{"rendered":"<p>El Apolo 11 aluniz\u00f3 sobre la superficie de la luna el 20 de julio de 1969. La  mayor\u00eda de nosotros estamos familiarizados con la hist\u00f3rica declaraci\u00f3n de  Armstrong cuando pis\u00f3 la superficie lunar: <em>\u00abEs un peque\u00f1o paso para un hombre;  un gran salto para la humanidad\u00bb<\/em>. Pero muy pocas personas saben acerca de la  primera comida que se tuvo all\u00ed.<\/p>\n<p>Buzz Aldrin hab\u00eda llevado a bordo de la nave especial una cajita con los  elementos para dar la comuni\u00f3n que su iglesia le hab\u00eda provisto. Aldrin envi\u00f3  una transmisi\u00f3n radial a la tierra pidiendo a los oyentes que contemplaran los  eventos de ese d\u00eda y que dieran gracias. Luego, suspendiendo la emisi\u00f3n radial  para tener privacidad, Aldrin verti\u00f3 vino en un c\u00e1liz de plata. Ley\u00f3: <em>\u00abYo soy la  vid, vosotros los sarmientos; el que permanece en M\u00ed y Yo en \u00e9l, \u00e9se da mucho  fruto\u00bb (Juan 15:5).<\/em> En silencio, dio gracias y comparti\u00f3 el pan y el vino.<\/p>\n<p>Dios est\u00e1 en todas partes, y nuestra adoraci\u00f3n debe reflejar esta realidad.  En Salmos 139 se nos dice que dondequiera que vayamos, Dios est\u00e1 \u00edntimamente  presente con nosotros. Buzz Aldrin celebr\u00f3 esa experiencia sobre la superficie  de la luna. A miles de kil\u00f3metros de la tierra, se tom\u00f3 el tiempo para tener  comuni\u00f3n con Aquel que le cre\u00f3, le redimi\u00f3, y tuvo comuni\u00f3n con \u00e9l.<\/p>\n<p>\u00bfEst\u00e1s lejos de casa? \u00bfSientes como si estuvieras en la cima de una monta\u00f1a o  en alg\u00fan valle oscuro? No importa cu\u00e1l sea tu situaci\u00f3n, la comuni\u00f3n con Dios  est\u00e1 s\u00f3lo a una oraci\u00f3n de distancia.<\/p>\n<p>La presencia de Dios con nosotros es uno de Sus grandes presentes para  nosotros.<\/p>\n<p><strong><em>Tomado de \u00abNuestro Pan Diario\u00bb<\/em><\/strong><\/p>\n","protected":false},"excerpt":{"rendered":"<p>El Apolo 11 aluniz\u00f3 sobre la superficie de la luna el 20 de julio de 1969. La mayor\u00eda de nosotros estamos familiarizados con la hist\u00f3rica declaraci\u00f3n de Armstrong cuando pis\u00f3 la superficie lunar: \u00abEs un peque\u00f1o paso para un hombre; un gran salto para la humanidad\u00bb. Pero muy pocas personas saben acerca de la primera &#8230; <a title=\"Comuni\u00f3n en la luna\" class=\"read-more\" href=\"https:\/\/quechilero.com\/blog\/2008\/08\/18\/comunion-en-la-luna\/\" aria-label=\"Leer m\u00e1s sobre Comuni\u00f3n en la luna\">Leer m\u00e1s<\/a><\/p>\n","protected":false},"author":1,"featured_media":0,"comment_status":"open","ping_status":"open","sticky":false,"template":"","format":"standard","meta":{"advanced_seo_description":"","jetpack_seo_html_title":"","jetpack_seo_noindex":false,"jetpack_seo_schema_type":"","episode_type":"","audio_file":"","podmotor_file_id":"","podmotor_episode_id":"","cover_image":"","cover_image_id":"","duration":"","filesize":"","filesize_raw":"","date_recorded":"","explicit":"","block":"","_jetpack_newsletter_access":"","_jetpack_dont_email_post_to_subs":false,"_jetpack_newsletter_tier_id":0,"_jetpack_memberships_contains_paywalled_content":false,"_jetpack_feature_clip_id":0,"_jetpack_memberships_contains_paid_content":false,"footnotes":"","jetpack_publicize_message":"","jetpack_publicize_feature_enabled":true,"jetpack_social_post_already_shared":false,"jetpack_social_options":{"image_generator_settings":{"template":"highway","default_image_id":0,"font":"","enabled":false},"version":2},"jetpack_post_was_ever_published":false},"categories":[2],"tags":[94,51,32,18,86,5],"series":[],"class_list":["post-1055","post","type-post","status-publish","format-standard","hentry","category-limones","tag-comunion","tag-dios","tag-especial","tag-hombre","tag-oracion","tag-tiempo"],"episode_featured_image":false,"episode_player_image":"https:\/\/i0.wp.com\/quechilero.com\/blog\/imagenes\/podcast.png?fit=1831%2C1831&ssl=1","download_link":"","player_link":"","audio_player":false,"episode_data":{"playerMode":"dark","subscribeUrls":{"amazon":{"key":"amazon","url":"","label":"Amazon","class":"amazon","icon":"amazon.png"},"apple_podcasts":{"key":"apple_podcasts","url":"","label":"Apple Podcasts","class":"apple_podcasts","icon":"apple-podcasts.png"},"castbox":{"key":"castbox","url":"","label":"CastBox","class":"castbox","icon":"castbox.png"},"deezer":{"key":"deezer","url":"","label":"Deezer","class":"deezer","icon":"deezer.png"},"google_podcasts":{"key":"google_podcasts","url":"","label":"Google Podcasts","class":"google_podcasts","icon":"google-podcasts.png"},"listen_notes":{"key":"listen_notes","url":"","label":"Listen Notes","class":"listen_notes","icon":"listen-notes.png"},"pandora":{"key":"pandora","url":"","label":"Pandora","class":"pandora","icon":"pandora.png"},"podbean":{"key":"podbean","url":"","label":"Podbean","class":"podbean","icon":"podbean.png"},"podcast_republic":{"key":"podcast_republic","url":"","label":"Podcast Republic","class":"podcast_republic","icon":"podcast-republic.png"},"rss":{"key":"rss","url":"","label":"RSS","class":"rss","icon":"rss.png"},"spotify":{"key":"spotify","url":"","label":"Spotify","class":"spotify","icon":"spotify.png"},"stitcher":{"key":"stitcher","url":"","label":"Stitcher","class":"stitcher","icon":"stitcher.png"},"tunein":{"key":"tunein","url":"","label":"TuneIn","class":"tunein","icon":"tunein.png"},"youtube":{"key":"youtube","url":"","label":"YouTube","class":"youtube","icon":"youtube.png"},"iheartradio":{"key":"iheartradio","url":"","label":"iHeartRadio","class":"iheartradio","icon":"iheartradio.png"},"ivoox":{"key":"ivoox","url":"","label":"iVoox","class":"ivoox","icon":"ivoox.png"}},"rssFeedUrl":"https:\/\/quechilero.com\/blog\/feed\/podcast\/si-la-vida-nos-da-limones","embedCode":"<blockquote class=\"wp-embedded-content\" data-secret=\"GgVDYXZHRH\"><a href=\"https:\/\/quechilero.com\/blog\/2008\/08\/18\/comunion-en-la-luna\/\">Comuni\u00f3n en la luna<\/a><\/blockquote><iframe sandbox=\"allow-scripts\" security=\"restricted\" src=\"https:\/\/quechilero.com\/blog\/2008\/08\/18\/comunion-en-la-luna\/embed\/#?secret=GgVDYXZHRH\" width=\"500\" height=\"350\" title=\"\u00abComuni\u00f3n en la luna\u00bb \u2014 Si la Vida nos da Limones...\" data-secret=\"GgVDYXZHRH\" frameborder=\"0\" marginwidth=\"0\" marginheight=\"0\" scrolling=\"no\" class=\"wp-embedded-content\"><\/iframe><script>\n\/*! This file is auto-generated *\/\n!function(d,l){\"use strict\";l.querySelector&&d.addEventListener&&\"undefined\"!=typeof URL&&(d.wp=d.wp||{},d.wp.receiveEmbedMessage||(d.wp.receiveEmbedMessage=function(e){var t=e.data;if((t||t.secret||t.message||t.value)&&!\/[^a-zA-Z0-9]\/.test(t.secret)){for(var s,r,n,a=l.querySelectorAll('iframe[data-secret=\"'+t.secret+'\"]'),o=l.querySelectorAll('blockquote[data-secret=\"'+t.secret+'\"]'),c=new RegExp(\"^https?:$\",\"i\"),i=0;i<o.length;i++)o[i].style.display=\"none\";for(i=0;i<a.length;i++)s=a[i],e.source===s.contentWindow&&(s.removeAttribute(\"style\"),\"height\"===t.message?(1e3<(r=parseInt(t.value,10))?r=1e3:~~r<200&&(r=200),s.height=r):\"link\"===t.message&&(r=new URL(s.getAttribute(\"src\")),n=new URL(t.value),c.test(n.protocol))&&n.host===r.host&&l.activeElement===s&&(d.top.location.href=t.value))}},d.addEventListener(\"message\",d.wp.receiveEmbedMessage,!1),l.addEventListener(\"DOMContentLoaded\",function(){for(var e,t,s=l.querySelectorAll(\"iframe.wp-embedded-content\"),r=0;r<s.length;r++)(t=(e=s[r]).getAttribute(\"data-secret\"))||(t=Math.random().toString(36).substring(2,12),e.src+=\"#?secret=\"+t,e.setAttribute(\"data-secret\",t)),e.contentWindow.postMessage({message:\"ready\",secret:t},\"*\")},!1)))}(window,document);\n\/\/# sourceURL=https:\/\/quechilero.com\/blog\/wp-includes\/js\/wp-embed.min.js\n<\/script>\n"},"jetpack_publicize_connections":[],"jetpack_shortlink":"https:\/\/wp.me\/pDKli-h1","jetpack_sharing_enabled":true,"jetpack-related-posts":[{"id":571,"url":"https:\/\/quechilero.com\/blog\/2007\/06\/08\/como-dios-creo-al-amigo\/","url_meta":{"origin":1055,"position":0},"title":"C\u00f3mo Dios cre\u00f3 al Amigo","author":"Pepe Barrascout Ortiz","date":"8 junio 2007","format":false,"excerpt":"En v\u00edsperas del D\u00eda del Amigo se presentan diversas alternativas. Reservar una mesa especial en nuestro restaurante favorito, preparar tarjetas de felicitaci\u00f3n, reenviar mensajes de correo electr\u00f3nico con an\u00e9cdotas emotivas, o comprar alguno que otro obsequio para nuestros amigos. Pero a m\u00ed siempre me gusta ir un poco m\u00e1s all\u00e1\u2026","rel":"","context":"En \u00abLimones\u00bb","block_context":{"text":"Limones","link":"https:\/\/quechilero.com\/blog\/category\/limones\/"},"img":{"alt_text":"","src":"","width":0,"height":0},"classes":[]},{"id":575,"url":"https:\/\/quechilero.com\/blog\/2007\/06\/11\/recibir\/","url_meta":{"origin":1055,"position":1},"title":"Recibir","author":"Pepe Barrascout Ortiz","date":"11 junio 2007","format":false,"excerpt":"En v\u00edsperas del D\u00eda del Amigo se presentan diversas alternativas. Reservar una mesa especial en nuestro restaurante favorito, preparar tarjetas de felicitaci\u00f3n, reenviar mensajes de correo electr\u00f3nico con an\u00e9cdotas emotivas, o comprar alguno que otro obsequio para nuestros amigos. Pero a m\u00ed siempre me gusta ir un poco m\u00e1s all\u00e1\u2026","rel":"","context":"En \u00abLimones\u00bb","block_context":{"text":"Limones","link":"https:\/\/quechilero.com\/blog\/category\/limones\/"},"img":{"alt_text":"","src":"","width":0,"height":0},"classes":[]},{"id":16816,"url":"https:\/\/quechilero.com\/blog\/2013\/07\/11\/comunion-alimento-del-alma\/","url_meta":{"origin":1055,"position":2},"title":"Comuni\u00f3n, alimento del alma","author":"Pepe Barrascout Ortiz","date":"11 julio 2013","format":false,"excerpt":"Me he preguntado muchas veces: \u00bfPor qu\u00e9 los hombres, cuando van a un banquete, saben disfrutar del comer y del beber y, en cambio, cuando van a una iglesia, se aburren soberanamente? \u00bfSer\u00e1 m\u00e1s importante alimentar el cuerpo que alimentar el alma? El hombre es cuerpo y alma. El cuerpo\u2026","rel":"","context":"En \u00abLimones\u00bb","block_context":{"text":"Limones","link":"https:\/\/quechilero.com\/blog\/category\/limones\/"},"img":{"alt_text":"","src":"","width":0,"height":0},"classes":[]},{"id":21572,"url":"https:\/\/quechilero.com\/blog\/2015\/09\/08\/una-casa-mejor\/","url_meta":{"origin":1055,"position":3},"title":"Una casa mejor","author":"Pepe Barrascout Ortiz","date":"8 septiembre 2015","format":false,"excerpt":"Un viejo predicador, secretamente hab\u00eda temido siempre a la muerte, por lo que carec\u00eda del poder alentador para consolar a aquellos que afrontaban el paso a la eternidad. Un d\u00eda se mud\u00f3 de aquel sitio en que hab\u00eda ejercido el pastor por tan largo tiempo. Pero cuando todos sus bienes\u2026","rel":"","context":"En \u00abLimones\u00bb","block_context":{"text":"Limones","link":"https:\/\/quechilero.com\/blog\/category\/limones\/"},"img":{"alt_text":"","src":"","width":0,"height":0},"classes":[]},{"id":3723,"url":"https:\/\/quechilero.com\/blog\/2009\/10\/17\/el-tabernaculo\/","url_meta":{"origin":1055,"position":4},"title":"El tabern\u00e1culo","author":"Pepe Barrascout Ortiz","date":"17 octubre 2009","format":false,"excerpt":"La vida del creyente tiene una semejanza con el antiguo tabern\u00e1culo de Dios. En \u00e9l, el atrio es un lugar de intensa actividad, mientras que el interior del santuario es un lugar de quietud. Para preparar los muchos sacrificios era necesaria la actividad de un gran n\u00famero de levitas que\u2026","rel":"","context":"En \u00abLimones\u00bb","block_context":{"text":"Limones","link":"https:\/\/quechilero.com\/blog\/category\/limones\/"},"img":{"alt_text":"","src":"","width":0,"height":0},"classes":[]},{"id":16924,"url":"https:\/\/quechilero.com\/blog\/2013\/08\/31\/dios-invita-al-hombre-al-%ef%bb%bfdialogo-con-el\/","url_meta":{"origin":1055,"position":5},"title":"Dios invita al hombre al \ufeffdi\u00e1logo con \u00c9l","author":"Pepe Barrascout Ortiz","date":"31 agosto 2013","format":false,"excerpt":"Aqu\u00ed tenemos uno de los misterios m\u00e1s grandes: Dios, que se basta, que no necesita de nada y de nadie, sue\u00f1a al hombre, lo crea y le da la dignidad de hijo suyo para desarrollar una vida familiar con \u00e9l, en el tiempo y en la eternidad. \"Por haber sido\u2026","rel":"","context":"En \u00abLimones\u00bb","block_context":{"text":"Limones","link":"https:\/\/quechilero.com\/blog\/category\/limones\/"},"img":{"alt_text":"","src":"","width":0,"height":0},"classes":[]}],"jetpack_featured_media_url":"","_links":{"self":[{"href":"https:\/\/quechilero.com\/blog\/wp-json\/wp\/v2\/posts\/1055","targetHints":{"allow":["GET"]}}],"collection":[{"href":"https:\/\/quechilero.com\/blog\/wp-json\/wp\/v2\/posts"}],"about":[{"href":"https:\/\/quechilero.com\/blog\/wp-json\/wp\/v2\/types\/post"}],"author":[{"embeddable":true,"href":"https:\/\/quechilero.com\/blog\/wp-json\/wp\/v2\/users\/1"}],"replies":[{"embeddable":true,"href":"https:\/\/quechilero.com\/blog\/wp-json\/wp\/v2\/comments?post=1055"}],"version-history":[{"count":0,"href":"https:\/\/quechilero.com\/blog\/wp-json\/wp\/v2\/posts\/1055\/revisions"}],"wp:attachment":[{"href":"https:\/\/quechilero.com\/blog\/wp-json\/wp\/v2\/media?parent=1055"}],"wp:term":[{"taxonomy":"category","embeddable":true,"href":"https:\/\/quechilero.com\/blog\/wp-json\/wp\/v2\/categories?post=1055"},{"taxonomy":"post_tag","embeddable":true,"href":"https:\/\/quechilero.com\/blog\/wp-json\/wp\/v2\/tags?post=1055"},{"taxonomy":"series","embeddable":true,"href":"https:\/\/quechilero.com\/blog\/wp-json\/wp\/v2\/series?post=1055"}],"curies":[{"name":"wp","href":"https:\/\/api.w.org\/{rel}","templated":true}]}}