{"id":1050,"date":"2008-08-11T08:57:56","date_gmt":"2008-08-11T14:57:56","guid":{"rendered":"http:\/\/quechilero.com\/blog\/?p=1050"},"modified":"2008-08-11T08:57:56","modified_gmt":"2008-08-11T14:57:56","slug":"abandonarse-en-las-manos-de-dios","status":"publish","type":"post","link":"https:\/\/quechilero.com\/blog\/2008\/08\/11\/abandonarse-en-las-manos-de-dios\/","title":{"rendered":"Abandonarse en las Manos de Dios"},"content":{"rendered":"<p>Santa Teresita y su hermana, Celina, constru\u00edan barquitos de papel, les  pon\u00edan nombre como <em>\u00abAbandono\u00bb, \u00abProvidencia\u00bb , \u00abAmor\u00bb, \u00abPaternidad\u00bb <\/em>, y los  lanzaban a la corriente. Cuando un barquito zozobraba se dec\u00edan una a otra: \u00abEl  barquito de la vida debe abandonarse a Dios\u00bb.<\/p>\n<p>Santa Teresita del Ni\u00f1o Jes\u00fas naci\u00f3 en una familia cristiana, donde aprendi\u00f3  a orar y confiar en Dios. Teresita crey\u00f3 en la fuerza de la oraci\u00f3n y ofreci\u00f3 su  oraci\u00f3n y su vida por los otros.<\/p>\n<p>La oraci\u00f3n de Santa Teresita es de total confianza y abandono en el Padre.  Repetir\u00e1 con frecuencia, incluso en voz alta: <em>\u00abTengo tal confianza en \u00c9l, que no  podr\u00e1 abandonarme: \u00a1lo dejo todo en Sus Manos!\u00bb.<\/em><\/p>\n<p><strong><em>Eusebio G\u00f3mez, OCD<\/em><\/strong><\/p>\n","protected":false},"excerpt":{"rendered":"<p>Santa Teresita y su hermana, Celina, constru\u00edan barquitos de papel, les pon\u00edan nombre como \u00abAbandono\u00bb, \u00abProvidencia\u00bb , \u00abAmor\u00bb, \u00abPaternidad\u00bb , y los lanzaban a la corriente. Cuando un barquito zozobraba se dec\u00edan una a otra: \u00abEl barquito de la vida debe abandonarse a Dios\u00bb. Santa Teresita del Ni\u00f1o Jes\u00fas naci\u00f3 en una familia cristiana, donde &#8230; <a title=\"Abandonarse en las Manos de Dios\" class=\"read-more\" href=\"https:\/\/quechilero.com\/blog\/2008\/08\/11\/abandonarse-en-las-manos-de-dios\/\" aria-label=\"Leer m\u00e1s sobre Abandonarse en las Manos de Dios\">Leer m\u00e1s<\/a><\/p>\n","protected":false},"author":1,"featured_media":0,"comment_status":"open","ping_status":"open","sticky":false,"template":"","format":"standard","meta":{"advanced_seo_description":"","jetpack_seo_html_title":"","jetpack_seo_noindex":false,"jetpack_seo_schema_type":"","episode_type":"","audio_file":"","podmotor_file_id":"","podmotor_episode_id":"","cover_image":"","cover_image_id":"","duration":"","filesize":"","filesize_raw":"","date_recorded":"","explicit":"","block":"","_jetpack_newsletter_access":"","_jetpack_dont_email_post_to_subs":false,"_jetpack_newsletter_tier_id":0,"_jetpack_memberships_contains_paywalled_content":false,"_jetpack_feature_clip_id":0,"_jetpack_memberships_contains_paid_content":false,"footnotes":"","jetpack_publicize_message":"","jetpack_publicize_feature_enabled":true,"jetpack_social_post_already_shared":false,"jetpack_social_options":{"image_generator_settings":{"template":"highway","default_image_id":0,"font":"","enabled":false},"version":2},"jetpack_post_was_ever_published":false},"categories":[2],"tags":[15,38,51,74,86,24],"series":[],"class_list":["post-1050","post","type-post","status-publish","format-standard","hentry","category-limones","tag-amor","tag-confianza","tag-dios","tag-jesus","tag-oracion","tag-vida"],"episode_featured_image":false,"episode_player_image":"https:\/\/i0.wp.com\/quechilero.com\/blog\/imagenes\/podcast.png?fit=1831%2C1831&ssl=1","download_link":"","player_link":"","audio_player":false,"episode_data":{"playerMode":"dark","subscribeUrls":{"amazon":{"key":"amazon","url":"","label":"Amazon","class":"amazon","icon":"amazon.png"},"apple_podcasts":{"key":"apple_podcasts","url":"","label":"Apple Podcasts","class":"apple_podcasts","icon":"apple-podcasts.png"},"castbox":{"key":"castbox","url":"","label":"CastBox","class":"castbox","icon":"castbox.png"},"deezer":{"key":"deezer","url":"","label":"Deezer","class":"deezer","icon":"deezer.png"},"google_podcasts":{"key":"google_podcasts","url":"","label":"Google Podcasts","class":"google_podcasts","icon":"google-podcasts.png"},"listen_notes":{"key":"listen_notes","url":"","label":"Listen Notes","class":"listen_notes","icon":"listen-notes.png"},"pandora":{"key":"pandora","url":"","label":"Pandora","class":"pandora","icon":"pandora.png"},"podbean":{"key":"podbean","url":"","label":"Podbean","class":"podbean","icon":"podbean.png"},"podcast_republic":{"key":"podcast_republic","url":"","label":"Podcast Republic","class":"podcast_republic","icon":"podcast-republic.png"},"rss":{"key":"rss","url":"","label":"RSS","class":"rss","icon":"rss.png"},"spotify":{"key":"spotify","url":"","label":"Spotify","class":"spotify","icon":"spotify.png"},"stitcher":{"key":"stitcher","url":"","label":"Stitcher","class":"stitcher","icon":"stitcher.png"},"tunein":{"key":"tunein","url":"","label":"TuneIn","class":"tunein","icon":"tunein.png"},"youtube":{"key":"youtube","url":"","label":"YouTube","class":"youtube","icon":"youtube.png"},"iheartradio":{"key":"iheartradio","url":"","label":"iHeartRadio","class":"iheartradio","icon":"iheartradio.png"},"ivoox":{"key":"ivoox","url":"","label":"iVoox","class":"ivoox","icon":"ivoox.png"}},"rssFeedUrl":"https:\/\/quechilero.com\/blog\/feed\/podcast\/si-la-vida-nos-da-limones","embedCode":"<blockquote class=\"wp-embedded-content\" data-secret=\"cQUAiBS6D8\"><a href=\"https:\/\/quechilero.com\/blog\/2008\/08\/11\/abandonarse-en-las-manos-de-dios\/\">Abandonarse en las Manos de Dios<\/a><\/blockquote><iframe sandbox=\"allow-scripts\" security=\"restricted\" src=\"https:\/\/quechilero.com\/blog\/2008\/08\/11\/abandonarse-en-las-manos-de-dios\/embed\/#?secret=cQUAiBS6D8\" width=\"500\" height=\"350\" title=\"\u00abAbandonarse en las Manos de Dios\u00bb \u2014 Si la Vida nos da Limones...\" data-secret=\"cQUAiBS6D8\" frameborder=\"0\" marginwidth=\"0\" marginheight=\"0\" scrolling=\"no\" class=\"wp-embedded-content\"><\/iframe><script>\n\/*! This file is auto-generated *\/\n!function(d,l){\"use strict\";l.querySelector&&d.addEventListener&&\"undefined\"!=typeof URL&&(d.wp=d.wp||{},d.wp.receiveEmbedMessage||(d.wp.receiveEmbedMessage=function(e){var t=e.data;if((t||t.secret||t.message||t.value)&&!\/[^a-zA-Z0-9]\/.test(t.secret)){for(var s,r,n,a=l.querySelectorAll('iframe[data-secret=\"'+t.secret+'\"]'),o=l.querySelectorAll('blockquote[data-secret=\"'+t.secret+'\"]'),c=new RegExp(\"^https?:$\",\"i\"),i=0;i<o.length;i++)o[i].style.display=\"none\";for(i=0;i<a.length;i++)s=a[i],e.source===s.contentWindow&&(s.removeAttribute(\"style\"),\"height\"===t.message?(1e3<(r=parseInt(t.value,10))?r=1e3:~~r<200&&(r=200),s.height=r):\"link\"===t.message&&(r=new URL(s.getAttribute(\"src\")),n=new URL(t.value),c.test(n.protocol))&&n.host===r.host&&l.activeElement===s&&(d.top.location.href=t.value))}},d.addEventListener(\"message\",d.wp.receiveEmbedMessage,!1),l.addEventListener(\"DOMContentLoaded\",function(){for(var e,t,s=l.querySelectorAll(\"iframe.wp-embedded-content\"),r=0;r<s.length;r++)(t=(e=s[r]).getAttribute(\"data-secret\"))||(t=Math.random().toString(36).substring(2,12),e.src+=\"#?secret=\"+t,e.setAttribute(\"data-secret\",t)),e.contentWindow.postMessage({message:\"ready\",secret:t},\"*\")},!1)))}(window,document);\n\/\/# sourceURL=https:\/\/quechilero.com\/blog\/wp-includes\/js\/wp-embed.min.js\n<\/script>\n"},"jetpack_publicize_connections":[],"jetpack_shortlink":"https:\/\/wp.me\/pDKli-gW","jetpack_sharing_enabled":true,"jetpack-related-posts":[{"id":22551,"url":"https:\/\/quechilero.com\/blog\/2017\/05\/08\/es-posible-alcanzar-la-santidad\/","url_meta":{"origin":1050,"position":0},"title":"Es posible alcanzar la santidad","author":"Pepe Barrascout Ortiz","date":"8 mayo 2017","format":false,"excerpt":"Hoy, confiando en Jes\u00fas resucitado, hemos de redescubrir el Evangelio como una \u201cbuena nueva\u201d. El Evangelio no es una ley que nos oprime. Alguna vez hemos podido caer en la tentaci\u00f3n de pensar que los que no son cristianos est\u00e1n m\u00e1s tranquilos que nosotros y hacen lo que quieren, mientras\u2026","rel":"","context":"En \u00abLimones\u00bb","block_context":{"text":"Limones","link":"https:\/\/quechilero.com\/blog\/category\/limones\/"},"img":{"alt_text":"","src":"","width":0,"height":0},"classes":[]},{"id":20020,"url":"https:\/\/quechilero.com\/blog\/2015\/04\/03\/viernes-santo-oracion-a-jesus\/","url_meta":{"origin":1050,"position":1},"title":"Viernes Santo &#8211; Oraci\u00f3n a Jes\u00fas","author":"Pepe Barrascout Ortiz","date":"3 abril 2015","format":false,"excerpt":"Oraci\u00f3n de Viernes Santo A Jes\u00fas, en el momento de su muerte. Oh Se\u00f1or Jes\u00fas, hoy no vengo a pedirte nada. Hoy vengo a acompa\u00f1arte como aqu\u00e9l d\u00eda tu muerte, a tratar de sentir, al menos un poco, todo el sufrimiento de tu agon\u00eda. Pues \u00bfqui\u00e9n soy yo Se\u00f1or para\u2026","rel":"","context":"En \u00abLimones\u00bb","block_context":{"text":"Limones","link":"https:\/\/quechilero.com\/blog\/category\/limones\/"},"img":{"alt_text":"","src":"http:\/\/i392.photobucket.com\/albums\/pp7\/pepejaguar\/blog\/Jesuacutes%20Crucificado%20-%20Velaacutesquez_zps2d6usr4u.jpg~original","width":350,"height":200},"classes":[]},{"id":12442,"url":"https:\/\/quechilero.com\/blog\/2012\/06\/10\/las-olas\/","url_meta":{"origin":1050,"position":2},"title":"Las olas","author":"Pepe Barrascout Ortiz","date":"10 junio 2012","format":false,"excerpt":"Un ni\u00f1o se hizo un barquito de madera y sali\u00f3 a probarlo en el lago pero, sin darse cuenta, el barquito impulsado por un ligero viento fue m\u00e1s all\u00e1 de su alcance. Apenado corri\u00f3 a pedir ayuda a un muchacho mayor, que se hallaba cerca, que le ayudara en su\u2026","rel":"","context":"En \u00abLimones\u00bb","block_context":{"text":"Limones","link":"https:\/\/quechilero.com\/blog\/category\/limones\/"},"img":{"alt_text":"","src":"","width":0,"height":0},"classes":[]},{"id":2069,"url":"https:\/\/quechilero.com\/blog\/2008\/12\/12\/virgen-de-guadalupe-2\/","url_meta":{"origin":1050,"position":3},"title":"Virgen de Guadalupe","author":"Pepe Barrascout Ortiz","date":"12 diciembre 2008","format":false,"excerpt":"Hoy celebramos la fiesta en honor de nuestra Santa Madre la Virgen de Guadalupe, en este d\u00eda de fiesta deseo compartir una oraci\u00f3n para la reflexi\u00f3n personal, para que nuestra Virgencita de Guadalupe interceda por nosotros, nos cuide y proteja de todo mal. \u00a1Oh Virgen Inmaculada, Madre del verdadero Dios\u2026","rel":"","context":"En \u00abLimones\u00bb","block_context":{"text":"Limones","link":"https:\/\/quechilero.com\/blog\/category\/limones\/"},"img":{"alt_text":"Retablo de la Virgen de Guadalupe, La Merced de la Ciudad de Guatemala","src":"https:\/\/i0.wp.com\/img514.imageshack.us\/img514\/4899\/120105430865b7c46728xv3.jpg?resize=350%2C200","width":350,"height":200},"classes":[]},{"id":27329,"url":"https:\/\/quechilero.com\/blog\/2010\/10\/01\/el-santo-rosario-misterios-dolorosos\/","url_meta":{"origin":1050,"position":4},"title":"El Santo Rosario: Misterios Dolorosos","author":"Pepe Barrascout Ortiz","date":"1 octubre 2010","format":false,"excerpt":"Los Misterios Dolorosos los rezamos los Martes y Viernes. \u00a0 En el nombre del Padre, y del Hijo, y del Esp\u00edritu Santo. Am\u00e9n. Dios m\u00edo, ven en mi auxilio. Se\u00f1or, date prisa en socorrerme. Gloria al Padre, Gloria al Hijo y Gloria al Esp\u00edritu Santo, Am\u00e9n. Primer Misterio Doloroso. La\u2026","rel":"","context":"En \u00abEl Santo Rosario\u00bb","block_context":{"text":"El Santo Rosario","link":"https:\/\/quechilero.com\/blog\/category\/podcast\/el-santo-rosario\/"},"img":{"alt_text":"Misterios Dolorosos","src":"https:\/\/i0.wp.com\/i392.photobucket.com\/albums\/pp7\/pepejaguar\/blog\/Misterios-Dolorosos_zps89480d5f.jpg?resize=350%2C200","width":350,"height":200,"srcset":"https:\/\/i0.wp.com\/i392.photobucket.com\/albums\/pp7\/pepejaguar\/blog\/Misterios-Dolorosos_zps89480d5f.jpg?resize=350%2C200 1x, https:\/\/i0.wp.com\/i392.photobucket.com\/albums\/pp7\/pepejaguar\/blog\/Misterios-Dolorosos_zps89480d5f.jpg?resize=525%2C300 1.5x"},"classes":[]},{"id":4607,"url":"https:\/\/quechilero.com\/blog\/2010\/04\/02\/meditacion-de-las-siete-palabras\/","url_meta":{"origin":1050,"position":5},"title":"Meditaci\u00f3n de las Siete Palabras","author":"Pepe Barrascout Ortiz","date":"2 abril 2010","format":false,"excerpt":"Oraci\u00f3n Jes\u00fas en la Cruz aboga: da al ladr\u00f3n: lega su Madre: qu\u00e9jase: la sed le ahoga: cumple: entrega el alma al Padre Al Calvario hay que llegar porque Cristo, nuestra Luz, hoy tambi\u00e9n nos quiere hablar desde el ara de la Cruz. \u00a1Virgen de dolores y Madre m\u00eda! Que,\u2026","rel":"","context":"En \u00abLimones\u00bb","block_context":{"text":"Limones","link":"https:\/\/quechilero.com\/blog\/category\/limones\/"},"img":{"alt_text":"","src":"","width":0,"height":0},"classes":[]}],"jetpack_featured_media_url":"","_links":{"self":[{"href":"https:\/\/quechilero.com\/blog\/wp-json\/wp\/v2\/posts\/1050","targetHints":{"allow":["GET"]}}],"collection":[{"href":"https:\/\/quechilero.com\/blog\/wp-json\/wp\/v2\/posts"}],"about":[{"href":"https:\/\/quechilero.com\/blog\/wp-json\/wp\/v2\/types\/post"}],"author":[{"embeddable":true,"href":"https:\/\/quechilero.com\/blog\/wp-json\/wp\/v2\/users\/1"}],"replies":[{"embeddable":true,"href":"https:\/\/quechilero.com\/blog\/wp-json\/wp\/v2\/comments?post=1050"}],"version-history":[{"count":0,"href":"https:\/\/quechilero.com\/blog\/wp-json\/wp\/v2\/posts\/1050\/revisions"}],"wp:attachment":[{"href":"https:\/\/quechilero.com\/blog\/wp-json\/wp\/v2\/media?parent=1050"}],"wp:term":[{"taxonomy":"category","embeddable":true,"href":"https:\/\/quechilero.com\/blog\/wp-json\/wp\/v2\/categories?post=1050"},{"taxonomy":"post_tag","embeddable":true,"href":"https:\/\/quechilero.com\/blog\/wp-json\/wp\/v2\/tags?post=1050"},{"taxonomy":"series","embeddable":true,"href":"https:\/\/quechilero.com\/blog\/wp-json\/wp\/v2\/series?post=1050"}],"curies":[{"name":"wp","href":"https:\/\/api.w.org\/{rel}","templated":true}]}}