{"id":10471,"date":"2011-09-25T08:00:09","date_gmt":"2011-09-25T14:00:09","guid":{"rendered":"http:\/\/quechilero.com\/blog\/?p=10471"},"modified":"2011-09-25T08:00:09","modified_gmt":"2011-09-25T14:00:09","slug":"la-mayor-enfermedad","status":"publish","type":"post","link":"https:\/\/quechilero.com\/blog\/2011\/09\/25\/la-mayor-enfermedad\/","title":{"rendered":"La mayor enfermedad"},"content":{"rendered":"<p>La mayor enfermedad hoy d\u00eda no es la lepra ni la tuberculosis, sino m\u00e1s bien el sentirse no querido, no cuidado y abandonado por todos. El mayor mal es la falta de amor y caridad, la terrible indiferencia hacia nuestro vecino que vive al lado de la calle, asaltado por la explotaci\u00f3n, corrupci\u00f3n, pobreza y enfermedad.<\/p>\n<p>Las enfermedades f\u00edsicas pueden curarse con medicinas, pero el \u00fanico remedio para la soledad y la desesperaci\u00f3n es el amor. Hay muchas personas en el mundo que se mueren por un trozo de pan, pero hay muchas m\u00e1s que se mueren por un poco de amor.<\/p>\n<p>Yo siempre digo que el amor empieza en casa: primero la familia y luego nuestro pueblo o ciudad. Es f\u00e1cil amar a personas que se encuentran lejos, pero no siempre resulta f\u00e1cil amar a los que viven con nosotros.<\/p>\n<p id=\"yui_3_2_0_1_1315238395988393\"><strong id=\"yui_3_2_0_1_1315238395988392\"><em id=\"yui_3_2_0_1_1315238395988391\">Madre Teresa de Calcuta<\/em><\/strong><\/p>\n","protected":false},"excerpt":{"rendered":"<p>La mayor enfermedad hoy d\u00eda no es la lepra ni la tuberculosis, sino m\u00e1s bien el sentirse no querido, no cuidado y abandonado por todos. El mayor mal es la falta de amor y caridad, la terrible indiferencia hacia nuestro vecino que vive al lado de la calle, asaltado por la explotaci\u00f3n, corrupci\u00f3n, pobreza y &#8230; <a title=\"La mayor enfermedad\" class=\"read-more\" href=\"https:\/\/quechilero.com\/blog\/2011\/09\/25\/la-mayor-enfermedad\/\" aria-label=\"Leer m\u00e1s sobre La mayor enfermedad\">Leer m\u00e1s<\/a><\/p>\n","protected":false},"author":1,"featured_media":0,"comment_status":"open","ping_status":"open","sticky":false,"template":"","format":"standard","meta":{"advanced_seo_description":"","jetpack_seo_html_title":"","jetpack_seo_noindex":false,"jetpack_seo_schema_type":"","episode_type":"","audio_file":"","podmotor_file_id":"","podmotor_episode_id":"","cover_image":"","cover_image_id":"","duration":"","filesize":"","filesize_raw":"","date_recorded":"","explicit":"","block":"","_jetpack_newsletter_access":"","_jetpack_dont_email_post_to_subs":false,"_jetpack_newsletter_tier_id":0,"_jetpack_memberships_contains_paywalled_content":false,"_jetpack_feature_clip_id":0,"_jetpack_memberships_contains_paid_content":false,"footnotes":"","jetpack_publicize_message":"","jetpack_publicize_feature_enabled":true,"jetpack_social_post_already_shared":false,"jetpack_social_options":{"image_generator_settings":{"template":"highway","default_image_id":0,"font":"","enabled":false},"version":2},"jetpack_post_was_ever_published":false},"categories":[2],"tags":[15,39],"series":[],"class_list":["post-10471","post","type-post","status-publish","format-standard","hentry","category-limones","tag-amor","tag-madre"],"episode_featured_image":false,"episode_player_image":"https:\/\/i0.wp.com\/quechilero.com\/blog\/imagenes\/podcast.png?fit=1831%2C1831&ssl=1","download_link":"","player_link":"","audio_player":false,"episode_data":{"playerMode":"dark","subscribeUrls":{"amazon":{"key":"amazon","url":"","label":"Amazon","class":"amazon","icon":"amazon.png"},"apple_podcasts":{"key":"apple_podcasts","url":"","label":"Apple Podcasts","class":"apple_podcasts","icon":"apple-podcasts.png"},"castbox":{"key":"castbox","url":"","label":"CastBox","class":"castbox","icon":"castbox.png"},"deezer":{"key":"deezer","url":"","label":"Deezer","class":"deezer","icon":"deezer.png"},"google_podcasts":{"key":"google_podcasts","url":"","label":"Google Podcasts","class":"google_podcasts","icon":"google-podcasts.png"},"listen_notes":{"key":"listen_notes","url":"","label":"Listen Notes","class":"listen_notes","icon":"listen-notes.png"},"pandora":{"key":"pandora","url":"","label":"Pandora","class":"pandora","icon":"pandora.png"},"podbean":{"key":"podbean","url":"","label":"Podbean","class":"podbean","icon":"podbean.png"},"podcast_republic":{"key":"podcast_republic","url":"","label":"Podcast Republic","class":"podcast_republic","icon":"podcast-republic.png"},"rss":{"key":"rss","url":"","label":"RSS","class":"rss","icon":"rss.png"},"spotify":{"key":"spotify","url":"","label":"Spotify","class":"spotify","icon":"spotify.png"},"stitcher":{"key":"stitcher","url":"","label":"Stitcher","class":"stitcher","icon":"stitcher.png"},"tunein":{"key":"tunein","url":"","label":"TuneIn","class":"tunein","icon":"tunein.png"},"youtube":{"key":"youtube","url":"","label":"YouTube","class":"youtube","icon":"youtube.png"},"iheartradio":{"key":"iheartradio","url":"","label":"iHeartRadio","class":"iheartradio","icon":"iheartradio.png"},"ivoox":{"key":"ivoox","url":"","label":"iVoox","class":"ivoox","icon":"ivoox.png"}},"rssFeedUrl":"https:\/\/quechilero.com\/blog\/feed\/podcast\/si-la-vida-nos-da-limones","embedCode":"<blockquote class=\"wp-embedded-content\" data-secret=\"UU1YsusgyD\"><a href=\"https:\/\/quechilero.com\/blog\/2011\/09\/25\/la-mayor-enfermedad\/\">La mayor enfermedad<\/a><\/blockquote><iframe sandbox=\"allow-scripts\" security=\"restricted\" src=\"https:\/\/quechilero.com\/blog\/2011\/09\/25\/la-mayor-enfermedad\/embed\/#?secret=UU1YsusgyD\" width=\"500\" height=\"350\" title=\"\u00abLa mayor enfermedad\u00bb \u2014 Si la Vida nos da Limones...\" data-secret=\"UU1YsusgyD\" frameborder=\"0\" marginwidth=\"0\" marginheight=\"0\" scrolling=\"no\" class=\"wp-embedded-content\"><\/iframe><script>\n\/*! This file is auto-generated *\/\n!function(d,l){\"use strict\";l.querySelector&&d.addEventListener&&\"undefined\"!=typeof URL&&(d.wp=d.wp||{},d.wp.receiveEmbedMessage||(d.wp.receiveEmbedMessage=function(e){var t=e.data;if((t||t.secret||t.message||t.value)&&!\/[^a-zA-Z0-9]\/.test(t.secret)){for(var s,r,n,a=l.querySelectorAll('iframe[data-secret=\"'+t.secret+'\"]'),o=l.querySelectorAll('blockquote[data-secret=\"'+t.secret+'\"]'),c=new RegExp(\"^https?:$\",\"i\"),i=0;i<o.length;i++)o[i].style.display=\"none\";for(i=0;i<a.length;i++)s=a[i],e.source===s.contentWindow&&(s.removeAttribute(\"style\"),\"height\"===t.message?(1e3<(r=parseInt(t.value,10))?r=1e3:~~r<200&&(r=200),s.height=r):\"link\"===t.message&&(r=new URL(s.getAttribute(\"src\")),n=new URL(t.value),c.test(n.protocol))&&n.host===r.host&&l.activeElement===s&&(d.top.location.href=t.value))}},d.addEventListener(\"message\",d.wp.receiveEmbedMessage,!1),l.addEventListener(\"DOMContentLoaded\",function(){for(var e,t,s=l.querySelectorAll(\"iframe.wp-embedded-content\"),r=0;r<s.length;r++)(t=(e=s[r]).getAttribute(\"data-secret\"))||(t=Math.random().toString(36).substring(2,12),e.src+=\"#?secret=\"+t,e.setAttribute(\"data-secret\",t)),e.contentWindow.postMessage({message:\"ready\",secret:t},\"*\")},!1)))}(window,document);\n\/\/# sourceURL=https:\/\/quechilero.com\/blog\/wp-includes\/js\/wp-embed.min.js\n<\/script>\n"},"jetpack_publicize_connections":[],"jetpack_shortlink":"https:\/\/wp.me\/pDKli-2IT","jetpack_sharing_enabled":true,"jetpack-related-posts":[{"id":17454,"url":"https:\/\/quechilero.com\/blog\/2013\/11\/11\/la-cruz-signo-del-amor-hasta-el-extremo\/","url_meta":{"origin":10471,"position":0},"title":"La cruz: signo del amor hasta el extremo","author":"Pepe Barrascout Ortiz","date":"11 noviembre 2013","format":false,"excerpt":"Cuando Cristo nos regala la cruz, nos obsequia la oportunidad de amar en plenitud. Pero debemos evitar la trampa de creer que la cruz est\u00e1 presente en nuestra vida s\u00f3lo en los grandes momentos de dolor, como puede ser la muerte de un ser querido, una enfermedad o un fracaso.\u2026","rel":"","context":"En \u00abLimones\u00bb","block_context":{"text":"Limones","link":"https:\/\/quechilero.com\/blog\/category\/limones\/"},"img":{"alt_text":"","src":"","width":0,"height":0},"classes":[]},{"id":17666,"url":"https:\/\/quechilero.com\/blog\/2014\/01\/10\/carta-de-amor-a-mi-hijo-de-9-meses\/","url_meta":{"origin":10471,"position":1},"title":"Carta de amor a mi hijo de 9 meses","author":"Pepe Barrascout Ortiz","date":"10 enero 2014","format":false,"excerpt":"Muchas madres desean que sus hijos sean arquitectos, m\u00e9dicos, futbolistas, etc. Ante todo, lo que quiero es que seas una buena persona. Que aprendas a vivir y sepas disfrutar de aquellas cosas que tenemos a diario y no valoramos hasta que lo perdemos y en realidad es lo que nos\u2026","rel":"","context":"En \u00abLimones\u00bb","block_context":{"text":"Limones","link":"https:\/\/quechilero.com\/blog\/category\/limones\/"},"img":{"alt_text":"","src":"","width":0,"height":0},"classes":[]},{"id":19814,"url":"https:\/\/quechilero.com\/blog\/2015\/02\/07\/maria-eres-mi-madre-y-mi-maestra\/","url_meta":{"origin":10471,"position":2},"title":"Mar\u00eda, eres mi madre y mi maestra","author":"Pepe Barrascout Ortiz","date":"7 febrero 2015","format":false,"excerpt":"\u00a1Oh, Mar\u00eda, no s\u00f3lo eres mi madre, sino tambi\u00e9n mi maestra, y quiero ser una obra maestra en tus manos! Alfarera divina, estoy ante ti como un cantarillo roto, pero con mi mismo barro puedes hacer otro a tu gusto. \u00a1Hazlo! Toma mi barro, el barro de mis dificultades, de\u2026","rel":"","context":"En \u00abLimones\u00bb","block_context":{"text":"Limones","link":"https:\/\/quechilero.com\/blog\/category\/limones\/"},"img":{"alt_text":"","src":"","width":0,"height":0},"classes":[]},{"id":7580,"url":"https:\/\/quechilero.com\/blog\/2011\/03\/12\/reflexiones-de-cuaresma-dia-4\/","url_meta":{"origin":10471,"position":3},"title":"Reflexiones de Cuaresma d\u00eda 4","author":"Pepe Barrascout Ortiz","date":"12 marzo 2011","format":false,"excerpt":"Oraci\u00f3n inicial Se\u00f1or m\u00edo, Jesucristo, creo firmemente que est\u00e1s aqu\u00ed; en estos pocos minutos de oraci\u00f3n que empiezo ahora quiero pedirte y agradecerte. Pedirte\u00a0la gracia de darme m\u00e1s cuenta de que T\u00fa vives, me escuchas y me amas; tanto, que has querido morir libremente por m\u00ed en la cruz y\u2026","rel":"","context":"En \u00abLimones por mano\u00bb","block_context":{"text":"Limones por mano","link":"https:\/\/quechilero.com\/blog\/category\/limones-por-mano\/"},"img":{"alt_text":"","src":"","width":0,"height":0},"classes":[]},{"id":7585,"url":"https:\/\/quechilero.com\/blog\/2011\/03\/17\/reflexiones-de-cuaresma-dia-9\/","url_meta":{"origin":10471,"position":4},"title":"Reflexiones de Cuaresma d\u00eda 9","author":"Pepe Barrascout Ortiz","date":"17 marzo 2011","format":false,"excerpt":"Oraci\u00f3n inicial Se\u00f1or m\u00edo, Jesucristo, creo firmemente que est\u00e1s aqu\u00ed; en estos pocos minutos de oraci\u00f3n que empiezo ahora quiero pedirte y agradecerte. Pedirte\u00a0la gracia de darme m\u00e1s cuenta de que T\u00fa vives, me escuchas y me amas; tanto, que has querido morir libremente por m\u00ed en la cruz y\u2026","rel":"","context":"En \u00abLimones por mano\u00bb","block_context":{"text":"Limones por mano","link":"https:\/\/quechilero.com\/blog\/category\/limones-por-mano\/"},"img":{"alt_text":"","src":"","width":0,"height":0},"classes":[]},{"id":16311,"url":"https:\/\/quechilero.com\/blog\/2013\/03\/10\/el-cantico-de-las-criaturas\/","url_meta":{"origin":10471,"position":5},"title":"El C\u00e1ntico de las Criaturas","author":"Pepe Barrascout Ortiz","date":"10 marzo 2013","format":false,"excerpt":"Alt\u00edsimo y omnipotente buen Se\u00f1or, tuyas son las alabanzas, la gloria y el honor y toda bendici\u00f3n. A ti solo, Alt\u00edsimo, te convienen y ning\u00fan hombre es digno de nombrarte. Alabado seas, mi Se\u00f1or, en todas tus criaturas, especialmente en el Se\u00f1or hermano sol, por quien nos das el d\u00eda\u2026","rel":"","context":"En \u00abLimones\u00bb","block_context":{"text":"Limones","link":"https:\/\/quechilero.com\/blog\/category\/limones\/"},"img":{"alt_text":"","src":"","width":0,"height":0},"classes":[]}],"jetpack_featured_media_url":"","_links":{"self":[{"href":"https:\/\/quechilero.com\/blog\/wp-json\/wp\/v2\/posts\/10471","targetHints":{"allow":["GET"]}}],"collection":[{"href":"https:\/\/quechilero.com\/blog\/wp-json\/wp\/v2\/posts"}],"about":[{"href":"https:\/\/quechilero.com\/blog\/wp-json\/wp\/v2\/types\/post"}],"author":[{"embeddable":true,"href":"https:\/\/quechilero.com\/blog\/wp-json\/wp\/v2\/users\/1"}],"replies":[{"embeddable":true,"href":"https:\/\/quechilero.com\/blog\/wp-json\/wp\/v2\/comments?post=10471"}],"version-history":[{"count":0,"href":"https:\/\/quechilero.com\/blog\/wp-json\/wp\/v2\/posts\/10471\/revisions"}],"wp:attachment":[{"href":"https:\/\/quechilero.com\/blog\/wp-json\/wp\/v2\/media?parent=10471"}],"wp:term":[{"taxonomy":"category","embeddable":true,"href":"https:\/\/quechilero.com\/blog\/wp-json\/wp\/v2\/categories?post=10471"},{"taxonomy":"post_tag","embeddable":true,"href":"https:\/\/quechilero.com\/blog\/wp-json\/wp\/v2\/tags?post=10471"},{"taxonomy":"series","embeddable":true,"href":"https:\/\/quechilero.com\/blog\/wp-json\/wp\/v2\/series?post=10471"}],"curies":[{"name":"wp","href":"https:\/\/api.w.org\/{rel}","templated":true}]}}