{"id":10465,"date":"2011-09-19T10:00:22","date_gmt":"2011-09-19T16:00:22","guid":{"rendered":"http:\/\/quechilero.com\/blog\/?p=10465"},"modified":"2011-09-19T10:00:22","modified_gmt":"2011-09-19T16:00:22","slug":"las-ranas-pidiendo-rey","status":"publish","type":"post","link":"https:\/\/quechilero.com\/blog\/2011\/09\/19\/las-ranas-pidiendo-rey\/","title":{"rendered":"Las ranas pidiendo rey"},"content":{"rendered":"<p>Cansadas las ranas del propio desorden y anarqu\u00eda en que viv\u00edan, mandaron una delegaci\u00f3n a Zeus para que les enviara un rey.<\/p>\n<p>Zeus, atendiendo su petici\u00f3n, les envi\u00f3 un grueso le\u00f1o a su charca.<\/p>\n<p>Espantadas las ranas por el ruido que hizo el le\u00f1o al caer, se escondieron donde mejor pudieron. Por fin, viendo que el le\u00f1o no se mov\u00eda m\u00e1s, fueron saliendo a la superficie y dada la quietud que predominaba, empezaron a sentir tan grande desprecio por el nuevo rey, que brincaban sobre \u00e9l y se le sentaban encima, burl\u00e1ndose sin descanso.<\/p>\n<p>Y as\u00ed, sinti\u00e9ndose humilladas por tener de monarca a un simple madero, volvieron donde Zeus, pidi\u00e9ndole que les cambiara al rey, pues \u00e9ste era demasiado tranquilo.<\/p>\n<p>Indignado Zeus, les mand\u00f3 una activa serpiente de agua que, una a una, las atrap\u00f3 y devor\u00f3 a todas sin compasi\u00f3n.<\/p>\n<p align=\"center\"><em>A la hora de elegir los gobernantes, es mejor escoger a uno sencillo y honesto,<br \/>\nen vez de a uno muy emprendedor pero malvado o corrupto.<\/em><\/p>\n<p id=\"yui_3_2_0_1_1315238395988285\"><em><strong>Esopo<\/strong><\/em><\/p>\n","protected":false},"excerpt":{"rendered":"<p>Cansadas las ranas del propio desorden y anarqu\u00eda en que viv\u00edan, mandaron una delegaci\u00f3n a Zeus para que les enviara un rey. Zeus, atendiendo su petici\u00f3n, les envi\u00f3 un grueso le\u00f1o a su charca. Espantadas las ranas por el ruido que hizo el le\u00f1o al caer, se escondieron donde mejor pudieron. Por fin, viendo que &#8230; <a title=\"Las ranas pidiendo rey\" class=\"read-more\" href=\"https:\/\/quechilero.com\/blog\/2011\/09\/19\/las-ranas-pidiendo-rey\/\" aria-label=\"Leer m\u00e1s sobre Las ranas pidiendo rey\">Leer m\u00e1s<\/a><\/p>\n","protected":false},"author":1,"featured_media":0,"comment_status":"open","ping_status":"open","sticky":false,"template":"","format":"standard","meta":{"advanced_seo_description":"","jetpack_seo_html_title":"","jetpack_seo_noindex":false,"jetpack_seo_schema_type":"","episode_type":"","audio_file":"","podmotor_file_id":"","podmotor_episode_id":"","cover_image":"","cover_image_id":"","duration":"","filesize":"","filesize_raw":"","date_recorded":"","explicit":"","block":"","_jetpack_newsletter_access":"","_jetpack_dont_email_post_to_subs":false,"_jetpack_newsletter_tier_id":0,"_jetpack_memberships_contains_paywalled_content":false,"_jetpack_feature_clip_id":0,"_jetpack_memberships_contains_paid_content":false,"footnotes":"","jetpack_publicize_message":"","jetpack_publicize_feature_enabled":true,"jetpack_social_post_already_shared":false,"jetpack_social_options":{"image_generator_settings":{"template":"highway","default_image_id":0,"font":"","enabled":false},"version":2},"jetpack_post_was_ever_published":false},"categories":[2],"tags":[52],"series":[],"class_list":["post-10465","post","type-post","status-publish","format-standard","hentry","category-limones","tag-pasion"],"episode_featured_image":false,"episode_player_image":"https:\/\/i0.wp.com\/quechilero.com\/blog\/imagenes\/podcast.png?fit=1831%2C1831&ssl=1","download_link":"","player_link":"","audio_player":false,"episode_data":{"playerMode":"dark","subscribeUrls":{"amazon":{"key":"amazon","url":"","label":"Amazon","class":"amazon","icon":"amazon.png"},"apple_podcasts":{"key":"apple_podcasts","url":"","label":"Apple Podcasts","class":"apple_podcasts","icon":"apple-podcasts.png"},"castbox":{"key":"castbox","url":"","label":"CastBox","class":"castbox","icon":"castbox.png"},"deezer":{"key":"deezer","url":"","label":"Deezer","class":"deezer","icon":"deezer.png"},"google_podcasts":{"key":"google_podcasts","url":"","label":"Google Podcasts","class":"google_podcasts","icon":"google-podcasts.png"},"listen_notes":{"key":"listen_notes","url":"","label":"Listen Notes","class":"listen_notes","icon":"listen-notes.png"},"pandora":{"key":"pandora","url":"","label":"Pandora","class":"pandora","icon":"pandora.png"},"podbean":{"key":"podbean","url":"","label":"Podbean","class":"podbean","icon":"podbean.png"},"podcast_republic":{"key":"podcast_republic","url":"","label":"Podcast Republic","class":"podcast_republic","icon":"podcast-republic.png"},"rss":{"key":"rss","url":"","label":"RSS","class":"rss","icon":"rss.png"},"spotify":{"key":"spotify","url":"","label":"Spotify","class":"spotify","icon":"spotify.png"},"stitcher":{"key":"stitcher","url":"","label":"Stitcher","class":"stitcher","icon":"stitcher.png"},"tunein":{"key":"tunein","url":"","label":"TuneIn","class":"tunein","icon":"tunein.png"},"youtube":{"key":"youtube","url":"","label":"YouTube","class":"youtube","icon":"youtube.png"},"iheartradio":{"key":"iheartradio","url":"","label":"iHeartRadio","class":"iheartradio","icon":"iheartradio.png"},"ivoox":{"key":"ivoox","url":"","label":"iVoox","class":"ivoox","icon":"ivoox.png"}},"rssFeedUrl":"https:\/\/quechilero.com\/blog\/feed\/podcast\/si-la-vida-nos-da-limones","embedCode":"<blockquote class=\"wp-embedded-content\" data-secret=\"6syAYCy22s\"><a href=\"https:\/\/quechilero.com\/blog\/2011\/09\/19\/las-ranas-pidiendo-rey\/\">Las ranas pidiendo rey<\/a><\/blockquote><iframe sandbox=\"allow-scripts\" security=\"restricted\" src=\"https:\/\/quechilero.com\/blog\/2011\/09\/19\/las-ranas-pidiendo-rey\/embed\/#?secret=6syAYCy22s\" width=\"500\" height=\"350\" title=\"\u00abLas ranas pidiendo rey\u00bb \u2014 Si la Vida nos da Limones...\" data-secret=\"6syAYCy22s\" frameborder=\"0\" marginwidth=\"0\" marginheight=\"0\" scrolling=\"no\" class=\"wp-embedded-content\"><\/iframe><script>\n\/*! This file is auto-generated *\/\n!function(d,l){\"use strict\";l.querySelector&&d.addEventListener&&\"undefined\"!=typeof URL&&(d.wp=d.wp||{},d.wp.receiveEmbedMessage||(d.wp.receiveEmbedMessage=function(e){var t=e.data;if((t||t.secret||t.message||t.value)&&!\/[^a-zA-Z0-9]\/.test(t.secret)){for(var s,r,n,a=l.querySelectorAll('iframe[data-secret=\"'+t.secret+'\"]'),o=l.querySelectorAll('blockquote[data-secret=\"'+t.secret+'\"]'),c=new RegExp(\"^https?:$\",\"i\"),i=0;i<o.length;i++)o[i].style.display=\"none\";for(i=0;i<a.length;i++)s=a[i],e.source===s.contentWindow&&(s.removeAttribute(\"style\"),\"height\"===t.message?(1e3<(r=parseInt(t.value,10))?r=1e3:~~r<200&&(r=200),s.height=r):\"link\"===t.message&&(r=new URL(s.getAttribute(\"src\")),n=new URL(t.value),c.test(n.protocol))&&n.host===r.host&&l.activeElement===s&&(d.top.location.href=t.value))}},d.addEventListener(\"message\",d.wp.receiveEmbedMessage,!1),l.addEventListener(\"DOMContentLoaded\",function(){for(var e,t,s=l.querySelectorAll(\"iframe.wp-embedded-content\"),r=0;r<s.length;r++)(t=(e=s[r]).getAttribute(\"data-secret\"))||(t=Math.random().toString(36).substring(2,12),e.src+=\"#?secret=\"+t,e.setAttribute(\"data-secret\",t)),e.contentWindow.postMessage({message:\"ready\",secret:t},\"*\")},!1)))}(window,document);\n\/\/# sourceURL=https:\/\/quechilero.com\/blog\/wp-includes\/js\/wp-embed.min.js\n<\/script>\n"},"jetpack_publicize_connections":[],"jetpack_shortlink":"https:\/\/wp.me\/pDKli-2IN","jetpack_sharing_enabled":true,"jetpack-related-posts":[{"id":16351,"url":"https:\/\/quechilero.com\/blog\/2013\/03\/22\/la-falta-de-humildad\/","url_meta":{"origin":10465,"position":0},"title":"La falta de humildad","author":"Pepe Barrascout Ortiz","date":"22 marzo 2013","format":false,"excerpt":"Una rana se preguntaba c\u00f3mo pod\u00eda alejarse del clima fr\u00edo del invierno. Unos gansos le sugirieron que emigrara con ellos. Pero el problema era que la rana no sab\u00eda volar. \"D\u00e9jenmelo a m\u00ed\" -dijo la rana. \"Tengo un cerebro espl\u00e9ndido\". Luego pidi\u00f3 a dos gansos que la ayudaran a recoger\u2026","rel":"","context":"En \u00abLimones\u00bb","block_context":{"text":"Limones","link":"https:\/\/quechilero.com\/blog\/category\/limones\/"},"img":{"alt_text":"","src":"","width":0,"height":0},"classes":[]},{"id":14039,"url":"https:\/\/quechilero.com\/blog\/2012\/07\/19\/la-rana-del-pantano-y-la-del-camino\/","url_meta":{"origin":10465,"position":1},"title":"La rana del pantano y la del camino","author":"Pepe Barrascout Ortiz","date":"19 julio 2012","format":false,"excerpt":"Viv\u00eda una rana felizmente en un pantano profundo, alejado del camino, mientras su vecina viv\u00eda muy orgullosa en una charca al centro del camino. La del pantano le insist\u00eda a su amiga que se fuera a vivir al lado de ella, alejada del camino; que all\u00ed estar\u00eda mejor y m\u00e1s\u2026","rel":"","context":"En \u00abLimones\u00bb","block_context":{"text":"Limones","link":"https:\/\/quechilero.com\/blog\/category\/limones\/"},"img":{"alt_text":"","src":"","width":0,"height":0},"classes":[]},{"id":24455,"url":"https:\/\/quechilero.com\/blog\/2011\/06\/10\/podcast-las-6-de-la-manana-episodio-240\/","url_meta":{"origin":10465,"position":2},"title":"Podcast: Las 6 de la ma\u00f1ana, episodio 240","author":"Pepe Barrascout Ortiz","date":"10 junio 2011","format":false,"excerpt":"Bienvenidos al ducent\u00e9simo cuadrag\u00e9simo episodio de\u00a0\u201cLas \u00a06 de la ma\u00f1ana\u201d, un podcast que trae 6 canciones, para que iniciemos el d\u00eda, de forma positiva y con \u00e1nimo. El listado para hoy es: Artista \/ Tema 01 - Josh Woodward - Are You Having Fun 02 - Awezoom - The Rage\u2026","rel":"","context":"En \u00abLas 6 de la ma\u00f1ana\u00bb","block_context":{"text":"Las 6 de la ma\u00f1ana","link":"https:\/\/quechilero.com\/blog\/category\/podcast\/las-6-de-la-manana\/"},"img":{"alt_text":"","src":"https:\/\/i0.wp.com\/quechilero.com\/blog\/imagenes\/las6am.jpg?fit=620%2C350&ssl=1&resize=350%2C200","width":350,"height":200,"srcset":"https:\/\/i0.wp.com\/quechilero.com\/blog\/imagenes\/las6am.jpg?fit=620%2C350&ssl=1&resize=350%2C200 1x, https:\/\/i0.wp.com\/quechilero.com\/blog\/imagenes\/las6am.jpg?fit=620%2C350&ssl=1&resize=525%2C300 1.5x"},"classes":[]},{"id":1159,"url":"https:\/\/quechilero.com\/blog\/2008\/09\/29\/las-dos-ranas\/","url_meta":{"origin":10465,"position":3},"title":"Las dos ranas","author":"Pepe Barrascout Ortiz","date":"29 septiembre 2008","format":false,"excerpt":"He aqu\u00ed una rana que hab\u00eda vivido siempre en un m\u00edsero y estrecho pozo, donde hab\u00eda nacido y habr\u00eda de morir. Pas\u00f3 cerca de all\u00ed otra rana que hab\u00eda vivido siempre en el mar. Tropez\u00f3 y se cay\u00f3 en el pozo. - \u00bfDe d\u00f3nde vienes? -pregunt\u00f3 la rana del pozo.\u2026","rel":"","context":"En \u00abLimones\u00bb","block_context":{"text":"Limones","link":"https:\/\/quechilero.com\/blog\/category\/limones\/"},"img":{"alt_text":"","src":"","width":0,"height":0},"classes":[]},{"id":21358,"url":"https:\/\/quechilero.com\/blog\/2015\/07\/13\/la-rana-gritona-y-el-leon\/","url_meta":{"origin":10465,"position":4},"title":"La rana gritona y el le\u00f3n","author":"Pepe Barrascout Ortiz","date":"13 julio 2015","format":false,"excerpt":"Oy\u00f3 una vez un le\u00f3n el croar de una rana, y se volvi\u00f3 hacia donde ven\u00eda el sonido, pensando que era de alg\u00fan animal muy importante. Esper\u00f3 y observ\u00f3 con atenci\u00f3n un tiempo, y cuando vio a la rana que sal\u00eda del pantano, se le acerc\u00f3 y la aplast\u00f3 diciendo:\u2026","rel":"","context":"En \u00abLimones\u00bb","block_context":{"text":"Limones","link":"https:\/\/quechilero.com\/blog\/category\/limones\/"},"img":{"alt_text":"","src":"","width":0,"height":0},"classes":[]},{"id":16051,"url":"https:\/\/quechilero.com\/blog\/2013\/02\/28\/una-palabra-de-aliento\/","url_meta":{"origin":10465,"position":5},"title":"Una palabra de aliento","author":"Pepe Barrascout Ortiz","date":"28 febrero 2013","format":false,"excerpt":"Un grupo de ranas viajaba por el bosque y, de repente, dos de ellas cayeron en un hoyo profundo. Todas las dem\u00e1s ranas se reunieron alrededor del hoyo. Cuando vieron cu\u00e1n hondo era, le dijeron a las dos ranas que estaban en el fondo que, para efectos pr\u00e1cticos, se deb\u00edan\u2026","rel":"","context":"En \u00abLimones\u00bb","block_context":{"text":"Limones","link":"https:\/\/quechilero.com\/blog\/category\/limones\/"},"img":{"alt_text":"","src":"","width":0,"height":0},"classes":[]}],"jetpack_featured_media_url":"","_links":{"self":[{"href":"https:\/\/quechilero.com\/blog\/wp-json\/wp\/v2\/posts\/10465","targetHints":{"allow":["GET"]}}],"collection":[{"href":"https:\/\/quechilero.com\/blog\/wp-json\/wp\/v2\/posts"}],"about":[{"href":"https:\/\/quechilero.com\/blog\/wp-json\/wp\/v2\/types\/post"}],"author":[{"embeddable":true,"href":"https:\/\/quechilero.com\/blog\/wp-json\/wp\/v2\/users\/1"}],"replies":[{"embeddable":true,"href":"https:\/\/quechilero.com\/blog\/wp-json\/wp\/v2\/comments?post=10465"}],"version-history":[{"count":0,"href":"https:\/\/quechilero.com\/blog\/wp-json\/wp\/v2\/posts\/10465\/revisions"}],"wp:attachment":[{"href":"https:\/\/quechilero.com\/blog\/wp-json\/wp\/v2\/media?parent=10465"}],"wp:term":[{"taxonomy":"category","embeddable":true,"href":"https:\/\/quechilero.com\/blog\/wp-json\/wp\/v2\/categories?post=10465"},{"taxonomy":"post_tag","embeddable":true,"href":"https:\/\/quechilero.com\/blog\/wp-json\/wp\/v2\/tags?post=10465"},{"taxonomy":"series","embeddable":true,"href":"https:\/\/quechilero.com\/blog\/wp-json\/wp\/v2\/series?post=10465"}],"curies":[{"name":"wp","href":"https:\/\/api.w.org\/{rel}","templated":true}]}}